{"id":30994,"date":"2023-04-12T15:19:29","date_gmt":"2023-04-12T15:19:29","guid":{"rendered":"https:\/\/larevistadigital.com.ar\/blog\/?p=30994"},"modified":"2023-04-12T15:22:27","modified_gmt":"2023-04-12T15:22:27","slug":"una-mujer-dio-a-luz-en-el-bano-de-la-ferroautomotora","status":"publish","type":"post","link":"https:\/\/larevistadigital.com.ar\/blog\/una-mujer-dio-a-luz-en-el-bano-de-la-ferroautomotora\/","title":{"rendered":"UNA MUJER DI\u00d3 A LUZ EN EL BA\u00d1O DE LA FERROAUTOMOTORA"},"content":{"rendered":"<h2 class=\"intro\">Ocurri\u00f3 el lunes por la noche. Personal del Same acudi\u00f3 a asistir a la mujer y al reci\u00e9n nacido que presentaba signos de hipotermia y los trasladaron al Hospital Materno Infantil donde evolucionan favorablemente.<\/h2>\n<p>12 de abril de 2023<\/p>\n<p><strong>MAR DEL PLATA &#8211;\u00a0<\/strong> Una mujer oriunda de la ciudad de La Plata, que transitaba el \u00faltimo tramo de su embarazo y lleg\u00f3 a Mar del Plata junto a su pareja en busca de trabajo,\u00a0<strong>dio a luz en el ba\u00f1o de la Estaci\u00f3n Ferroautomotora este lunes por la noche.<\/strong><\/p>\n<blockquote>\n<h3>Fuentes consultadas por el portal de noticias <strong>0223\u00a0<\/strong>indicaron que el parto se produjo poco despu\u00e9s de las 23 y que una ambulancia del Same lleg\u00f3 a la Estaci\u00f3n minutos despu\u00e9s para asistir a la mujer y al ni\u00f1o.<\/h3>\n<\/blockquote>\n<div class=\"fixed-container\">\n<p><img data-recalc-dims=\"1\" decoding=\"async\" class=\"i-amphtml-fill-content i-amphtml-replaced-content\" src=\"https:\/\/i0.wp.com\/px.fotos.cdn.0223.com.ar\/f\/012023\/1674580352365.webp?ssl=1\" alt=\"El parto se produjo en el ba\u00f1o de la Estaci\u00f3n Ferroautomotora\" data-amp-auto-lightbox-disable=\"\" \/><strong>El parto se produjo en el ba\u00f1o de la Estaci\u00f3n Ferroautomotora<\/strong><\/p>\n<\/div>\n<blockquote>\n<h3>Tras constatar que\u00a0<strong>el reci\u00e9n nacido presentaba signos de \u00a0hipotermia lo estabilizaron\u00a0<\/strong>y lo trasladaron junto a su madre al Hospital Materno Infantil para que reciban los cuidados necesarios del caso.<\/h3>\n<\/blockquote>\n<p>Tanto la madre como el ni\u00f1o\u00a0<strong>evolucionan favorablemente\u00a0<\/strong>en el nosocomio y se espera que en las pr\u00f3ximas horas sean dados de alta.<\/p>\n","protected":false},"excerpt":{"rendered":"<div class=\"mh-excerpt\"><p>Ocurri\u00f3 el lunes por la noche. Personal del Same acudi\u00f3 a asistir a la mujer y al reci\u00e9n nacido que presentaba signos de hipotermia y los trasladaron al Hospital Materno Infantil donde evolucionan favorablemente. 12 <a class=\"mh-excerpt-more\" href=\"https:\/\/larevistadigital.com.ar\/blog\/una-mujer-dio-a-luz-en-el-bano-de-la-ferroautomotora\/\" title=\"UNA MUJER DI\u00d3 A LUZ EN EL BA\u00d1O DE LA FERROAUTOMOTORA\">[Leer M\u00e1s]<\/a><\/p>\n<\/div>","protected":false},"author":3,"featured_media":30995,"comment_status":"open","ping_status":"open","sticky":false,"template":"","format":"standard","meta":{"_jetpack_memberships_contains_paid_content":false,"footnotes":"","jetpack_publicize_message":"","jetpack_publicize_feature_enabled":true,"jetpack_social_post_already_shared":true,"jetpack_social_options":{"image_generator_settings":{"template":"highway","default_image_id":0,"font":"","enabled":false},"version":2}},"categories":[51,29],"tags":[],"class_list":{"0":"post-30994","1":"post","2":"type-post","3":"status-publish","4":"format-standard","5":"has-post-thumbnail","7":"category-regionales","8":"category-sociedad"},"jetpack_publicize_connections":[],"jetpack_featured_media_url":"https:\/\/i0.wp.com\/larevistadigital.com.ar\/blog\/wp-content\/uploads\/FERROAUTOMOTORA-MDQ.png?fit=806%2C444&ssl=1","jetpack_sharing_enabled":true,"jetpack_shortlink":"https:\/\/wp.me\/p8qtrQ-83U","jetpack-related-posts":[{"id":24232,"url":"https:\/\/larevistadigital.com.ar\/blog\/mar-del-plata-un-motociclista-en-grave-estado-luego-de-chocar-contra-un-auto\/","url_meta":{"origin":30994,"position":0},"title":"MAR DEL PLATA: UN MOTOCICLISTA EN GRAVE ESTADO LUEGO DE CHOCAR CONTRA UN AUTO","author":"Alejandro Sosa Ruda","date":"27 febrero, 2022","format":false,"excerpt":"El joven, de 22 a\u00f1os se encuentra en terapia intensiva del Hospital Interzonal, mientras que su acompa\u00f1ante, una mujer de 24 a\u00f1os, tambi\u00e9n est\u00e1 internada, pero estable. El hecho ocurri\u00f3 esta madrugada en Independencia y Garay. MAR DEL PLATA -\u00a0 Un\u00a0motociclista de 22 a\u00f1os\u00a0se encuentra internado en grave estado en\u2026","rel":"","context":"En \u00abPOLICIALES\u00bb","block_context":{"text":"POLICIALES","link":"https:\/\/larevistadigital.com.ar\/blog\/category\/policiales\/"},"img":{"alt_text":"","src":"https:\/\/i0.wp.com\/larevistadigital.com.ar\/blog\/wp-content\/uploads\/Captura-de-pantalla-2022-02-27-122414.jpg?fit=1011%2C490&ssl=1&resize=350%2C200","width":350,"height":200,"srcset":"https:\/\/i0.wp.com\/larevistadigital.com.ar\/blog\/wp-content\/uploads\/Captura-de-pantalla-2022-02-27-122414.jpg?fit=1011%2C490&ssl=1&resize=350%2C200 1x, https:\/\/i0.wp.com\/larevistadigital.com.ar\/blog\/wp-content\/uploads\/Captura-de-pantalla-2022-02-27-122414.jpg?fit=1011%2C490&ssl=1&resize=525%2C300 1.5x, https:\/\/i0.wp.com\/larevistadigital.com.ar\/blog\/wp-content\/uploads\/Captura-de-pantalla-2022-02-27-122414.jpg?fit=1011%2C490&ssl=1&resize=700%2C400 2x"},"classes":[]},{"id":13665,"url":"https:\/\/larevistadigital.com.ar\/blog\/la-plata-intensa-busqueda-de-una-estudiante-de-medicina-desaparecida-desde-el-lunes\/","url_meta":{"origin":30994,"position":1},"title":"LA PLATA: INTENSA B\u00daSQUEDA DE UNA ESTUDIANTE DE MEDICINA DESAPARECIDA DESDE EL LUNES","author":"Alejandro Sosa Ruda","date":"13 diciembre, 2019","format":false,"excerpt":"Jennifer Almir\u00f3n\u00a0tiene 20 a\u00f1os y cursa el primer a\u00f1o en la Facultad de Ciencias M\u00e9dicas de la UNLP. El lunes pasado sali\u00f3 de su casa, despu\u00e9s de decirle a su madre que iba a encontrarse con unas compa\u00f1eras en el centro platense, y que probablemente se viera con un chico\u2026","rel":"","context":"En \u00abPOLICIALES\u00bb","block_context":{"text":"POLICIALES","link":"https:\/\/larevistadigital.com.ar\/blog\/category\/policiales\/"},"img":{"alt_text":"","src":"https:\/\/i0.wp.com\/larevistadigital.com.ar\/blog\/wp-content\/uploads\/jennifer.jpg?fit=800%2C474&ssl=1&resize=350%2C200","width":350,"height":200,"srcset":"https:\/\/i0.wp.com\/larevistadigital.com.ar\/blog\/wp-content\/uploads\/jennifer.jpg?fit=800%2C474&ssl=1&resize=350%2C200 1x, https:\/\/i0.wp.com\/larevistadigital.com.ar\/blog\/wp-content\/uploads\/jennifer.jpg?fit=800%2C474&ssl=1&resize=525%2C300 1.5x, https:\/\/i0.wp.com\/larevistadigital.com.ar\/blog\/wp-content\/uploads\/jennifer.jpg?fit=800%2C474&ssl=1&resize=700%2C400 2x"},"classes":[]},{"id":25342,"url":"https:\/\/larevistadigital.com.ar\/blog\/mar-del-plata-indignante-detienen-a-una-mujer-por-robar-en-la-escuela-especial-514\/","url_meta":{"origin":30994,"position":2},"title":"MAR DEL PLATA: INDIGNANTE. DETIENEN A UNA MUJER POR ROBAR EN LA ESCUELA ESPECIAL 514","author":"Alejandro Sosa Ruda","date":"22 mayo, 2022","format":false,"excerpt":"Ocurri\u00f3 el s\u00e1bado a la noche en San Mart\u00edn 5650. La aprehendida, de 36 a\u00f1os, ten\u00eda un pedido de captura por otro robo. Su c\u00f3mplice, un hombre que no pudo ser identificado, se dio a la fuga. MAR DEL PLATA -\u00a0 Una mujer de 36 a\u00f1os que ten\u00eda pedido de\u2026","rel":"","context":"En \u00abPOLICIALES\u00bb","block_context":{"text":"POLICIALES","link":"https:\/\/larevistadigital.com.ar\/blog\/category\/policiales\/"},"img":{"alt_text":"","src":"https:\/\/i0.wp.com\/larevistadigital.com.ar\/blog\/wp-content\/uploads\/ROBO-ESCUELA-514-MDQ.png?fit=809%2C454&ssl=1&resize=350%2C200","width":350,"height":200,"srcset":"https:\/\/i0.wp.com\/larevistadigital.com.ar\/blog\/wp-content\/uploads\/ROBO-ESCUELA-514-MDQ.png?fit=809%2C454&ssl=1&resize=350%2C200 1x, https:\/\/i0.wp.com\/larevistadigital.com.ar\/blog\/wp-content\/uploads\/ROBO-ESCUELA-514-MDQ.png?fit=809%2C454&ssl=1&resize=525%2C300 1.5x, https:\/\/i0.wp.com\/larevistadigital.com.ar\/blog\/wp-content\/uploads\/ROBO-ESCUELA-514-MDQ.png?fit=809%2C454&ssl=1&resize=700%2C400 2x"},"classes":[]},{"id":8574,"url":"https:\/\/larevistadigital.com.ar\/blog\/tragedia-en-la-ruta-muere-una-mujer-y-multiples-heridos-al-volcar-un-micro-que-partio-de-mar-del-plata\/","url_meta":{"origin":30994,"position":3},"title":"TRAGEDIA EN LA RUTA: MUERE UNA MUJER Y M\u00daLTIPLES HERIDOS AL VOLCAR UN MICRO QUE PARTI\u00d3 DE MAR DEL PLATA","author":"Alejandro Sosa Ruda","date":"19 febrero, 2019","format":false,"excerpt":"El \u00f3mnibus se dirig\u00eda a Neuqu\u00e9n e hizo escala en Miramar. En el kil\u00f3metro 52 sali\u00f3 de la cinta asf\u00e1ltica y volc\u00f3. Llevaba a 32 pasajeros. Un micro que parti\u00f3 desde Mar del Plata hac\u00eda Neuqu\u00e9n volc\u00f3 este lunes a la noche en la ruta 88 con un saldo tr\u00e1gico:\u2026","rel":"","context":"En \u00abPOLICIALES\u00bb","block_context":{"text":"POLICIALES","link":"https:\/\/larevistadigital.com.ar\/blog\/category\/policiales\/"},"img":{"alt_text":"","src":"https:\/\/i0.wp.com\/larevistadigital.com.ar\/blog\/wp-content\/uploads\/2019\/02\/Screenshot_1-7.jpg?fit=1003%2C556&ssl=1&resize=350%2C200","width":350,"height":200,"srcset":"https:\/\/i0.wp.com\/larevistadigital.com.ar\/blog\/wp-content\/uploads\/2019\/02\/Screenshot_1-7.jpg?fit=1003%2C556&ssl=1&resize=350%2C200 1x, https:\/\/i0.wp.com\/larevistadigital.com.ar\/blog\/wp-content\/uploads\/2019\/02\/Screenshot_1-7.jpg?fit=1003%2C556&ssl=1&resize=525%2C300 1.5x, https:\/\/i0.wp.com\/larevistadigital.com.ar\/blog\/wp-content\/uploads\/2019\/02\/Screenshot_1-7.jpg?fit=1003%2C556&ssl=1&resize=700%2C400 2x"},"classes":[]},{"id":11355,"url":"https:\/\/larevistadigital.com.ar\/blog\/mar-del-plata-atropellan-a-mujer-al-cruzar-la-calle-esta-grave\/","url_meta":{"origin":30994,"position":4},"title":"MAR DEL PLATA: ATROPELLAN A MUJER AL CRUZAR LA CALLE. EST\u00c1 GRAVE","author":"Alejandro Sosa Ruda","date":"19 julio, 2019","format":false,"excerpt":"Una\u00a0mujer de 70 a\u00f1os\u00a0fue atropellada el jueves a la noche por una\u00a0camioneta\u00a0cuando cruzaba la calle y qued\u00f3\u00a0internada en grave estado\u00a0en el Hospital Interzonal General de Agudos (Higa). La v\u00edctima pudo ser identificada tres horas m\u00e1s tarde cuando sus\u00a0familiares llamaron a la comisar\u00eda primera\u00a0para alertar sobre su desaparici\u00f3n. Minutos despu\u00e9s de\u2026","rel":"","context":"En \u00abREGIONALES\u00bb","block_context":{"text":"REGIONALES","link":"https:\/\/larevistadigital.com.ar\/blog\/category\/regionales\/"},"img":{"alt_text":"","src":"https:\/\/i0.wp.com\/larevistadigital.com.ar\/blog\/wp-content\/uploads\/1563533596160.jpg?fit=1040%2C634&ssl=1&resize=350%2C200","width":350,"height":200,"srcset":"https:\/\/i0.wp.com\/larevistadigital.com.ar\/blog\/wp-content\/uploads\/1563533596160.jpg?fit=1040%2C634&ssl=1&resize=350%2C200 1x, https:\/\/i0.wp.com\/larevistadigital.com.ar\/blog\/wp-content\/uploads\/1563533596160.jpg?fit=1040%2C634&ssl=1&resize=525%2C300 1.5x, https:\/\/i0.wp.com\/larevistadigital.com.ar\/blog\/wp-content\/uploads\/1563533596160.jpg?fit=1040%2C634&ssl=1&resize=700%2C400 2x"},"classes":[]},{"id":25145,"url":"https:\/\/larevistadigital.com.ar\/blog\/mar-del-plata-un-perro-ataco-al-suyo-quiso-defenderlo-y-le-mordieron-la-cara\/","url_meta":{"origin":30994,"position":5},"title":"MAR DEL PLATA: UN PERRO ATAC\u00d3 AL SUYO, QUISO DEFENDERLO Y LE MORDIERON LA CARA","author":"Alejandro Sosa Ruda","date":"18 abril, 2022","format":false,"excerpt":"MAR DEL PLATA -\u00a0 Una mujer de 36 a\u00f1os\u00a0fue mordida en la cara por un perro ayer a la tarde al intentar defender a su mascota y tuvo que ser atendida por personal m\u00e9dico en la Cl\u00ednica Pueyrredon. El hecho ocurri\u00f3 ayer a la tarde cuando la mujer paseaba a\u2026","rel":"","context":"En \u00abREGIONALES\u00bb","block_context":{"text":"REGIONALES","link":"https:\/\/larevistadigital.com.ar\/blog\/category\/regionales\/"},"img":{"alt_text":"","src":"https:\/\/i0.wp.com\/larevistadigital.com.ar\/blog\/wp-content\/uploads\/Puey-02-1024x683-1.jpg?fit=1024%2C683&ssl=1&resize=350%2C200","width":350,"height":200,"srcset":"https:\/\/i0.wp.com\/larevistadigital.com.ar\/blog\/wp-content\/uploads\/Puey-02-1024x683-1.jpg?fit=1024%2C683&ssl=1&resize=350%2C200 1x, https:\/\/i0.wp.com\/larevistadigital.com.ar\/blog\/wp-content\/uploads\/Puey-02-1024x683-1.jpg?fit=1024%2C683&ssl=1&resize=525%2C300 1.5x, https:\/\/i0.wp.com\/larevistadigital.com.ar\/blog\/wp-content\/uploads\/Puey-02-1024x683-1.jpg?fit=1024%2C683&ssl=1&resize=700%2C400 2x"},"classes":[]}],"_links":{"self":[{"href":"https:\/\/larevistadigital.com.ar\/blog\/wp-json\/wp\/v2\/posts\/30994","targetHints":{"allow":["GET"]}}],"collection":[{"href":"https:\/\/larevistadigital.com.ar\/blog\/wp-json\/wp\/v2\/posts"}],"about":[{"href":"https:\/\/larevistadigital.com.ar\/blog\/wp-json\/wp\/v2\/types\/post"}],"author":[{"embeddable":true,"href":"https:\/\/larevistadigital.com.ar\/blog\/wp-json\/wp\/v2\/users\/3"}],"replies":[{"embeddable":true,"href":"https:\/\/larevistadigital.com.ar\/blog\/wp-json\/wp\/v2\/comments?post=30994"}],"version-history":[{"count":3,"href":"https:\/\/larevistadigital.com.ar\/blog\/wp-json\/wp\/v2\/posts\/30994\/revisions"}],"predecessor-version":[{"id":30998,"href":"https:\/\/larevistadigital.com.ar\/blog\/wp-json\/wp\/v2\/posts\/30994\/revisions\/30998"}],"wp:featuredmedia":[{"embeddable":true,"href":"https:\/\/larevistadigital.com.ar\/blog\/wp-json\/wp\/v2\/media\/30995"}],"wp:attachment":[{"href":"https:\/\/larevistadigital.com.ar\/blog\/wp-json\/wp\/v2\/media?parent=30994"}],"wp:term":[{"taxonomy":"category","embeddable":true,"href":"https:\/\/larevistadigital.com.ar\/blog\/wp-json\/wp\/v2\/categories?post=30994"},{"taxonomy":"post_tag","embeddable":true,"href":"https:\/\/larevistadigital.com.ar\/blog\/wp-json\/wp\/v2\/tags?post=30994"}],"curies":[{"name":"wp","href":"https:\/\/api.w.org\/{rel}","templated":true}]}}