{"id":31000,"date":"2023-04-12T19:03:41","date_gmt":"2023-04-12T19:03:41","guid":{"rendered":"https:\/\/larevistadigital.com.ar\/blog\/?p=31000"},"modified":"2023-04-12T19:03:41","modified_gmt":"2023-04-12T19:03:41","slug":"mar-del-plata-turistas-encontraron-el-cadaver-de-un-hombre-que-se-habia-tirado-al-mar","status":"publish","type":"post","link":"https:\/\/larevistadigital.com.ar\/blog\/mar-del-plata-turistas-encontraron-el-cadaver-de-un-hombre-que-se-habia-tirado-al-mar\/","title":{"rendered":"MAR DEL PLATA: TURISTAS ENCONTRARON EL CADAVER DE UN HOMBRE QUE SE HAB\u00cdA TIRADO AL MAR"},"content":{"rendered":"<p><strong>MAR DEL PLATA &#8211;<\/strong>\u00a0 Luego de m\u00e1s de 24 hs. de b\u00fasqueda, finalmente encontraron en Mar del Plata el cuerpo de un hombre de 33 a\u00f1os de edad, que el d\u00eda viernes a la madrugada se arroj\u00f3 al mar para escapar de la polic\u00eda, que lo persegu\u00eda por el robo a una vivienda.<\/p>\n<blockquote>\n<h3>Se trataba de Ulises Godoy, un trapito de calle Corrientes que ten\u00eda pedido de captura cuyo cadaver fue encontrado este domingo, entre las playas de \u00abPlaya Chica\u00bb por turistas que paseaban por la zona.<\/h3>\n<\/blockquote>\n<p>Seg\u00fan publicaron algunos medios locales, el sujeto era un \u00abcuidacoches\u00bb del centro comercial de la mencionada ciudad balnearia, donde estaba radicado hac\u00eda 7 a\u00f1os.<\/p>\n<p>fuente: Centraldenoticiasdemadariaga<\/p>\n<p>&nbsp;<\/p>\n","protected":false},"excerpt":{"rendered":"<div class=\"mh-excerpt\"><p>MAR DEL PLATA &#8211;\u00a0 Luego de m\u00e1s de 24 hs. de b\u00fasqueda, finalmente encontraron en Mar del Plata el cuerpo de un hombre de 33 a\u00f1os de edad, que el d\u00eda viernes a la madrugada <a class=\"mh-excerpt-more\" href=\"https:\/\/larevistadigital.com.ar\/blog\/mar-del-plata-turistas-encontraron-el-cadaver-de-un-hombre-que-se-habia-tirado-al-mar\/\" title=\"MAR DEL PLATA: TURISTAS ENCONTRARON EL CADAVER DE UN HOMBRE QUE SE HAB\u00cdA TIRADO AL MAR\">[Leer M\u00e1s]<\/a><\/p>\n<\/div>","protected":false},"author":3,"featured_media":31001,"comment_status":"open","ping_status":"open","sticky":false,"template":"","format":"standard","meta":{"_jetpack_memberships_contains_paid_content":false,"footnotes":"","jetpack_publicize_message":"","jetpack_publicize_feature_enabled":true,"jetpack_social_post_already_shared":true,"jetpack_social_options":{"image_generator_settings":{"template":"highway","default_image_id":0,"font":"","enabled":false},"version":2}},"categories":[44,51],"tags":[],"class_list":{"0":"post-31000","1":"post","2":"type-post","3":"status-publish","4":"format-standard","5":"has-post-thumbnail","7":"category-policiales","8":"category-regionales"},"jetpack_publicize_connections":[],"jetpack_featured_media_url":"https:\/\/i0.wp.com\/larevistadigital.com.ar\/blog\/wp-content\/uploads\/fotojet_x98x_1.jpg_1833193316.jpg?fit=720%2C406&ssl=1","jetpack_sharing_enabled":true,"jetpack_shortlink":"https:\/\/wp.me\/p8qtrQ-840","jetpack-related-posts":[{"id":41542,"url":"https:\/\/larevistadigital.com.ar\/blog\/mar-del-plata-encontraron-sin-vida-a-un-hombre-desaparecido-en-los-acantilados\/","url_meta":{"origin":31000,"position":0},"title":"Mar del Plata: Encontraron sin vida a un hombre desaparecido en Los Acantilados","author":"Alejandro Sosa Ruda","date":"19 septiembre, 2025","format":false,"excerpt":"Mario Ra\u00fal Rodr\u00edguez hab\u00eda sido buscado durante varias horas tras ausentarse de su domicilio sin pertenencias. Su cuerpo fue hallado en un lote bald\u00edo de la zona sur de la ciudad. 19 de septiembre de 2025 Los Acantilados.- MAR DEL PLATA -\u00a0 Rodr\u00edguez hab\u00eda abandonado su casa sin llevar consigo\u2026","rel":"","context":"En \u00abPOLICIALES\u00bb","block_context":{"text":"POLICIALES","link":"https:\/\/larevistadigital.com.ar\/blog\/category\/policiales\/"},"img":{"alt_text":"","src":"https:\/\/i0.wp.com\/larevistadigital.com.ar\/blog\/wp-content\/uploads\/Captura-de-pantalla-2025-09-18-100905.webp?fit=881%2C543&ssl=1&resize=350%2C200","width":350,"height":200,"srcset":"https:\/\/i0.wp.com\/larevistadigital.com.ar\/blog\/wp-content\/uploads\/Captura-de-pantalla-2025-09-18-100905.webp?fit=881%2C543&ssl=1&resize=350%2C200 1x, https:\/\/i0.wp.com\/larevistadigital.com.ar\/blog\/wp-content\/uploads\/Captura-de-pantalla-2025-09-18-100905.webp?fit=881%2C543&ssl=1&resize=525%2C300 1.5x, https:\/\/i0.wp.com\/larevistadigital.com.ar\/blog\/wp-content\/uploads\/Captura-de-pantalla-2025-09-18-100905.webp?fit=881%2C543&ssl=1&resize=700%2C400 2x"},"classes":[]},{"id":24682,"url":"https:\/\/larevistadigital.com.ar\/blog\/mar-del-plata-encontraron-un-cadaver-en-la-escollera-de-la-zona-norte\/","url_meta":{"origin":31000,"position":1},"title":"MAR DEL PLATA: ENCONTRARON UN CADAVER EN LA ESCOLLERA DE LA ZONA NORTE","author":"Alejandro Sosa Ruda","date":"20 marzo, 2022","format":false,"excerpt":"El cuerpo fue encontrado esta ma\u00f1ana en la zona de La Perla, a la altura de R\u00edo Negro y la costa. La Polic\u00eda Cient\u00edfica trabaja en el lugar en colaboraci\u00f3n con la Prefectura Naval Argentina. MAR DEL PLATA -\u00a0 Un cuerpo sin vida fue hallado en horas de la ma\u00f1ana\u2026","rel":"","context":"En \u00abPOLICIALES\u00bb","block_context":{"text":"POLICIALES","link":"https:\/\/larevistadigital.com.ar\/blog\/category\/policiales\/"},"img":{"alt_text":"","src":"https:\/\/i0.wp.com\/larevistadigital.com.ar\/blog\/wp-content\/uploads\/Captura-de-pantalla-2022-03-20-115938.jpg?fit=1012%2C666&ssl=1&resize=350%2C200","width":350,"height":200,"srcset":"https:\/\/i0.wp.com\/larevistadigital.com.ar\/blog\/wp-content\/uploads\/Captura-de-pantalla-2022-03-20-115938.jpg?fit=1012%2C666&ssl=1&resize=350%2C200 1x, https:\/\/i0.wp.com\/larevistadigital.com.ar\/blog\/wp-content\/uploads\/Captura-de-pantalla-2022-03-20-115938.jpg?fit=1012%2C666&ssl=1&resize=525%2C300 1.5x, https:\/\/i0.wp.com\/larevistadigital.com.ar\/blog\/wp-content\/uploads\/Captura-de-pantalla-2022-03-20-115938.jpg?fit=1012%2C666&ssl=1&resize=700%2C400 2x"},"classes":[]},{"id":31550,"url":"https:\/\/larevistadigital.com.ar\/blog\/mar-del-plata-encontraron-un-cuerpo-e-investigan-si-se-trata-de-un-joven-estudiante-que-estaba-desaparecido\/","url_meta":{"origin":31000,"position":2},"title":"MAR DEL PLATA: ENCONTRARON UN CUERPO E INVESTIGAN SI SE TRATA DE UN JOVEN ESTUDIANTE QUE ESTABA DESAPARECIDO","author":"Alejandro Sosa Ruda","date":"15 mayo, 2023","format":false,"excerpt":"Se llevaba a cabo un intenso operativo de b\u00fasqueda y se hall\u00f3 un cuerpo en Los Acantilados. Se investiga si se trata del muchacho buscado. 15 de Mayo de 2023 MAR DEL PLATA -\u00a0 Se encontr\u00f3 un cuerpo en avanzado estado de descomposici\u00f3n en la zona de Los Acantilados, y\u2026","rel":"","context":"En \u00abPOLICIALES\u00bb","block_context":{"text":"POLICIALES","link":"https:\/\/larevistadigital.com.ar\/blog\/category\/policiales\/"},"img":{"alt_text":"","src":"https:\/\/i0.wp.com\/larevistadigital.com.ar\/blog\/wp-content\/uploads\/acantilados.png?fit=1111%2C456&ssl=1&resize=350%2C200","width":350,"height":200,"srcset":"https:\/\/i0.wp.com\/larevistadigital.com.ar\/blog\/wp-content\/uploads\/acantilados.png?fit=1111%2C456&ssl=1&resize=350%2C200 1x, https:\/\/i0.wp.com\/larevistadigital.com.ar\/blog\/wp-content\/uploads\/acantilados.png?fit=1111%2C456&ssl=1&resize=525%2C300 1.5x, https:\/\/i0.wp.com\/larevistadigital.com.ar\/blog\/wp-content\/uploads\/acantilados.png?fit=1111%2C456&ssl=1&resize=700%2C400 2x, https:\/\/i0.wp.com\/larevistadigital.com.ar\/blog\/wp-content\/uploads\/acantilados.png?fit=1111%2C456&ssl=1&resize=1050%2C600 3x"},"classes":[]},{"id":43587,"url":"https:\/\/larevistadigital.com.ar\/blog\/hallaron-un-cadaver-flotando-en-una-playa-centrica-de-mar-del-plata-y-fue-identificado\/","url_meta":{"origin":31000,"position":3},"title":"Hallaron un cad\u00e1ver flotando en una playa c\u00e9ntrica de Mar del Plata y fue identificado","author":"Alejandro Sosa Ruda","date":"24 enero, 2026","format":false,"excerpt":"Se trata de un joven de 27 a\u00f1os. El cuerpo apareci\u00f3 durante la madrugada en la playa Bristol y la Justicia investiga las causas de la muerte. 24 de enero de 2026 MAR DEL PLATA -\u00a0 \u00a0 El avance de la investigaci\u00f3n permiti\u00f3 identificar al hombre cuyo cuerpo fue hallado\u2026","rel":"","context":"En \u00abPOLICIALES\u00bb","block_context":{"text":"POLICIALES","link":"https:\/\/larevistadigital.com.ar\/blog\/category\/policiales\/"},"img":{"alt_text":"","src":"https:\/\/i0.wp.com\/larevistadigital.com.ar\/blog\/wp-content\/uploads\/Captura-de-pantalla-2026-01-24-132009.jpg?fit=792%2C334&ssl=1&resize=350%2C200","width":350,"height":200,"srcset":"https:\/\/i0.wp.com\/larevistadigital.com.ar\/blog\/wp-content\/uploads\/Captura-de-pantalla-2026-01-24-132009.jpg?fit=792%2C334&ssl=1&resize=350%2C200 1x, https:\/\/i0.wp.com\/larevistadigital.com.ar\/blog\/wp-content\/uploads\/Captura-de-pantalla-2026-01-24-132009.jpg?fit=792%2C334&ssl=1&resize=525%2C300 1.5x, https:\/\/i0.wp.com\/larevistadigital.com.ar\/blog\/wp-content\/uploads\/Captura-de-pantalla-2026-01-24-132009.jpg?fit=792%2C334&ssl=1&resize=700%2C400 2x"},"classes":[]},{"id":38748,"url":"https:\/\/larevistadigital.com.ar\/blog\/mar-del-plata-aparecio-un-cadaver-sin-identificar-entre-las-rocas-de-playa-chica\/","url_meta":{"origin":31000,"position":4},"title":"Mar del Plata: Apareci\u00f3 un cadaver sin identificar entre las rocas de Playa Chica","author":"Alejandro Sosa Ruda","date":"19 febrero, 2025","format":false,"excerpt":"Lo encontraron frente al parque San Mart\u00edn ayer por la noche, a ra\u00edz de un llamado al 911. A\u00fan no se estableci\u00f3 la identidad 19 de Febrero de 2025 MAR DEL PLATA\u00a0 -\u00a0 en la zona de Playa Chica de\u00a0Mar del Plata, en Castelli y la costa, hallaron un cuerpo\u2026","rel":"","context":"En \u00abPOLICIALES\u00bb","block_context":{"text":"POLICIALES","link":"https:\/\/larevistadigital.com.ar\/blog\/category\/policiales\/"},"img":{"alt_text":"","src":"https:\/\/i0.wp.com\/larevistadigital.com.ar\/blog\/wp-content\/uploads\/69368fdaabb7496923f8632848030968cc097ca9.png?fit=1140%2C646&ssl=1&resize=350%2C200","width":350,"height":200,"srcset":"https:\/\/i0.wp.com\/larevistadigital.com.ar\/blog\/wp-content\/uploads\/69368fdaabb7496923f8632848030968cc097ca9.png?fit=1140%2C646&ssl=1&resize=350%2C200 1x, https:\/\/i0.wp.com\/larevistadigital.com.ar\/blog\/wp-content\/uploads\/69368fdaabb7496923f8632848030968cc097ca9.png?fit=1140%2C646&ssl=1&resize=525%2C300 1.5x, https:\/\/i0.wp.com\/larevistadigital.com.ar\/blog\/wp-content\/uploads\/69368fdaabb7496923f8632848030968cc097ca9.png?fit=1140%2C646&ssl=1&resize=700%2C400 2x, https:\/\/i0.wp.com\/larevistadigital.com.ar\/blog\/wp-content\/uploads\/69368fdaabb7496923f8632848030968cc097ca9.png?fit=1140%2C646&ssl=1&resize=1050%2C600 3x"},"classes":[]},{"id":30755,"url":"https:\/\/larevistadigital.com.ar\/blog\/conmocion-en-miramar-encontraron-un-cadaver-decapitado-en-las-playas\/","url_meta":{"origin":31000,"position":5},"title":"CONMOCI\u00d3N EN MIRAMAR: ENCONTRARON UN CADAVER DECAPITADO EN LAS PLAYAS","author":"Alejandro Sosa Ruda","date":"28 marzo, 2023","format":false,"excerpt":"Estaba entre Mar del Sud y Centinela del Mar y fue hallado por el puestero de un campo de la zona. Su estado de descomposici\u00f3n no permiti\u00f3 confirmar sexo. 28 de marzo de 2023 MIRAMAR -\u00a0 Un trabajador rural que estaba de recorrida por un campo entre\u00a0Mar del Sud y\u2026","rel":"","context":"En \u00abPOLICIALES\u00bb","block_context":{"text":"POLICIALES","link":"https:\/\/larevistadigital.com.ar\/blog\/category\/policiales\/"},"img":{"alt_text":"","src":"https:\/\/i0.wp.com\/larevistadigital.com.ar\/blog\/wp-content\/uploads\/fcd6c2d8e23728eecfccfcc1dc20f8f6aa1294c1.jpg?fit=1140%2C675&ssl=1&resize=350%2C200","width":350,"height":200,"srcset":"https:\/\/i0.wp.com\/larevistadigital.com.ar\/blog\/wp-content\/uploads\/fcd6c2d8e23728eecfccfcc1dc20f8f6aa1294c1.jpg?fit=1140%2C675&ssl=1&resize=350%2C200 1x, https:\/\/i0.wp.com\/larevistadigital.com.ar\/blog\/wp-content\/uploads\/fcd6c2d8e23728eecfccfcc1dc20f8f6aa1294c1.jpg?fit=1140%2C675&ssl=1&resize=525%2C300 1.5x, https:\/\/i0.wp.com\/larevistadigital.com.ar\/blog\/wp-content\/uploads\/fcd6c2d8e23728eecfccfcc1dc20f8f6aa1294c1.jpg?fit=1140%2C675&ssl=1&resize=700%2C400 2x, https:\/\/i0.wp.com\/larevistadigital.com.ar\/blog\/wp-content\/uploads\/fcd6c2d8e23728eecfccfcc1dc20f8f6aa1294c1.jpg?fit=1140%2C675&ssl=1&resize=1050%2C600 3x"},"classes":[]}],"_links":{"self":[{"href":"https:\/\/larevistadigital.com.ar\/blog\/wp-json\/wp\/v2\/posts\/31000","targetHints":{"allow":["GET"]}}],"collection":[{"href":"https:\/\/larevistadigital.com.ar\/blog\/wp-json\/wp\/v2\/posts"}],"about":[{"href":"https:\/\/larevistadigital.com.ar\/blog\/wp-json\/wp\/v2\/types\/post"}],"author":[{"embeddable":true,"href":"https:\/\/larevistadigital.com.ar\/blog\/wp-json\/wp\/v2\/users\/3"}],"replies":[{"embeddable":true,"href":"https:\/\/larevistadigital.com.ar\/blog\/wp-json\/wp\/v2\/comments?post=31000"}],"version-history":[{"count":1,"href":"https:\/\/larevistadigital.com.ar\/blog\/wp-json\/wp\/v2\/posts\/31000\/revisions"}],"predecessor-version":[{"id":31002,"href":"https:\/\/larevistadigital.com.ar\/blog\/wp-json\/wp\/v2\/posts\/31000\/revisions\/31002"}],"wp:featuredmedia":[{"embeddable":true,"href":"https:\/\/larevistadigital.com.ar\/blog\/wp-json\/wp\/v2\/media\/31001"}],"wp:attachment":[{"href":"https:\/\/larevistadigital.com.ar\/blog\/wp-json\/wp\/v2\/media?parent=31000"}],"wp:term":[{"taxonomy":"category","embeddable":true,"href":"https:\/\/larevistadigital.com.ar\/blog\/wp-json\/wp\/v2\/categories?post=31000"},{"taxonomy":"post_tag","embeddable":true,"href":"https:\/\/larevistadigital.com.ar\/blog\/wp-json\/wp\/v2\/tags?post=31000"}],"curies":[{"name":"wp","href":"https:\/\/api.w.org\/{rel}","templated":true}]}}