{"id":31003,"date":"2023-04-12T19:21:04","date_gmt":"2023-04-12T19:21:04","guid":{"rendered":"https:\/\/larevistadigital.com.ar\/blog\/?p=31003"},"modified":"2023-04-12T19:21:04","modified_gmt":"2023-04-12T19:21:04","slug":"monzo-destaco-la-decision-de-larreta-demuestra-que-no-es-como-alberto-fernandez","status":"publish","type":"post","link":"https:\/\/larevistadigital.com.ar\/blog\/monzo-destaco-la-decision-de-larreta-demuestra-que-no-es-como-alberto-fernandez\/","title":{"rendered":"MONZ\u00d3 DESTAC\u00d3 LA DECISI\u00d3N DE LARRETA: \u00abDEMUESTRA QUE NO ES COMO ALBERTO FERN\u00c1NDEZ\u00bb"},"content":{"rendered":"<div class=\"group w-full text-gray-800 dark:text-gray-100 border-b border-black\/10 dark:border-gray-900\/50 dark:bg-gray-800\">\n<div class=\"text-base gap-4 md:gap-6 md:max-w-2xl lg:max-w-xl xl:max-w-3xl p-4 md:py-6 flex lg:px-0 m-auto\">\n<div class=\"relative flex w-[calc(100%-50px)] flex-col gap-1 md:gap-3 lg:w-[calc(100%-115px)]\">\n<div class=\"flex flex-grow flex-col gap-3\">\n<h2>Emilio Monz\u00f3 analiz\u00f3 la situaci\u00f3n que atraviesa el PRO y Juntos por el Cambio y respald\u00f3 la decisi\u00f3n que tom\u00f3 Horacio Rodr\u00edguez Larreta.<\/h2>\n<div>12 de abril de 2023<\/div>\n<div><\/div>\n<div class=\"min-h-[20px] flex flex-col items-start gap-4 whitespace-pre-wrap\">El diputado nacional por la provincia de Buenos Aires, <strong>Emilio Monz\u00f3<\/strong>, ha analizado recientemente la situaci\u00f3n del partido Juntos por el Cambio y del PRO, despu\u00e9s de la decisi\u00f3n tomada por el alcalde porte\u00f1o, <strong>Horacio Rodr\u00edguez Larreta. Monz\u00f3<\/strong> ha observado la definici\u00f3n del l\u00edder como una muestra de personalidad y una estrategia para despegarse de <strong>Mauricio Macri<\/strong>.<\/div>\n<\/div>\n<\/div>\n<\/div>\n<\/div>\n<div class=\"group w-full text-gray-800 dark:text-gray-100 border-b border-black\/10 dark:border-gray-900\/50 bg-gray-50 dark:bg-[#444654]\">\n<div class=\"text-base gap-4 md:gap-6 md:max-w-2xl lg:max-w-xl xl:max-w-3xl p-4 md:py-6 flex lg:px-0 m-auto\">\n<div class=\"relative flex w-[calc(100%-50px)] flex-col gap-1 md:gap-3 lg:w-[calc(100%-115px)]\">\n<div class=\"flex flex-grow flex-col gap-3\">\n<div class=\"min-h-[20px] flex flex-col items-start gap-4 whitespace-pre-wrap\">\n<div class=\"markdown prose w-full break-words dark:prose-invert light\">\n<p>En su intervenci\u00f3n, el pol\u00edtico llam\u00f3 a la calma dentro de la coalici\u00f3n, en particular si no quieren que el economista y candidato a diputado nacional, <strong>Javier Milei<\/strong>, siga avanzando en las encuestas. <strong>Monz\u00f3<\/strong> tambi\u00e9n analiz\u00f3 el desdoblamiento que anunci\u00f3 <strong>Rodr\u00edguez Larreta<\/strong> en la Ciudad y lo calific\u00f3 como una oportunidad para que el l\u00edder porte\u00f1o demuestre ante la sociedad que no es como el presidente <strong>Alberto Fern\u00e1ndez<\/strong>.<\/p>\n<p><strong>Monz\u00f3<\/strong> vislumbr\u00f3 un cambio de actitud en <strong>Rodr\u00edguez Larreta<\/strong>, asegurando que est\u00e1 realizando lo que la sociedad le exig\u00eda, es decir, ser m\u00e1s fuerte en sus decisiones. <strong><em>\u00abHoracio siempre ha jugado al equilibrio y hoy tiene que tomar decisiones y, por supuesto, tiene consecuencias. Larreta tiene un invicto de 57 a\u00f1os sin que le dijeran traidor\u00bb<\/em><\/strong>, manifest\u00f3.<\/p>\n<p>El ex presidente de la C\u00e1mara de Diputados de la Naci\u00f3n tambi\u00e9n llam\u00f3 a la unidad entre los dirigentes que plantean su candidatura en la provincia de Buenos Aires, afirmando que <strong><em>\u00abeste espacio se tiene que ordenar. Tiene que haber una mesa que transpire liderazgo. Tiene que ser con personas legitimadas. Nunca es dif\u00edcil poder llegar a un acuerdo\u00bb.<\/em><\/strong><\/p>\n<p>Por \u00faltimo, <strong>Monz\u00f3<\/strong> pidi\u00f3 el cese de las cr\u00edticas y ataques internos que pueden afectar al electorado, asegurando que <strong><em>\u00abla gente te va a ordenar. El condicionante fue la sociedad de parar a los K o nos prende fuego a nosotros. Es por eso que crece Milei. Hay que parar las descalificaciones\u00bb.<\/em><\/strong><\/p>\n<\/div>\n<\/div>\n<\/div>\n<\/div>\n<\/div>\n<\/div>\n","protected":false},"excerpt":{"rendered":"<div class=\"mh-excerpt\"><p>Emilio Monz\u00f3 analiz\u00f3 la situaci\u00f3n que atraviesa el PRO y Juntos por el Cambio y respald\u00f3 la decisi\u00f3n que tom\u00f3 Horacio Rodr\u00edguez Larreta. 12 de abril de 2023 El diputado nacional por la provincia de <a class=\"mh-excerpt-more\" href=\"https:\/\/larevistadigital.com.ar\/blog\/monzo-destaco-la-decision-de-larreta-demuestra-que-no-es-como-alberto-fernandez\/\" title=\"MONZ\u00d3 DESTAC\u00d3 LA DECISI\u00d3N DE LARRETA: \u00abDEMUESTRA QUE NO ES COMO ALBERTO FERN\u00c1NDEZ\u00bb\">[Leer M\u00e1s]<\/a><\/p>\n<\/div>","protected":false},"author":3,"featured_media":31004,"comment_status":"open","ping_status":"open","sticky":false,"template":"","format":"standard","meta":{"_jetpack_memberships_contains_paid_content":false,"footnotes":"","jetpack_publicize_message":"","jetpack_publicize_feature_enabled":true,"jetpack_social_post_already_shared":true,"jetpack_social_options":{"image_generator_settings":{"template":"highway","default_image_id":0,"font":"","enabled":false},"version":2}},"categories":[50,12],"tags":[],"class_list":{"0":"post-31003","1":"post","2":"type-post","3":"status-publish","4":"format-standard","5":"has-post-thumbnail","7":"category-interes-general","8":"category-politica"},"jetpack_publicize_connections":[],"jetpack_featured_media_url":"https:\/\/i0.wp.com\/larevistadigital.com.ar\/blog\/wp-content\/uploads\/reportaje-de-fontevecchia-a-emilio-monzo-20200911-1015101.jpg?fit=1280%2C720&ssl=1","jetpack_sharing_enabled":true,"jetpack_shortlink":"https:\/\/wp.me\/p8qtrQ-843","jetpack-related-posts":[{"id":23479,"url":"https:\/\/larevistadigital.com.ar\/blog\/largo-larreta-con-miras-al-2023-sumo-a-emilio-monzo-a-su-equipo-de-campana\/","url_meta":{"origin":31003,"position":0},"title":"LARG\u00d3 LARRETA: CON MIRAS AL 2023 SUM\u00d3 A EMILIO MONZ\u00d3 A SU EQUIPO DE CAMPA\u00d1A","author":"Alejandro Sosa Ruda","date":"20 enero, 2022","format":false,"excerpt":"Una de las noticias destacadas de la pol\u00edtica es sin dudas los primeros movimientos que el jefe de Gobierno de la Ciudad Aut\u00f3noma de Buenos Aires, Horacio Rodriguez Larreta en direcci\u00f3n a lo que ser\u00e1 la precandidatura a presidente de la naci\u00f3n en el pr\u00f3ximo 2023, manteniendo reuniones con distintos\u2026","rel":"","context":"En \u00abINTERES GENERAL\u00bb","block_context":{"text":"INTERES GENERAL","link":"https:\/\/larevistadigital.com.ar\/blog\/category\/interes-general\/"},"img":{"alt_text":"","src":"https:\/\/i0.wp.com\/larevistadigital.com.ar\/blog\/wp-content\/uploads\/horacio-rodriguez-larreta-quiere-a___TSa6AX4oe_930x525__1.jpg?fit=930%2C525&ssl=1&resize=350%2C200","width":350,"height":200,"srcset":"https:\/\/i0.wp.com\/larevistadigital.com.ar\/blog\/wp-content\/uploads\/horacio-rodriguez-larreta-quiere-a___TSa6AX4oe_930x525__1.jpg?fit=930%2C525&ssl=1&resize=350%2C200 1x, https:\/\/i0.wp.com\/larevistadigital.com.ar\/blog\/wp-content\/uploads\/horacio-rodriguez-larreta-quiere-a___TSa6AX4oe_930x525__1.jpg?fit=930%2C525&ssl=1&resize=525%2C300 1.5x, https:\/\/i0.wp.com\/larevistadigital.com.ar\/blog\/wp-content\/uploads\/horacio-rodriguez-larreta-quiere-a___TSa6AX4oe_930x525__1.jpg?fit=930%2C525&ssl=1&resize=700%2C400 2x"},"classes":[]},{"id":17099,"url":"https:\/\/larevistadigital.com.ar\/blog\/la-interna-y-el-armado-en-cambiemos-y-el-error-de-apreciacion-de-macri-con-su-critica-a-emilo-monzo-y-rogelio-frigerio\/","url_meta":{"origin":31003,"position":1},"title":"LA INTERNA Y EL ARMADO EN CAMBIEMOS, Y EL ERROR DE APRECIACI\u00d3N DE MACRI CON SU CR\u00cdTICA A EMILO MONZ\u00d3 Y ROGELIO FRIGERIO","author":"Alejandro Sosa Ruda","date":"21 octubre, 2020","format":false,"excerpt":"Mauricio Macri, volvi\u00f3 a dar una entrevista, y algunas de sus declaraciones levantaron una gran \u201cpolvareda\u201d entre propios y ajenos. Aqu\u00ed datos y el an\u00e1lisis de lo que se viene en la oposici\u00f3n de cara a un armado serio para dar pelea al Frente Fern\u00e1ndez-Fern\u00e1ndez Probablemente hoy el ex presidente\u2026","rel":"","context":"En \u00abINTERES GENERAL\u00bb","block_context":{"text":"INTERES GENERAL","link":"https:\/\/larevistadigital.com.ar\/blog\/category\/interes-general\/"},"img":{"alt_text":"","src":"https:\/\/i0.wp.com\/larevistadigital.com.ar\/blog\/wp-content\/uploads\/me-quiere-no-me-quiere-JPC.jpg?fit=1200%2C750&ssl=1&resize=350%2C200","width":350,"height":200,"srcset":"https:\/\/i0.wp.com\/larevistadigital.com.ar\/blog\/wp-content\/uploads\/me-quiere-no-me-quiere-JPC.jpg?fit=1200%2C750&ssl=1&resize=350%2C200 1x, https:\/\/i0.wp.com\/larevistadigital.com.ar\/blog\/wp-content\/uploads\/me-quiere-no-me-quiere-JPC.jpg?fit=1200%2C750&ssl=1&resize=525%2C300 1.5x, https:\/\/i0.wp.com\/larevistadigital.com.ar\/blog\/wp-content\/uploads\/me-quiere-no-me-quiere-JPC.jpg?fit=1200%2C750&ssl=1&resize=700%2C400 2x, https:\/\/i0.wp.com\/larevistadigital.com.ar\/blog\/wp-content\/uploads\/me-quiere-no-me-quiere-JPC.jpg?fit=1200%2C750&ssl=1&resize=1050%2C600 3x"},"classes":[]},{"id":19916,"url":"https:\/\/larevistadigital.com.ar\/blog\/emilio-monzo-aseguro-que-se-postulara-en-juntos-por-el-cambio-le-guste-o-no-a-algun-sector-interno\/","url_meta":{"origin":31003,"position":2},"title":"EMILIO MONZ\u00d3 ASEGUR\u00d3 QUE SE POSTULAR\u00c1 EN JUNTOS POR EL CAMBIO, LE GUSTE O NO A ALG\u00daN SECTOR INTERNO","author":"Alejandro Sosa Ruda","date":"29 abril, 2021","format":false,"excerpt":"El destacado y prestigioso dirigente nacido en Carlos Tejedor, Emilio Monz\u00f3, dialog\u00f3 con varios medios entre otras cosas\u00a0 \"se puso el traje de candidato\". Emilio Monz\u00f3, es sin dudas uno de los pol\u00edticos m\u00e1s respetados y valorados por sus pares, si no el que m\u00e1s. Y ya ha confirmado que\u2026","rel":"","context":"En \u00abINTERES GENERAL\u00bb","block_context":{"text":"INTERES GENERAL","link":"https:\/\/larevistadigital.com.ar\/blog\/category\/interes-general\/"},"img":{"alt_text":"","src":"https:\/\/i0.wp.com\/larevistadigital.com.ar\/blog\/wp-content\/uploads\/104344-emilio-20monz-c3-b3.jpeg?fit=1200%2C1050&ssl=1&resize=350%2C200","width":350,"height":200,"srcset":"https:\/\/i0.wp.com\/larevistadigital.com.ar\/blog\/wp-content\/uploads\/104344-emilio-20monz-c3-b3.jpeg?fit=1200%2C1050&ssl=1&resize=350%2C200 1x, https:\/\/i0.wp.com\/larevistadigital.com.ar\/blog\/wp-content\/uploads\/104344-emilio-20monz-c3-b3.jpeg?fit=1200%2C1050&ssl=1&resize=525%2C300 1.5x, https:\/\/i0.wp.com\/larevistadigital.com.ar\/blog\/wp-content\/uploads\/104344-emilio-20monz-c3-b3.jpeg?fit=1200%2C1050&ssl=1&resize=700%2C400 2x, https:\/\/i0.wp.com\/larevistadigital.com.ar\/blog\/wp-content\/uploads\/104344-emilio-20monz-c3-b3.jpeg?fit=1200%2C1050&ssl=1&resize=1050%2C600 3x"},"classes":[]},{"id":17874,"url":"https:\/\/larevistadigital.com.ar\/blog\/en-un-espacio-de-notable-crecimiento-monzo-aseguro-que-esta-listo-para-gobernar-la-provincia-de-buenos-aires\/","url_meta":{"origin":31003,"position":3},"title":"EN UN ESPACIO DE NOTABLE CRECIMIENTO, MONZ\u00d3 ASEGUR\u00d3 QUE EST\u00c1 LISTO PARA GOBERNAR LA PROVINCIA DE BUENOS AIRES","author":"Alejandro Sosa Ruda","date":"30 noviembre, 2020","format":false,"excerpt":"Durante un \"Zoom\" que realmente super\u00f3 todas las expectativas, el ex presidente de la C\u00e1mara de Diputados, Emilio Monz\u00f3, dialog\u00f3 con una enorme presencia digital de militantes, dirigentes, pero sobre todo con una gran afluencia de gente que d\u00eda a d\u00eda se suma al espacio, y ven en el carism\u00e1tico\u2026","rel":"","context":"En \u00abINTERES GENERAL\u00bb","block_context":{"text":"INTERES GENERAL","link":"https:\/\/larevistadigital.com.ar\/blog\/category\/interes-general\/"},"img":{"alt_text":"","src":"https:\/\/i0.wp.com\/larevistadigital.com.ar\/blog\/wp-content\/uploads\/monzo-696x518-1.jpg?fit=696%2C415&ssl=1&resize=350%2C200","width":350,"height":200,"srcset":"https:\/\/i0.wp.com\/larevistadigital.com.ar\/blog\/wp-content\/uploads\/monzo-696x518-1.jpg?fit=696%2C415&ssl=1&resize=350%2C200 1x, https:\/\/i0.wp.com\/larevistadigital.com.ar\/blog\/wp-content\/uploads\/monzo-696x518-1.jpg?fit=696%2C415&ssl=1&resize=525%2C300 1.5x"},"classes":[]},{"id":15762,"url":"https:\/\/larevistadigital.com.ar\/blog\/un-espacio-que-crece-a-diario-se-viene-muy-fuerte-el-monzoismo-en-la-provincia\/","url_meta":{"origin":31003,"position":4},"title":"UN ESPACIO QUE CRECE A DIARIO: SE VIENE MUY FUERTE EL MONZO\u00cdSMO EN LA PROVINCIA","author":"Alejandro Sosa Ruda","date":"22 junio, 2020","format":false,"excerpt":"En este momento, en que nadie asegura nada a futuro y hay mucho espacio para trabajar pol\u00edticamente, se advierte que uno de los pol\u00edticos m\u00e1s respetado por propios y ajenos, estar\u00eda planificando una posible candidatura en los pr\u00f3ximos comicios. De hecho, en las \u00faltimas reuniones que mantuvo antes de la\u2026","rel":"","context":"En \u00abINTERES GENERAL\u00bb","block_context":{"text":"INTERES GENERAL","link":"https:\/\/larevistadigital.com.ar\/blog\/category\/interes-general\/"},"img":{"alt_text":"","src":"https:\/\/i0.wp.com\/larevistadigital.com.ar\/blog\/wp-content\/uploads\/JUS7FWSMNRFRHIKRC5RZ2ZRFDM.jpg?fit=750%2C422&ssl=1&resize=350%2C200","width":350,"height":200,"srcset":"https:\/\/i0.wp.com\/larevistadigital.com.ar\/blog\/wp-content\/uploads\/JUS7FWSMNRFRHIKRC5RZ2ZRFDM.jpg?fit=750%2C422&ssl=1&resize=350%2C200 1x, https:\/\/i0.wp.com\/larevistadigital.com.ar\/blog\/wp-content\/uploads\/JUS7FWSMNRFRHIKRC5RZ2ZRFDM.jpg?fit=750%2C422&ssl=1&resize=525%2C300 1.5x, https:\/\/i0.wp.com\/larevistadigital.com.ar\/blog\/wp-content\/uploads\/JUS7FWSMNRFRHIKRC5RZ2ZRFDM.jpg?fit=750%2C422&ssl=1&resize=700%2C400 2x"},"classes":[]},{"id":17559,"url":"https:\/\/larevistadigital.com.ar\/blog\/17559-2\/","url_meta":{"origin":31003,"position":5},"title":"MONZ\u00d3: UNA FIGURA TENTADORA QUE MUCHOS QUIEREN TENER EN SUS FILAS A EFECTOS DE SUMAR \u00abCAUDAL POL\u00cdTICO\u00bb","author":"Alejandro Sosa Ruda","date":"10 noviembre, 2020","format":false,"excerpt":"El reconocido referente peronista en Juntos por el Cambio, Emilio Monz\u00f3, mantuvo un encuentro con Diego Valenzuela,\u00a0 intendente de Tres de Febrero e integrante del \"Grupo Dorrego\" de intendentes del PRO. Son varios los que desear\u00edan sumarlo porque brindar\u00eda un importante caudal pol\u00edtico. Tambi\u00e9n es franco y notable el crecimiento\u2026","rel":"","context":"En \u00abINTERES GENERAL\u00bb","block_context":{"text":"INTERES GENERAL","link":"https:\/\/larevistadigital.com.ar\/blog\/category\/interes-general\/"},"img":{"alt_text":"","src":"https:\/\/i0.wp.com\/larevistadigital.com.ar\/blog\/wp-content\/uploads\/monzo.jpg?fit=887%2C512&ssl=1&resize=350%2C200","width":350,"height":200,"srcset":"https:\/\/i0.wp.com\/larevistadigital.com.ar\/blog\/wp-content\/uploads\/monzo.jpg?fit=887%2C512&ssl=1&resize=350%2C200 1x, https:\/\/i0.wp.com\/larevistadigital.com.ar\/blog\/wp-content\/uploads\/monzo.jpg?fit=887%2C512&ssl=1&resize=525%2C300 1.5x, https:\/\/i0.wp.com\/larevistadigital.com.ar\/blog\/wp-content\/uploads\/monzo.jpg?fit=887%2C512&ssl=1&resize=700%2C400 2x"},"classes":[]}],"_links":{"self":[{"href":"https:\/\/larevistadigital.com.ar\/blog\/wp-json\/wp\/v2\/posts\/31003","targetHints":{"allow":["GET"]}}],"collection":[{"href":"https:\/\/larevistadigital.com.ar\/blog\/wp-json\/wp\/v2\/posts"}],"about":[{"href":"https:\/\/larevistadigital.com.ar\/blog\/wp-json\/wp\/v2\/types\/post"}],"author":[{"embeddable":true,"href":"https:\/\/larevistadigital.com.ar\/blog\/wp-json\/wp\/v2\/users\/3"}],"replies":[{"embeddable":true,"href":"https:\/\/larevistadigital.com.ar\/blog\/wp-json\/wp\/v2\/comments?post=31003"}],"version-history":[{"count":1,"href":"https:\/\/larevistadigital.com.ar\/blog\/wp-json\/wp\/v2\/posts\/31003\/revisions"}],"predecessor-version":[{"id":31005,"href":"https:\/\/larevistadigital.com.ar\/blog\/wp-json\/wp\/v2\/posts\/31003\/revisions\/31005"}],"wp:featuredmedia":[{"embeddable":true,"href":"https:\/\/larevistadigital.com.ar\/blog\/wp-json\/wp\/v2\/media\/31004"}],"wp:attachment":[{"href":"https:\/\/larevistadigital.com.ar\/blog\/wp-json\/wp\/v2\/media?parent=31003"}],"wp:term":[{"taxonomy":"category","embeddable":true,"href":"https:\/\/larevistadigital.com.ar\/blog\/wp-json\/wp\/v2\/categories?post=31003"},{"taxonomy":"post_tag","embeddable":true,"href":"https:\/\/larevistadigital.com.ar\/blog\/wp-json\/wp\/v2\/tags?post=31003"}],"curies":[{"name":"wp","href":"https:\/\/api.w.org\/{rel}","templated":true}]}}