{"id":31007,"date":"2023-04-12T20:11:18","date_gmt":"2023-04-12T20:11:18","guid":{"rendered":"https:\/\/larevistadigital.com.ar\/blog\/?p=31007"},"modified":"2023-04-12T20:11:18","modified_gmt":"2023-04-12T20:11:18","slug":"chascomus-la-policia-recupero-y-devolvio-a-su-propietario-una-bicicleta-mountain-bike-robada-anoche","status":"publish","type":"post","link":"https:\/\/larevistadigital.com.ar\/blog\/chascomus-la-policia-recupero-y-devolvio-a-su-propietario-una-bicicleta-mountain-bike-robada-anoche\/","title":{"rendered":"CHASCOM\u00daS: LA POLIC\u00cdA RECUPER\u00d3 Y DEVOLVI\u00d3 A SU PROPIETARIO UNA BICICLETA MOUNTAIN BIKE, ROBADA ANOCHE"},"content":{"rendered":"<h2>La Polic\u00eda Comunal logr\u00f3 recuperar el rodado que fue robado ayer a la noche y se lo reintegr\u00f3 a su propietario.<\/h2>\n<p>12 de abril de 2023<\/p>\n<p><strong>CHASCOM\u00daS\u00a0 &#8211;<\/strong>\u00a0 Durante las \u00faltimas horas del d\u00eda de ayer, se recibi\u00f3 una denuncia por el robo de una bicicleta en calles 11 de septiembre y Libres del Sur.<\/p>\n<blockquote>\n<h3>Luego de las investigaciones de rigor, personal del Gabinete T\u00e9cnico Operativo, en el d\u00eda de la fecha y en horas del mediod\u00eda, logr\u00f3 dar con el rodado denunciado como sustra\u00eddo.<\/h3>\n<\/blockquote>\n<p>El mismo, tras cumplimentar requisitorias del ministerio p\u00fablico fiscal, fue entregado a su propietario.<\/p>\n","protected":false},"excerpt":{"rendered":"<div class=\"mh-excerpt\"><p>La Polic\u00eda Comunal logr\u00f3 recuperar el rodado que fue robado ayer a la noche y se lo reintegr\u00f3 a su propietario. 12 de abril de 2023 CHASCOM\u00daS\u00a0 &#8211;\u00a0 Durante las \u00faltimas horas del d\u00eda de <a class=\"mh-excerpt-more\" href=\"https:\/\/larevistadigital.com.ar\/blog\/chascomus-la-policia-recupero-y-devolvio-a-su-propietario-una-bicicleta-mountain-bike-robada-anoche\/\" title=\"CHASCOM\u00daS: LA POLIC\u00cdA RECUPER\u00d3 Y DEVOLVI\u00d3 A SU PROPIETARIO UNA BICICLETA MOUNTAIN BIKE, ROBADA ANOCHE\">[Leer M\u00e1s]<\/a><\/p>\n<\/div>","protected":false},"author":3,"featured_media":31008,"comment_status":"open","ping_status":"open","sticky":false,"template":"","format":"standard","meta":{"_jetpack_memberships_contains_paid_content":false,"footnotes":"","jetpack_publicize_message":"","jetpack_publicize_feature_enabled":true,"jetpack_social_post_already_shared":true,"jetpack_social_options":{"image_generator_settings":{"template":"highway","default_image_id":0,"font":"","enabled":false},"version":2}},"categories":[6,44],"tags":[],"class_list":{"0":"post-31007","1":"post","2":"type-post","3":"status-publish","4":"format-standard","5":"has-post-thumbnail","7":"category-chascomus","8":"category-policiales"},"jetpack_publicize_connections":[],"jetpack_featured_media_url":"https:\/\/i0.wp.com\/larevistadigital.com.ar\/blog\/wp-content\/uploads\/WhatsApp-Image-2023-04-12-at-17.04.41.jpeg?fit=899%2C1599&ssl=1","jetpack_sharing_enabled":true,"jetpack_shortlink":"https:\/\/wp.me\/p8qtrQ-847","jetpack-related-posts":[{"id":31161,"url":"https:\/\/larevistadigital.com.ar\/blog\/chascomus-la-policia-hallo-una-bicicleta-presuntamente-robada-que-no-fue-denunciada-se-busca-a-su-propietario-a-para-reintegrarsela\/","url_meta":{"origin":31007,"position":0},"title":"CHASCOM\u00daS: LA POLIC\u00cdA HALL\u00d3 UNA BICICLETA PRESUNTAMENTE ROBADA QUE NO FUE DENUNCIADA.SE BUSCA A SU PROPIETARIO\/A  PARA REINTEGR\u00c1RSELA.","author":"Alejandro Sosa Ruda","date":"21 abril, 2023","format":false,"excerpt":"Fue durante una recorrida de prevenci\u00f3n. El rodado no ten\u00eda denuncia por robo. Se busca a su propietario, para que le sea reintegrada. 21 de abril de 2023 CHASCOM\u00daS -\u00a0\u00a0Las recorridas preventivas que realiza la Polic\u00eda Comunal, son cada vez m\u00e1s frecuentes, y han comenzado a dar cada vez m\u00e1s\u2026","rel":"","context":"En \u00abDESTACADAS\u00bb","block_context":{"text":"DESTACADAS","link":"https:\/\/larevistadigital.com.ar\/blog\/category\/destacadas\/"},"img":{"alt_text":"","src":"https:\/\/i0.wp.com\/larevistadigital.com.ar\/blog\/wp-content\/uploads\/WhatsApp-Image-2023-04-21-at-12.22.13.jpeg?fit=1200%2C675&ssl=1&resize=350%2C200","width":350,"height":200,"srcset":"https:\/\/i0.wp.com\/larevistadigital.com.ar\/blog\/wp-content\/uploads\/WhatsApp-Image-2023-04-21-at-12.22.13.jpeg?fit=1200%2C675&ssl=1&resize=350%2C200 1x, https:\/\/i0.wp.com\/larevistadigital.com.ar\/blog\/wp-content\/uploads\/WhatsApp-Image-2023-04-21-at-12.22.13.jpeg?fit=1200%2C675&ssl=1&resize=525%2C300 1.5x, https:\/\/i0.wp.com\/larevistadigital.com.ar\/blog\/wp-content\/uploads\/WhatsApp-Image-2023-04-21-at-12.22.13.jpeg?fit=1200%2C675&ssl=1&resize=700%2C400 2x, https:\/\/i0.wp.com\/larevistadigital.com.ar\/blog\/wp-content\/uploads\/WhatsApp-Image-2023-04-21-at-12.22.13.jpeg?fit=1200%2C675&ssl=1&resize=1050%2C600 3x"},"classes":[]},{"id":27974,"url":"https:\/\/larevistadigital.com.ar\/blog\/chascomus\/","url_meta":{"origin":31007,"position":1},"title":"CHASCOM\u00daS: DENUNCI\u00d3 UN ROBO Y LA POLIC\u00cdA PUDO DAR CON EL AUTOR Y RECUPERAR LO ROBADO","author":"Alejandro Sosa Ruda","date":"22 septiembre, 2022","format":false,"excerpt":"Le sustrajeron de su casa dos bicicletas, horas despu\u00e9s la Polic\u00eda Comunal, logr\u00f3 dar con el autor del hecho y recuperar lo robado. 22 de septiembre de 2022 CHASCOM\u00daS -\u00a0\u00a0Durante el d\u00eda de ayer, una mujer se present\u00f3 en la comisar\u00eda, haciendo la denuncia que le fueron sustra\u00eddas de su\u2026","rel":"","context":"En \u00abINTERES GENERAL\u00bb","block_context":{"text":"INTERES GENERAL","link":"https:\/\/larevistadigital.com.ar\/blog\/category\/interes-general\/"},"img":{"alt_text":"","src":"https:\/\/i0.wp.com\/larevistadigital.com.ar\/blog\/wp-content\/uploads\/2017\/08\/GEO_COMISARIA_1_CHASCOMUS-e1705762962297.jpg?fit=1200%2C548&ssl=1&resize=350%2C200","width":350,"height":200,"srcset":"https:\/\/i0.wp.com\/larevistadigital.com.ar\/blog\/wp-content\/uploads\/2017\/08\/GEO_COMISARIA_1_CHASCOMUS-e1705762962297.jpg?fit=1200%2C548&ssl=1&resize=350%2C200 1x, https:\/\/i0.wp.com\/larevistadigital.com.ar\/blog\/wp-content\/uploads\/2017\/08\/GEO_COMISARIA_1_CHASCOMUS-e1705762962297.jpg?fit=1200%2C548&ssl=1&resize=525%2C300 1.5x, https:\/\/i0.wp.com\/larevistadigital.com.ar\/blog\/wp-content\/uploads\/2017\/08\/GEO_COMISARIA_1_CHASCOMUS-e1705762962297.jpg?fit=1200%2C548&ssl=1&resize=700%2C400 2x, https:\/\/i0.wp.com\/larevistadigital.com.ar\/blog\/wp-content\/uploads\/2017\/08\/GEO_COMISARIA_1_CHASCOMUS-e1705762962297.jpg?fit=1200%2C548&ssl=1&resize=1050%2C600 3x"},"classes":[]},{"id":34499,"url":"https:\/\/larevistadigital.com.ar\/blog\/chascomus-ayer-denuncian-el-robo-de-una-moto-y-la-policia-lo-recupero-a-las-pocas-horas\/","url_meta":{"origin":31007,"position":2},"title":"CHASCOM\u00daS: (AYER) DENUNCIAN EL ROBO DE UNA MOTO Y LA POLIC\u00cdA LO RECUPER\u00d3 A LAS POCAS HORAS.","author":"Alejandro Sosa Ruda","date":"10 noviembre, 2023","format":false,"excerpt":"La polic\u00eda comunal actu\u00f3 con rapidez y logr\u00f3 restitu\u00edr el veh\u00edculo sustra\u00eddo. 10 de Noviembre de 2023 CHASCOM\u00daS -\u00a0 Inform\u00f3 la Polic\u00eda Comunal, que en horas de la ma\u00f1ana del d\u00eda de ayer 9 de noviembre, se recibi\u00f3 una denuncia penal en la que la v\u00edctima plasmo que autores ignorados\u2026","rel":"","context":"En \u00abPOLICIALES\u00bb","block_context":{"text":"POLICIALES","link":"https:\/\/larevistadigital.com.ar\/blog\/category\/policiales\/"},"img":{"alt_text":"","src":"https:\/\/i0.wp.com\/larevistadigital.com.ar\/blog\/wp-content\/uploads\/WhatsApp-Image-2023-11-10-at-11.09.54.jpeg?fit=903%2C1200&ssl=1&resize=350%2C200","width":350,"height":200,"srcset":"https:\/\/i0.wp.com\/larevistadigital.com.ar\/blog\/wp-content\/uploads\/WhatsApp-Image-2023-11-10-at-11.09.54.jpeg?fit=903%2C1200&ssl=1&resize=350%2C200 1x, https:\/\/i0.wp.com\/larevistadigital.com.ar\/blog\/wp-content\/uploads\/WhatsApp-Image-2023-11-10-at-11.09.54.jpeg?fit=903%2C1200&ssl=1&resize=525%2C300 1.5x, https:\/\/i0.wp.com\/larevistadigital.com.ar\/blog\/wp-content\/uploads\/WhatsApp-Image-2023-11-10-at-11.09.54.jpeg?fit=903%2C1200&ssl=1&resize=700%2C400 2x"},"classes":[]},{"id":31672,"url":"https:\/\/larevistadigital.com.ar\/blog\/chascomus-la-policia-recupero-un-automovil-denunciado-como-robado-el-dia-de-ayer\/","url_meta":{"origin":31007,"position":3},"title":"CHASCOM\u00daS: LA POLIC\u00cdA RECUPER\u00d3 UN AUTOM\u00d3VIL DENUNCIADO COMO ROBADO EL D\u00cdA DE AYER","author":"Alejandro Sosa Ruda","date":"21 mayo, 2023","format":false,"excerpt":"Volvemos a hacer hincapi\u00e9 en la importancia de denunciar los il\u00edcitos. La denyuncia se hizo ayer y en un d\u00eda de trabajo se logr\u00f3 recuperar el veh\u00edculo robado. 21 de mayo de 20232 CHASCOM\u00daS\u00a0 -\u00a0 En las \u00faltimas horas del d\u00eda de ayer y primeras horas de la madrugada de\u2026","rel":"","context":"En \u00abDESTACADAS\u00bb","block_context":{"text":"DESTACADAS","link":"https:\/\/larevistadigital.com.ar\/blog\/category\/destacadas\/"},"img":{"alt_text":"","src":"https:\/\/i0.wp.com\/larevistadigital.com.ar\/blog\/wp-content\/uploads\/WhatsApp-Image-2023-05-21-at-09.29.49.jpeg?fit=900%2C1200&ssl=1&resize=350%2C200","width":350,"height":200,"srcset":"https:\/\/i0.wp.com\/larevistadigital.com.ar\/blog\/wp-content\/uploads\/WhatsApp-Image-2023-05-21-at-09.29.49.jpeg?fit=900%2C1200&ssl=1&resize=350%2C200 1x, https:\/\/i0.wp.com\/larevistadigital.com.ar\/blog\/wp-content\/uploads\/WhatsApp-Image-2023-05-21-at-09.29.49.jpeg?fit=900%2C1200&ssl=1&resize=525%2C300 1.5x, https:\/\/i0.wp.com\/larevistadigital.com.ar\/blog\/wp-content\/uploads\/WhatsApp-Image-2023-05-21-at-09.29.49.jpeg?fit=900%2C1200&ssl=1&resize=700%2C400 2x"},"classes":[]},{"id":36236,"url":"https:\/\/larevistadigital.com.ar\/blog\/chascomus-la-ddi-realizo-un-allanamiento\/","url_meta":{"origin":31007,"position":4},"title":"CHASCOM\u00daS: LA DDI REALIZ\u00d3 UN ALLANAMIENTO","author":"Alejandro Sosa Ruda","date":"5 junio, 2024","format":false,"excerpt":"Gracias a las c\u00e1maras de Monitoreo, y el trabajo investigativo se logr\u00f3 identificar al ladr\u00f3n y recuperar el objeto robado. 5 de Junio de 2024 CHASCOM\u00daS\u00a0 -\u00a0 La DDI de Chascomus, juntamente con personal de E.P.C. Chascom\u00fas y GAD Chascom\u00fas, hicieron efectiva una orden de allanamientos solicitada por la UFID\u2026","rel":"","context":"En \u00abDESTACADAS\u00bb","block_context":{"text":"DESTACADAS","link":"https:\/\/larevistadigital.com.ar\/blog\/category\/destacadas\/"},"img":{"alt_text":"","src":"https:\/\/i0.wp.com\/larevistadigital.com.ar\/blog\/wp-content\/uploads\/2017\/03\/policia-nino-mata.jpg?fit=745%2C574&ssl=1&resize=350%2C200","width":350,"height":200,"srcset":"https:\/\/i0.wp.com\/larevistadigital.com.ar\/blog\/wp-content\/uploads\/2017\/03\/policia-nino-mata.jpg?fit=745%2C574&ssl=1&resize=350%2C200 1x, https:\/\/i0.wp.com\/larevistadigital.com.ar\/blog\/wp-content\/uploads\/2017\/03\/policia-nino-mata.jpg?fit=745%2C574&ssl=1&resize=525%2C300 1.5x, https:\/\/i0.wp.com\/larevistadigital.com.ar\/blog\/wp-content\/uploads\/2017\/03\/policia-nino-mata.jpg?fit=745%2C574&ssl=1&resize=700%2C400 2x"},"classes":[]},{"id":40364,"url":"https:\/\/larevistadigital.com.ar\/blog\/chascomus-secuestran-un-vehiculo-implicado-en-un-choque-con-fuga\/","url_meta":{"origin":31007,"position":5},"title":"Chascom\u00fas: Secuestran un veh\u00edculo implicado en un choque con fuga.","author":"Alejandro Sosa Ruda","date":"7 julio, 2025","format":false,"excerpt":"Un operativo policial realizado en las \u00faltimas horas permiti\u00f3 el secuestro de un autom\u00f3vil presuntamente involucrado en un siniestro vial ocurrido en Chascom\u00fas, cuyo conductor se habr\u00eda dado a la fuga. 07 de Julio de 2025 CHASCOM\u00daS -\u00a0 \u00a0El procedimiento se llev\u00f3 a cabo en cumplimiento de una orden de\u2026","rel":"","context":"En \u00abCHASCOM\u00daS\u00bb","block_context":{"text":"CHASCOM\u00daS","link":"https:\/\/larevistadigital.com.ar\/blog\/category\/chascomus\/"},"img":{"alt_text":"","src":"https:\/\/i0.wp.com\/larevistadigital.com.ar\/blog\/wp-content\/uploads\/POLICIA.png?fit=1002%2C658&ssl=1&resize=350%2C200","width":350,"height":200,"srcset":"https:\/\/i0.wp.com\/larevistadigital.com.ar\/blog\/wp-content\/uploads\/POLICIA.png?fit=1002%2C658&ssl=1&resize=350%2C200 1x, https:\/\/i0.wp.com\/larevistadigital.com.ar\/blog\/wp-content\/uploads\/POLICIA.png?fit=1002%2C658&ssl=1&resize=525%2C300 1.5x, https:\/\/i0.wp.com\/larevistadigital.com.ar\/blog\/wp-content\/uploads\/POLICIA.png?fit=1002%2C658&ssl=1&resize=700%2C400 2x"},"classes":[]}],"_links":{"self":[{"href":"https:\/\/larevistadigital.com.ar\/blog\/wp-json\/wp\/v2\/posts\/31007","targetHints":{"allow":["GET"]}}],"collection":[{"href":"https:\/\/larevistadigital.com.ar\/blog\/wp-json\/wp\/v2\/posts"}],"about":[{"href":"https:\/\/larevistadigital.com.ar\/blog\/wp-json\/wp\/v2\/types\/post"}],"author":[{"embeddable":true,"href":"https:\/\/larevistadigital.com.ar\/blog\/wp-json\/wp\/v2\/users\/3"}],"replies":[{"embeddable":true,"href":"https:\/\/larevistadigital.com.ar\/blog\/wp-json\/wp\/v2\/comments?post=31007"}],"version-history":[{"count":1,"href":"https:\/\/larevistadigital.com.ar\/blog\/wp-json\/wp\/v2\/posts\/31007\/revisions"}],"predecessor-version":[{"id":31009,"href":"https:\/\/larevistadigital.com.ar\/blog\/wp-json\/wp\/v2\/posts\/31007\/revisions\/31009"}],"wp:featuredmedia":[{"embeddable":true,"href":"https:\/\/larevistadigital.com.ar\/blog\/wp-json\/wp\/v2\/media\/31008"}],"wp:attachment":[{"href":"https:\/\/larevistadigital.com.ar\/blog\/wp-json\/wp\/v2\/media?parent=31007"}],"wp:term":[{"taxonomy":"category","embeddable":true,"href":"https:\/\/larevistadigital.com.ar\/blog\/wp-json\/wp\/v2\/categories?post=31007"},{"taxonomy":"post_tag","embeddable":true,"href":"https:\/\/larevistadigital.com.ar\/blog\/wp-json\/wp\/v2\/tags?post=31007"}],"curies":[{"name":"wp","href":"https:\/\/api.w.org\/{rel}","templated":true}]}}