{"id":31011,"date":"2023-04-13T12:36:24","date_gmt":"2023-04-13T12:36:24","guid":{"rendered":"https:\/\/larevistadigital.com.ar\/blog\/?p=31011"},"modified":"2023-04-13T12:36:24","modified_gmt":"2023-04-13T12:36:24","slug":"chascomus-adhirio-al-programa-provincial-municipios-a-la-obra","status":"publish","type":"post","link":"https:\/\/larevistadigital.com.ar\/blog\/chascomus-adhirio-al-programa-provincial-municipios-a-la-obra\/","title":{"rendered":"CHASCOM\u00daS ADHIRI\u00d3 AL PROGRAMA PROVINCIAL MUNICIPIOS A LA OBRA"},"content":{"rendered":"<h2 class=\"notaIntro\">Javier Gast\u00f3n firm\u00f3 el convenio que destina fondos a infraestructura b\u00e1sica en toda la provincia; en Chascom\u00fas para desag\u00fces y mejoras en calles urbanas.<\/h2>\n<p>13 de abril de 2023<\/p>\n<p class=\"notaTexto\">El acto encabezado por el gobernador <strong>Axel Kicillof<\/strong> y el ministro de Infraestructura y Servicios P\u00fablicos, <strong>Leonardo Nardini<\/strong>, se llev\u00f3 a cabo en el Sal\u00f3n Dorado de la Casa de Gobierno provincial.<\/p>\n<p class=\"notaTexto\">A trav\u00e9s de este convenio, Chascom\u00fas recibir\u00e1 una partida de 216.973.575 pesos que se utilizar\u00e1n para mejorar la transitabilidad en calles de la ciudad.<br \/>\n\u201cMunicipios a la Obra\u201d, es un programa provincial que destinar\u00e1 $45.500 millones para la ejecuci\u00f3n de 223 proyectos en los 135 partidos bonaerenses.<\/p>\n<p class=\"notaTexto\">En la firma estuvieron presentes el ministro de Hacienda y Finanzas, <strong>Pablo L\u00f3pez<\/strong>; la ministra de Gobierno, <strong>Cristina \u00c1lvarez Rodr\u00edguez<\/strong>, y representantes de los 42 distritos que forman parte del programa.<\/p>\n<p class=\"notaTexto\">En ese marco, <strong>Kicillof<\/strong> se\u00f1al\u00f3 que <em><strong>\u201cjunto a los 135 municipios, la provincia de Buenos Aires va a seguir peleando por los recursos de coparticipaci\u00f3n que le corresponden para seguir impulsando las obras que necesitan las y los bonaerenses\u201d.<\/strong><\/em><\/p>\n<p class=\"notaTexto\"><em><strong>\u201cCada peso que invertimos genera trabajo directo e indirecto en cada localidad, apuntalando los ingresos y la actividad local en todos los distritos\u201d<\/strong><\/em>, concluy\u00f3.<\/p>\n","protected":false},"excerpt":{"rendered":"<div class=\"mh-excerpt\"><p>Javier Gast\u00f3n firm\u00f3 el convenio que destina fondos a infraestructura b\u00e1sica en toda la provincia; en Chascom\u00fas para desag\u00fces y mejoras en calles urbanas. 13 de abril de 2023 El acto encabezado por el gobernador <a class=\"mh-excerpt-more\" href=\"https:\/\/larevistadigital.com.ar\/blog\/chascomus-adhirio-al-programa-provincial-municipios-a-la-obra\/\" title=\"CHASCOM\u00daS ADHIRI\u00d3 AL PROGRAMA PROVINCIAL MUNICIPIOS A LA OBRA\">[Leer M\u00e1s]<\/a><\/p>\n<\/div>","protected":false},"author":3,"featured_media":31012,"comment_status":"open","ping_status":"open","sticky":false,"template":"","format":"standard","meta":{"_jetpack_memberships_contains_paid_content":false,"footnotes":"","jetpack_publicize_message":"","jetpack_publicize_feature_enabled":true,"jetpack_social_post_already_shared":true,"jetpack_social_options":{"image_generator_settings":{"template":"highway","default_image_id":0,"font":"","enabled":false},"version":2}},"categories":[6,24],"tags":[],"class_list":{"0":"post-31011","1":"post","2":"type-post","3":"status-publish","4":"format-standard","5":"has-post-thumbnail","7":"category-chascomus","8":"category-politica-provincial"},"jetpack_publicize_connections":[],"jetpack_featured_media_url":"https:\/\/i0.wp.com\/larevistadigital.com.ar\/blog\/wp-content\/uploads\/2023_04_12_01_09_11_4931366.jpeg?fit=600%2C400&ssl=1","jetpack_sharing_enabled":true,"jetpack_shortlink":"https:\/\/wp.me\/p8qtrQ-84b","jetpack-related-posts":[{"id":42862,"url":"https:\/\/larevistadigital.com.ar\/blog\/chascomus-la-municipalidad-realizo-un-importante-aporte-de-combustible-para-los-moviles-de-la-policia-provincial\/","url_meta":{"origin":31011,"position":0},"title":"Chascom\u00fas: La Municipalidad realiz\u00f3 un importante aporte de combustible para los m\u00f3viles de la polic\u00eda provincial","author":"Alejandro Sosa Ruda","date":"12 diciembre, 2025","format":false,"excerpt":"La inversi\u00f3n anual supera los 200 millones de pesos y acompa\u00f1a las tareas preventivas en el distrito La Municipalidad de Chascom\u00fas destin\u00f3 durante el \u00faltimo a\u00f1o 82.200 litros de gasoil y 58.700 litros de nafta para el abastecimiento de los m\u00f3viles pertenecientes a la Polic\u00eda de la provincia de Buenos\u2026","rel":"","context":"En \u00abCHASCOM\u00daS\u00bb","block_context":{"text":"CHASCOM\u00daS","link":"https:\/\/larevistadigital.com.ar\/blog\/category\/chascomus\/"},"img":{"alt_text":"","src":"https:\/\/i0.wp.com\/larevistadigital.com.ar\/blog\/wp-content\/uploads\/693c581a2de9e.png?fit=668%2C445&ssl=1&resize=350%2C200","width":350,"height":200,"srcset":"https:\/\/i0.wp.com\/larevistadigital.com.ar\/blog\/wp-content\/uploads\/693c581a2de9e.png?fit=668%2C445&ssl=1&resize=350%2C200 1x, https:\/\/i0.wp.com\/larevistadigital.com.ar\/blog\/wp-content\/uploads\/693c581a2de9e.png?fit=668%2C445&ssl=1&resize=525%2C300 1.5x"},"classes":[]},{"id":40225,"url":"https:\/\/larevistadigital.com.ar\/blog\/javier-gaston-firmo-un-convenio-para-ampliar-la-oferta-academica-universitaria-en-chascomus\/","url_meta":{"origin":31011,"position":1},"title":"Javier Gast\u00f3n firm\u00f3 un convenio para ampliar la oferta acad\u00e9mica universitaria en Chascom\u00fas","author":"Alejandro Sosa Ruda","date":"30 junio, 2025","format":false,"excerpt":"Durante su participaci\u00f3n en el 3\u00b0 Encuentro Provincial del programa Puentes, el intendente junto al gobernador Axel Kicillof y m\u00e1s de 60 jefes comunalesrubric\u00f3 un acuerdo para el dictado de una nueva diplomatura. 30 de Junio de 2025 CHASCOM\u00daS -\u00a0 \u00a0El intendente Javier Gast\u00f3n y el subsecretario de Infancias y\u2026","rel":"","context":"En \u00abINTERES GENERAL\u00bb","block_context":{"text":"INTERES GENERAL","link":"https:\/\/larevistadigital.com.ar\/blog\/category\/interes-general\/"},"img":{"alt_text":"","src":"https:\/\/i0.wp.com\/larevistadigital.com.ar\/blog\/wp-content\/uploads\/6862bcd751262.png?fit=668%2C445&ssl=1&resize=350%2C200","width":350,"height":200,"srcset":"https:\/\/i0.wp.com\/larevistadigital.com.ar\/blog\/wp-content\/uploads\/6862bcd751262.png?fit=668%2C445&ssl=1&resize=350%2C200 1x, https:\/\/i0.wp.com\/larevistadigital.com.ar\/blog\/wp-content\/uploads\/6862bcd751262.png?fit=668%2C445&ssl=1&resize=525%2C300 1.5x"},"classes":[]},{"id":41814,"url":"https:\/\/larevistadigital.com.ar\/blog\/el-gobernador-kicillof-encabezara-en-chascomus-la-asamblea-del-consejo-provincial-de-turismo\/","url_meta":{"origin":31011,"position":2},"title":"El gobernador Kicillof encabezar\u00e1 en Chascom\u00fas la asamblea del Consejo Provincial de Turismo","author":"Alejandro Sosa Ruda","date":"8 octubre, 2025","format":false,"excerpt":"Representantes del sector se reunir\u00e1n para debatir pol\u00edticas y estrategias de desarrollo tur\u00edstico en la provincia. 08 de Octubre de 2025 CHASCOM\u00daS -\u00a0 \u00a0El pr\u00f3ximo lunes 13, el gobernador Axel Kicillof visitar\u00e1 Chascom\u00fas para encabezar una nueva asamblea del Consejo Provincial de Turismo (CoProTur), un espacio de intercambio que re\u00fane\u2026","rel":"","context":"En \u00abREGIONALES\u00bb","block_context":{"text":"REGIONALES","link":"https:\/\/larevistadigital.com.ar\/blog\/category\/regionales\/"},"img":{"alt_text":"","src":"https:\/\/i0.wp.com\/larevistadigital.com.ar\/blog\/wp-content\/uploads\/68e6a1127f601.png?fit=668%2C445&ssl=1&resize=350%2C200","width":350,"height":200,"srcset":"https:\/\/i0.wp.com\/larevistadigital.com.ar\/blog\/wp-content\/uploads\/68e6a1127f601.png?fit=668%2C445&ssl=1&resize=350%2C200 1x, https:\/\/i0.wp.com\/larevistadigital.com.ar\/blog\/wp-content\/uploads\/68e6a1127f601.png?fit=668%2C445&ssl=1&resize=525%2C300 1.5x"},"classes":[]},{"id":36104,"url":"https:\/\/larevistadigital.com.ar\/blog\/la-municipalidad-de-chascomus-sostiene-la-inversion-en-combustible-para-las-fuerzas-de-seguridad-provinciales\/","url_meta":{"origin":31011,"position":3},"title":"LA MUNICIPALIDAD DE CHASCOM\u00daS SOSTIENE LA INVERSI\u00d3N EN COMBUSTIBLE PARA LAS FUERZAS DE SEGURIDAD PROVINCIALES","author":"Alejandro Sosa Ruda","date":"22 mayo, 2024","format":false,"excerpt":"Esta determinaci\u00f3n refleja el compromiso para asegurar que las patrullas cuenten con los recursos necesarios para cumplir eficazmente con su labor. 22 de Mayo de 2024 CHASCOM\u00daS -\u00a0 Ante los cambios en las pol\u00edticas p\u00fablicas y sus repercusiones en los municipios, el gobierno que encabeza Javier Gast\u00f3n determin\u00f3 incrementar su\u2026","rel":"","context":"En \u00abCHASCOM\u00daS\u00bb","block_context":{"text":"CHASCOM\u00daS","link":"https:\/\/larevistadigital.com.ar\/blog\/category\/chascomus\/"},"img":{"alt_text":"","src":"https:\/\/i0.wp.com\/larevistadigital.com.ar\/blog\/wp-content\/uploads\/2024_05_22_01_40_04_3279432.jpg?fit=600%2C393&ssl=1&resize=350%2C200","width":350,"height":200,"srcset":"https:\/\/i0.wp.com\/larevistadigital.com.ar\/blog\/wp-content\/uploads\/2024_05_22_01_40_04_3279432.jpg?fit=600%2C393&ssl=1&resize=350%2C200 1x, https:\/\/i0.wp.com\/larevistadigital.com.ar\/blog\/wp-content\/uploads\/2024_05_22_01_40_04_3279432.jpg?fit=600%2C393&ssl=1&resize=525%2C300 1.5x"},"classes":[]},{"id":7934,"url":"https:\/\/larevistadigital.com.ar\/blog\/chascomus-muy-buena-noticia-javier-gaston-el-municipio-firmara-convenio-con-el-ministerio-para-terminar-de-construir-el-jardin-908-del-san-cayetano\/","url_meta":{"origin":31011,"position":4},"title":"CHASCOM\u00daS: \u00a1MUY BUENA NOTICIA! JAVIER GAST\u00d3N: \u201cEL MUNICIPIO FIRMAR\u00c1 CONVENIO CON EL MINISTERIO PARA TERMINAR DE CONSTRUIR EL JARD\u00cdN 908 DEL SAN CAYETANO\u201d","author":"Alejandro Sosa Ruda","date":"24 enero, 2019","format":false,"excerpt":"El Intendente Municipal confirm\u00f3 que firmar\u00e1 un convenio con representantes del Ministerio de Educaci\u00f3n, Cultura, Ciencia y tecnolog\u00eda nacional, a cargo de Alejandro Finocchiaro, para reanudar la obra abandonada desde hace meses. \u201cLa educaci\u00f3n de los chicos es una prioridad para nosotros y los vecinos del San Cayetano van a\u2026","rel":"","context":"En \u00abCHASCOM\u00daS\u00bb","block_context":{"text":"CHASCOM\u00daS","link":"https:\/\/larevistadigital.com.ar\/blog\/category\/chascomus\/"},"img":{"alt_text":"","src":"https:\/\/i0.wp.com\/larevistadigital.com.ar\/blog\/wp-content\/uploads\/2019\/01\/50630025_2255761834444689_1326653580270108672_o.jpg?fit=1200%2C720&ssl=1&resize=350%2C200","width":350,"height":200,"srcset":"https:\/\/i0.wp.com\/larevistadigital.com.ar\/blog\/wp-content\/uploads\/2019\/01\/50630025_2255761834444689_1326653580270108672_o.jpg?fit=1200%2C720&ssl=1&resize=350%2C200 1x, https:\/\/i0.wp.com\/larevistadigital.com.ar\/blog\/wp-content\/uploads\/2019\/01\/50630025_2255761834444689_1326653580270108672_o.jpg?fit=1200%2C720&ssl=1&resize=525%2C300 1.5x, https:\/\/i0.wp.com\/larevistadigital.com.ar\/blog\/wp-content\/uploads\/2019\/01\/50630025_2255761834444689_1326653580270108672_o.jpg?fit=1200%2C720&ssl=1&resize=700%2C400 2x, https:\/\/i0.wp.com\/larevistadigital.com.ar\/blog\/wp-content\/uploads\/2019\/01\/50630025_2255761834444689_1326653580270108672_o.jpg?fit=1200%2C720&ssl=1&resize=1050%2C600 3x"},"classes":[]},{"id":35395,"url":"https:\/\/larevistadigital.com.ar\/blog\/el-gobernador-kicillof-anuncio-la-continuidad-de-la-cloaca-maxima-en-chascomus\/","url_meta":{"origin":31011,"position":5},"title":"EL GOBERNADOR KICILLOF ANUNCI\u00d3 LA CONTINUIDAD DE LA CLOACA M\u00c1XIMA EN CHASCOM\u00daS","author":"Alejandro Sosa Ruda","date":"7 marzo, 2024","format":false,"excerpt":"En el acto de apertura del per\u00edodo de sesiones ordinarias de la Legislatura provincial, el \u00faltimo lunes, Axel Kicillof anunciar la decisi\u00f3n de retomar la construcci\u00f3n de la red troncal cloacal que hab\u00eda sido previamente suspendida por el Gobierno Nacional. 6 de Marzo de 2024 \"Decidimos continuar con los proyectos\u2026","rel":"","context":"En \u00abCHASCOM\u00daS\u00bb","block_context":{"text":"CHASCOM\u00daS","link":"https:\/\/larevistadigital.com.ar\/blog\/category\/chascomus\/"},"img":{"alt_text":"","src":"https:\/\/i0.wp.com\/larevistadigital.com.ar\/blog\/wp-content\/uploads\/2024_03_06_01_25_21_6106770.jpg?fit=600%2C338&ssl=1&resize=350%2C200","width":350,"height":200,"srcset":"https:\/\/i0.wp.com\/larevistadigital.com.ar\/blog\/wp-content\/uploads\/2024_03_06_01_25_21_6106770.jpg?fit=600%2C338&ssl=1&resize=350%2C200 1x, https:\/\/i0.wp.com\/larevistadigital.com.ar\/blog\/wp-content\/uploads\/2024_03_06_01_25_21_6106770.jpg?fit=600%2C338&ssl=1&resize=525%2C300 1.5x"},"classes":[]}],"_links":{"self":[{"href":"https:\/\/larevistadigital.com.ar\/blog\/wp-json\/wp\/v2\/posts\/31011","targetHints":{"allow":["GET"]}}],"collection":[{"href":"https:\/\/larevistadigital.com.ar\/blog\/wp-json\/wp\/v2\/posts"}],"about":[{"href":"https:\/\/larevistadigital.com.ar\/blog\/wp-json\/wp\/v2\/types\/post"}],"author":[{"embeddable":true,"href":"https:\/\/larevistadigital.com.ar\/blog\/wp-json\/wp\/v2\/users\/3"}],"replies":[{"embeddable":true,"href":"https:\/\/larevistadigital.com.ar\/blog\/wp-json\/wp\/v2\/comments?post=31011"}],"version-history":[{"count":1,"href":"https:\/\/larevistadigital.com.ar\/blog\/wp-json\/wp\/v2\/posts\/31011\/revisions"}],"predecessor-version":[{"id":31013,"href":"https:\/\/larevistadigital.com.ar\/blog\/wp-json\/wp\/v2\/posts\/31011\/revisions\/31013"}],"wp:featuredmedia":[{"embeddable":true,"href":"https:\/\/larevistadigital.com.ar\/blog\/wp-json\/wp\/v2\/media\/31012"}],"wp:attachment":[{"href":"https:\/\/larevistadigital.com.ar\/blog\/wp-json\/wp\/v2\/media?parent=31011"}],"wp:term":[{"taxonomy":"category","embeddable":true,"href":"https:\/\/larevistadigital.com.ar\/blog\/wp-json\/wp\/v2\/categories?post=31011"},{"taxonomy":"post_tag","embeddable":true,"href":"https:\/\/larevistadigital.com.ar\/blog\/wp-json\/wp\/v2\/tags?post=31011"}],"curies":[{"name":"wp","href":"https:\/\/api.w.org\/{rel}","templated":true}]}}