{"id":31014,"date":"2023-04-13T12:41:29","date_gmt":"2023-04-13T12:41:29","guid":{"rendered":"https:\/\/larevistadigital.com.ar\/blog\/?p=31014"},"modified":"2023-04-13T12:41:29","modified_gmt":"2023-04-13T12:41:29","slug":"tres-empresas-interesadas-en-la-ejecucion-de-obras-pluviales-en-el-barrio-san-cayetano","status":"publish","type":"post","link":"https:\/\/larevistadigital.com.ar\/blog\/tres-empresas-interesadas-en-la-ejecucion-de-obras-pluviales-en-el-barrio-san-cayetano\/","title":{"rendered":"TRES EMPRESAS INTERESADAS EN LA EJECUCI\u00d3N DE OBRAS PLUVIALES EN EL BARRIO SAN CAYETANO"},"content":{"rendered":"<h2 class=\"notaIntro\">Este martes se abrieron los sobres correspondientes a la Licitaci\u00f3n P\u00fablica N\u00ba 2\/23, con los antecedentes de las firmas y el pr\u00f3ximo jueves se conocer\u00e1n las ofertas presentadas.<\/h2>\n<p class=\"notaTexto\">En la ma\u00f1ana de este martes se recibieron los antecedentes de las firmas interesadas: Playa Construcciones SRL, GyC Construcciones y la Unidad Transitoria de Empresas entre MOR S.A. y EMAC S.A.<br \/>\nLa obra cuenta con un presupuesto oficial de $182.732.638,29 y consiste en la limpieza y perfilado del arroyo Valdez y de las zanjas para que el escurrimiento superficial fluya correctamente.<br \/>\nAdem\u00e1s, se colocar\u00e1n conductos circulares de hormig\u00f3n armado de 700, 900 y 1000 mm de di\u00e1metro y cruces de calles con ca\u00f1os de 600 mm de di\u00e1metro de hormig\u00f3n armado.<br \/>\nEstos trabajos garantizar\u00e1n una mejor evacuaci\u00f3n del agua lo que el riesgo de anegamiento y los da\u00f1os a la infraestructura urbana.<br \/>\nLa apertura de los sobres se llev\u00f3 a cabo en el despacho comunal, donde se encontraban presentes el secretario de Obras P\u00fablicas y Servicios Sanitarios, Jorge Marino; el contador municipal, Gast\u00f3n Gualazzini, el jefe de Compras Sebasti\u00e1n Alfons\u00edn y representantes de las empresas interesadas.<br \/>\nLa comisi\u00f3n evaluadora analizar\u00e1 ahora la documentaci\u00f3n presentada y los antecedentes de las empresas, antes de la apertura de la oferta que se llevar\u00e1 a cabo el jueves 13 a las 10 hs.<\/p>\n","protected":false},"excerpt":{"rendered":"<div class=\"mh-excerpt\"><p>Este martes se abrieron los sobres correspondientes a la Licitaci\u00f3n P\u00fablica N\u00ba 2\/23, con los antecedentes de las firmas y el pr\u00f3ximo jueves se conocer\u00e1n las ofertas presentadas. En la ma\u00f1ana de este martes se <a class=\"mh-excerpt-more\" href=\"https:\/\/larevistadigital.com.ar\/blog\/tres-empresas-interesadas-en-la-ejecucion-de-obras-pluviales-en-el-barrio-san-cayetano\/\" title=\"TRES EMPRESAS INTERESADAS EN LA EJECUCI\u00d3N DE OBRAS PLUVIALES EN EL BARRIO SAN CAYETANO\">[Leer M\u00e1s]<\/a><\/p>\n<\/div>","protected":false},"author":3,"featured_media":31015,"comment_status":"open","ping_status":"open","sticky":false,"template":"","format":"standard","meta":{"_jetpack_memberships_contains_paid_content":false,"footnotes":"","jetpack_publicize_message":"","jetpack_publicize_feature_enabled":true,"jetpack_social_post_already_shared":true,"jetpack_social_options":{"image_generator_settings":{"template":"highway","default_image_id":0,"font":"","enabled":false},"version":2}},"categories":[50,23],"tags":[],"class_list":{"0":"post-31014","1":"post","2":"type-post","3":"status-publish","4":"format-standard","5":"has-post-thumbnail","7":"category-interes-general","8":"category-politica-local"},"jetpack_publicize_connections":[],"jetpack_featured_media_url":"https:\/\/i0.wp.com\/larevistadigital.com.ar\/blog\/wp-content\/uploads\/2023_04_12_01_14_53_1221694.jpeg?fit=600%2C450&ssl=1","jetpack_sharing_enabled":true,"jetpack_shortlink":"https:\/\/wp.me\/p8qtrQ-84e","jetpack-related-posts":[{"id":28111,"url":"https:\/\/larevistadigital.com.ar\/blog\/chascomus-apertura-de-sobres-para-la-construccion-del-centro-de-desarrollo-infantil-en-el-barrio-san-luis\/","url_meta":{"origin":31014,"position":0},"title":"CHASCOM\u00daS: APERTURA DE SOBRES PARA LA CONSTRUCCI\u00d3N DEL CENTRO DE DESARROLLO INFANTIL EN EL BARRIO SAN LUIS","author":"Alejandro Sosa Ruda","date":"28 septiembre, 2022","format":false,"excerpt":"Cuatro empresas se presentaron en el segundo llamado de la Licitaci\u00f3n P\u00fablica N\u00ba 11\/2022 28 de septiembre de 2022 CHASCOM\u00daS -\u00a0 Se trata de la obra \u201cConstrucci\u00f3n de Centro de Desarrollo Infantil I \u2013 Barrio San Luis, Chascom\u00fas\u201d que cuenta con un presupuesto oficial de $ 44.144.275,30. En la ma\u00f1ana\u2026","rel":"","context":"En \u00abINTERES GENERAL\u00bb","block_context":{"text":"INTERES GENERAL","link":"https:\/\/larevistadigital.com.ar\/blog\/category\/interes-general\/"},"img":{"alt_text":"","src":"https:\/\/i0.wp.com\/larevistadigital.com.ar\/blog\/wp-content\/uploads\/2022_09_28_01_28_10_8668146.jpg?fit=600%2C400&ssl=1&resize=350%2C200","width":350,"height":200,"srcset":"https:\/\/i0.wp.com\/larevistadigital.com.ar\/blog\/wp-content\/uploads\/2022_09_28_01_28_10_8668146.jpg?fit=600%2C400&ssl=1&resize=350%2C200 1x, https:\/\/i0.wp.com\/larevistadigital.com.ar\/blog\/wp-content\/uploads\/2022_09_28_01_28_10_8668146.jpg?fit=600%2C400&ssl=1&resize=525%2C300 1.5x"},"classes":[]},{"id":40044,"url":"https:\/\/larevistadigital.com.ar\/blog\/chascomus-son-cuatro-las-empresas-interesadas-en-la-obra-de-asfaltado-del-barrio-escribano\/","url_meta":{"origin":31014,"position":1},"title":"Chascom\u00fas: Son cuatro, las empresas interesadas en la obra de asfaltado del barrio Escribano","author":"Alejandro Sosa Ruda","date":"12 junio, 2025","format":false,"excerpt":"La obra consiste en la pavimentaci\u00f3n de 28 cuadras que incluyen Orzali, Tierra del Fuego, Santa Cruz, Dorrego, Ju\u00e1rez, Arenaza y 26 de Julio. 12 de Junio de 2025 CHASCOM\u00daS -\u00a0 \u00a0Este martes fueron abiertos los sobres correspondientes a la Licitaci\u00f3n P\u00fablica N\u00ba 02\/2025 para la obra \u201cAsfalto barrio Escribano\u201d.\u2026","rel":"","context":"En \u00abCHASCOM\u00daS\u00bb","block_context":{"text":"CHASCOM\u00daS","link":"https:\/\/larevistadigital.com.ar\/blog\/category\/chascomus\/"},"img":{"alt_text":"","src":"https:\/\/i0.wp.com\/larevistadigital.com.ar\/blog\/wp-content\/uploads\/6849b96279d8f.png?fit=668%2C445&ssl=1&resize=350%2C200","width":350,"height":200,"srcset":"https:\/\/i0.wp.com\/larevistadigital.com.ar\/blog\/wp-content\/uploads\/6849b96279d8f.png?fit=668%2C445&ssl=1&resize=350%2C200 1x, https:\/\/i0.wp.com\/larevistadigital.com.ar\/blog\/wp-content\/uploads\/6849b96279d8f.png?fit=668%2C445&ssl=1&resize=525%2C300 1.5x"},"classes":[]},{"id":35543,"url":"https:\/\/larevistadigital.com.ar\/blog\/chascomus-tres-propuestas-para-la-explotacion-de-la-parcela-riberena-n\/","url_meta":{"origin":31014,"position":2},"title":"CHASCOM\u00daS: TRES PROPUESTAS PARA LA EXPLOTACI\u00d3N DE LA \u00abPARCELA RIBERE\u00d1A N\u00b0","author":"Alejandro Sosa Ruda","date":"14 marzo, 2024","format":false,"excerpt":"En la ma\u00f1ana de hoy fueron abiertos los sobres con los antecedentes de los interesados en la Licitaci\u00f3n P\u00fablica N\u00b0 02\/24. 14 de marzo de 2024 CHASCOM\u00daS -\u00a0 El predio est\u00e1 situado en el kil\u00f3metro 7,7 del Camino de Circunvalaci\u00f3n, junto a la laguna, y tiene una superficie de 293\u2026","rel":"","context":"En \u00abINTERES GENERAL\u00bb","block_context":{"text":"INTERES GENERAL","link":"https:\/\/larevistadigital.com.ar\/blog\/category\/interes-general\/"},"img":{"alt_text":"","src":"https:\/\/i0.wp.com\/larevistadigital.com.ar\/blog\/wp-content\/uploads\/2024_03_14_00_41_42_3432032.jpg?fit=700%2C467&ssl=1&resize=350%2C200","width":350,"height":200,"srcset":"https:\/\/i0.wp.com\/larevistadigital.com.ar\/blog\/wp-content\/uploads\/2024_03_14_00_41_42_3432032.jpg?fit=700%2C467&ssl=1&resize=350%2C200 1x, https:\/\/i0.wp.com\/larevistadigital.com.ar\/blog\/wp-content\/uploads\/2024_03_14_00_41_42_3432032.jpg?fit=700%2C467&ssl=1&resize=525%2C300 1.5x, https:\/\/i0.wp.com\/larevistadigital.com.ar\/blog\/wp-content\/uploads\/2024_03_14_00_41_42_3432032.jpg?fit=700%2C467&ssl=1&resize=700%2C400 2x"},"classes":[]},{"id":39254,"url":"https:\/\/larevistadigital.com.ar\/blog\/el-departamento-ejecutivo-oficializo-la-adjudicacion-del-edificio-del-turista-a-dos-empresas-locales\/","url_meta":{"origin":31014,"position":3},"title":"El Departamento Ejecutivo oficializ\u00f3 la adjudicaci\u00f3n del Edificio del Turista a dos empresas locales","author":"Alejandro Sosa Ruda","date":"1 abril, 2025","format":false,"excerpt":"Mediante el decreto 216\/2025, fue otorgada la concesi\u00f3n a GyC Construcciones y La Continuidad S.A. 01 de Abril de 2025 CHASCOM\u00daS -\u00a0 El Departamento Ejecutivo resolvi\u00f3 otorgar la concesi\u00f3n del Edificio del Turista a la propuesta conjunta de las empresas GyC Construcciones y La Continuidad S.A. La adjudicaci\u00f3n fue realizada\u2026","rel":"","context":"En \u00abCHASCOM\u00daS\u00bb","block_context":{"text":"CHASCOM\u00daS","link":"https:\/\/larevistadigital.com.ar\/blog\/category\/chascomus\/"},"img":{"alt_text":"","src":"https:\/\/i0.wp.com\/larevistadigital.com.ar\/blog\/wp-content\/uploads\/67ec2b9b6bf94.png?fit=668%2C445&ssl=1&resize=350%2C200","width":350,"height":200,"srcset":"https:\/\/i0.wp.com\/larevistadigital.com.ar\/blog\/wp-content\/uploads\/67ec2b9b6bf94.png?fit=668%2C445&ssl=1&resize=350%2C200 1x, https:\/\/i0.wp.com\/larevistadigital.com.ar\/blog\/wp-content\/uploads\/67ec2b9b6bf94.png?fit=668%2C445&ssl=1&resize=525%2C300 1.5x"},"classes":[]},{"id":5369,"url":"https:\/\/larevistadigital.com.ar\/blog\/sala-de-pediatria-se-abrio-el-sobre-1-de-los-tres-oferentes\/","url_meta":{"origin":31014,"position":4},"title":"SALA DE PEDIATR\u00cdA | SE ABRI\u00d3 EL SOBRE 1 DE LOS TRES OFERENTES","author":"admin","date":"29 marzo, 2018","format":false,"excerpt":"Para la Licitaci\u00f3n de la Sala Pedi\u00e1trica en el Hospital, las empresas que presentaron sus propuestas con los antecedentes, documentaci\u00f3n impositiva y requisitos fueron Playa Construcciones SRL, Ridel SA y PyPSA SA. El pr\u00f3ximo mi\u00e9rcoles continuar\u00e1 el proceso licitatorio con la apertura del Sobre 2, donde estar\u00e1n especificadas las ofertas\u2026","rel":"","context":"En \u00abPOLITICA\u00bb","block_context":{"text":"POLITICA","link":"https:\/\/larevistadigital.com.ar\/blog\/category\/politica\/"},"img":{"alt_text":"","src":"https:\/\/i0.wp.com\/larevistadigital.com.ar\/blog\/wp-content\/uploads\/2018\/03\/29665555_1824361967584680_6814267058659754963_o.jpg?fit=1200%2C801&ssl=1&resize=350%2C200","width":350,"height":200,"srcset":"https:\/\/i0.wp.com\/larevistadigital.com.ar\/blog\/wp-content\/uploads\/2018\/03\/29665555_1824361967584680_6814267058659754963_o.jpg?fit=1200%2C801&ssl=1&resize=350%2C200 1x, https:\/\/i0.wp.com\/larevistadigital.com.ar\/blog\/wp-content\/uploads\/2018\/03\/29665555_1824361967584680_6814267058659754963_o.jpg?fit=1200%2C801&ssl=1&resize=525%2C300 1.5x, https:\/\/i0.wp.com\/larevistadigital.com.ar\/blog\/wp-content\/uploads\/2018\/03\/29665555_1824361967584680_6814267058659754963_o.jpg?fit=1200%2C801&ssl=1&resize=700%2C400 2x, https:\/\/i0.wp.com\/larevistadigital.com.ar\/blog\/wp-content\/uploads\/2018\/03\/29665555_1824361967584680_6814267058659754963_o.jpg?fit=1200%2C801&ssl=1&resize=1050%2C600 3x"},"classes":[]},{"id":38321,"url":"https:\/\/larevistadigital.com.ar\/blog\/denuncian-a-desarrolladores-por-presunta-estafa-inmobiliaria-en-pinamar\/","url_meta":{"origin":31014,"position":5},"title":"Denuncian a desarrolladores por presunta estafa inmobiliaria en Pinamar","author":"Alejandro Sosa Ruda","date":"18 diciembre, 2024","format":false,"excerpt":"|Los denunciados son Enrique Guillermo y Jorge Enrique Mar\u00eda Shaw, junto con la empresa Pinamar S.A., conocida formalmente como \u201cPinamar Sociedad An\u00f3nima Forestal, Agropecuaria, Inmobiliaria, Comercial e Industrial\u201d, as\u00ed como las firmas Imfi S.A. y Caec S.A. Tambi\u00e9n est\u00e1n bajo investigaci\u00f3n otras personas f\u00edsicas o jur\u00eddicas que podr\u00edan haber participado\u2026","rel":"","context":"En \u00abPOLICIALES\u00bb","block_context":{"text":"POLICIALES","link":"https:\/\/larevistadigital.com.ar\/blog\/category\/policiales\/"},"img":{"alt_text":"","src":"https:\/\/i0.wp.com\/larevistadigital.com.ar\/blog\/wp-content\/uploads\/20241218180755_la-herradura-pinamar.jpg?fit=880%2C512&ssl=1&resize=350%2C200","width":350,"height":200,"srcset":"https:\/\/i0.wp.com\/larevistadigital.com.ar\/blog\/wp-content\/uploads\/20241218180755_la-herradura-pinamar.jpg?fit=880%2C512&ssl=1&resize=350%2C200 1x, https:\/\/i0.wp.com\/larevistadigital.com.ar\/blog\/wp-content\/uploads\/20241218180755_la-herradura-pinamar.jpg?fit=880%2C512&ssl=1&resize=525%2C300 1.5x, https:\/\/i0.wp.com\/larevistadigital.com.ar\/blog\/wp-content\/uploads\/20241218180755_la-herradura-pinamar.jpg?fit=880%2C512&ssl=1&resize=700%2C400 2x"},"classes":[]}],"_links":{"self":[{"href":"https:\/\/larevistadigital.com.ar\/blog\/wp-json\/wp\/v2\/posts\/31014","targetHints":{"allow":["GET"]}}],"collection":[{"href":"https:\/\/larevistadigital.com.ar\/blog\/wp-json\/wp\/v2\/posts"}],"about":[{"href":"https:\/\/larevistadigital.com.ar\/blog\/wp-json\/wp\/v2\/types\/post"}],"author":[{"embeddable":true,"href":"https:\/\/larevistadigital.com.ar\/blog\/wp-json\/wp\/v2\/users\/3"}],"replies":[{"embeddable":true,"href":"https:\/\/larevistadigital.com.ar\/blog\/wp-json\/wp\/v2\/comments?post=31014"}],"version-history":[{"count":1,"href":"https:\/\/larevistadigital.com.ar\/blog\/wp-json\/wp\/v2\/posts\/31014\/revisions"}],"predecessor-version":[{"id":31016,"href":"https:\/\/larevistadigital.com.ar\/blog\/wp-json\/wp\/v2\/posts\/31014\/revisions\/31016"}],"wp:featuredmedia":[{"embeddable":true,"href":"https:\/\/larevistadigital.com.ar\/blog\/wp-json\/wp\/v2\/media\/31015"}],"wp:attachment":[{"href":"https:\/\/larevistadigital.com.ar\/blog\/wp-json\/wp\/v2\/media?parent=31014"}],"wp:term":[{"taxonomy":"category","embeddable":true,"href":"https:\/\/larevistadigital.com.ar\/blog\/wp-json\/wp\/v2\/categories?post=31014"},{"taxonomy":"post_tag","embeddable":true,"href":"https:\/\/larevistadigital.com.ar\/blog\/wp-json\/wp\/v2\/tags?post=31014"}],"curies":[{"name":"wp","href":"https:\/\/api.w.org\/{rel}","templated":true}]}}