{"id":31020,"date":"2023-04-13T13:12:43","date_gmt":"2023-04-13T13:12:43","guid":{"rendered":"https:\/\/larevistadigital.com.ar\/blog\/?p=31020"},"modified":"2023-04-13T13:12:43","modified_gmt":"2023-04-13T13:12:43","slug":"chascomus-se-llevara-a-cabo-la-segunda-charla-sobre-prevencion-primaria-en-familia","status":"publish","type":"post","link":"https:\/\/larevistadigital.com.ar\/blog\/chascomus-se-llevara-a-cabo-la-segunda-charla-sobre-prevencion-primaria-en-familia\/","title":{"rendered":"CHASCOM\u00daS: SE LLEVAR\u00c1 A CABO LA SEGUNDA CHARLA SOBRE PREVENCI\u00d3N PRIMARIA EN FAMILIA"},"content":{"rendered":"<h2>Ser\u00e1 este s\u00e1bado en Uni\u00f3n Deportiva. Abordar\u00e1 temas de actualidad que nos pueden afectar a todos.<\/h2>\n<p>13 de abril de 2023<\/p>\n<p><strong>CHASCOM\u00daS &#8211;\u00a0 <\/strong>Este s\u00e1bado, 15 de abril, a las 10,30 horas, se realizar\u00e1 en el Club Atl\u00e9tico Uni\u00f3n Deportiva, calle Soler 336, la segunda charla sobre <strong>\u201cPrevenci\u00f3n primaria en familia\u201d.<\/strong><\/p>\n<blockquote>\n<h3>En la reuni\u00f3n, se tratar\u00e1n emas de suma importancia y actualidad, como por ejemplo conductas suicidas en adolescentes y prevenci\u00f3n del bullying.<\/h3>\n<\/blockquote>\n<p>Los disertantes ser\u00e1n la <strong>Lic. Marcela Casabella, Lic. Alejandra Alarc\u00f3n y Lic. Emiliano Rom\u00e1n.<\/strong><\/p>\n<p>El encuentro, ser\u00e1 de interes para todos los vecinos, ya que adem\u00e1s de nuestras propias familias, no se sabe cu\u00e1ndo podr\u00edamos ayudar de alguna manera a otro vecino o amigo que estuviera pasando por un mal momento.<\/p>\n","protected":false},"excerpt":{"rendered":"<div class=\"mh-excerpt\"><p>Ser\u00e1 este s\u00e1bado en Uni\u00f3n Deportiva. Abordar\u00e1 temas de actualidad que nos pueden afectar a todos. 13 de abril de 2023 CHASCOM\u00daS &#8211;\u00a0 Este s\u00e1bado, 15 de abril, a las 10,30 horas, se realizar\u00e1 en <a class=\"mh-excerpt-more\" href=\"https:\/\/larevistadigital.com.ar\/blog\/chascomus-se-llevara-a-cabo-la-segunda-charla-sobre-prevencion-primaria-en-familia\/\" title=\"CHASCOM\u00daS: SE LLEVAR\u00c1 A CABO LA SEGUNDA CHARLA SOBRE PREVENCI\u00d3N PRIMARIA EN FAMILIA\">[Leer M\u00e1s]<\/a><\/p>\n<\/div>","protected":false},"author":3,"featured_media":31021,"comment_status":"open","ping_status":"open","sticky":false,"template":"","format":"standard","meta":{"_jetpack_memberships_contains_paid_content":false,"footnotes":"","jetpack_publicize_message":"","jetpack_publicize_feature_enabled":true,"jetpack_social_post_already_shared":true,"jetpack_social_options":{"image_generator_settings":{"template":"highway","default_image_id":0,"font":"","enabled":false},"version":2}},"categories":[50,29],"tags":[],"class_list":{"0":"post-31020","1":"post","2":"type-post","3":"status-publish","4":"format-standard","5":"has-post-thumbnail","7":"category-interes-general","8":"category-sociedad"},"jetpack_publicize_connections":[],"jetpack_featured_media_url":"https:\/\/i0.wp.com\/larevistadigital.com.ar\/blog\/wp-content\/uploads\/WhatsApp-Image-2023-04-11-at-16.13.10.jpeg?fit=1090%2C1090&ssl=1","jetpack_sharing_enabled":true,"jetpack_shortlink":"https:\/\/wp.me\/p8qtrQ-84k","jetpack-related-posts":[{"id":6219,"url":"https:\/\/larevistadigital.com.ar\/blog\/chascomus-se-promueven-habitos-saludables-en-las-escuelas-de-la-ciudad\/","url_meta":{"origin":31020,"position":0},"title":"CHASCOM\u00daS: SE PROMUEVEN H\u00c1BITOS SALUDABLES EN LAS ESCUELAS DE LA CIUDAD","author":"Alejandro Sosa Ruda","date":"16 agosto, 2018","format":false,"excerpt":"Como parte del Programa de Promoci\u00f3n de Entornos Saludables impulsado desde la Secretar\u00eda de Salud, se realiz\u00f3 d\u00edas atr\u00e1s un taller sobre Salud Bucodental, Promoci\u00f3n de la Salud, Prevenci\u00f3n de Enfermedades Prevalentes: caries y enfermedad periodontal, con los alumnos de 6\u00b0 a\u00f1o, turno tarde de la Escuela Normal Durante el\u2026","rel":"","context":"En \u00abCHASCOM\u00daS\u00bb","block_context":{"text":"CHASCOM\u00daS","link":"https:\/\/larevistadigital.com.ar\/blog\/category\/chascomus\/"},"img":{"alt_text":"","src":"https:\/\/i0.wp.com\/larevistadigital.com.ar\/blog\/wp-content\/uploads\/2018\/08\/safe_image-1.jpg?fit=650%2C339&ssl=1&resize=350%2C200","width":350,"height":200,"srcset":"https:\/\/i0.wp.com\/larevistadigital.com.ar\/blog\/wp-content\/uploads\/2018\/08\/safe_image-1.jpg?fit=650%2C339&ssl=1&resize=350%2C200 1x, https:\/\/i0.wp.com\/larevistadigital.com.ar\/blog\/wp-content\/uploads\/2018\/08\/safe_image-1.jpg?fit=650%2C339&ssl=1&resize=525%2C300 1.5x"},"classes":[]},{"id":3993,"url":"https:\/\/larevistadigital.com.ar\/blog\/charla-los-trenes-la-region-del-salado\/","url_meta":{"origin":31020,"position":1},"title":"Charla sobre los trenes en la regi\u00f3n del Salado","author":"admin","date":"23 noviembre, 2017","format":false,"excerpt":"El pr\u00f3ximo s\u00e1bado 25 del corriente tendr\u00e1 lugar en la ciudad de General Belgrano\u00a0 la charla \u201cLa conquista ferroviaria de la regi\u00f3n del r\u00edo Salado\u201d Los ferrocarriles Sud y Oeste de Buenos Aires. La llegada de los rieles a Ca\u00f1uelas, Monte, Chascom\u00fas, Ranchos, General Belgrano y Las Flores. La disertaci\u00f3n\u2026","rel":"","context":"En \u00abGENERAL BELGRANO\u00bb","block_context":{"text":"GENERAL BELGRANO","link":"https:\/\/larevistadigital.com.ar\/blog\/category\/general-belgrano\/"},"img":{"alt_text":"","src":"https:\/\/i0.wp.com\/larevistadigital.com.ar\/blog\/wp-content\/uploads\/2017\/11\/general-belgrano.jpg?fit=1200%2C891&ssl=1&resize=350%2C200","width":350,"height":200,"srcset":"https:\/\/i0.wp.com\/larevistadigital.com.ar\/blog\/wp-content\/uploads\/2017\/11\/general-belgrano.jpg?fit=1200%2C891&ssl=1&resize=350%2C200 1x, https:\/\/i0.wp.com\/larevistadigital.com.ar\/blog\/wp-content\/uploads\/2017\/11\/general-belgrano.jpg?fit=1200%2C891&ssl=1&resize=525%2C300 1.5x, https:\/\/i0.wp.com\/larevistadigital.com.ar\/blog\/wp-content\/uploads\/2017\/11\/general-belgrano.jpg?fit=1200%2C891&ssl=1&resize=700%2C400 2x, https:\/\/i0.wp.com\/larevistadigital.com.ar\/blog\/wp-content\/uploads\/2017\/11\/general-belgrano.jpg?fit=1200%2C891&ssl=1&resize=1050%2C600 3x"},"classes":[]},{"id":40986,"url":"https:\/\/larevistadigital.com.ar\/blog\/chascomus-sera-sede-del-encuentro-apicola-2025\/","url_meta":{"origin":31020,"position":2},"title":"Chascom\u00fas ser\u00e1 sede del Encuentro Ap\u00edcola 2025","author":"Alejandro Sosa Ruda","date":"20 agosto, 2025","format":false,"excerpt":"Ser\u00e1 este s\u00e1bado en la sede del barrio Jard\u00edn con el prop\u00f3sito de favorecer el di\u00e1logo entre productores y t\u00e9cnicos para impulsar la innovaci\u00f3n y la sustentabilidad del sector. 20 de agosto de 2025 CHASCOM\u00daS\u00a0 -\u00a0 \u00a0El pr\u00f3ximo s\u00e1bado 23 de agosto, Chascom\u00fas recibir\u00e1 a m\u00e1s de 130 productores, t\u00e9cnicos\u2026","rel":"","context":"En \u00abCHASCOM\u00daS\u00bb","block_context":{"text":"CHASCOM\u00daS","link":"https:\/\/larevistadigital.com.ar\/blog\/category\/chascomus\/"},"img":{"alt_text":"","src":"https:\/\/i0.wp.com\/larevistadigital.com.ar\/blog\/wp-content\/uploads\/68a4a36db36e2.png?fit=668%2C445&ssl=1&resize=350%2C200","width":350,"height":200,"srcset":"https:\/\/i0.wp.com\/larevistadigital.com.ar\/blog\/wp-content\/uploads\/68a4a36db36e2.png?fit=668%2C445&ssl=1&resize=350%2C200 1x, https:\/\/i0.wp.com\/larevistadigital.com.ar\/blog\/wp-content\/uploads\/68a4a36db36e2.png?fit=668%2C445&ssl=1&resize=525%2C300 1.5x"},"classes":[]},{"id":27127,"url":"https:\/\/larevistadigital.com.ar\/blog\/el-rotary-club-chascomus-brindara-una-charla-sobre-el-programa-de-intercambio-de-jovenes\/","url_meta":{"origin":31020,"position":3},"title":"EL ROTARY CLUB CHASCOM\u00daS BRINDAR\u00c1 UNA CHARLA SOBRE EL PROGRAMA DE INTERCAMBIO DE J\u00d3VENES","author":"Alejandro Sosa Ruda","date":"17 agosto, 2022","format":false,"excerpt":"Ser\u00e1 en el d\u00eda s\u00e1bado 20 de agosto a las 10:30 horas El d\u00eda s\u00e1bado 20 de agosto, a las 10:30 horas, se llevar\u00e1 adelante una charla informativa sobre el Programa de Intercambio de J\u00f3venes que lleva adelante Rotary International, en el marco de la promoci\u00f3n de la paz y\u2026","rel":"","context":"En \u00abCHASCOM\u00daS\u00bb","block_context":{"text":"CHASCOM\u00daS","link":"https:\/\/larevistadigital.com.ar\/blog\/category\/chascomus\/"},"img":{"alt_text":"","src":"https:\/\/i0.wp.com\/larevistadigital.com.ar\/blog\/wp-content\/uploads\/yex-hero.jpg?fit=600%2C386&ssl=1&resize=350%2C200","width":350,"height":200,"srcset":"https:\/\/i0.wp.com\/larevistadigital.com.ar\/blog\/wp-content\/uploads\/yex-hero.jpg?fit=600%2C386&ssl=1&resize=350%2C200 1x, https:\/\/i0.wp.com\/larevistadigital.com.ar\/blog\/wp-content\/uploads\/yex-hero.jpg?fit=600%2C386&ssl=1&resize=525%2C300 1.5x"},"classes":[]},{"id":40606,"url":"https:\/\/larevistadigital.com.ar\/blog\/chascomus-curso-de-preparto-gratuito\/","url_meta":{"origin":31020,"position":4},"title":"Chascom\u00fas: Curso de preparto gratuito","author":"Alejandro Sosa Ruda","date":"26 julio, 2025","format":false,"excerpt":"Se realiza todos los cuartos martes de cada mes en el Hospital San Vicente de Paul a partir de las 11hs. 26 de Julio de 2025 CHASCOM\u00daS -\u00a0 \u00a0Destinado a personas gestantes a partir de las 32 semanas, se trata de un espacio de aprendizaje, de preparaci\u00f3n emocional y f\u00edsica\u2026","rel":"","context":"En \u00abCHASCOM\u00daS\u00bb","block_context":{"text":"CHASCOM\u00daS","link":"https:\/\/larevistadigital.com.ar\/blog\/category\/chascomus\/"},"img":{"alt_text":"","src":"https:\/\/i0.wp.com\/larevistadigital.com.ar\/blog\/wp-content\/uploads\/6883c3672ef9c.png?fit=668%2C445&ssl=1&resize=350%2C200","width":350,"height":200,"srcset":"https:\/\/i0.wp.com\/larevistadigital.com.ar\/blog\/wp-content\/uploads\/6883c3672ef9c.png?fit=668%2C445&ssl=1&resize=350%2C200 1x, https:\/\/i0.wp.com\/larevistadigital.com.ar\/blog\/wp-content\/uploads\/6883c3672ef9c.png?fit=668%2C445&ssl=1&resize=525%2C300 1.5x"},"classes":[]},{"id":35630,"url":"https:\/\/larevistadigital.com.ar\/blog\/presentacion-del-programa-de-salud-bucal-municipal-en-la-primera-infancia\/","url_meta":{"origin":31020,"position":5},"title":"PRESENTACI\u00d3N DEL PROGRAMA DE SALUD BUCAL MUNICIPAL EN LA PRIMERA INFANCIA","author":"Alejandro Sosa Ruda","date":"19 marzo, 2024","format":false,"excerpt":"La propuesta est\u00e1 orientada a la prevenci\u00f3n y el cuidado de la salud bucal de los ni\u00f1os y las ni\u00f1as de Chascom\u00fas desde su nacimiento hasta los tres a\u00f1os de edad. 19 de marzo de 2024 CHASCOM\u00daS -\u00a0 \u00a0El pr\u00f3ximo viernes a las 8:30 horasse llevar\u00e1 a cabo la presentaci\u00f3n\u2026","rel":"","context":"En \u00abCHASCOM\u00daS\u00bb","block_context":{"text":"CHASCOM\u00daS","link":"https:\/\/larevistadigital.com.ar\/blog\/category\/chascomus\/"},"img":{"alt_text":"","src":"https:\/\/i0.wp.com\/larevistadigital.com.ar\/blog\/wp-content\/uploads\/2024_03_20_01_24_25_2283393.jpg?fit=600%2C400&ssl=1&resize=350%2C200","width":350,"height":200,"srcset":"https:\/\/i0.wp.com\/larevistadigital.com.ar\/blog\/wp-content\/uploads\/2024_03_20_01_24_25_2283393.jpg?fit=600%2C400&ssl=1&resize=350%2C200 1x, https:\/\/i0.wp.com\/larevistadigital.com.ar\/blog\/wp-content\/uploads\/2024_03_20_01_24_25_2283393.jpg?fit=600%2C400&ssl=1&resize=525%2C300 1.5x"},"classes":[]}],"_links":{"self":[{"href":"https:\/\/larevistadigital.com.ar\/blog\/wp-json\/wp\/v2\/posts\/31020","targetHints":{"allow":["GET"]}}],"collection":[{"href":"https:\/\/larevistadigital.com.ar\/blog\/wp-json\/wp\/v2\/posts"}],"about":[{"href":"https:\/\/larevistadigital.com.ar\/blog\/wp-json\/wp\/v2\/types\/post"}],"author":[{"embeddable":true,"href":"https:\/\/larevistadigital.com.ar\/blog\/wp-json\/wp\/v2\/users\/3"}],"replies":[{"embeddable":true,"href":"https:\/\/larevistadigital.com.ar\/blog\/wp-json\/wp\/v2\/comments?post=31020"}],"version-history":[{"count":1,"href":"https:\/\/larevistadigital.com.ar\/blog\/wp-json\/wp\/v2\/posts\/31020\/revisions"}],"predecessor-version":[{"id":31022,"href":"https:\/\/larevistadigital.com.ar\/blog\/wp-json\/wp\/v2\/posts\/31020\/revisions\/31022"}],"wp:featuredmedia":[{"embeddable":true,"href":"https:\/\/larevistadigital.com.ar\/blog\/wp-json\/wp\/v2\/media\/31021"}],"wp:attachment":[{"href":"https:\/\/larevistadigital.com.ar\/blog\/wp-json\/wp\/v2\/media?parent=31020"}],"wp:term":[{"taxonomy":"category","embeddable":true,"href":"https:\/\/larevistadigital.com.ar\/blog\/wp-json\/wp\/v2\/categories?post=31020"},{"taxonomy":"post_tag","embeddable":true,"href":"https:\/\/larevistadigital.com.ar\/blog\/wp-json\/wp\/v2\/tags?post=31020"}],"curies":[{"name":"wp","href":"https:\/\/api.w.org\/{rel}","templated":true}]}}