{"id":31023,"date":"2023-04-13T13:27:54","date_gmt":"2023-04-13T13:27:54","guid":{"rendered":"https:\/\/larevistadigital.com.ar\/blog\/?p=31023"},"modified":"2023-04-13T13:27:54","modified_gmt":"2023-04-13T13:27:54","slug":"esto-paso-un-dia-como-hoy-13-de-abril","status":"publish","type":"post","link":"https:\/\/larevistadigital.com.ar\/blog\/esto-paso-un-dia-como-hoy-13-de-abril\/","title":{"rendered":"ESTO PAS\u00d3 UN D\u00cdA COMO HOY, 13 DE ABRIL&#8230;"},"content":{"rendered":"<p class=\"paragraph\" data-mrf-recirculation=\"Links inline\">Estos eventos incluyen desde sucesos\u00a0<b>legendarios, tristes tragedias y avances cient\u00edficos<\/b>, hasta\u00a0<b>nacimientos y muertes<\/b>\u00a0de personajes importantes como\u00a0<b>l\u00edderes sociales, cient\u00edficos y artistas<\/b>, es lo que nos traen las efem\u00e9rides de este martes.<\/p>\n<p class=\"paragraph\" data-mrf-recirculation=\"Links inline\"><b>1111<\/b>: Enrique V es coronado como monarca del Sacro Imperio Romano Germ\u00e1nico.<\/p>\n<p class=\"paragraph\" data-mrf-recirculation=\"Links inline\"><b>1204<\/b>: La Cuarta cruzada saquea Constantinopla.<\/p>\n<p class=\"paragraph\" data-mrf-recirculation=\"Links inline\"><b>1250<\/b>: La S\u00e9ptima cruzada es derrotada en Egipto, Luis IX de Francia es capturado.<\/p>\n<p class=\"paragraph\" data-mrf-recirculation=\"Links inline\"><b>1256<\/b>: El papa Alejandro IV publica la bula Licet eccl\u00e9siae cath\u00f3licae, que crea la Gran Uni\u00f3n de la Orden de San Agust\u00edn.<\/p>\n<p class=\"paragraph\" data-mrf-recirculation=\"Links inline\"><b>1365<\/b>: En Baja Carniola (actual Eslovenia) Rodolfo IV de Austria funda la ciudad de Novo Mesto (Rudolfswert).<\/p>\n<p class=\"paragraph\" data-mrf-recirculation=\"Links inline\"><b>1499<\/b>: El papa Alejandro VI publica una bula que autoriza al cardenal Cisneros la creaci\u00f3n de la Universidad de Alcal\u00e1 de Henares.<\/p>\n<p class=\"paragraph\" data-mrf-recirculation=\"Links inline\"><b>1534<\/b>: En Londres, el humanista ingl\u00e9s Tom\u00e1s Moro (autor de Utop\u00eda), se niega a firmar el acta que reconoc\u00eda a Enrique VIII como jefe de la iglesia y su divorcio de Catalina de Arag\u00f3n.<\/p>\n<p class=\"paragraph\" data-mrf-recirculation=\"Links inline\"><b>1641<\/b>: Llega desde Madrid a la localidad cacere\u00f1a de Serradilla la imagen del Cristo de la Victoria, despu\u00e9s de muchas dificultades.<\/p>\n<p class=\"paragraph\" data-mrf-recirculation=\"Links inline\"><b>1742<\/b>: En Dubl\u00edn (Irlanda) Georg Friedrich H\u00e4ndel presenta su obra El Mes\u00edas.<\/p>\n<p class=\"paragraph\" data-mrf-recirculation=\"Links inline\"><b>1796<\/b>: A Estados Unidos llega el primer elefante proveniente de la India.<\/p>\n<p class=\"paragraph\" data-mrf-recirculation=\"Links inline\"><b>1813<\/b>: En Chile, Francisco Antonio P\u00e9rez asume como presidente de la Junta de Gobierno.<\/p>\n<p class=\"paragraph\" data-mrf-recirculation=\"Links inline\"><b>1829<\/b>: En el Reino Unido, el parlamento da la libertad de culto a los cat\u00f3licos.<\/p>\n<p class=\"paragraph\" data-mrf-recirculation=\"Links inline\"><b>1840<\/b>: En el Vaticano, el papa Gregorio XVI reconoce oficialmente la independencia de Chile.<\/p>\n<p class=\"paragraph\" data-mrf-recirculation=\"Links inline\"><b>1849<\/b>: En el marco de las revoluciones de 1848, Hungr\u00eda se convierte en una ef\u00edmera rep\u00fablica.<\/p>\n<p class=\"paragraph\" data-mrf-recirculation=\"Links inline\"><b>1855<\/b>: En Ayerbe, la antigua iglesia de Nuestra Se\u00f1ora del Remedio, se inaugura como parroquia de San Pedro.<\/p>\n<p class=\"paragraph\" data-mrf-recirculation=\"Links inline\"><b>1861<\/b>: En el marco de la Guerra de Secesi\u00f3n estadounidense, Fort Sumter se rinde a las fuerzas confederadas.<\/p>\n<p class=\"paragraph\" data-mrf-recirculation=\"Links inline\"><b>1868<\/b>: Magdala es capturada por fuerzas indo-brit\u00e1nicas. Termina la Guerra de Abisinia.<\/p>\n<p class=\"paragraph\" data-mrf-recirculation=\"Links inline\"><b>1870<\/b>: En Nueva York se crea el Museo Metropolitano de Arte.<\/p>\n<p class=\"paragraph\" data-mrf-recirculation=\"Links inline\"><b>1873<\/b>: En Luisiana (Estados Unidos) sucede la Masacre de Colfax. Un grupo de blancos asesina a 150 negros.<\/p>\n<p class=\"paragraph\" data-mrf-recirculation=\"Links inline\"><b>1919<\/b>: En Amritsar (India) las fuerzas coloniales brit\u00e1nicas al mando de Reginald Dyer perpetran la Masacre de Amritsar; ametrallan a una multitud de miles de hombres, mujeres y ni\u00f1os sijes, hinduistas y musulmanes desarmados, que estaban reunidos en el jard\u00edn de Jallianwala para el festival de Vaisakhi (A\u00f1o Nuevo). Son asesinados unos 1800 y quedan varios miles de heridos.<\/p>\n<p class=\"paragraph\" data-mrf-recirculation=\"Links inline\"><b>1919<\/b>: Se establece el gobierno provisional de la Rep\u00fablica de Corea.<\/p>\n<p class=\"paragraph\" data-mrf-recirculation=\"Links inline\"><b>1939<\/b>: Se crea el Hindustani Lal Sena (Ej\u00e9rcito Rojo Hind\u00fa) y comienza la lucha armada contra los brit\u00e1nicos.<\/p>\n<p class=\"paragraph\" data-mrf-recirculation=\"Links inline\"><b>1941<\/b>: La Uni\u00f3n Sovi\u00e9tica y Jap\u00f3n firman un tratado de paz.<\/p>\n<p class=\"paragraph\" data-mrf-recirculation=\"Links inline\"><b>1943<\/b>: En el marco de la Segunda Guerra Mundial, se descubre la ejecuci\u00f3n por parte de las fuerzas sovi\u00e9ticas de prisioneros de guerra en el Bosque de Katyn.<\/p>\n<p class=\"paragraph\" data-mrf-recirculation=\"Links inline\"><b>1943<\/b>: En la bah\u00eda de San Francisco, se escapan cuatro presos (James Boarman, Fred Hunter, Harold Brest y Floyd Hamilton) de la Prisi\u00f3n de Alcatraz.<\/p>\n<p class=\"paragraph\" data-mrf-recirculation=\"Links inline\"><b>1944<\/b>: Nueva Zelanda y la Uni\u00f3n Sovi\u00e9tica establecen relaciones diplom\u00e1ticas.<\/p>\n<p class=\"paragraph\" data-mrf-recirculation=\"Links inline\"><b>1945<\/b>: En Gardelegen (Alemania), las SS dirigen la incineraci\u00f3n de m\u00e1s de 1000 prisioneros de guerra, en la conocida como Masacre de Gardelegen.<\/p>\n<p class=\"paragraph\" data-mrf-recirculation=\"Links inline\"><b>1948<\/b>: En Sheij Yarrah (cerca de Jerusal\u00e9n) fuerzas \u00e1rabes asesinan a 77 doctores, enfermeras y estudiantes de medicina.<\/p>\n<p class=\"paragraph\" data-mrf-recirculation=\"Links inline\"><b>1953<\/b>: En Estados Unidos, Allen Dulles (director de la CIA) lanza el programa de control mental que fue llamado MK\u00a0Ultra.<\/p>\n<p class=\"paragraph\" data-mrf-recirculation=\"Links inline\"><b>1958<\/b>: En Mosc\u00fa, el pianista Van Cliburn (23) se convierte en el primer estadounidense que participa en el Concurso Internacional Chaikovski.<\/p>\n<p class=\"paragraph\" data-mrf-recirculation=\"Links inline\"><b>1970<\/b>: Un tanque de ox\u00edgeno explota a bordo del Apolo 13, poniendo en gran peligro a los tres tripulantes de la nave, que iban camino a la Luna.<\/p>\n<p class=\"paragraph\" data-mrf-recirculation=\"Links inline\"><b>1972<\/b>: La Uni\u00f3n Postal Universal decide reconocer la Rep\u00fablica Popular China como \u00fanica representante de China en el mundo, excluyendo a la Rep\u00fablica de China administrada desde Taiw\u00e1n.<\/p>\n<p class=\"paragraph\" data-mrf-recirculation=\"Links inline\"><b>1974<\/b>: La Western Union (en cooperaci\u00f3n con la NASA y Hughes Aircraft) lanzan el sat\u00e9lite geoestacionario Westar\u00a01, el primero puesto en \u00f3rbita de forma comercial del mundo.<\/p>\n<p class=\"paragraph\" data-mrf-recirculation=\"Links inline\"><b>1975<\/b>: En L\u00edbano, una milicia falangista mata 27 civiles palestinos y marca el inicio de la guerra civil en el pa\u00eds, que durar\u00eda 15\u00a0a\u00f1os.<\/p>\n<p class=\"paragraph\" data-mrf-recirculation=\"Links inline\"><b>1978<\/b>: En el centro de la ciudad de Rosario, la dictadura c\u00edvico-militar argentina secuestra y desaparece (o sea, asesina sin dejar registro de la ubicaci\u00f3n de los restos) al abogado defensor peronista Eduardo Garat (32).<\/p>\n<p class=\"paragraph\" data-mrf-recirculation=\"Links inline\"><b>1978<\/b>: En Espa\u00f1a, la reuni\u00f3n de parlamentarios andaluces (celebrada en la Diputaci\u00f3n Provincial de M\u00e1laga) aprueba el proyecto del r\u00e9gimen auton\u00f3mico andaluz.<\/p>\n<p class=\"paragraph\" data-mrf-recirculation=\"Links inline\"><b>1979<\/b>: Tanzania y Zambia reconocen a Yusufu Lule como presidente de Uganda.<\/p>\n<p class=\"paragraph\" data-mrf-recirculation=\"Links inline\"><b>1980<\/b>: El asteroide Audrey es descubierto por Anton\u00edn Mrkos.<\/p>\n<p class=\"paragraph\" data-mrf-recirculation=\"Links inline\"><b>1983<\/b>: En Chicago, Harold Washington es elegido como el primer alcalde negro de la historia.<\/p>\n<p class=\"paragraph\" data-mrf-recirculation=\"Links inline\"><b>1984<\/b>: En la frontera con Pakist\u00e1n, India penetra en el glaciar de Siachen con el fin de anexionarse m\u00e1s territorio dentro de la \u00abl\u00ednea de control\u00bb.<\/p>\n<p class=\"paragraph\" data-mrf-recirculation=\"Links inline\"><b>1985<\/b>: En Albania, Enver Hoxha es sucedido por Ramiz Alia como l\u00edder.<\/p>\n<p class=\"paragraph\" data-mrf-recirculation=\"Links inline\"><b>1987<\/b>: Portugal y la Rep\u00fablica Popular China firman el tratado por el cual Macao volver\u00e1 a ser territorio chino en 1999.<\/p>\n<p class=\"paragraph\" data-mrf-recirculation=\"Links inline\"><b>1992<\/b>: Neil Kinnock renuncia a ser el l\u00edder del Partido Laborista despu\u00e9s de la derrota sufrida en las elecciones generales de Gran Breta\u00f1a.<\/p>\n<p class=\"paragraph\" data-mrf-recirculation=\"Links inline\"><b>1993<\/b>: El cantante puertorrique\u00f1o Ricky Martin, publica su segundo \u00e1lbum de estudio como solista titulado Me amar\u00e1s. producido en Madrid por el espa\u00f1ol Juan Carlos Calder\u00f3n.<\/p>\n<p class=\"paragraph\" data-mrf-recirculation=\"Links inline\"><b>1997<\/b>: Tiger Woods se convierte en el golfista m\u00e1s joven que gana el Masters de Augusta.<\/p>\n<p class=\"paragraph\" data-mrf-recirculation=\"Links inline\"><b>2000<\/b>: En Bolivia, el parlamento aprueba el estado de sitio decretado por el presidente Hugo B\u00e1nzer el 8 de abril de ese a\u00f1o.<\/p>\n<p class=\"paragraph\" data-mrf-recirculation=\"Links inline\"><b>2002<\/b>: En Venezuela, el presidente Hugo Ch\u00e1vez reasume el poder luego de haber sido depuesto por un golpe de Estado dos d\u00edas antes.<\/p>\n<p class=\"paragraph\" data-mrf-recirculation=\"Links inline\"><b>2003<\/b>: En el Marat\u00f3n de Londres, la corredora brit\u00e1nica Paula Radcliffe impone nuevo r\u00e9cord mundial en la especialidad atl\u00e9tica del marat\u00f3n femenino, tras cronometrar una marca de 2 horas, 15 minutos y 25 segundos.<\/p>\n<p class=\"paragraph\" data-mrf-recirculation=\"Links inline\"><b>2009<\/b>: Se publica en l\u00ednea la primera p\u00e1gina del webc\u00f3mic Homestuck creado por Andrew Hussie.<\/p>\n<p class=\"paragraph\" data-mrf-recirculation=\"Links inline\"><b>2010<\/b>: Un terremoto en la provincia occidental china de Qinghai, de magnitud 7,1 en la escala Ritcher, provoca al menos 300\u00a0muertos.<\/p>\n<p class=\"paragraph\" data-mrf-recirculation=\"Links inline\"><b>2012<\/b>: De madrugada, el rey de Espa\u00f1a Juan Carlos I, tropieza y sufre una aparatosa ca\u00edda en un bungal\u00f3 de lujo en Botsuana, a donde se hab\u00eda desplazado en secreto a practicar la cacer\u00eda de elefantes junto a su amante y varios amigos. Dada la gravedad del accidente, tendr\u00eda que regresar a Espa\u00f1a, cuya econom\u00eda se encontraba muy debilitada a ra\u00edz de la crisis de 2008, causando un gran malestar social e iniciando la etapa m\u00e1s cr\u00edtica de su reinado.<\/p>\n<p class=\"paragraph\" data-mrf-recirculation=\"Links inline\"><b>2012<\/b>: En M\u00e9xico dos sismos sacuden gran parte del pa\u00eds, El primero fue de 5,4 grados en la escala de Richter a las 5:10 (hora local). El segundo fue de 5,3 grados Richter a las 8:06.<\/p>\n<p class=\"paragraph\" data-mrf-recirculation=\"Links inline\"><b>2014<\/b>: En Nicaragua sucede un sismo de poca intensidad, que \u2015seg\u00fan expertos\u2015, activa la falla del terremoto de 1972. Horas despu\u00e9s, a las 23:07 (hora local), cerca del volc\u00e1n Apoyeque, sucede una r\u00e9plica (con una magnitud de 5,6 en la escala de Richter) del terremoto de tres d\u00edas antes; solo causa da\u00f1os materiales.<\/p>\n<p class=\"paragraph\" data-mrf-recirculation=\"Links inline\"><b>2017<\/b>: La bomba GBU-43\/B Massive Ordnance Air Blast (MOAB) es lanzada por el Ej\u00e9rcito de los Estados Unidos contra supuestos t\u00faneles y personal de Estado Isl\u00e1mico en la provincia afgana de Nangarjar a las 19:32 (hora local), durante la administraci\u00f3n de Donald Trump, con James Mattis como secretario de Defensa.<\/p>\n<p class=\"paragraph\" data-mrf-recirculation=\"Links inline\"><b>2018<\/b>: En Washington D. C. (Estados Unidos), el presidente Donald Trump ordena el bombardeo a bases militares de Siria, en respuesta del ataque con sar\u00edn supuestamente perpetrado por el presidente Bashar al-\u00c1sad contra civiles sirios en Guta.<\/p>\n<p class=\"paragraph\" data-mrf-recirculation=\"Links inline\"><b>2018<\/b>: En Rusia tras ganar un juicio, el organismo Roskomnadzor anuncia el bloqueo a nivel nacional de la aplicaci\u00f3n de mensajer\u00eda Telegram.<\/p>\n<h2 class=\"header\"><span style=\"color: #ff0000\">Cumplea\u00f1os<\/span><\/h2>\n<p class=\"paragraph\" data-mrf-recirculation=\"Links inline\"><b>1519<\/b>: Catalina de M\u00e9dici, reina francesa (f.\u00a01589).<\/p>\n<p class=\"paragraph\" data-mrf-recirculation=\"Links inline\"><b>1546<\/b>: Isabel de Valois, reina espa\u00f1ola (f.\u00a01568).<\/p>\n<p class=\"paragraph\" data-mrf-recirculation=\"Links inline\"><b>1570<\/b>: Guy Fawkes, conspirador ingl\u00e9s (f.\u00a01606).<\/p>\n<p class=\"paragraph\" data-mrf-recirculation=\"Links inline\"><b>1573<\/b>: Cristina de Holstein-Gottorp, reina consorte sueca (f.\u00a01625).<\/p>\n<p class=\"paragraph\" data-mrf-recirculation=\"Links inline\"><b>1593<\/b>: Thomas Wentworth, arist\u00f3crata ingl\u00e9s (f.\u00a01641).<\/p>\n<p class=\"paragraph\" data-mrf-recirculation=\"Links inline\"><b>1648<\/b>: Madame Guyon, m\u00edstica francesa (f.\u00a01717).<\/p>\n<p class=\"paragraph\" data-mrf-recirculation=\"Links inline\"><b>1729<\/b>: Thomas Percy, obispo brit\u00e1nico (f.\u00a01811).<\/p>\n<p class=\"paragraph\" data-mrf-recirculation=\"Links inline\"><b>1732<\/b>: Frederick North, arist\u00f3crata y primer ministro brit\u00e1nico (f.\u00a01792).<\/p>\n<p class=\"paragraph\" data-mrf-recirculation=\"Links inline\"><b>1743<\/b>: Thomas Jefferson, pol\u00edtico y fil\u00f3sofo estadounidense, tercer presidente (1801-1809) de los EUA (f.\u00a01826).<\/p>\n<p class=\"paragraph\" data-mrf-recirculation=\"Links inline\"><b>1747<\/b>: Luis Felipe II de Orleans, arist\u00f3crata franc\u00e9s (f.\u00a01793).<\/p>\n<p class=\"paragraph\" data-mrf-recirculation=\"Links inline\"><b>1762<\/b>: Hermenegildo Galeana, militar mexicano (f.\u00a01814).<\/p>\n<p class=\"paragraph\" data-mrf-recirculation=\"Links inline\"><b>1769<\/b>: Thomas Lawrence, pintor brit\u00e1nico (f.\u00a01830).<\/p>\n<p class=\"paragraph\" data-mrf-recirculation=\"Links inline\"><b>1771<\/b>: Richard Trevithick, ingeniero e inventor brit\u00e1nico (f.\u00a01833).<\/p>\n<p class=\"paragraph\" data-mrf-recirculation=\"Links inline\"><b>1784<\/b>: Friedrich von Wrangel, mariscal prusiano (f.\u00a01877).<\/p>\n<p class=\"paragraph\" data-mrf-recirculation=\"Links inline\"><b>1787<\/b>: John Robertson, pol\u00edtico estadounidense (f.\u00a01873).<\/p>\n<p class=\"paragraph\" data-mrf-recirculation=\"Links inline\"><b>1802<\/b>: Leopold Fitzinger, zo\u00f3logo austr\u00edaco (f.\u00a01884).<\/p>\n<p class=\"paragraph\" data-mrf-recirculation=\"Links inline\"><b>1808<\/b>: Antonio Meucci, ingeniero italiano, inventor del tel\u00e9fono (f.\u00a01889).<\/p>\n<p class=\"paragraph\" data-mrf-recirculation=\"Links inline\"><b>1825<\/b>: Francisco Linares Alc\u00e1ntara, militar y pol\u00edtico venezolano (f.\u00a01878).<\/p>\n<p class=\"paragraph\" data-mrf-recirculation=\"Links inline\"><b>1832<\/b>: Juan Montalvo, escritor liberal ecuatoriano (f.\u00a01889).<\/p>\n<p class=\"paragraph\" data-mrf-recirculation=\"Links inline\"><b>1832<\/b>: Hermenegildo Bustos, pintor mexicano (f.\u00a01907).<\/p>\n<p class=\"paragraph\" data-mrf-recirculation=\"Links inline\"><b>1841<\/b>: Louis-Ernest Barrias, escultor franc\u00e9s (f.\u00a01905).<\/p>\n<p class=\"paragraph\" data-mrf-recirculation=\"Links inline\"><b>1851<\/b>: Robert Abbe, m\u00e9dico estadounidense (f.\u00a01928).<\/p>\n<p class=\"paragraph\" data-mrf-recirculation=\"Links inline\"><b>1852<\/b>: Franklin Winfield Woolworth, magnate estadounidense (f.\u00a01919).<\/p>\n<p class=\"paragraph\" data-mrf-recirculation=\"Links inline\"><b>1860<\/b>: James Ensor, pintor belga (f.\u00a01949).<\/p>\n<p class=\"paragraph\" data-mrf-recirculation=\"Links inline\"><b>1866<\/b>: Butch Cassidy, forajido estadounidense (f.\u00a01908).<\/p>\n<p class=\"paragraph\" data-mrf-recirculation=\"Links inline\"><b>1871<\/b>: Enrique Gonz\u00e1lez Mart\u00ednez, poeta, m\u00e9dico y diplom\u00e1tico mexicano (f.\u00a01952).<\/p>\n<p class=\"paragraph\" data-mrf-recirculation=\"Links inline\"><b>1877<\/b>: Enrique Flores Mag\u00f3n, periodista y pol\u00edtico revolucionario mexicano (f.\u00a01954).<\/p>\n<p class=\"paragraph\" data-mrf-recirculation=\"Links inline\"><b>1885<\/b>: Georg Luk\u00e1cs, fil\u00f3sofo y cr\u00edtico h\u00fangaro (f.\u00a01971).<\/p>\n<p class=\"paragraph\" data-mrf-recirculation=\"Links inline\"><b>1889<\/b>: Pastora Imperio, bailaora y actriz espa\u00f1ola (f.\u00a01979).<\/p>\n<p class=\"paragraph\" data-mrf-recirculation=\"Links inline\"><b>1891<\/b>: Nella Larsen, novelista estadounidense (f.\u00a01964).<\/p>\n<p class=\"paragraph\" data-mrf-recirculation=\"Links inline\"><b>1892<\/b>: Sir Robert Watson-Watt, f\u00edsico e inventor brit\u00e1nico (f.\u00a01973).<\/p>\n<p class=\"paragraph\" data-mrf-recirculation=\"Links inline\"><b>1894<\/b>: Ludvig Irgens-Jensen, compositor noruego (f.\u00a01969).<\/p>\n<p class=\"paragraph\" data-mrf-recirculation=\"Links inline\"><b>1897<\/b>: Werner Voss, piloto y militar alem\u00e1n (f.\u00a01917).<\/p>\n<p class=\"paragraph\" data-mrf-recirculation=\"Links inline\"><b>1899<\/b>: Alfred Sch\u00fctz, soci\u00f3logo y fil\u00f3sofo austriaco (f.\u00a01959).<\/p>\n<p class=\"paragraph\" data-mrf-recirculation=\"Links inline\"><b>1900<\/b>: Pierre Molinier, pintor, fot\u00f3grafo y poeta franc\u00e9s (f.\u00a01976).<\/p>\n<p class=\"paragraph\" data-mrf-recirculation=\"Links inline\"><b>1901<\/b>: Jacques Lacan, psicoanalista y fil\u00f3sofo franc\u00e9s (f.\u00a01981).<\/p>\n<p class=\"paragraph\" data-mrf-recirculation=\"Links inline\"><b>1904<\/b>: Sir David Robinson, fil\u00e1ntropo y baloncestista brit\u00e1nico (f.\u00a01987).<\/p>\n<p class=\"paragraph\" data-mrf-recirculation=\"Links inline\"><b>1906<\/b>: Samuel Beckett, escritor irland\u00e9s, premio nobel de literatura en 1969 (f.\u00a01989).<\/p>\n<p class=\"paragraph\" data-mrf-recirculation=\"Links inline\"><b>1906<\/b>: Bud Freeman, m\u00fasico estadounidense (f.\u00a01991).<\/p>\n<p class=\"paragraph\" data-mrf-recirculation=\"Links inline\"><b>1907<\/b>: Antonio Ortiz Ram\u00edrez, anarcosindicalista espa\u00f1ol (f.\u00a01996).<\/p>\n<p class=\"paragraph\" data-mrf-recirculation=\"Links inline\"><b>1909<\/b>: Stanis\u0142aw Ulam, matem\u00e1tico polaco (f.\u00a01984).<\/p>\n<p class=\"paragraph\" data-mrf-recirculation=\"Links inline\"><b>1909<\/b>: Eudora Welty, escritora y fot\u00f3grafa estadounidense (f.\u00a02001).<\/p>\n<p class=\"paragraph\" data-mrf-recirculation=\"Links inline\"><b>1913<\/b>: Jes\u00fas Mart\u00ednez \u00abPalillo\u00bb, actor mexicano (f.\u00a01994).<\/p>\n<p class=\"paragraph\" data-mrf-recirculation=\"Links inline\"><b>1914<\/b>: Manuel Sadosky, matem\u00e1tico, f\u00edsico e inform\u00e1tico argentino (f.\u00a02005).<\/p>\n<p class=\"paragraph\" data-mrf-recirculation=\"Links inline\"><b>1919<\/b>: Howard Keel, actor estadounidense (f.\u00a02004).<\/p>\n<p class=\"paragraph\" data-mrf-recirculation=\"Links inline\"><b>1919<\/b>: Madalyn Murray O&#8217;Hair, activista atea estadounidense (f.\u00a01995).<\/p>\n<p class=\"paragraph\" data-mrf-recirculation=\"Links inline\"><b>1919<\/b>: Nya Quesada, actriz argentina (f.\u00a02013).<\/p>\n<p class=\"paragraph\" data-mrf-recirculation=\"Links inline\"><b>1920<\/b>: Roberto Calvi, banquero italiano (f.\u00a01982).<\/p>\n<p class=\"paragraph\" data-mrf-recirculation=\"Links inline\"><b>1920<\/b>: Claude Cheysson, pol\u00edtico franc\u00e9s (f.\u00a02012).<\/p>\n<p class=\"paragraph\" data-mrf-recirculation=\"Links inline\"><b>1920<\/b>: Liam Cosgrave, pol\u00edtico irland\u00e9s (f.\u00a02017).<\/p>\n<p class=\"paragraph\" data-mrf-recirculation=\"Links inline\"><b>1921<\/b>: Dona Ivone Lara, cantante y compositora brasile\u00f1a (f.\u00a02018).<\/p>\n<p class=\"paragraph\" data-mrf-recirculation=\"Links inline\"><b>1922<\/b>: Julius Nyerere, estadista tanzano (f.\u00a01999).<\/p>\n<p class=\"paragraph\" data-mrf-recirculation=\"Links inline\"><b>1922<\/b>: John Braine, novelista brit\u00e1nico (f.\u00a01986).<\/p>\n<p class=\"paragraph\" data-mrf-recirculation=\"Links inline\"><b>1923<\/b>: Don Adams, actor estadounidense (f.\u00a02005).<\/p>\n<p class=\"paragraph\" data-mrf-recirculation=\"Links inline\"><b>1923<\/b>: Fernando L\u00e1zaro Carreter, fil\u00f3logo espa\u00f1ol (f.\u00a02004).<\/p>\n<p class=\"paragraph\" data-mrf-recirculation=\"Links inline\"><b>1924<\/b>: Jack Chick, historietista y evangelista estadounidense (f.\u00a02016).<\/p>\n<p class=\"paragraph\" data-mrf-recirculation=\"Links inline\"><b>1924<\/b>: Stanley Donen, core\u00f3grafo y cineasta estadounidense (f.\u00a02019).<\/p>\n<p class=\"paragraph\" data-mrf-recirculation=\"Links inline\"><b>1924<\/b>: Jorge Eduardo Eielson, poeta peruano (f.\u00a02006).<\/p>\n<p class=\"paragraph\" data-mrf-recirculation=\"Links inline\"><b>1924<\/b>: Juan Guillermo Brenes, Cachimbal, pol\u00edtico costarricense (f.\u00a02011).<\/p>\n<p class=\"paragraph\" data-mrf-recirculation=\"Links inline\"><b>1925<\/b>: Genevi\u00e8ve de Galard, enfermera francesa.<\/p>\n<p class=\"paragraph\" data-mrf-recirculation=\"Links inline\"><b>1928<\/b>: Alan Clark, pol\u00edtico brit\u00e1nico (f.\u00a01999).<\/p>\n<p class=\"paragraph\" data-mrf-recirculation=\"Links inline\"><b>1928<\/b>: Matilde Conesa, actriz de voz espa\u00f1ola (f.\u00a02015).<\/p>\n<p class=\"paragraph\" data-mrf-recirculation=\"Links inline\"><b>1928<\/b>: Jos\u00e9 Agust\u00edn Goytisolo, poeta espa\u00f1ol (f.\u00a01999).<\/p>\n<p class=\"paragraph\" data-mrf-recirculation=\"Links inline\"><b>1929<\/b>: Carlos Florit, abogado y pol\u00edtico argentino (f.\u00a02010).<\/p>\n<p class=\"paragraph\" data-mrf-recirculation=\"Links inline\"><b>1930<\/b>: Manuel Cepeda, fue un abogado, periodista, pol\u00edtico colombiano (f.\u00a01994).<\/p>\n<p class=\"paragraph\" data-mrf-recirculation=\"Links inline\"><b>1931<\/b>: Dan Gurney, piloto y due\u00f1o de equipo de automovilismo estadounidense (f.\u00a02018).<\/p>\n<p class=\"paragraph\" data-mrf-recirculation=\"Links inline\"><b>1931<\/b>: Robert Enrico, cineasta y guionista franc\u00e9s (f.\u00a02001).<\/p>\n<p class=\"paragraph\" data-mrf-recirculation=\"Links inline\"><b>1931<\/b>: Eliseo Mendoza Berrueto, economista y pol\u00edtico mexicano.<\/p>\n<p class=\"paragraph\" data-mrf-recirculation=\"Links inline\"><b>1932<\/b>: Orlando Letelier, pol\u00edtico y abogado chileno (f.\u00a01976).<\/p>\n<p class=\"paragraph\" data-mrf-recirculation=\"Links inline\"><b>1932<\/b>: Rolando Goyaud, investigador cient\u00edfico, periodista y escritor argentino (f.\u00a02016).<\/p>\n<p class=\"paragraph\" data-mrf-recirculation=\"Links inline\"><b>1933<\/b>: Ben Nighthorse Campbell, pol\u00edtico y yudoca estadounidense.<\/p>\n<p class=\"paragraph\" data-mrf-recirculation=\"Links inline\"><b>1933<\/b>: Elio Carmichael, muralista mexicano (f.\u00a02014).<\/p>\n<p class=\"paragraph\" data-mrf-recirculation=\"Links inline\"><b>1934<\/b>: Lyle Waggoner, actor estadounidense (f.\u00a02020).<\/p>\n<p class=\"paragraph\" data-mrf-recirculation=\"Links inline\"><b>1937<\/b>: Edward Fox, actor brit\u00e1nico.<\/p>\n<p class=\"paragraph\" data-mrf-recirculation=\"Links inline\"><b>1939<\/b>: Seamus Heaney, poeta irland\u00e9s, premio nobel de literatura en 1995 (f.\u00a02013).<\/p>\n<p class=\"paragraph\" data-mrf-recirculation=\"Links inline\"><b>1939<\/b>: Paul Sorvino, actor estadounidense.<\/p>\n<p class=\"paragraph\" data-mrf-recirculation=\"Links inline\"><b>1940<\/b>: Jean-Marie Gustave Le Cl\u00e9zio, novelista franc\u00e9s, premio nobel de literatura en 2008.<\/p>\n<p class=\"paragraph\" data-mrf-recirculation=\"Links inline\"><b>1941<\/b>: Michael Stuart Brown, m\u00e9dico estadounidense, premio nobel de medicina en 1985.<\/p>\n<p class=\"paragraph\" data-mrf-recirculation=\"Links inline\"><b>1942<\/b>: Ataol Behramo\u011flu, poeta y traductor turco.<\/p>\n<p class=\"paragraph\" data-mrf-recirculation=\"Links inline\"><b>1942<\/b>: Ricardo Bl\u00e1zquez, cardenal cat\u00f3lico espa\u00f1ol.<\/p>\n<p class=\"paragraph\" data-mrf-recirculation=\"Links inline\"><b>1942<\/b>: Bill Conti, compositor estadounidense.<\/p>\n<p class=\"paragraph\" data-mrf-recirculation=\"Links inline\"><b>1944<\/b>: Pedro Mari Zabalza, jugador y entrenador de f\u00fatbol espa\u00f1ol.<\/p>\n<p class=\"paragraph\" data-mrf-recirculation=\"Links inline\"><b>1945<\/b>: Lowell George, cantante y guitarrista estadounidense (f.\u00a01979).<\/p>\n<p class=\"paragraph\" data-mrf-recirculation=\"Links inline\"><b>1945<\/b>: Judy Nunn, actriz australiana.<\/p>\n<p class=\"paragraph\" data-mrf-recirculation=\"Links inline\"><b>1946<\/b>: Al Green, cantante estadounidense.<\/p>\n<p class=\"paragraph\" data-mrf-recirculation=\"Links inline\"><b>1947<\/b>: Amaury Germ\u00e1n Aristy, pol\u00edtico y revolucionario dominicano (f.\u00a01972).<\/p>\n<p class=\"paragraph\" data-mrf-recirculation=\"Links inline\"><b>1948<\/b>: Norma Abdala de Matarazzo, pol\u00edtica argentina.<\/p>\n<p class=\"paragraph\" data-mrf-recirculation=\"Links inline\"><b>1948<\/b>: Juan Alberto Taverna, futbolista argentino (f.\u00a02014).<\/p>\n<p class=\"paragraph\" data-mrf-recirculation=\"Links inline\"><b>1949<\/b>: Christopher Hitchens, escritor y periodista angloestadounidense (f.\u00a02011).<\/p>\n<p class=\"paragraph\" data-mrf-recirculation=\"Links inline\"><b>1950<\/b>: Ron Perlman, actor estadounidense.<\/p>\n<p class=\"paragraph\" data-mrf-recirculation=\"Links inline\"><b>1950<\/b>: William Sadler, actor estadounidense.<\/p>\n<p class=\"paragraph\" data-mrf-recirculation=\"Links inline\"><b>1951<\/b>: Peabo Bryson, cantante estadounidense.<\/p>\n<p class=\"paragraph\" data-mrf-recirculation=\"Links inline\"><b>1951<\/b>: Peter Davison, actor brit\u00e1nico.<\/p>\n<p class=\"paragraph\" data-mrf-recirculation=\"Links inline\"><b>1951<\/b>: Joachim Streich, futbolista alem\u00e1n (f.\u00a02022).<\/p>\n<p class=\"paragraph\" data-mrf-recirculation=\"Links inline\"><b>1951<\/b>: Max Weinberg, baterista estadounidense.<\/p>\n<p class=\"paragraph\" data-mrf-recirculation=\"Links inline\"><b>1955<\/b>: Jos\u00e9 Alperovich, pol\u00edtico argentino.<\/p>\n<p class=\"paragraph\" data-mrf-recirculation=\"Links inline\"><b>1955<\/b>: Ole von Beust, pol\u00edtico alem\u00e1n.<\/p>\n<p class=\"paragraph\" data-mrf-recirculation=\"Links inline\"><b>1955<\/b>: Lupe Pintor, boxeador mexicano.<\/p>\n<p class=\"paragraph\" data-mrf-recirculation=\"Links inline\"><b>1957<\/b>: Saundra Santiago, actriz estadounidense.<\/p>\n<p class=\"paragraph\" data-mrf-recirculation=\"Links inline\"><b>1957<\/b>: Amy Goodman, periodista y activista estadounidense.<\/p>\n<p class=\"paragraph\" data-mrf-recirculation=\"Links inline\"><b>1959<\/b>: Salva Maldonado, entrenador de baloncesto espa\u00f1ol.<\/p>\n<p class=\"paragraph\" data-mrf-recirculation=\"Links inline\"><b>1960<\/b>: Olaf Ludwig, ciclista alem\u00e1n.<\/p>\n<p class=\"paragraph\" data-mrf-recirculation=\"Links inline\"><b>1960<\/b>: Rudi V\u00f6ller, futbolista y entrenador alem\u00e1n.<\/p>\n<p class=\"paragraph\" data-mrf-recirculation=\"Links inline\"><b>1961<\/b>: Carlos Pagni, periodista argentino.<\/p>\n<p class=\"paragraph\" data-mrf-recirculation=\"Links inline\"><b>1961<\/b>: Hiro Yamamoto, bajista japon\u00e9s.<\/p>\n<p class=\"paragraph\" data-mrf-recirculation=\"Links inline\"><b>1962<\/b>: Hillel Slovak, guitarrista estadounidense (f.\u00a01988).<\/p>\n<p class=\"paragraph\" data-mrf-recirculation=\"Links inline\"><b>1962<\/b>: Jorge Mu\u00f1oz Wells, abogado y pol\u00edtico peruano.<\/p>\n<p class=\"paragraph\" data-mrf-recirculation=\"Links inline\"><b>1963<\/b>: Garri Kasp\u00e1rov, ajedrecista y pol\u00edtico sovi\u00e9tico, nacionalizado croata.<\/p>\n<p class=\"paragraph\" data-mrf-recirculation=\"Links inline\"><b>1964<\/b>: Miguel Colino, bajista espa\u00f1ol.<\/p>\n<p class=\"paragraph\" data-mrf-recirculation=\"Links inline\"><b>1964<\/b>: Caroline Rhea, actriz y cineasta canadiense.<\/p>\n<p class=\"paragraph\" data-mrf-recirculation=\"Links inline\"><b>1964<\/b>: Eusebio Sacrist\u00e1n, futbolista y entrenador espa\u00f1ol.<\/p>\n<p class=\"paragraph\" data-mrf-recirculation=\"Links inline\"><b>1964<\/b>: Mayra Rojas, presentadora de televisi\u00f3n y actriz mexicana.<\/p>\n<p class=\"paragraph\" data-mrf-recirculation=\"Links inline\"><b>1966<\/b>: Marc Ford, guitarrista estadounidense.<\/p>\n<p class=\"paragraph\" data-mrf-recirculation=\"Links inline\"><b>1966<\/b>: Ali Boumnijel, futbolista tunecino.<\/p>\n<p class=\"paragraph\" data-mrf-recirculation=\"Links inline\"><b>1966<\/b>: Montserrat Oliver, modelo y actriz mexicana.<\/p>\n<p class=\"paragraph\" data-mrf-recirculation=\"Links inline\"><b>1967<\/b>: Olga Ta\u00f1\u00f3n, cantante puertorrique\u00f1a.<\/p>\n<p class=\"paragraph\" data-mrf-recirculation=\"Links inline\"><b>1967<\/b>: Marcelo Cez\u00e1n, actor, presentador y cantante colombiano.<\/p>\n<p class=\"paragraph\" data-mrf-recirculation=\"Links inline\"><b>1968<\/b>: J\u00f8rn Stubberud, bajista noruego.<\/p>\n<p class=\"paragraph\" data-mrf-recirculation=\"Links inline\"><b>1970<\/b>: Eduardo Capetillo, cantante y actor mexicano.<\/p>\n<p class=\"paragraph\" data-mrf-recirculation=\"Links inline\"><b>1970<\/b>: Monty Brown, luchador estadounidense.<\/p>\n<p class=\"paragraph\" data-mrf-recirculation=\"Links inline\"><b>1970<\/b>: Rick Schroder, actor y director de cine estadounidense.<\/p>\n<p class=\"paragraph\" data-mrf-recirculation=\"Links inline\"><b>1971<\/b>: Diana L\u00e1zaro, actriz y presentadora espa\u00f1ola.<\/p>\n<p class=\"paragraph\" data-mrf-recirculation=\"Links inline\"><b>1971<\/b>: Bo Outlaw, baloncestista estadounidense.<\/p>\n<p class=\"paragraph\" data-mrf-recirculation=\"Links inline\"><b>1971<\/b>: Aldous Valensia Clarkson, m\u00fasico neerland\u00e9s.<\/p>\n<p class=\"paragraph\" data-mrf-recirculation=\"Links inline\"><b>1971<\/b>: D&#8217;Arcy Quinn, periodista y presentadora colombiana.<\/p>\n<p class=\"paragraph\" data-mrf-recirculation=\"Links inline\"><b>1972<\/b>: Aaron Lewis, cantante estadounidense.<\/p>\n<p class=\"paragraph\" data-mrf-recirculation=\"Links inline\"><b>1972<\/b>: Roxana Mart\u00ednez, modelo y vedette argentina.<\/p>\n<p class=\"paragraph\" data-mrf-recirculation=\"Links inline\"><b>1973<\/b>: Roberto F. Canuto, cineasta espa\u00f1ol.<\/p>\n<p class=\"paragraph\" data-mrf-recirculation=\"Links inline\"><b>1975<\/b>: Lou Bega, cantante alem\u00e1n.<\/p>\n<p class=\"paragraph\" data-mrf-recirculation=\"Links inline\"><b>1975<\/b>: Frank Blanco, presentador de radio y televisi\u00f3n espa\u00f1ol.<\/p>\n<p class=\"paragraph\" data-mrf-recirculation=\"Links inline\"><b>1976<\/b>: Jonathan Brandis, actor estadounidense (f.\u00a02003).<\/p>\n<p class=\"paragraph\" data-mrf-recirculation=\"Links inline\"><b>1976<\/b>: Valentina Cervi, actriz italiana.<\/p>\n<p class=\"paragraph\" data-mrf-recirculation=\"Links inline\"><b>1976<\/b>: Yoo Ji-tae, actor y director surcoreano.<\/p>\n<p class=\"paragraph\" data-mrf-recirculation=\"Links inline\"><b>1978<\/b>: Kyle Howard, actor estadounidense.<\/p>\n<p class=\"paragraph\" data-mrf-recirculation=\"Links inline\"><b>1978<\/b>: Carles Puyol, futbolista espa\u00f1ol.<\/p>\n<p class=\"paragraph\" data-mrf-recirculation=\"Links inline\"><b>1978<\/b>: Luis Tonelotto, futbolista argentino.<\/p>\n<p class=\"paragraph\" data-mrf-recirculation=\"Links inline\"><b>1979<\/b>: Baron Davis, baloncestista estadounidense.<\/p>\n<p class=\"paragraph\" data-mrf-recirculation=\"Links inline\"><b>1979<\/b>: Nereo Fern\u00e1ndez, futbolista argentino.<\/p>\n<p class=\"paragraph\" data-mrf-recirculation=\"Links inline\"><b>1979<\/b>: Meghann Shaughnessy, tenista estadounidense.<\/p>\n<p class=\"paragraph\" data-mrf-recirculation=\"Links inline\"><b>1979<\/b>: Ivica Kri\u017eanac, futbolista croata.<\/p>\n<p class=\"paragraph\" data-mrf-recirculation=\"Links inline\"><b>1980<\/b>: Quentin Richardson, baloncestista estadounidense.<\/p>\n<p class=\"paragraph\" data-mrf-recirculation=\"Links inline\"><b>1981<\/b>: Jack Jewsbury, futbolista estadounidense.<\/p>\n<p class=\"paragraph\" data-mrf-recirculation=\"Links inline\"><b>1982<\/b>: Sabrina Carballo, actriz argentina.<\/p>\n<p class=\"paragraph\" data-mrf-recirculation=\"Links inline\"><b>1982<\/b>: Ty Dolla Sign, m\u00fasico estadounidense.<\/p>\n<p class=\"paragraph\" data-mrf-recirculation=\"Links inline\"><b>1983<\/b>: Claudio Bravo, futbolista chileno.<\/p>\n<p class=\"paragraph\" data-mrf-recirculation=\"Links inline\"><b>1984<\/b>: Hiro Mizushima, actor, productor y escritor japon\u00e9s.<\/p>\n<p class=\"paragraph\" data-mrf-recirculation=\"Links inline\"><b>1987<\/b>: Vanesa Restrepo, actriz colombiana.<\/p>\n<p class=\"paragraph\" data-mrf-recirculation=\"Links inline\"><b>1988<\/b>: Anderson Lu\u00eds de Abreu Oliveira, futbolista brasile\u00f1o.<\/p>\n<p class=\"paragraph\" data-mrf-recirculation=\"Links inline\"><b>1989<\/b>: Juan Anangon\u00f3, futbolista ecuatoriano.<\/p>\n<p class=\"paragraph\" data-mrf-recirculation=\"Links inline\"><b>1991<\/b>: Ulises D\u00e1vila, futbolista mexicano.<\/p>\n<p class=\"paragraph\" data-mrf-recirculation=\"Links inline\"><b>1991<\/b>: Daniel Ginczek, futbolista alem\u00e1n.<\/p>\n<p class=\"paragraph\" data-mrf-recirculation=\"Links inline\"><b>1993<\/b>: Hannah Marks, actriz y cineasta estadounidense.<\/p>\n<p class=\"paragraph\" data-mrf-recirculation=\"Links inline\"><b>1993<\/b>: Jay Torres, cantante, modelo y actor puertorrique\u00f1o.<\/p>\n<p class=\"paragraph\" data-mrf-recirculation=\"Links inline\"><b>1995<\/b>: Bohdan Syroyid, pianista y compositor espa\u00f1ol de origen ucraniano.<\/p>\n<p class=\"paragraph\" data-mrf-recirculation=\"Links inline\"><b>1996<\/b>: Laura Escanes: Modelo e influencer espa\u00f1ola<\/p>\n<p class=\"paragraph\" data-mrf-recirculation=\"Links inline\"><b>1998<\/b>: Paige Satchell, futbolista neozelandesa.<\/p>\n<p class=\"paragraph\" data-mrf-recirculation=\"Links inline\"><b>2000<\/b>: Nancy Jewel McDonie, actriz y cantante surcoreana-estadounidense.<\/p>\n<p class=\"paragraph\" data-mrf-recirculation=\"Links inline\"><b>2000<\/b>: Ivo Thomas Serue, Khea, artista argentino.<\/p>\n<p class=\"paragraph\" data-mrf-recirculation=\"Links inline\"><b>2003<\/b>: Olivia Sanabia, actriz y cantante estadounidense.<\/p>\n<h2 class=\"header\"><span style=\"color: #ff0000\">Fallecimientos<\/span><\/h2>\n<p class=\"paragraph\" data-mrf-recirculation=\"Links inline\"><b>585<\/b>: Hermenegildo, pr\u00edncipe visigodo (n.\u00a0564).<\/p>\n<p class=\"paragraph\" data-mrf-recirculation=\"Links inline\"><b>799<\/b>: Pablo el Di\u00e1cono, monje y cronista italiano (c.\u2009710).<\/p>\n<p class=\"paragraph\" data-mrf-recirculation=\"Links inline\"><b>814<\/b>: Krum, rey b\u00falgaro (c.\u2009770).<\/p>\n<p class=\"paragraph\" data-mrf-recirculation=\"Links inline\"><b>1093<\/b>: Vs\u00e9volod I, pr\u00edncipe de Kiev (n.\u00a01030).<\/p>\n<p class=\"paragraph\" data-mrf-recirculation=\"Links inline\"><b>1605<\/b>: Bor\u00eds Godunov, zar ruso (c.\u20091551).<\/p>\n<p class=\"paragraph\" data-mrf-recirculation=\"Links inline\"><b>1612<\/b>: Sasaki Kojir\u014d, samur\u00e1i japon\u00e9s (n.\u00a01585).<\/p>\n<p class=\"paragraph\" data-mrf-recirculation=\"Links inline\"><b>1684<\/b>: Nicol\u00e1s Antonio, erudito y bibli\u00f3filo espa\u00f1ol (n.\u00a01617).<\/p>\n<p class=\"paragraph\" data-mrf-recirculation=\"Links inline\"><b>1695<\/b>: Jean de La Fontaine, fabulista y cuentista franc\u00e9s (n.\u00a01621).<\/p>\n<p class=\"paragraph\" data-mrf-recirculation=\"Links inline\"><b>1756<\/b>: Johann Gottlieb Goldberg, m\u00fasico alem\u00e1n (n.\u00a01727).<\/p>\n<p class=\"paragraph\" data-mrf-recirculation=\"Links inline\"><b>1794<\/b>: Nicolas Chamfort, escritor franc\u00e9s (n.\u00a01741).<\/p>\n<p class=\"paragraph\" data-mrf-recirculation=\"Links inline\"><b>1826<\/b>: Franz Danzi, compositor y m\u00fasico alem\u00e1n (n.\u00a01763).<\/p>\n<p class=\"paragraph\" data-mrf-recirculation=\"Links inline\"><b>1853<\/b>: Leopold Gmelin, qu\u00edmico y naturalista alem\u00e1n (n.\u00a01788).<\/p>\n<p class=\"paragraph\" data-mrf-recirculation=\"Links inline\"><b>1855<\/b>: Henry de la Beche, ge\u00f3logo brit\u00e1nico (n.\u00a01796).<\/p>\n<p class=\"paragraph\" data-mrf-recirculation=\"Links inline\"><b>1868<\/b>: Teodoro II, emperador et\u00edope (c.\u20091818).<\/p>\n<p class=\"paragraph\" data-mrf-recirculation=\"Links inline\"><b>1880<\/b>: Robert Fortune, bot\u00e1nico y explorador brit\u00e1nico (n.\u00a01812).<\/p>\n<p class=\"paragraph\" data-mrf-recirculation=\"Links inline\"><b>1882<\/b>: Bruno Bauer, fil\u00f3sofo y te\u00f3logo alem\u00e1n (n.\u00a01809).<\/p>\n<p class=\"paragraph\" data-mrf-recirculation=\"Links inline\"><b>1908<\/b>: Eleuterio Delgado, pol\u00edtico espa\u00f1ol (n.\u00a01852).<\/p>\n<p class=\"paragraph\" data-mrf-recirculation=\"Links inline\"><b>1910<\/b>: Mary Anne Atwood, alquimista y escritora esot\u00e9rica brit\u00e1nica (n.\u00a01817).<\/p>\n<p class=\"paragraph\" data-mrf-recirculation=\"Links inline\"><b>1912<\/b>: Takuboku Ishikawa, poeta japon\u00e9s (n.\u00a01886).<\/p>\n<p class=\"paragraph\" data-mrf-recirculation=\"Links inline\"><b>1913<\/b>: Luis Acevedo Acevedo, aviador y ciclista chileno (n.\u00a01885).<\/p>\n<p class=\"paragraph\" data-mrf-recirculation=\"Links inline\"><b>1918<\/b>: Lavr Korn\u00edlov, militar ruso (n.\u00a01870).<\/p>\n<p class=\"paragraph\" data-mrf-recirculation=\"Links inline\"><b>1941<\/b>: Annie Jump Cannon, astr\u00f3noma estadounidense (n.\u00a01863).<\/p>\n<p class=\"paragraph\" data-mrf-recirculation=\"Links inline\"><b>1944<\/b>: C\u00e9cile Chaminade, compositora y pianista francesa (n.\u00a01857).<\/p>\n<p class=\"paragraph\" data-mrf-recirculation=\"Links inline\"><b>1945<\/b>: Ernst Cassirer, fil\u00f3sofo y soci\u00f3logo alem\u00e1n (n.\u00a01874).<\/p>\n<p class=\"paragraph\" data-mrf-recirculation=\"Links inline\"><b>1951<\/b>: Bala Sahib, pol\u00edtico, artista y yogui indio (n.\u00a01868).<\/p>\n<p class=\"paragraph\" data-mrf-recirculation=\"Links inline\"><b>1954<\/b>: Paul Brunbrouck, militar franc\u00e9s (n.\u00a01926).<\/p>\n<p class=\"paragraph\" data-mrf-recirculation=\"Links inline\"><b>1956<\/b>: Blanca de los R\u00edos, escritora y pintora espa\u00f1ola (n.\u00a01859).<\/p>\n<p class=\"paragraph\" data-mrf-recirculation=\"Links inline\"><b>1966<\/b>: Abdul Salam Arif, pol\u00edtico y militar iraqu\u00ed (n.\u00a01921).<\/p>\n<p class=\"paragraph\" data-mrf-recirculation=\"Links inline\"><b>1966<\/b>: Georges Duhamel, m\u00e9dico y escritor franc\u00e9s (n.\u00a01884).<\/p>\n<p class=\"paragraph\" data-mrf-recirculation=\"Links inline\"><b>1967<\/b>: Luis Somoza Debayle, dictador nicarag\u00fcense (n.\u00a01922).<\/p>\n<p class=\"paragraph\" data-mrf-recirculation=\"Links inline\"><b>1975<\/b>: Larry Parks, actor estadounidense (n.\u00a01914).<\/p>\n<p class=\"paragraph\" data-mrf-recirculation=\"Links inline\"><b>1977<\/b>: Aleksandr Rod\u00edmtsev, militar sovi\u00e9tico (n.\u00a01905).<\/p>\n<p class=\"paragraph\" data-mrf-recirculation=\"Links inline\"><b>1983<\/b>: Merc\u00e8 Rodoreda, escritora espa\u00f1ola (n.\u00a01908).<\/p>\n<p class=\"paragraph\" data-mrf-recirculation=\"Links inline\"><b>1984<\/b>: Richard Hurndall, actor brit\u00e1nico (n.\u00a01910).<\/p>\n<p class=\"paragraph\" data-mrf-recirculation=\"Links inline\"><b>1984<\/b>: Ralph Kirkpatrick, m\u00fasico estadounidense (n.\u00a01911).<\/p>\n<p class=\"paragraph\" data-mrf-recirculation=\"Links inline\"><b>1986<\/b>: Stephen Stucker, actor estadounidense (n.\u00a01947).<\/p>\n<p class=\"paragraph\" data-mrf-recirculation=\"Links inline\"><b>1993<\/b>: Isaac Rojas, militar argentino (n.\u00a01906).<\/p>\n<p class=\"paragraph\" data-mrf-recirculation=\"Links inline\"><b>1993<\/b>: Wallace Stegner, escritor, historiador y ambientalista estadounidense (n.\u00a01909).<\/p>\n<p class=\"paragraph\" data-mrf-recirculation=\"Links inline\"><b>1996<\/b>: James Burke, g\u00e1nster estadounidense de ascendencia irlandesa (n.\u00a01931).<\/p>\n<p class=\"paragraph\" data-mrf-recirculation=\"Links inline\"><b>1999<\/b>: Willi Stoph, pol\u00edtico alem\u00e1n (n.\u00a01914).<\/p>\n<p class=\"paragraph\" data-mrf-recirculation=\"Links inline\"><b>2000<\/b>: Giorgio Bassani, escritor italiano (n.\u00a01916).<\/p>\n<p class=\"paragraph\" data-mrf-recirculation=\"Links inline\"><b>2001<\/b>: Mario David, guionista y cineasta argentino (n.\u00a01930).<\/p>\n<p class=\"paragraph\" data-mrf-recirculation=\"Links inline\"><b>2003<\/b>: Ra\u00fal Shaw Moreno, cantante y compositor boliviano (n.\u00a01923).<\/p>\n<p class=\"paragraph\" data-mrf-recirculation=\"Links inline\"><b>2005<\/b>: Johnnie Johnson, m\u00fasico estadounidense (n.\u00a01924).<\/p>\n<p class=\"paragraph\" data-mrf-recirculation=\"Links inline\"><b>2005<\/b>: Philippe Volter, actor belga (n.\u00a01959).<\/p>\n<p class=\"paragraph\" data-mrf-recirculation=\"Links inline\"><b>2007<\/b>: Hans Koning, escritor y polemista neerland\u00e9s (n.\u00a01921).<\/p>\n<p class=\"paragraph\" data-mrf-recirculation=\"Links inline\"><b>2008<\/b>: El\u00edas Am\u00e9zaga, escritor espa\u00f1ol (n.\u00a01921).<\/p>\n<p class=\"paragraph\" data-mrf-recirculation=\"Links inline\"><b>2008<\/b>: John Archibald Wheeler, f\u00edsico estadounidense (n.\u00a01911).<\/p>\n<p class=\"paragraph\" data-mrf-recirculation=\"Links inline\"><b>2009<\/b>: Abel Paz, escritor, historiador autodidacta y anarcosindicalista espa\u00f1ol (n.\u00a01921).<\/p>\n<p class=\"paragraph\" data-mrf-recirculation=\"Links inline\"><b>2013<\/b>: Chi Cheng, m\u00fasico estadounidense (n.\u00a01970).<\/p>\n<p class=\"paragraph\" data-mrf-recirculation=\"Links inline\"><b>2014<\/b>: Ernesto Laclau, fil\u00f3sofo, escritor y te\u00f3rico pol\u00edtico argentino (n.\u00a01935).<\/p>\n<p class=\"paragraph\" data-mrf-recirculation=\"Links inline\"><b>2015<\/b>: \u00d3scar Castro, ajedrecista colombiano (n.\u00a01953).<\/p>\n<p class=\"paragraph\" data-mrf-recirculation=\"Links inline\"><b>2015<\/b>: Eduardo Galeano, escritor y periodista uruguayo (n.\u00a01940).<\/p>\n<p class=\"paragraph\" data-mrf-recirculation=\"Links inline\"><b>2015<\/b>: G\u00fcnter Grass, escritor y artista alem\u00e1n (n.\u00a01927).<\/p>\n<p class=\"paragraph\" data-mrf-recirculation=\"Links inline\"><b>2016<\/b>: Mariano Mores, pianista y compositor argentino (n.\u00a01918).<\/p>\n<p class=\"paragraph\" data-mrf-recirculation=\"Links inline\"><b>2018<\/b>: Milo\u0161 Forman, cineasta y guionista checo (n.\u00a01932).<\/p>\n<p class=\"paragraph\" data-mrf-recirculation=\"Links inline\"><b>2019<\/b>: Paul Greengard, neur\u00f3logo estadounidense, premio nobel de medicina en 2000 (n.\u00a01925).<\/p>\n<p class=\"paragraph\" data-mrf-recirculation=\"Links inline\"><b>2021<\/b>: Isi Leibler, activista jud\u00edo australiano-israel\u00ed (n.\u00a01934).<\/p>\n<p class=\"paragraph\" data-mrf-recirculation=\"Links inline\"><b>2021<\/b>: Slick Leonard, baloncestista estadounidense (n.\u00a01932).<\/p>\n<p class=\"paragraph\" data-mrf-recirculation=\"Links inline\"><b>2021<\/b>: Siboney Lo, actriz y productora chilena (n.\u00a01978).<\/p>\n<p class=\"paragraph\" data-mrf-recirculation=\"Links inline\"><b>2022<\/b>: Freddy Rinc\u00f3n, futbolista y entrenador colombiano (n.\u00a01966).<\/p>\n<p class=\"paragraph\" data-mrf-recirculation=\"Links inline\"><b>2022<\/b>: Jorge Tr\u00edas, abogado, pol\u00edtico y escritor espa\u00f1ol (n.\u00a01948).<\/p>\n<p class=\"paragraph\" data-mrf-recirculation=\"Links inline\"><b>2022<\/b>: Letizia Battaglia, fot\u00f3grafa, fotorreportera y pol\u00edtica italiana (n.\u00a01935).<\/p>\n<p class=\"paragraph\" data-mrf-recirculation=\"Links inline\"><b>2022<\/b>: Michel Bouquet, actor de teatro y cine franc\u00e9s (n.\u00a01925).<\/p>\n<p class=\"paragraph\" data-mrf-recirculation=\"Links inline\"><b>2022<\/b>: Wolfgang Fahrian, futbolista alem\u00e1n (n.\u00a01941).<\/p>\n","protected":false},"excerpt":{"rendered":"<div class=\"mh-excerpt\"><p>Estos eventos incluyen desde sucesos\u00a0legendarios, tristes tragedias y avances cient\u00edficos, hasta\u00a0nacimientos y muertes\u00a0de personajes importantes como\u00a0l\u00edderes sociales, cient\u00edficos y artistas, es lo que nos traen las efem\u00e9rides de este martes. 1111: Enrique V es coronado <a class=\"mh-excerpt-more\" href=\"https:\/\/larevistadigital.com.ar\/blog\/esto-paso-un-dia-como-hoy-13-de-abril\/\" title=\"ESTO PAS\u00d3 UN D\u00cdA COMO HOY, 13 DE ABRIL&#8230;\">[Leer M\u00e1s]<\/a><\/p>\n<\/div>","protected":false},"author":3,"featured_media":16747,"comment_status":"open","ping_status":"open","sticky":false,"template":"","format":"standard","meta":{"_jetpack_memberships_contains_paid_content":false,"footnotes":"","jetpack_publicize_message":"","jetpack_publicize_feature_enabled":true,"jetpack_social_post_already_shared":true,"jetpack_social_options":{"image_generator_settings":{"template":"highway","default_image_id":0,"font":"","enabled":false},"version":2}},"categories":[15],"tags":[],"class_list":{"0":"post-31023","1":"post","2":"type-post","3":"status-publish","4":"format-standard","5":"has-post-thumbnail","7":"category-cultura"},"jetpack_publicize_connections":[],"jetpack_featured_media_url":"https:\/\/i0.wp.com\/larevistadigital.com.ar\/blog\/wp-content\/uploads\/LOGO-EFEMERIDES.jpg?fit=1268%2C664&ssl=1","jetpack_sharing_enabled":true,"jetpack_shortlink":"https:\/\/wp.me\/p8qtrQ-84n","jetpack-related-posts":[{"id":40837,"url":"https:\/\/larevistadigital.com.ar\/blog\/pura-emocion-los-cientificos-del-conicet-pusieron-un-cartel-en-el-fondo-del-mar-en-el-ultimo-dia-de-expedicion\/","url_meta":{"origin":31023,"position":0},"title":"Pura emoci\u00f3n: Los cient\u00edficos del CONICET pusieron un cartel en el fondo del mar, en el \u00faltimo d\u00eda de expedici\u00f3n","author":"Alejandro Sosa Ruda","date":"10 agosto, 2025","format":false,"excerpt":"Los cient\u00edficos desplegaron un cartel de agradecimiento en la \u00faltima inmersi\u00f3n del robot submarino, en medio de un contexto de reclamos laborales y hallazgos in\u00e9ditos. 10 de Agosto de 2025 Mar del Plata, BUENOS AIRES\u00a0 -\u00a0 \u00a0La transmisi\u00f3n en vivo de la misi\u00f3n \u201cTalud Continental IV\u201d del CONICET, que durante\u2026","rel":"","context":"En \u00abDESTACADAS\u00bb","block_context":{"text":"DESTACADAS","link":"https:\/\/larevistadigital.com.ar\/blog\/category\/destacadas\/"},"img":{"alt_text":"","src":"https:\/\/i0.wp.com\/larevistadigital.com.ar\/blog\/wp-content\/uploads\/Captura-de-pantalla-2025-08-10-182716.jpg?fit=796%2C487&ssl=1&resize=350%2C200","width":350,"height":200,"srcset":"https:\/\/i0.wp.com\/larevistadigital.com.ar\/blog\/wp-content\/uploads\/Captura-de-pantalla-2025-08-10-182716.jpg?fit=796%2C487&ssl=1&resize=350%2C200 1x, https:\/\/i0.wp.com\/larevistadigital.com.ar\/blog\/wp-content\/uploads\/Captura-de-pantalla-2025-08-10-182716.jpg?fit=796%2C487&ssl=1&resize=525%2C300 1.5x, https:\/\/i0.wp.com\/larevistadigital.com.ar\/blog\/wp-content\/uploads\/Captura-de-pantalla-2025-08-10-182716.jpg?fit=796%2C487&ssl=1&resize=700%2C400 2x"},"classes":[]},{"id":38933,"url":"https:\/\/larevistadigital.com.ar\/blog\/advertencia-de-cientificos-sobre-la-seguridad-en-la-investigacion-de-virus\/","url_meta":{"origin":31023,"position":1},"title":"Advertencia de Cient\u00edficos sobre la Seguridad en la Investigaci\u00f3n de Virus","author":"Alejandro Sosa Ruda","date":"5 marzo, 2025","format":false,"excerpt":"Dos epidemi\u00f3logos estadounidenses alertan sobre los experimentos realizados con el pat\u00f3geno HKU5-CoV-2, similar al que gener\u00f3 la pandemia de COVID. En una columna en The New York Times, advierten que deben realizarse en centros con la m\u00e1xima certificaci\u00f3n internacional 05 de Marzo de 2025 Los cient\u00edficos W. Ian Lipkin y\u2026","rel":"","context":"En \u00abINTERES GENERAL\u00bb","block_context":{"text":"INTERES GENERAL","link":"https:\/\/larevistadigital.com.ar\/blog\/category\/interes-general\/"},"img":{"alt_text":"","src":"https:\/\/i0.wp.com\/larevistadigital.com.ar\/blog\/wp-content\/uploads\/Captura-de-pantalla-2025-03-05-151514.jpg?fit=640%2C383&ssl=1&resize=350%2C200","width":350,"height":200,"srcset":"https:\/\/i0.wp.com\/larevistadigital.com.ar\/blog\/wp-content\/uploads\/Captura-de-pantalla-2025-03-05-151514.jpg?fit=640%2C383&ssl=1&resize=350%2C200 1x, https:\/\/i0.wp.com\/larevistadigital.com.ar\/blog\/wp-content\/uploads\/Captura-de-pantalla-2025-03-05-151514.jpg?fit=640%2C383&ssl=1&resize=525%2C300 1.5x"},"classes":[]},{"id":28805,"url":"https:\/\/larevistadigital.com.ar\/blog\/atencion-se-buscan-cientificos\/","url_meta":{"origin":31023,"position":2},"title":"\u00a1ATENCI\u00d3N! SE BUSCAN CIENT\u00cdFICOS","author":"Alejandro Sosa Ruda","date":"7 noviembre, 2022","format":false,"excerpt":"El CONICET, adem\u00e1s de convocar durante toda su actual gesti\u00f3n a 800 cargos cada a\u00f1o para incorporarse a la Carrera del Investigador Cient\u00edfico y Tecnol\u00f3gico, est\u00e1 realizando las convocatorias para sumar anualmente 300 ingresos a la Carrera del Personal de Apoyo a la Investigaci\u00f3n. 7 de noviembre de 2022 El\u2026","rel":"","context":"En \u00abINTERES GENERAL\u00bb","block_context":{"text":"INTERES GENERAL","link":"https:\/\/larevistadigital.com.ar\/blog\/category\/interes-general\/"},"img":{"alt_text":"","src":"https:\/\/i0.wp.com\/larevistadigital.com.ar\/blog\/wp-content\/uploads\/20221107083621_becas-conicet.jpg?fit=880%2C512&ssl=1&resize=350%2C200","width":350,"height":200,"srcset":"https:\/\/i0.wp.com\/larevistadigital.com.ar\/blog\/wp-content\/uploads\/20221107083621_becas-conicet.jpg?fit=880%2C512&ssl=1&resize=350%2C200 1x, https:\/\/i0.wp.com\/larevistadigital.com.ar\/blog\/wp-content\/uploads\/20221107083621_becas-conicet.jpg?fit=880%2C512&ssl=1&resize=525%2C300 1.5x, https:\/\/i0.wp.com\/larevistadigital.com.ar\/blog\/wp-content\/uploads\/20221107083621_becas-conicet.jpg?fit=880%2C512&ssl=1&resize=700%2C400 2x"},"classes":[]},{"id":211,"url":"https:\/\/larevistadigital.com.ar\/blog\/personalidad-acuerdo-la-longitud-tus-dedos\/","url_meta":{"origin":31023,"position":3},"title":"\u00bfC\u00f3mo es tu personalidad, de acuerdo a la longitud de tus dedos?","author":"editor","date":"13 febrero, 2017","format":false,"excerpt":"De acuerdo a algunos estudios cient\u00edficos, la longitud del dedo anular respecto del \u00edndice, determina el tipo de personalidad del sujeto en cuesti\u00f3n. Seg\u00fan algunas publicaciones se han efectuado diversos estudios cient\u00edficos que aseguran que de acuerdo a la relaci\u00f3n de tama\u00f1o entre los dedos \u00edndice y anular, se pueden\u2026","rel":"","context":"En \u00abCURIOSAS\u00bb","block_context":{"text":"CURIOSAS","link":"https:\/\/larevistadigital.com.ar\/blog\/category\/curiosas\/"},"img":{"alt_text":"","src":"https:\/\/i0.wp.com\/larevistadigital.com.ar\/blog\/wp-content\/uploads\/2017\/02\/estudio-longitud_dedos-mano-ansiedad-depresion-testosterona_MDSIMA20161013_0350_9.jpg?fit=980%2C549&ssl=1&resize=350%2C200","width":350,"height":200,"srcset":"https:\/\/i0.wp.com\/larevistadigital.com.ar\/blog\/wp-content\/uploads\/2017\/02\/estudio-longitud_dedos-mano-ansiedad-depresion-testosterona_MDSIMA20161013_0350_9.jpg?fit=980%2C549&ssl=1&resize=350%2C200 1x, https:\/\/i0.wp.com\/larevistadigital.com.ar\/blog\/wp-content\/uploads\/2017\/02\/estudio-longitud_dedos-mano-ansiedad-depresion-testosterona_MDSIMA20161013_0350_9.jpg?fit=980%2C549&ssl=1&resize=525%2C300 1.5x, https:\/\/i0.wp.com\/larevistadigital.com.ar\/blog\/wp-content\/uploads\/2017\/02\/estudio-longitud_dedos-mano-ansiedad-depresion-testosterona_MDSIMA20161013_0350_9.jpg?fit=980%2C549&ssl=1&resize=700%2C400 2x"},"classes":[]},{"id":15991,"url":"https:\/\/larevistadigital.com.ar\/blog\/video-misterioso-objeto-metalico-bajo-la-antartida-argentina\/","url_meta":{"origin":31023,"position":4},"title":"[VIDEO] MISTERIOSO OBJETO MET\u00c1LICO BAJO LA ANT\u00c1RTIDA ARGENTINA","author":"Alejandro Sosa Ruda","date":"12 agosto, 2020","format":false,"excerpt":"La Ant\u00e1rtida siempre ha tenido una gran cantidad de misterios y secretos, desde albergar la supuesta entrada a la Tierra hueca, a formar parte de una \u201cbarrera\u201d que delimitar\u00eda la supuesta Tierra plana.. Hoy por hoy todos sus secretos est\u00e1n bajo el hielo, aunque empieza a dejar al descubierto algunas\u2026","rel":"","context":"En \u00abCURIOSAS\u00bb","block_context":{"text":"CURIOSAS","link":"https:\/\/larevistadigital.com.ar\/blog\/category\/curiosas\/"},"img":{"alt_text":"","src":"https:\/\/i0.wp.com\/larevistadigital.com.ar\/blog\/wp-content\/uploads\/Screenshot_1-129.jpg?fit=1000%2C497&ssl=1&resize=350%2C200","width":350,"height":200,"srcset":"https:\/\/i0.wp.com\/larevistadigital.com.ar\/blog\/wp-content\/uploads\/Screenshot_1-129.jpg?fit=1000%2C497&ssl=1&resize=350%2C200 1x, https:\/\/i0.wp.com\/larevistadigital.com.ar\/blog\/wp-content\/uploads\/Screenshot_1-129.jpg?fit=1000%2C497&ssl=1&resize=525%2C300 1.5x, https:\/\/i0.wp.com\/larevistadigital.com.ar\/blog\/wp-content\/uploads\/Screenshot_1-129.jpg?fit=1000%2C497&ssl=1&resize=700%2C400 2x"},"classes":[]},{"id":38709,"url":"https:\/\/larevistadigital.com.ar\/blog\/se-volvio-a-desplazar-el-polo-norte-magnetico-cientificos-han-actualizado-su-nueva-ubicacion\/","url_meta":{"origin":31023,"position":5},"title":"Se volvi\u00f3 a desplazar el Polo Norte Magn\u00e9tico, cient\u00edficos han actualizado su nueva ubicaci\u00f3n","author":"Alejandro Sosa Ruda","date":"16 febrero, 2025","format":false,"excerpt":"El\u00a0Polo Norte magn\u00e9tico\u00a0de la Tierra est\u00e1 cambiando de posici\u00f3n una vez m\u00e1s, lo que obliga a recalibrar los sistemas de navegaci\u00f3n en barcos y aviones. A ra\u00edz de su desplazamiento continuo desde Canad\u00e1 hacia Siberia, cient\u00edficos de la NOAA y el Servicio Geol\u00f3gico Brit\u00e1nico han actualizado el Modelo Magn\u00e9tico Mundial\u2026","rel":"","context":"En \u00abINTERES GENERAL\u00bb","block_context":{"text":"INTERES GENERAL","link":"https:\/\/larevistadigital.com.ar\/blog\/category\/interes-general\/"},"img":{"alt_text":"","src":"https:\/\/i0.wp.com\/larevistadigital.com.ar\/blog\/wp-content\/uploads\/Captura-de-pantalla-2025-02-16-103015.jpg?fit=628%2C391&ssl=1&resize=350%2C200","width":350,"height":200,"srcset":"https:\/\/i0.wp.com\/larevistadigital.com.ar\/blog\/wp-content\/uploads\/Captura-de-pantalla-2025-02-16-103015.jpg?fit=628%2C391&ssl=1&resize=350%2C200 1x, https:\/\/i0.wp.com\/larevistadigital.com.ar\/blog\/wp-content\/uploads\/Captura-de-pantalla-2025-02-16-103015.jpg?fit=628%2C391&ssl=1&resize=525%2C300 1.5x"},"classes":[]}],"_links":{"self":[{"href":"https:\/\/larevistadigital.com.ar\/blog\/wp-json\/wp\/v2\/posts\/31023","targetHints":{"allow":["GET"]}}],"collection":[{"href":"https:\/\/larevistadigital.com.ar\/blog\/wp-json\/wp\/v2\/posts"}],"about":[{"href":"https:\/\/larevistadigital.com.ar\/blog\/wp-json\/wp\/v2\/types\/post"}],"author":[{"embeddable":true,"href":"https:\/\/larevistadigital.com.ar\/blog\/wp-json\/wp\/v2\/users\/3"}],"replies":[{"embeddable":true,"href":"https:\/\/larevistadigital.com.ar\/blog\/wp-json\/wp\/v2\/comments?post=31023"}],"version-history":[{"count":1,"href":"https:\/\/larevistadigital.com.ar\/blog\/wp-json\/wp\/v2\/posts\/31023\/revisions"}],"predecessor-version":[{"id":31024,"href":"https:\/\/larevistadigital.com.ar\/blog\/wp-json\/wp\/v2\/posts\/31023\/revisions\/31024"}],"wp:featuredmedia":[{"embeddable":true,"href":"https:\/\/larevistadigital.com.ar\/blog\/wp-json\/wp\/v2\/media\/16747"}],"wp:attachment":[{"href":"https:\/\/larevistadigital.com.ar\/blog\/wp-json\/wp\/v2\/media?parent=31023"}],"wp:term":[{"taxonomy":"category","embeddable":true,"href":"https:\/\/larevistadigital.com.ar\/blog\/wp-json\/wp\/v2\/categories?post=31023"},{"taxonomy":"post_tag","embeddable":true,"href":"https:\/\/larevistadigital.com.ar\/blog\/wp-json\/wp\/v2\/tags?post=31023"}],"curies":[{"name":"wp","href":"https:\/\/api.w.org\/{rel}","templated":true}]}}