{"id":31029,"date":"2023-04-14T13:49:27","date_gmt":"2023-04-14T13:49:27","guid":{"rendered":"https:\/\/larevistadigital.com.ar\/blog\/?p=31029"},"modified":"2023-04-14T13:49:27","modified_gmt":"2023-04-14T13:49:27","slug":"esto-paso-un-dia-como-hoy-14-de-abril","status":"publish","type":"post","link":"https:\/\/larevistadigital.com.ar\/blog\/esto-paso-un-dia-como-hoy-14-de-abril\/","title":{"rendered":"ESTO PAS\u00d3 UN D\u00cdA COMO HOY, 14 DE ABRIL"},"content":{"rendered":"<p class=\"paragraph\" data-mrf-recirculation=\"Links inline\">Desde\u00a0<b>hechos legendarios, lastimosas tragedias e importantes avances cient\u00edficos<\/b>, hasta nacimientos y muertes de personajes relevantes como l\u00edderes sociales, cient\u00edficos y artistas, es lo que nos traen las efem\u00e9rides de este d\u00eda.<\/p>\n<p class=\"paragraph\" data-mrf-recirculation=\"Links inline\"><b>-43<\/b>: En Italia se libra la batalla de Forum Gallorum. Marco Antonio, habiendo sitiado al asesino de Julio C\u00e9sar, Brutus, en Mutina, derrota a las fuerzas del c\u00f3nsul Pansa, que result\u00f3 muerto.<\/p>\n<p class=\"paragraph\" data-mrf-recirculation=\"Links inline\"><b>69<\/b>: En Alemania, Vitellius, comandante de las tropas del Rin, derrota al emperador Ot\u00f3n en la primera batalla de Bedriacum y alcanza el trono.<\/p>\n<p class=\"paragraph\" data-mrf-recirculation=\"Links inline\"><b>73<\/b>: En Masada, cerca de Jerusal\u00e9n (Judea), los jud\u00edos defensores de la fortaleza cometen un suicidio colectivo para no entregarse a los romanos.<\/p>\n<p class=\"paragraph\" data-mrf-recirculation=\"Links inline\"><b>1182<\/b>: En Espa\u00f1a se inaugura la mezquita de Sevilla, cuyas obras se hab\u00edan iniciado diez a\u00f1os antes.<\/p>\n<p class=\"paragraph\" data-mrf-recirculation=\"Links inline\"><b>1205<\/b>: Batalla de Adrian\u00f3polis entre los b\u00falgaros y los cruzados.<\/p>\n<p class=\"paragraph\" data-mrf-recirculation=\"Links inline\"><b>1450<\/b>: En Francia se libra la batalla de Formign\u00fd. Los franceses atacan y casi aniquilan a los ingleses, acabando as\u00ed con la dominaci\u00f3n inglesa en el norte de Francia.<\/p>\n<p class=\"paragraph\" data-mrf-recirculation=\"Links inline\"><b>1573<\/b>: El capit\u00e1n Juan de Garay parte de Asunci\u00f3n (actual Paraguay) hacia el sur con una expedici\u00f3n integrada por 9\u00a0espa\u00f1oles y 75\u00a0\u00abmancebos nacidos de estas tierras\u00bb. Al a\u00f1o siguiente fundar\u00eda Santa Fe y seis a\u00f1os despu\u00e9s Buenos Aires.<\/p>\n<p class=\"paragraph\" data-mrf-recirculation=\"Links inline\"><b>1632<\/b>: En la batalla de Rain, los suecos derrotan al Sacro Imperio Romano durante la Guerra de los Treinta A\u00f1os.<\/p>\n<p class=\"paragraph\" data-mrf-recirculation=\"Links inline\"><b>1748<\/b>: En el norte de la provincia de Buenos Aires (Argentina), el espa\u00f1ol Rafael de Aguiar funda San Nicol\u00e1s de los Arroyos.<\/p>\n<p class=\"paragraph\" data-mrf-recirculation=\"Links inline\"><b>1815<\/b>: En la provincia de Jujuy (Argentina) \u2015en el \u00e1mbito de la Guerra de Independencia de Argentina\u2015, las fuerzas del ej\u00e9rcito argentino (al mando del general G\u00fcemes) vencen al ej\u00e9rcito realista (al mando del peruano Antonio Vigil) en la batalla de Puesto del Marqu\u00e9s.<\/p>\n<p class=\"paragraph\" data-mrf-recirculation=\"Links inline\"><b>1817<\/b>: En la Republiqueta de Tarija, el ej\u00e9rcito patriota comandados por Gregorio Ar\u00e1oz de Lamadrid y Francisco P\u00e9rez de Uriondo se enfrentaron en la Villa de Tarija contra el ej\u00e9rcito realista liderados por Mateo Ram\u00edrez, dando lugar a la batalla de Tarija.<\/p>\n<p class=\"paragraph\" data-mrf-recirculation=\"Links inline\"><b>1828<\/b>: En los Estados Unidos, Noah Webster publica la primera edici\u00f3n de su diccionario, An American Dictionary of the English Language.<\/p>\n<p class=\"paragraph\" data-mrf-recirculation=\"Links inline\"><b>1850<\/b>: En Chile, el liberal Francisco Bilbao y otros intelectuales fundan la Sociedad de la Igualdad.<\/p>\n<p class=\"paragraph\" data-mrf-recirculation=\"Links inline\"><b>1860<\/b>: En los Estados Unidos, el primer jinete del Pony Express arriba a Sacramento (California)<\/p>\n<p class=\"paragraph\" data-mrf-recirculation=\"Links inline\"><b>1865<\/b>: En los Estados Unidos, John Wilkes Booth dispara al presidente Abraham Lincoln, que muere al d\u00eda siguiente.<\/p>\n<p class=\"paragraph\" data-mrf-recirculation=\"Links inline\"><b>1868<\/b>: En Guanabacoa (Cuba), el follet\u00edn El \u00c1lbum publica los primeros versos de Jos\u00e9 Mart\u00ed, \u00abA Micaela\u00bb, dedicados a la esposa de Rafael Mar\u00eda de Mendive.<\/p>\n<p class=\"paragraph\" data-mrf-recirculation=\"Links inline\"><b>1869<\/b>: En la Asamblea de Gu\u00e1imaro (Cuba), la legendaria guerrillera mambisa Ana Betancourt (1832-1901) realiza un vibrante discurso.<\/p>\n<p class=\"paragraph\" data-mrf-recirculation=\"Links inline\"><b>1872<\/b>: En Cayo Redondo (Cuba), las tropas de Vicente Garc\u00eda combaten contra los invasores espa\u00f1oles.<\/p>\n<p class=\"paragraph\" data-mrf-recirculation=\"Links inline\"><b>1890<\/b>: En los Estados Unidos se funda la Uni\u00f3n Internacional de los Pa\u00edses Americanos, que desde 1948 se llamar\u00e1 OEA (Organizaci\u00f3n de Estados Americanos).<\/p>\n<p class=\"paragraph\" data-mrf-recirculation=\"Links inline\"><b>1894<\/b>: En los Estados Unidos, Thomas Edison presenta el kinetoscopio, artefacto para ver im\u00e1genes, que fue un precursor de las pel\u00edculas cinematogr\u00e1ficas. Se basa en una idea del inventor Eadweard Muybridge.<\/p>\n<p class=\"paragraph\" data-mrf-recirculation=\"Links inline\"><b>1895<\/b>: En Eslovenia se produce un terremoto de magnitud 6,1 que asola Liubliana.<\/p>\n<p class=\"paragraph\" data-mrf-recirculation=\"Links inline\"><b>1895<\/b>: En Cuba, M\u00e1ximo G\u00f3mez nombra al escritor y patriota Jos\u00e9 Mart\u00ed \u00abmayor general\u00bb.<\/p>\n<p class=\"paragraph\" data-mrf-recirculation=\"Links inline\"><b>1896<\/b>: En Pinar del R\u00edo (Cuba) \u2015en el marco de la guerra de independencia cubana\u2015 las tropas del general Antonio Maceo vencen a varias columnas espa\u00f1olas bajo las \u00f3rdenes del general Juli\u00e1n Su\u00e1rez Incl\u00e1n (enviados por el gobernador espa\u00f1ol Valeriano Weyler) en el combate de Loma de Tapia.<\/p>\n<p class=\"paragraph\" data-mrf-recirculation=\"Links inline\"><b>1900<\/b>: En Par\u00eds (Francia) se crea la UCI (Uni\u00f3n Ciclista Internacional).<\/p>\n<p class=\"paragraph\" data-mrf-recirculation=\"Links inline\"><b>1905<\/b>: En Tom\u00e9 (Chile), el profesor Vicente Palacios es nombrado primer director del Liceo de Hombres, establecimiento que actualmente lleva su nombre.<\/p>\n<p class=\"paragraph\" data-mrf-recirculation=\"Links inline\"><b>1907<\/b>: En la costa sur de M\u00e9xico, cerca del puerto de Acapulco, ocurre un sismo de magnitud 7,9 (MW) que afecta a gran parte del pa\u00eds. El movimiento tel\u00farico provoc\u00f3 un tsunami.<\/p>\n<p class=\"paragraph\" data-mrf-recirculation=\"Links inline\"><b>1909<\/b>: En la ciudad de Adana Vilayet (Turqu\u00eda) el Gobierno otomano asesina a unos 30\u00a0000\u00a0cristianos armenios (masacre de Adana).<\/p>\n<p class=\"paragraph\" data-mrf-recirculation=\"Links inline\"><b>1910<\/b>: En los Estados Unidos, el presidente William Howard Taft comienza la tradici\u00f3n de lanzar la primera pelota en un partido de b\u00e9isbol.<\/p>\n<p class=\"paragraph\" data-mrf-recirculation=\"Links inline\"><b>1912<\/b>: En el medio del oc\u00e9ano Atl\u00e1ntico norte (a 1950\u00a0km al este de Nueva York, 3430\u00a0km al oeste de Oporto (Portugal) y 600\u00a0km al sur-sureste de la costa de Terranova), el barco brit\u00e1nico Titanic choca contra un iceberg a las 23:40 en su viaje inaugural: acab\u00f3 de hundirse a las 2:20 de la madrugada siguiente. Mueren 1496 personas de las 2208 que viajaban a bordo.<\/p>\n<p class=\"paragraph\" data-mrf-recirculation=\"Links inline\"><b>1912<\/b>: En la ciudad de Santos (Brasil) se funda el Santos Futebol Clube.<\/p>\n<p class=\"paragraph\" data-mrf-recirculation=\"Links inline\"><b>1927<\/b>: En la ciudad de M\u00e9xico, el revolucionario cubano Julio Antonio Mella (1903-1929) funda la revista Am\u00e9rica Libre.<\/p>\n<p class=\"paragraph\" data-mrf-recirculation=\"Links inline\"><b>1929<\/b>: Se inaugura el Circuito de M\u00f3naco.<\/p>\n<p class=\"paragraph\" data-mrf-recirculation=\"Links inline\"><b>1931<\/b>: El primer D\u00eda de las Am\u00e9ricas fue celebrado a lo largo del continente americano en 1931. Se eligi\u00f3 el 14 de abril por ser la fecha de 1890 en que, mediante resoluci\u00f3n de la Primera Conferencia Internacional Americana (celebrada en el Distrito de Columbia, entre octubre de 1889 y abril de 1890)<\/p>\n<p class=\"paragraph\" data-mrf-recirculation=\"Links inline\"><b>1931<\/b>: En Espa\u00f1a se proclama la Segunda Rep\u00fablica Espa\u00f1ola, tras las elecciones celebradas despu\u00e9s de la dimisi\u00f3n del dictador Miguel Primo de Rivera (enero de 1930), en las que los republicanos triunfaron en 41 de las 50 capitales de provincia. Ante el decidido impulso republicano en las ciudades, el rey Alfonso XIII decide abandonar el pa\u00eds. Le\u00f3n ser\u00e1 la primera localidad en que se ice la bandera republicana.<\/p>\n<p class=\"paragraph\" data-mrf-recirculation=\"Links inline\"><b>1931<\/b>: En M\u00e1laga, grupos de obreros y anarquistas derriban la estatua del Monumento al Marqu\u00e9s de Larios, arroj\u00e1ndola al mar y sustituy\u00e9ndola por una de un trabajador.<\/p>\n<p class=\"paragraph\" data-mrf-recirculation=\"Links inline\"><b>1931<\/b>: En Espa\u00f1a se funda el Granada Club de F\u00fatbol.<\/p>\n<p class=\"paragraph\" data-mrf-recirculation=\"Links inline\"><b>1936<\/b>: En Barcelona (Espa\u00f1a) hace su \u00faltima presentaci\u00f3n el grupo de teatro \u00abLa Barraca\u00bb, creado por Federico Garc\u00eda Lorca.<\/p>\n<p class=\"paragraph\" data-mrf-recirculation=\"Links inline\"><b>1939<\/b>: Roosevelt env\u00eda una carta a Hitler y Mussolini ofreciendo y pidiendo 10 a\u00f1os de paz en Europa y Medio Oriente.<\/p>\n<p class=\"paragraph\" data-mrf-recirculation=\"Links inline\"><b>1948<\/b>: En el atol\u00f3n Enewetak, Estados Unidos detona la bomba at\u00f3mica X-Ray (de 37\u00a0kilotones), la sexta de la Historia humana.<\/p>\n<p class=\"paragraph\" data-mrf-recirculation=\"Links inline\"><b>1955<\/b>: En la poblaci\u00f3n espa\u00f1ola de Gen\u00f3 (L\u00e9rida) se descubre un yacimiento arqueol\u00f3gico.<\/p>\n<p class=\"paragraph\" data-mrf-recirculation=\"Links inline\"><b>1958<\/b>: La nave espacial sovi\u00e9tica Sputnik 2 se desintegra con el cuerpo de la perra Laika (el primer ser vivo terr\u00e1queo en el espacio) en su interior al penetrar en la atm\u00f3sfera.<\/p>\n<p class=\"paragraph\" data-mrf-recirculation=\"Links inline\"><b>1958<\/b>: En la selva de la Sierra Maestra (la provincia m\u00e1s oriental de Cuba), el guerrillero Fidel Castro realiza su primera alocuci\u00f3n en Radio Rebelde (fundada dos meses antes). Analiz\u00f3 el sangriento fracaso de la huelga general del 9 de abril, pidi\u00f3 redoblar los esfuerzos en la lucha contra la tiran\u00eda de Batista y ratific\u00f3 el juramento de que la fortaleza de la monta\u00f1a jam\u00e1s ser\u00eda vencida y que la Patria ser\u00eda libre o en ese empe\u00f1o caer\u00eda hasta el \u00faltimo combatiente.<\/p>\n<p class=\"paragraph\" data-mrf-recirculation=\"Links inline\"><b>1958<\/b>: En su casa de calle Washington entre Rivera y Maceo (en el Barrio Azul de Arroyo Naranjo, en los suburbios al sur de La Habana), los esbirros al mando del capit\u00e1n Brito asesinan a los guerrilleros Holvein Quesada Rodr\u00edguez y Evidio Mar\u00edn.<\/p>\n<p class=\"paragraph\" data-mrf-recirculation=\"Links inline\"><b>1962<\/b>: En un pozo a 171\u00a0metros bajo tierra, en el \u00e1rea U12k.01 del Sitio de pruebas at\u00f3micas de Nevada (a unos 100\u00a0km al noroeste de la ciudad de Las Vegas), a las 10:00 (hora local) Estados Unidos detona su bomba at\u00f3mica Platte, de 1.9\u00a0kilotones. Es la bomba\u00a0n.\u00ba\u00a0227 de las 1132 que Estados Unidos deton\u00f3 entre 1945 y 1992.<\/p>\n<p class=\"paragraph\" data-mrf-recirculation=\"Links inline\"><b>1964<\/b>: En Cabo Ca\u00f1averal (Estados Unidos), la tercera etapa de un cohete Delta se enciende prematuramente en una sala de ensamblaje, matando a tres\u00a0t\u00e9cnicos.<\/p>\n<p class=\"paragraph\" data-mrf-recirculation=\"Links inline\"><b>1964<\/b>: En un pozo a 204\u00a0metros bajo tierra, en el \u00e1rea U9bc del Sitio de pruebas at\u00f3micas de Nevada, a las 8:40 (hora local) Estados Unidos detona su bomba at\u00f3mica\u00a0n.\u00ba\u00a0364, Hook, de 3\u00a0kilotones.<\/p>\n<p class=\"paragraph\" data-mrf-recirculation=\"Links inline\"><b>1964<\/b>: En La Habana (Cuba), el comandante Ernesto Che Guevara parte hacia Argelia para participar en una conferencia internacional.<\/p>\n<p class=\"paragraph\" data-mrf-recirculation=\"Links inline\"><b>1965<\/b>: En un pozo a 85\u00a0metros bajo tierra, en el \u00e1rea U20k del Sitio de pruebas at\u00f3micas de Nevada, a las 5:14 (hora local) Estados Unidos detona su bomba at\u00f3mica\u00a0n.\u00ba\u00a0413, Palanqu\u00edn, de 4.3\u00a0kilotones.<\/p>\n<p class=\"paragraph\" data-mrf-recirculation=\"Links inline\"><b>1966<\/b>: Estados Unidos detona su bomba at\u00f3mica n.\u00ba 458, Duryea.<\/p>\n<p class=\"paragraph\" data-mrf-recirculation=\"Links inline\"><b>1968<\/b>: En Espa\u00f1a comienza a funcionar la Universidad de la Marina Mercante.<\/p>\n<p class=\"paragraph\" data-mrf-recirculation=\"Links inline\"><b>1968<\/b>: En el Augusta National Golf Club (Estados Unidos), el golfista argentino Roberto de Vicenzo pierde el Masters porque su compa\u00f1ero ingres\u00f3 mal los datos en su tarjeta.<\/p>\n<p class=\"paragraph\" data-mrf-recirculation=\"Links inline\"><b>1979<\/b>: Los Gobiernos de Cuba y Granada establecen relaciones diplom\u00e1ticas.<\/p>\n<p class=\"paragraph\" data-mrf-recirculation=\"Links inline\"><b>1979<\/b>: En Las Vegas (Estados Unidos) el boxeador argentino V\u00edctor Gal\u00edndez reconquista el t\u00edtulo mundial de los mediopesados al vencer por nocaut t\u00e9cnico a Mike Rossman.<\/p>\n<p class=\"paragraph\" data-mrf-recirculation=\"Links inline\"><b>1980<\/b>: En Londres, la banda de nueva ola del heavy metal brit\u00e1nico Iron Maiden edita su primer \u00e1lbum de estudio.<\/p>\n<p class=\"paragraph\" data-mrf-recirculation=\"Links inline\"><b>1981<\/b>: En los Estados Unidos el primer transbordador Columbia supera su vuelo de prueba.<\/p>\n<p class=\"paragraph\" data-mrf-recirculation=\"Links inline\"><b>1983<\/b>: Estados Unidos detona su bomba at\u00f3mica n.\u00ba 991, Turquoise.<\/p>\n<p class=\"paragraph\" data-mrf-recirculation=\"Links inline\"><b>1985<\/b>: En Per\u00fa, Alan Garc\u00eda, de 35 a\u00f1os, es elegido presidente, convirti\u00e9ndose en el primer presidente m\u00e1s joven de la historia.<\/p>\n<p class=\"paragraph\" data-mrf-recirculation=\"Links inline\"><b>1986<\/b>: En Libia sucede el bombardeo estadounidense contra objetivos civiles, como represalia por el supuesto patrocinio de esa naci\u00f3n al terrorismo contra intereses y ciudadanos estadounidenses.<\/p>\n<p class=\"paragraph\" data-mrf-recirculation=\"Links inline\"><b>1987<\/b>: En la Uni\u00f3n Sovi\u00e9tica, el l\u00edder Mija\u00edl Gorbachov propone prohibir la instalaci\u00f3n de misiles en toda Europa.<\/p>\n<p class=\"paragraph\" data-mrf-recirculation=\"Links inline\"><b>1992<\/b>: En Espa\u00f1a, se inaugura oficialmente la l\u00ednea de alta velocidad Madrid-Sevilla y los servicios AVE.<\/p>\n<p class=\"paragraph\" data-mrf-recirculation=\"Links inline\"><b>1994<\/b>: En Grecia, el parlamento vota a favor de retirar la ciudadan\u00eda al exrey Constantino II.<\/p>\n<p class=\"paragraph\" data-mrf-recirculation=\"Links inline\"><b>1999<\/b>: En Nueva York (Estados Unidos), un juez federal dictamina que la empresa Bacard\u00ed (de Las Bahamas) puede comercializar ron en los Estados Unidos con el nombre de Havana Club.<\/p>\n<p class=\"paragraph\" data-mrf-recirculation=\"Links inline\"><b>2000<\/b>: En Espa\u00f1a, Jos\u00e9 Mar\u00eda Fidalgo es elegido nuevo secretario general del sindicato CC.\u00a0OO.<\/p>\n<p class=\"paragraph\" data-mrf-recirculation=\"Links inline\"><b>2002<\/b>: En Caracas (Venezuela), el presidente Hugo Ch\u00e1vez reasume la presidencia en la madrugada, despu\u00e9s de haber sido derrocado tres\u00a0d\u00edas antes.<\/p>\n<p class=\"paragraph\" data-mrf-recirculation=\"Links inline\"><b>2003<\/b>: En los Estados Unidos se completa el mapa del genoma humano.<\/p>\n<p class=\"paragraph\" data-mrf-recirculation=\"Links inline\"><b>2004<\/b>: En Argentina se inaugura la red social Taringa.<\/p>\n<p class=\"paragraph\" data-mrf-recirculation=\"Links inline\"><b>2010<\/b>: En los Estados Unidos se estrena un episodio de la serie animada de televisi\u00f3n South Park llamada \u00ab200\u00bb, que de pronto se convirti\u00f3 en uno de los episodios m\u00e1s controvertidos de la televisi\u00f3n por presentar caricaturas de Mahoma (una actividad para la que los musulmanes proponen la pena de muerte).<\/p>\n<p class=\"paragraph\" data-mrf-recirculation=\"Links inline\"><b>2012<\/b>: En Botsuana, el rey Juan Carlos I sufre una fractura de cadera durante una cacer\u00eda de elefantes.<\/p>\n<p class=\"paragraph\" data-mrf-recirculation=\"Links inline\"><b>2013<\/b>: En Venezuela se celebran elecciones presidenciales para el per\u00edodo 2013-2019 para elegir al sucesor del fallecido presidente Hugo Ch\u00e1vez, siendo elegido Nicol\u00e1s Maduro.<\/p>\n<p class=\"paragraph\" data-mrf-recirculation=\"Links inline\"><b>2014<\/b>: En Nigeria se produce el Atentado de Abuya de 2014.<\/p>\n<p class=\"paragraph\" data-mrf-recirculation=\"Links inline\"><b>2014<\/b>: En Nigeria se produce el secuestro de Chibok.<\/p>\n<p class=\"paragraph\" data-mrf-recirculation=\"Links inline\"><b>2015<\/b>: En Washington DC (Estados Unidos), el Consejo de Seguridad Nacional informa la decisi\u00f3n del presidente Barack Obama de retirar a Cuba de la lista de Estados patrocinadores del terrorismo.<\/p>\n<p class=\"paragraph\" data-mrf-recirculation=\"Links inline\"><b>2016<\/b>: En Kumamoto (Jap\u00f3n) ocurre un terremoto.<\/p>\n<p class=\"paragraph\" data-mrf-recirculation=\"Links inline\"><b>2018<\/b>: En Siria ocurre un ataque por parte de Estados Unidos, Francia y Reino Unido, con el motivo de destruir f\u00e1bricas de armas qu\u00edmicas.<\/p>\n<h2 class=\"header\"><span style=\"color: #ff0000\">Nacimientos<\/span><\/h2>\n<p class=\"paragraph\" data-mrf-recirculation=\"Links inline\"><b>1126<\/b>: Averroes, fil\u00f3sofo y m\u00e9dico andalus\u00ed (f. 1198).<\/p>\n<p class=\"paragraph\" data-mrf-recirculation=\"Links inline\"><b>1204<\/b>: Enrique I, rey castellano (f. 1217).<\/p>\n<p class=\"paragraph\" data-mrf-recirculation=\"Links inline\"><b>1371<\/b>: Mar\u00eda I, reina h\u00fangara (f. 1395).<\/p>\n<p class=\"paragraph\" data-mrf-recirculation=\"Links inline\"><b>1527<\/b>: Abraham Ortelius, ge\u00f3grafo y cart\u00f3grafo flamenco (f. 1598).<\/p>\n<p class=\"paragraph\" data-mrf-recirculation=\"Links inline\"><b>1578<\/b>: Felipe III, rey de Espa\u00f1a y Portugal entre 1598 y 1621 (f. 1621).<\/p>\n<p class=\"paragraph\" data-mrf-recirculation=\"Links inline\"><b>1629<\/b>: Christiaan Huygens, matem\u00e1tico neerland\u00e9s (f. 1695).<\/p>\n<p class=\"paragraph\" data-mrf-recirculation=\"Links inline\"><b>1678<\/b>: Abraham Darby I, inventor y cu\u00e1quero brit\u00e1nico (f. 1717).<\/p>\n<p class=\"paragraph\" data-mrf-recirculation=\"Links inline\"><b>1738<\/b>: William Henry Cavendish-Bentinck, pol\u00edtico brit\u00e1nico (f. 1809).<\/p>\n<p class=\"paragraph\" data-mrf-recirculation=\"Links inline\"><b>1741<\/b>: Momozono, emperador japon\u00e9s (f. 1762).<\/p>\n<p class=\"paragraph\" data-mrf-recirculation=\"Links inline\"><b>1744<\/b>: Den\u00eds Fonvizin, escritor ruso (f. 1792).<\/p>\n<p class=\"paragraph\" data-mrf-recirculation=\"Links inline\"><b>1762<\/b>: Giuseppe Valadier, arquitecto, urbanista, arque\u00f3logo y orfebre italiano (f. 1839).<\/p>\n<p class=\"paragraph\" data-mrf-recirculation=\"Links inline\"><b>1764<\/b>: Firm\u00edn Didot, grabador, impresor y tip\u00f3grafo franc\u00e9s (f. 1836).<\/p>\n<p class=\"paragraph\" data-mrf-recirculation=\"Links inline\"><b>1780<\/b>: Edward Hicks, pintor estadounidense (f. 1849).<\/p>\n<p class=\"paragraph\" data-mrf-recirculation=\"Links inline\"><b>1787<\/b>: Victor Schnetz, pintor franc\u00e9s (f. 1870).<\/p>\n<p class=\"paragraph\" data-mrf-recirculation=\"Links inline\"><b>1852<\/b>: Meijer de Haan, pintor neerland\u00e9s (f. 1895).<\/p>\n<p class=\"paragraph\" data-mrf-recirculation=\"Links inline\"><b>1862<\/b>: Piotr Stolypin, pol\u00edtico y primer ministro ruso (f. 1911).<\/p>\n<p class=\"paragraph\" data-mrf-recirculation=\"Links inline\"><b>1864<\/b>: Artur V\u0103itoianu, militar rumano (f. 1956).<\/p>\n<p class=\"paragraph\" data-mrf-recirculation=\"Links inline\"><b>1868<\/b>: Peter Behrens, arquitecto y dise\u00f1ador alem\u00e1n (f. 1940).<\/p>\n<p class=\"paragraph\" data-mrf-recirculation=\"Links inline\"><b>1882<\/b>: Moritz Schlick, f\u00edsico y fil\u00f3sofo alem\u00e1n (f. 1936).<\/p>\n<p class=\"paragraph\" data-mrf-recirculation=\"Links inline\"><b>1886<\/b>: Ernst Robert Curtius, fil\u00f3logo y romanista alem\u00e1n (f. 1956).<\/p>\n<p class=\"paragraph\" data-mrf-recirculation=\"Links inline\"><b>1889<\/b>: Yefim Bogoliubov, ajedrecista ucraniano (f. 1952).<\/p>\n<p class=\"paragraph\" data-mrf-recirculation=\"Links inline\"><b>1892<\/b>: Vere Gordon Childe, arque\u00f3logo australiano (f. 1957).<\/p>\n<p class=\"paragraph\" data-mrf-recirculation=\"Links inline\"><b>1892<\/b>: Juan Belmonte, torero espa\u00f1ol (f. 1962).<\/p>\n<p class=\"paragraph\" data-mrf-recirculation=\"Links inline\"><b>1897<\/b>: Horace McCoy, escritor estadounidense (f. 1955).<\/p>\n<p class=\"paragraph\" data-mrf-recirculation=\"Links inline\"><b>1897<\/b>: Edgardo Donato, compositor argentino (f. 1963).<\/p>\n<p class=\"paragraph\" data-mrf-recirculation=\"Links inline\"><b>1898<\/b>: Virginia Vera, cantante, guitarrista, compositora y actriz argentina de origen italiano (f. 1949).<\/p>\n<p class=\"paragraph\" data-mrf-recirculation=\"Links inline\"><b>1900<\/b>: Jos\u00e9 Dom\u00ednguez Echenique, pol\u00edtico chileno (f. 1961).<\/p>\n<p class=\"paragraph\" data-mrf-recirculation=\"Links inline\"><b>1904<\/b>: John Gielgud, actor brit\u00e1nico (f. 2000).<\/p>\n<p class=\"paragraph\" data-mrf-recirculation=\"Links inline\"><b>1907<\/b>: Fran\u00e7ois Duvalier, dictador haitiano (f. 1971).<\/p>\n<p class=\"paragraph\" data-mrf-recirculation=\"Links inline\"><b>1909<\/b>: Isabel Aretz, etnomusic\u00f3loga y folclorista argentina (f. 2005).<\/p>\n<p class=\"paragraph\" data-mrf-recirculation=\"Links inline\"><b>1912<\/b>: Robert Doisneau, fot\u00f3grafo franc\u00e9s (f. 1994).<\/p>\n<p class=\"paragraph\" data-mrf-recirculation=\"Links inline\"><b>1920<\/b>: Olivier Debr\u00e9, pintor franc\u00e9s (f. 1999).<\/p>\n<p class=\"paragraph\" data-mrf-recirculation=\"Links inline\"><b>1920<\/b>: Schubert Gambetta, futbolista uruguayo (f. 1991).<\/p>\n<p class=\"paragraph\" data-mrf-recirculation=\"Links inline\"><b>1921<\/b>: Thomas Schelling, economista estadounidense (f. 2016).<\/p>\n<p class=\"paragraph\" data-mrf-recirculation=\"Links inline\"><b>1922<\/b>: Mar\u00eda Luisa Bemberg, cineasta argentina (f. 1995).<\/p>\n<p class=\"paragraph\" data-mrf-recirculation=\"Links inline\"><b>1923<\/b>: Roberto De Vicenzo, golfista argentino (f. 2017).<\/p>\n<p class=\"paragraph\" data-mrf-recirculation=\"Links inline\"><b>1924<\/b>: Ricardo Espalter, actor y humorista uruguayo (f. 2007).<\/p>\n<p class=\"paragraph\" data-mrf-recirculation=\"Links inline\"><b>1925<\/b>: Rod Steiger, actor estadounidense (f. 2002).<\/p>\n<p class=\"paragraph\" data-mrf-recirculation=\"Links inline\"><b>1925<\/b>: Gene Ammons, m\u00fasico de jazz estadounidense (f. 1974).<\/p>\n<p class=\"paragraph\" data-mrf-recirculation=\"Links inline\"><b>1926<\/b>: Luis Felipe Angell, escritor y humorista peruano (f. 2004).<\/p>\n<p class=\"paragraph\" data-mrf-recirculation=\"Links inline\"><b>1926<\/b>: Leopoldo Calvo-Sotelo, pol\u00edtico espa\u00f1ol, presidente del gobierno de Espa\u00f1a entre 1981 y 1982 (f. 2008).<\/p>\n<p class=\"paragraph\" data-mrf-recirculation=\"Links inline\"><b>1926<\/b>: Hugo Moser, autor y guionista argentino (f. 2003).<\/p>\n<p class=\"paragraph\" data-mrf-recirculation=\"Links inline\"><b>1927<\/b>: Arno Fischer, fot\u00f3grafo y profesor alem\u00e1n (f. 2011).<\/p>\n<p class=\"paragraph\" data-mrf-recirculation=\"Links inline\"><b>1927<\/b>: Alan G. MacDiarmid, qu\u00edmico y profesor universitario neozeland\u00e9s, premio nobel de qu\u00edmica en 2000 (f. 2007).<\/p>\n<p class=\"paragraph\" data-mrf-recirculation=\"Links inline\"><b>1935<\/b>: Erich von D\u00e4niken, escritor suizo.<\/p>\n<p class=\"paragraph\" data-mrf-recirculation=\"Links inline\"><b>1936<\/b>: Marco Antonio Dorantes, \u00e1rbitro de f\u00fatbol mexicano (f. 2012).<\/p>\n<p class=\"paragraph\" data-mrf-recirculation=\"Links inline\"><b>1940<\/b>: Mar\u00eda Kinsky de Wchinitz y Tettau, Princesa consorte de Liechtenstein de 1989 a 2021 (f. 2021).<\/p>\n<p class=\"paragraph\" data-mrf-recirculation=\"Links inline\"><b>1941<\/b>: Julie Christie, actriz brit\u00e1nica.<\/p>\n<p class=\"paragraph\" data-mrf-recirculation=\"Links inline\"><b>1941<\/b>: Pete Rose, beisbolista estadounidense.<\/p>\n<p class=\"paragraph\" data-mrf-recirculation=\"Links inline\"><b>1945<\/b>: Ritchie Blackmore, guitarrista brit\u00e1nico, de la banda Deep Purple.<\/p>\n<p class=\"paragraph\" data-mrf-recirculation=\"Links inline\"><b>1947<\/b>: Fabi\u00e1n Alarc\u00f3n, pol\u00edtico ecuatoriano, presidente de Ecuador entre 1997 y 1998.<\/p>\n<p class=\"paragraph\" data-mrf-recirculation=\"Links inline\"><b>1947<\/b>: Claudio Rissi, actor y director teatral argentino.<\/p>\n<p class=\"paragraph\" data-mrf-recirculation=\"Links inline\"><b>1951<\/b>: Gregory Winter, bi\u00f3logo brit\u00e1nico.<\/p>\n<p class=\"paragraph\" data-mrf-recirculation=\"Links inline\"><b>1954<\/b>: Katsuhiro Otomo, historietista y cineasta japon\u00e9s.<\/p>\n<p class=\"paragraph\" data-mrf-recirculation=\"Links inline\"><b>1954<\/b>: Bruce Sterling, escritor estadounidense de ciencia ficci\u00f3n.<\/p>\n<p class=\"paragraph\" data-mrf-recirculation=\"Links inline\"><b>1955<\/b>: Mill\u00e1n Salcedo, actor y humorista espa\u00f1ol.<\/p>\n<p class=\"paragraph\" data-mrf-recirculation=\"Links inline\"><b>1956<\/b>: Barbara Bonney, soprano estadounidense.<\/p>\n<p class=\"paragraph\" data-mrf-recirculation=\"Links inline\"><b>1957<\/b>: Mija\u00edl Pletniov, pianista ruso.<\/p>\n<p class=\"paragraph\" data-mrf-recirculation=\"Links inline\"><b>1957<\/b>: Domingo Drummond, futbolista hondure\u00f1o (f. 2002).<\/p>\n<p class=\"paragraph\" data-mrf-recirculation=\"Links inline\"><b>1958<\/b>: Santiago Urquiaga, futbolista espa\u00f1ol.<\/p>\n<p class=\"paragraph\" data-mrf-recirculation=\"Links inline\"><b>1958<\/b>: Javier \u00c1lvarez Arteaga, futbolista y entrenador colombiano.<\/p>\n<p class=\"paragraph\" data-mrf-recirculation=\"Links inline\"><b>1958<\/b>: Peter Capaldi, actor brit\u00e1nico.<\/p>\n<p class=\"paragraph\" data-mrf-recirculation=\"Links inline\"><b>1959<\/b>: Roberto Brunamonti, baloncestista italiano.<\/p>\n<p class=\"paragraph\" data-mrf-recirculation=\"Links inline\"><b>1960<\/b>: Miguel Argaya Roca, poeta e historiador espa\u00f1ol.<\/p>\n<p class=\"paragraph\" data-mrf-recirculation=\"Links inline\"><b>1960<\/b>: Eugeni Serrano, jugador espa\u00f1ol de balonmano.<\/p>\n<p class=\"paragraph\" data-mrf-recirculation=\"Links inline\"><b>1961<\/b>: Robert Carlyle, actor escoc\u00e9s.<\/p>\n<p class=\"paragraph\" data-mrf-recirculation=\"Links inline\"><b>1963<\/b>: Hugo Conte, voleibolista argentino.<\/p>\n<p class=\"paragraph\" data-mrf-recirculation=\"Links inline\"><b>1963<\/b>: C\u00e9sar Duarte J\u00e1quez, pol\u00edtico mexicano.<\/p>\n<p class=\"paragraph\" data-mrf-recirculation=\"Links inline\"><b>1966<\/b>: David Justice, beisbolista estadounidense.<\/p>\n<p class=\"paragraph\" data-mrf-recirculation=\"Links inline\"><b>1966<\/b>: Greg Maddux, beisbolista estadounidense.<\/p>\n<p class=\"paragraph\" data-mrf-recirculation=\"Links inline\"><b>1967<\/b>: Alfonso Alonso Aranegui, pol\u00edtico espa\u00f1ol.<\/p>\n<p class=\"paragraph\" data-mrf-recirculation=\"Links inline\"><b>1967<\/b>: Nicola Berti, exfutbolista italiano.<\/p>\n<p class=\"paragraph\" data-mrf-recirculation=\"Links inline\"><b>1968<\/b>: Anthony Michael Hall, actor estadounidense.<\/p>\n<p class=\"paragraph\" data-mrf-recirculation=\"Links inline\"><b>1970<\/b>: Mart\u00edn Sabbatella, pol\u00edtico argentino.<\/p>\n<p class=\"paragraph\" data-mrf-recirculation=\"Links inline\"><b>1971<\/b>: Miguel Calero, futbolista colombiano (f. 2012).<\/p>\n<p class=\"paragraph\" data-mrf-recirculation=\"Links inline\"><b>1971<\/b>: Ana P\u00edterbarg, cineasta y guionista argentina.<\/p>\n<p class=\"paragraph\" data-mrf-recirculation=\"Links inline\"><b>1973<\/b>: Roberto Ayala, futbolista argentino.<\/p>\n<p class=\"paragraph\" data-mrf-recirculation=\"Links inline\"><b>1973<\/b>: Adrien Brody, actor estadounidense.<\/p>\n<p class=\"paragraph\" data-mrf-recirculation=\"Links inline\"><b>1973<\/b>: David Miller, tenor estadounidense, del cuarteto Il Divo.<\/p>\n<p class=\"paragraph\" data-mrf-recirculation=\"Links inline\"><b>1973<\/b>: Wells Tower, escritor estadounidense.<\/p>\n<p class=\"paragraph\" data-mrf-recirculation=\"Links inline\"><b>1976<\/b>: Mar\u00eda Fernanda Ampuero, escritora ecuatoriana.<\/p>\n<p class=\"paragraph\" data-mrf-recirculation=\"Links inline\"><b>1976<\/b>: Santiago Abascal Conde, pol\u00edtico espa\u00f1ol.<\/p>\n<p class=\"paragraph\" data-mrf-recirculation=\"Links inline\"><b>1977<\/b>: Moro Anghileri, actriz y directora teatral argentina.<\/p>\n<p class=\"paragraph\" data-mrf-recirculation=\"Links inline\"><b>1977<\/b>: Sarah Michelle Gellar, actriz estadounidense.<\/p>\n<p class=\"paragraph\" data-mrf-recirculation=\"Links inline\"><b>1977<\/b>: Lauren Mendinueta, poetisa colombiana.<\/p>\n<p class=\"paragraph\" data-mrf-recirculation=\"Links inline\"><b>1981<\/b>: Ra\u00fal Bravo Sanf\u00e9lix, futbolista espa\u00f1ol.<\/p>\n<p class=\"paragraph\" data-mrf-recirculation=\"Links inline\"><b>1981<\/b>: Pablo de Muner, futbolista argentino.<\/p>\n<p class=\"paragraph\" data-mrf-recirculation=\"Links inline\"><b>1981<\/b>: Franco Sosa, futbolista argentino.<\/p>\n<p class=\"paragraph\" data-mrf-recirculation=\"Links inline\"><b>1982<\/b>: U\u011fur Boral, futbolista turco.<\/p>\n<p class=\"paragraph\" data-mrf-recirculation=\"Links inline\"><b>1982<\/b>: Mauro Cetto, futbolista argentino.<\/p>\n<p class=\"paragraph\" data-mrf-recirculation=\"Links inline\"><b>1983<\/b>: Nikoloz Tskitishvili, baloncestista georgiano.<\/p>\n<p class=\"paragraph\" data-mrf-recirculation=\"Links inline\"><b>1983<\/b>: James McFadden, futbolista escoc\u00e9s.<\/p>\n<p class=\"paragraph\" data-mrf-recirculation=\"Links inline\"><b>1985<\/b>: Christoph Leitgeb, futbolista austriaco.<\/p>\n<p class=\"paragraph\" data-mrf-recirculation=\"Links inline\"><b>1986<\/b>: Matt Derbyshire, futbolista brit\u00e1nico.<\/p>\n<p class=\"paragraph\" data-mrf-recirculation=\"Links inline\"><b>1987<\/b>: Erwin Hoffer, futbolista austriaco.<\/p>\n<p class=\"paragraph\" data-mrf-recirculation=\"Links inline\"><b>1988<\/b>: Chris Wood, actor estadounidense.<\/p>\n<p class=\"paragraph\" data-mrf-recirculation=\"Links inline\"><b>1993<\/b>: ROZES, cantante y compositora estadounidense.<\/p>\n<p class=\"paragraph\" data-mrf-recirculation=\"Links inline\"><b>1993<\/b>: Ellington Lee Ratliff, baterista estadounidense, de la banda R5.<\/p>\n<p class=\"paragraph\" data-mrf-recirculation=\"Links inline\"><b>1996<\/b>: Abigail Breslin, actriz estadounidense.<\/p>\n<p class=\"paragraph\" data-mrf-recirculation=\"Links inline\"><b>1997<\/b>: Ante \u0106ori\u0107, futbolista croata.<\/p>\n<p class=\"paragraph\" data-mrf-recirculation=\"Links inline\"><b>1997<\/b>: Guilherme Arana, futbolista brasile\u00f1o.<\/p>\n<p class=\"paragraph\" data-mrf-recirculation=\"Links inline\"><b>1998<\/b>: Arthur Bowen, actor brit\u00e1nico.<\/p>\n<p class=\"paragraph\" data-mrf-recirculation=\"Links inline\"><b>2009<\/b>: Arroyo Mateo, investigador alienigena.<\/p>\n<h2 class=\"header\"><span style=\"color: #ff0000\">Fallecimientos<\/span><\/h2>\n<p class=\"paragraph\" data-mrf-recirculation=\"Links inline\"><b>1132<\/b>: Mstislav I de Kiev, zar ruso (n. 1076).<\/p>\n<p class=\"paragraph\" data-mrf-recirculation=\"Links inline\"><b>1604<\/b>: Ernesto Federico I de Baden-Durlach, gobernador alem\u00e1n (n. 1560).<\/p>\n<p class=\"paragraph\" data-mrf-recirculation=\"Links inline\"><b>1682<\/b>: Avak\u00fam, obispo y escritor ruso (f. 1621).<\/p>\n<p class=\"paragraph\" data-mrf-recirculation=\"Links inline\"><b>1759<\/b>: Georg Friedrich H\u00e4ndel, compositor alem\u00e1n nacionalizado brit\u00e1nico (n. 1685).<\/p>\n<p class=\"paragraph\" data-mrf-recirculation=\"Links inline\"><b>1816<\/b>: Mariano Abasolo, militar mexicano (n. 1783).<\/p>\n<p class=\"paragraph\" data-mrf-recirculation=\"Links inline\"><b>1829<\/b>: Christian August Fischer, escritor y viajero alem\u00e1n (n. 1771).<\/p>\n<p class=\"paragraph\" data-mrf-recirculation=\"Links inline\"><b>1835<\/b>: Richard Joseph Courtois, m\u00e9dico, bot\u00e1nico y explorador belga (n. 1806).<\/p>\n<p class=\"paragraph\" data-mrf-recirculation=\"Links inline\"><b>1842<\/b>: Alejandro Aguado, banquero y arist\u00f3crata espa\u00f1ol (n. 1784).<\/p>\n<p class=\"paragraph\" data-mrf-recirculation=\"Links inline\"><b>1861<\/b>: Gabriel Antonio Pereira, presidente uruguayo (n. 1794).<\/p>\n<p class=\"paragraph\" data-mrf-recirculation=\"Links inline\"><b>1865<\/b>: Rafael Carrera y Turcios, presidente guatemalteco (n. 1814).<\/p>\n<p class=\"paragraph\" data-mrf-recirculation=\"Links inline\"><b>1894<\/b>: Pr\u00f3spero Garc\u00eda, pol\u00edtico argentino (n. 1826).<\/p>\n<p class=\"paragraph\" data-mrf-recirculation=\"Links inline\"><b>1895<\/b>: James Dwight Dana, ge\u00f3logo estadounidense (n. 1813).<\/p>\n<p class=\"paragraph\" data-mrf-recirculation=\"Links inline\"><b>1909<\/b>: Miguel Ju\u00e1rez Celman, pol\u00edtico argentino, 10.\u00ba presidente (n. 1844).<\/p>\n<p class=\"paragraph\" data-mrf-recirculation=\"Links inline\"><b>1910<\/b>: Mija\u00edl Vr\u00fabel, pintor ruso (n. 1856).<\/p>\n<p class=\"paragraph\" data-mrf-recirculation=\"Links inline\"><b>1912<\/b>: Parte de los ingenieros y colaboradores de la salas de calderas del RMS Titanic, en el momento que el transatl\u00e1ntico colision\u00f3 con un iceberg, el cual terminar\u00eda de hundirse a la madrugada del d\u00eda siguiente, llev\u00e1ndose consigo la vida de 1520 personas.<\/p>\n<p class=\"paragraph\" data-mrf-recirculation=\"Links inline\"><b>1915<\/b>: Luis Coloma, escritor y periodista espa\u00f1ol (n. 1851).<\/p>\n<p class=\"paragraph\" data-mrf-recirculation=\"Links inline\"><b>1917<\/b>: L. L. Zamenhof, ling\u00fcista polaco, creador del esperanto (n. 1859).<\/p>\n<p class=\"paragraph\" data-mrf-recirculation=\"Links inline\"><b>1922<\/b>: Cap Anson, beisbolista estadounidense (n. 1852).<\/p>\n<p class=\"paragraph\" data-mrf-recirculation=\"Links inline\"><b>1924<\/b>: Louis Sullivan, arquitecto estadounidense (n. 1856).<\/p>\n<p class=\"paragraph\" data-mrf-recirculation=\"Links inline\"><b>1925<\/b>: John Singer Sargent, pintor italiano (n. 1856).<\/p>\n<p class=\"paragraph\" data-mrf-recirculation=\"Links inline\"><b>1935<\/b>: Emmy Noether, matem\u00e1tica alemana (n. 1882).<\/p>\n<p class=\"paragraph\" data-mrf-recirculation=\"Links inline\"><b>1947<\/b>: Salvador Toscano, pionero del cine mexicano (n. 1872).<\/p>\n<p class=\"paragraph\" data-mrf-recirculation=\"Links inline\"><b>1950<\/b>: Ramana Maharshi, religioso hinduista indio (n. 1879).<\/p>\n<p class=\"paragraph\" data-mrf-recirculation=\"Links inline\"><b>1962<\/b>: M. Visvesvaraya, acad\u00e9mico e ingeniero indio (n. 1861).<\/p>\n<p class=\"paragraph\" data-mrf-recirculation=\"Links inline\"><b>1962<\/b>: Cayetano de Mergelina y Luna, arque\u00f3logo y catedr\u00e1tico espa\u00f1ol (n. 1890).<\/p>\n<p class=\"paragraph\" data-mrf-recirculation=\"Links inline\"><b>1964<\/b>: Rachel Carson, escritora y ecologista estadounidense (n. 1907).<\/p>\n<p class=\"paragraph\" data-mrf-recirculation=\"Links inline\"><b>1964<\/b>: Gerhard Domagk, bacteri\u00f3logo alem\u00e1n, premio nobel de medicina en 1939 (n. 1895).<\/p>\n<p class=\"paragraph\" data-mrf-recirculation=\"Links inline\"><b>1965<\/b>: Perry Smith, asesino estadounidense (n. 1928).<\/p>\n<p class=\"paragraph\" data-mrf-recirculation=\"Links inline\"><b>1972<\/b>: Bert Hawthorne, piloto de automovilismo neozeland\u00e9s (n. 1943).<\/p>\n<p class=\"paragraph\" data-mrf-recirculation=\"Links inline\"><b>1973<\/b>: K\u00e1roly Ker\u00e9nyi, escritor h\u00fangaro (n. 1897).<\/p>\n<p class=\"paragraph\" data-mrf-recirculation=\"Links inline\"><b>1975<\/b>: Fredric March, actor estadounidense (n. 1897).<\/p>\n<p class=\"paragraph\" data-mrf-recirculation=\"Links inline\"><b>1976<\/b>: Mariano Ospina P\u00e9rez, pol\u00edtico colombiano (n. 1891).<\/p>\n<p class=\"paragraph\" data-mrf-recirculation=\"Links inline\"><b>1976<\/b>: Jos\u00e9 Revueltas, escritor y activista pol\u00edtico mexicano (n. 1914).<\/p>\n<p class=\"paragraph\" data-mrf-recirculation=\"Links inline\"><b>1977<\/b>: Leonor Rinaldi, actriz argentina (n. 1894).<\/p>\n<p class=\"paragraph\" data-mrf-recirculation=\"Links inline\"><b>1978<\/b>: Dante Panzeri, periodista deportivo argentino (n. 1921).<\/p>\n<p class=\"paragraph\" data-mrf-recirculation=\"Links inline\"><b>1980<\/b>: Gianni Rodari, escritor italiano (n. 1920).<\/p>\n<p class=\"paragraph\" data-mrf-recirculation=\"Links inline\"><b>1980<\/b>: Guillermo Sautier Casaseca, escritor espa\u00f1ol (n. 1910).<\/p>\n<p class=\"paragraph\" data-mrf-recirculation=\"Links inline\"><b>1986<\/b>: Simone de Beauvoir, fil\u00f3sofa feminista francesa (n. 1908).<\/p>\n<p class=\"paragraph\" data-mrf-recirculation=\"Links inline\"><b>1987<\/b>: Germ\u00e1n Vergara Donoso, abogado y pol\u00edtico chileno (n. 1902).<\/p>\n<p class=\"paragraph\" data-mrf-recirculation=\"Links inline\"><b>1988<\/b>: Daniel Gu\u00e9rin, historiador anarquista franc\u00e9s (n. 1904).<\/p>\n<p class=\"paragraph\" data-mrf-recirculation=\"Links inline\"><b>1992<\/b>: David Miller, cineasta estadounidense (n. 1909).<\/p>\n<p class=\"paragraph\" data-mrf-recirculation=\"Links inline\"><b>2000<\/b>: Sebasti\u00e1n Fleitas, futbolista paraguayo (n. 1947).<\/p>\n<p class=\"paragraph\" data-mrf-recirculation=\"Links inline\"><b>2004<\/b>: Miguel de Guzm\u00e1n, matem\u00e1tico espa\u00f1ol (n. 1936).<\/p>\n<p class=\"paragraph\" data-mrf-recirculation=\"Links inline\"><b>2005<\/b>: Bernard Schultze, pintor alem\u00e1n (n. 1915).<\/p>\n<p class=\"paragraph\" data-mrf-recirculation=\"Links inline\"><b>2008<\/b>: Ollie Johnston, animador estadounidense (n. 1912).<\/p>\n<p class=\"paragraph\" data-mrf-recirculation=\"Links inline\"><b>2008<\/b>: Miguel Galv\u00e1n, actor mexicano (n. 1957).<\/p>\n<p class=\"paragraph\" data-mrf-recirculation=\"Links inline\"><b>2009<\/b>: Jorge Kapl\u00e1n, m\u00e9dico cirujano y pol\u00edtico chileno (n. 1926).<\/p>\n<p class=\"paragraph\" data-mrf-recirculation=\"Links inline\"><b>2010<\/b>: Vicente Haro, actor espa\u00f1ol (n. 1930).<\/p>\n<p class=\"paragraph\" data-mrf-recirculation=\"Links inline\"><b>2010<\/b>: Gene Kiniski, luchador profesional canadiense (n. 1928).<\/p>\n<p class=\"paragraph\" data-mrf-recirculation=\"Links inline\"><b>2010<\/b>: Peter Steele, bajista y cantante estadounidense, de la banda Type O Negative (n. 1962).<\/p>\n<p class=\"paragraph\" data-mrf-recirculation=\"Links inline\"><b>2012<\/b>: Piermario Morosini, futbolista italiano (n. 1986).<\/p>\n<p class=\"paragraph\" data-mrf-recirculation=\"Links inline\"><b>2013<\/b>: Armando Villanueva, pol\u00edtico peruano (n. 1915).<\/p>\n<p class=\"paragraph\" data-mrf-recirculation=\"Links inline\"><b>2015<\/b>: Percy Sledge, cantante estadounidense de soul y blues (n. 1941).<\/p>\n<p class=\"paragraph\" data-mrf-recirculation=\"Links inline\"><b>2017<\/b>: Mart\u00edn El\u00edas, fue un cantautor colombiano de vallenato, hijo del tambi\u00e9n cantante y compositor Diomedes D\u00edaz. (n. 1990).<\/p>\n<p class=\"paragraph\" data-mrf-recirculation=\"Links inline\"><b>2019<\/b>: Bibi Andersson, actriz y directora sueca (n. 1935).<\/p>\n<p class=\"paragraph\" data-mrf-recirculation=\"Links inline\"><b>2021<\/b>: Bernard Madoff, inversionista burs\u00e1til y financiero estadounidense (n. 1938).<\/p>\n","protected":false},"excerpt":{"rendered":"<div class=\"mh-excerpt\"><p>Desde\u00a0hechos legendarios, lastimosas tragedias e importantes avances cient\u00edficos, hasta nacimientos y muertes de personajes relevantes como l\u00edderes sociales, cient\u00edficos y artistas, es lo que nos traen las efem\u00e9rides de este d\u00eda. -43: En Italia se <a class=\"mh-excerpt-more\" href=\"https:\/\/larevistadigital.com.ar\/blog\/esto-paso-un-dia-como-hoy-14-de-abril\/\" title=\"ESTO PAS\u00d3 UN D\u00cdA COMO HOY, 14 DE ABRIL\">[Leer M\u00e1s]<\/a><\/p>\n<\/div>","protected":false},"author":3,"featured_media":16747,"comment_status":"open","ping_status":"open","sticky":false,"template":"","format":"standard","meta":{"_jetpack_memberships_contains_paid_content":false,"footnotes":"","jetpack_publicize_message":"","jetpack_publicize_feature_enabled":true,"jetpack_social_post_already_shared":true,"jetpack_social_options":{"image_generator_settings":{"template":"highway","default_image_id":0,"font":"","enabled":false},"version":2}},"categories":[15],"tags":[],"class_list":{"0":"post-31029","1":"post","2":"type-post","3":"status-publish","4":"format-standard","5":"has-post-thumbnail","7":"category-cultura"},"jetpack_publicize_connections":[],"jetpack_featured_media_url":"https:\/\/i0.wp.com\/larevistadigital.com.ar\/blog\/wp-content\/uploads\/LOGO-EFEMERIDES.jpg?fit=1268%2C664&ssl=1","jetpack_sharing_enabled":true,"jetpack_shortlink":"https:\/\/wp.me\/p8qtrQ-84t","jetpack-related-posts":[{"id":17676,"url":"https:\/\/larevistadigital.com.ar\/blog\/esto-paso-un-dia-como-hoy\/","url_meta":{"origin":31029,"position":0},"title":"ESTO PAS\u00d3 UN D\u00cdA COMO HOY&#8230;","author":"Alejandro Sosa Ruda","date":"14 noviembre, 2020","format":false,"excerpt":"Robert Fulton: creador del barco a vapor 1765 -\u00a0Naci\u00f3\u00a0Robert Fulton, quien fue un ingeniero, empresario e inventor estadounidense que es conocido por haber desarrollado el primer barco de vapor comercial de la historia. El\u00a0\"barco de vapor del r\u00edo norte\"\u00a0realiz\u00f3 un viaje inaugural por el r\u00edo Hudson en una distancia de\u2026","rel":"","context":"En \u00abSOCIEDAD\u00bb","block_context":{"text":"SOCIEDAD","link":"https:\/\/larevistadigital.com.ar\/blog\/category\/sociedad\/"},"img":{"alt_text":"","src":"https:\/\/i0.wp.com\/larevistadigital.com.ar\/blog\/wp-content\/uploads\/LOGO-EFEMERIDES.jpg?fit=1200%2C628&ssl=1&resize=350%2C200","width":350,"height":200,"srcset":"https:\/\/i0.wp.com\/larevistadigital.com.ar\/blog\/wp-content\/uploads\/LOGO-EFEMERIDES.jpg?fit=1200%2C628&ssl=1&resize=350%2C200 1x, https:\/\/i0.wp.com\/larevistadigital.com.ar\/blog\/wp-content\/uploads\/LOGO-EFEMERIDES.jpg?fit=1200%2C628&ssl=1&resize=525%2C300 1.5x, https:\/\/i0.wp.com\/larevistadigital.com.ar\/blog\/wp-content\/uploads\/LOGO-EFEMERIDES.jpg?fit=1200%2C628&ssl=1&resize=700%2C400 2x, https:\/\/i0.wp.com\/larevistadigital.com.ar\/blog\/wp-content\/uploads\/LOGO-EFEMERIDES.jpg?fit=1200%2C628&ssl=1&resize=1050%2C600 3x"},"classes":[]},{"id":17361,"url":"https:\/\/larevistadigital.com.ar\/blog\/mar-del-plata-batalla-campal-en-constitucion\/","url_meta":{"origin":31029,"position":1},"title":"MAR DEL PLATA: BATALLA CAMPAL EN CONSTITUCI\u00d3N","author":"Alejandro Sosa Ruda","date":"31 octubre, 2020","format":false,"excerpt":"Ocurri\u00f3 el viernes a la noche en la esquina de Constituci\u00f3n y Palma. Cuatro j\u00f3venes quedaron demorados. Los incidentes comenzaron porque un delivery acus\u00f3 a un joven de haberlo estafado en la compra venta de 300 d\u00f3lares. La zona comercial de Constituci\u00f3n el viernes a la noche fue el escenario\u2026","rel":"","context":"En \u00abREGIONALES\u00bb","block_context":{"text":"REGIONALES","link":"https:\/\/larevistadigital.com.ar\/blog\/category\/regionales\/"},"img":{"alt_text":"","src":"https:\/\/i0.wp.com\/larevistadigital.com.ar\/blog\/wp-content\/uploads\/Screenshot_1-167.jpg?fit=1013%2C660&ssl=1&resize=350%2C200","width":350,"height":200,"srcset":"https:\/\/i0.wp.com\/larevistadigital.com.ar\/blog\/wp-content\/uploads\/Screenshot_1-167.jpg?fit=1013%2C660&ssl=1&resize=350%2C200 1x, https:\/\/i0.wp.com\/larevistadigital.com.ar\/blog\/wp-content\/uploads\/Screenshot_1-167.jpg?fit=1013%2C660&ssl=1&resize=525%2C300 1.5x, https:\/\/i0.wp.com\/larevistadigital.com.ar\/blog\/wp-content\/uploads\/Screenshot_1-167.jpg?fit=1013%2C660&ssl=1&resize=700%2C400 2x"},"classes":[]},{"id":27226,"url":"https:\/\/larevistadigital.com.ar\/blog\/esto-paso-un-dia-como-hoy-23-8\/","url_meta":{"origin":31029,"position":2},"title":"ESTO PAS\u00d3 UN D\u00cdA COMO HOY, 23\/8","author":"Alejandro Sosa Ruda","date":"23 agosto, 2022","format":false,"excerpt":"1812 - \u00c9XODO JUJE\u00d1O.\u00a0Ante el avance de tropas espa\u00f1olas, el Ej\u00e9rcito del Norte comandado por el general Manuel Belgrano se repliega hacia Tucum\u00e1n en el llamado \u201c\u00e9xodo juje\u00f1o\u201d,\u00a0 que dej\u00f3 atr\u00e1s tierra arrasada para impedir el abastecimiento del enemigo. 1903 - FRAY MOCHO.\u00a0A los 44 a\u00f1os muere en Buenos Aires\u2026","rel":"","context":"En \u00abCULTURA\u00bb","block_context":{"text":"CULTURA","link":"https:\/\/larevistadigital.com.ar\/blog\/category\/cultura\/"},"img":{"alt_text":"","src":"https:\/\/i0.wp.com\/larevistadigital.com.ar\/blog\/wp-content\/uploads\/LOGO-EFEMERIDES.jpg?fit=1200%2C628&ssl=1&resize=350%2C200","width":350,"height":200,"srcset":"https:\/\/i0.wp.com\/larevistadigital.com.ar\/blog\/wp-content\/uploads\/LOGO-EFEMERIDES.jpg?fit=1200%2C628&ssl=1&resize=350%2C200 1x, https:\/\/i0.wp.com\/larevistadigital.com.ar\/blog\/wp-content\/uploads\/LOGO-EFEMERIDES.jpg?fit=1200%2C628&ssl=1&resize=525%2C300 1.5x, https:\/\/i0.wp.com\/larevistadigital.com.ar\/blog\/wp-content\/uploads\/LOGO-EFEMERIDES.jpg?fit=1200%2C628&ssl=1&resize=700%2C400 2x, https:\/\/i0.wp.com\/larevistadigital.com.ar\/blog\/wp-content\/uploads\/LOGO-EFEMERIDES.jpg?fit=1200%2C628&ssl=1&resize=1050%2C600 3x"},"classes":[]},{"id":38933,"url":"https:\/\/larevistadigital.com.ar\/blog\/advertencia-de-cientificos-sobre-la-seguridad-en-la-investigacion-de-virus\/","url_meta":{"origin":31029,"position":3},"title":"Advertencia de Cient\u00edficos sobre la Seguridad en la Investigaci\u00f3n de Virus","author":"Alejandro Sosa Ruda","date":"5 marzo, 2025","format":false,"excerpt":"Dos epidemi\u00f3logos estadounidenses alertan sobre los experimentos realizados con el pat\u00f3geno HKU5-CoV-2, similar al que gener\u00f3 la pandemia de COVID. En una columna en The New York Times, advierten que deben realizarse en centros con la m\u00e1xima certificaci\u00f3n internacional 05 de Marzo de 2025 Los cient\u00edficos W. Ian Lipkin y\u2026","rel":"","context":"En \u00abINTERES GENERAL\u00bb","block_context":{"text":"INTERES GENERAL","link":"https:\/\/larevistadigital.com.ar\/blog\/category\/interes-general\/"},"img":{"alt_text":"","src":"https:\/\/i0.wp.com\/larevistadigital.com.ar\/blog\/wp-content\/uploads\/Captura-de-pantalla-2025-03-05-151514.jpg?fit=640%2C383&ssl=1&resize=350%2C200","width":350,"height":200,"srcset":"https:\/\/i0.wp.com\/larevistadigital.com.ar\/blog\/wp-content\/uploads\/Captura-de-pantalla-2025-03-05-151514.jpg?fit=640%2C383&ssl=1&resize=350%2C200 1x, https:\/\/i0.wp.com\/larevistadigital.com.ar\/blog\/wp-content\/uploads\/Captura-de-pantalla-2025-03-05-151514.jpg?fit=640%2C383&ssl=1&resize=525%2C300 1.5x"},"classes":[]},{"id":17082,"url":"https:\/\/larevistadigital.com.ar\/blog\/un-dia-como-hoy-21-10\/","url_meta":{"origin":31029,"position":4},"title":"UN D\u00cdA COMO HOY&#8230; (21\/10)","author":"Alejandro Sosa Ruda","date":"21 octubre, 2020","format":false,"excerpt":"Hist\u00f3rica batalla en el mar 1805 -\u00a0La Marina Real brit\u00e1nica derrot\u00f3 a la flota franco-espa\u00f1ola en la\u00a0batalla de Trafalgar\u00a0(en las costas de Espa\u00f1a) y tras esta derrota,\u00a0Napole\u00f3n Bonaparte\u00a0perd\u00eda la posibilidad de invadir Inglaterra, y \u00e9sta se convirti\u00f3 en la primera potencia mar\u00edtima mundial. Se registraron miles de muertos y heridos,\u2026","rel":"","context":"En \u00abINTERES GENERAL\u00bb","block_context":{"text":"INTERES GENERAL","link":"https:\/\/larevistadigital.com.ar\/blog\/category\/interes-general\/"},"img":{"alt_text":"","src":"https:\/\/i0.wp.com\/larevistadigital.com.ar\/blog\/wp-content\/uploads\/LOGO-EFEMERIDES.jpg?fit=1200%2C628&ssl=1&resize=350%2C200","width":350,"height":200,"srcset":"https:\/\/i0.wp.com\/larevistadigital.com.ar\/blog\/wp-content\/uploads\/LOGO-EFEMERIDES.jpg?fit=1200%2C628&ssl=1&resize=350%2C200 1x, https:\/\/i0.wp.com\/larevistadigital.com.ar\/blog\/wp-content\/uploads\/LOGO-EFEMERIDES.jpg?fit=1200%2C628&ssl=1&resize=525%2C300 1.5x, https:\/\/i0.wp.com\/larevistadigital.com.ar\/blog\/wp-content\/uploads\/LOGO-EFEMERIDES.jpg?fit=1200%2C628&ssl=1&resize=700%2C400 2x, https:\/\/i0.wp.com\/larevistadigital.com.ar\/blog\/wp-content\/uploads\/LOGO-EFEMERIDES.jpg?fit=1200%2C628&ssl=1&resize=1050%2C600 3x"},"classes":[]},{"id":4707,"url":"https:\/\/larevistadigital.com.ar\/blog\/video-del-dia-afirman-viajaron-tiempo-sacaron-una-foto-jesus\/","url_meta":{"origin":31029,"position":5},"title":"VIDEO DEL D\u00cdA: AFIRMAN QUE VIAJARON EN EL TIEMPO Y SACARON UNA FOTO DE JES\u00daS","author":"Alejandro Sosa Ruda","date":"2 febrero, 2018","format":false,"excerpt":"El d\u00eda 2 de Mayo de 1972 el peri\u00f3dico italiano \"La Domenica del Corriere\" public\u00f3 una noticia que sorprendi\u00f3 a miles de lectores: Un equipo de cient\u00edficos afirmaban haber inventado y utilizado con \u00e9xito una m\u00e1quina con la que se puede remontarse al pasado y tomar im\u00e1genes y fotograf\u00edas. La\u2026","rel":"","context":"En \u00abLO V\u00cd EN INTERNET\u00bb","block_context":{"text":"LO V\u00cd EN INTERNET","link":"https:\/\/larevistadigital.com.ar\/blog\/category\/lo-vi-en-internet\/"},"img":{"alt_text":"","src":"","width":0,"height":0},"classes":[]}],"_links":{"self":[{"href":"https:\/\/larevistadigital.com.ar\/blog\/wp-json\/wp\/v2\/posts\/31029","targetHints":{"allow":["GET"]}}],"collection":[{"href":"https:\/\/larevistadigital.com.ar\/blog\/wp-json\/wp\/v2\/posts"}],"about":[{"href":"https:\/\/larevistadigital.com.ar\/blog\/wp-json\/wp\/v2\/types\/post"}],"author":[{"embeddable":true,"href":"https:\/\/larevistadigital.com.ar\/blog\/wp-json\/wp\/v2\/users\/3"}],"replies":[{"embeddable":true,"href":"https:\/\/larevistadigital.com.ar\/blog\/wp-json\/wp\/v2\/comments?post=31029"}],"version-history":[{"count":1,"href":"https:\/\/larevistadigital.com.ar\/blog\/wp-json\/wp\/v2\/posts\/31029\/revisions"}],"predecessor-version":[{"id":31030,"href":"https:\/\/larevistadigital.com.ar\/blog\/wp-json\/wp\/v2\/posts\/31029\/revisions\/31030"}],"wp:featuredmedia":[{"embeddable":true,"href":"https:\/\/larevistadigital.com.ar\/blog\/wp-json\/wp\/v2\/media\/16747"}],"wp:attachment":[{"href":"https:\/\/larevistadigital.com.ar\/blog\/wp-json\/wp\/v2\/media?parent=31029"}],"wp:term":[{"taxonomy":"category","embeddable":true,"href":"https:\/\/larevistadigital.com.ar\/blog\/wp-json\/wp\/v2\/categories?post=31029"},{"taxonomy":"post_tag","embeddable":true,"href":"https:\/\/larevistadigital.com.ar\/blog\/wp-json\/wp\/v2\/tags?post=31029"}],"curies":[{"name":"wp","href":"https:\/\/api.w.org\/{rel}","templated":true}]}}