{"id":31031,"date":"2023-04-14T15:37:47","date_gmt":"2023-04-14T15:37:47","guid":{"rendered":"https:\/\/larevistadigital.com.ar\/blog\/?p=31031"},"modified":"2023-04-14T15:37:47","modified_gmt":"2023-04-14T15:37:47","slug":"se-activo-la-cuenta-de-telegram-de-natacha-jaitt-y-se-encendieron-las-alarmas","status":"publish","type":"post","link":"https:\/\/larevistadigital.com.ar\/blog\/se-activo-la-cuenta-de-telegram-de-natacha-jaitt-y-se-encendieron-las-alarmas\/","title":{"rendered":"SE ACTIV\u00d3 LA CUENTA DE TELEGRAM DE NATACHA JAITT Y SE ENCENDIERON LAS ALARMAS"},"content":{"rendered":"<h2 class=\"intro\">Ulises Jaitt, hermano de la medi\u00e1tica fallecida mostr\u00f3 en sus redes sociales que se activ\u00f3 el tel\u00e9fono que\u00a0se encuentra retenido por la Justicia.<\/h2>\n<p>14 de abril de 2023<\/p>\n<p>En medio del juicio por la muerte de la medi\u00e1tica argentina <strong>Natacha Jaitt<\/strong>, su hermano <strong>Ulises Jaitt<\/strong> gener\u00f3 controversia en las redes sociales al anunciar que el celular de su hermana se ha activado en las \u00faltimas horas a trav\u00e9s de la aplicaci\u00f3n de mensajer\u00eda Telegram.<\/p>\n<p>\u201c<strong>Se activ\u00f3 el Telegram del tel\u00e9fono de Natacha!! Les cuento que el tel\u00e9fono est\u00e1 en la Justicia. \u00bfQu\u00e9 estar\u00e1n haciendo?<\/strong>\u201d, se\u00f1al\u00f3 Ulises Jaitt en su cuenta de Twitter.<\/p>\n<blockquote>\n<h3>El tel\u00e9fono celular y la tablet de la modelo fueron entregados a la Justicia en el marco de la investigaci\u00f3n sobre su fallecimiento, ocurrido en febrero de 2019 en un sal\u00f3n de eventos de Benavidez.<\/h3>\n<\/blockquote>\n<p>Desde entonces, la familia de Jaitt ha insistido en que no se trat\u00f3 de una muerte accidental por sobredosis y ha luchado por la continuidad de la causa, que lleva cuatro a\u00f1os avanzando lentamente. A pesar de que tres fiscales investigaron y consideraron que la muerte fue accidental, no hay imputados hasta el momento. La tablet de la medi\u00e1tica ha sido objeto de numerosos intentos de desbloqueo debido a la informaci\u00f3n que podr\u00eda contener.<\/p>\n","protected":false},"excerpt":{"rendered":"<div class=\"mh-excerpt\"><p>Ulises Jaitt, hermano de la medi\u00e1tica fallecida mostr\u00f3 en sus redes sociales que se activ\u00f3 el tel\u00e9fono que\u00a0se encuentra retenido por la Justicia. 14 de abril de 2023 En medio del juicio por la muerte <a class=\"mh-excerpt-more\" href=\"https:\/\/larevistadigital.com.ar\/blog\/se-activo-la-cuenta-de-telegram-de-natacha-jaitt-y-se-encendieron-las-alarmas\/\" title=\"SE ACTIV\u00d3 LA CUENTA DE TELEGRAM DE NATACHA JAITT Y SE ENCENDIERON LAS ALARMAS\">[Leer M\u00e1s]<\/a><\/p>\n<\/div>","protected":false},"author":3,"featured_media":31032,"comment_status":"open","ping_status":"open","sticky":false,"template":"","format":"standard","meta":{"_jetpack_memberships_contains_paid_content":false,"footnotes":"","jetpack_publicize_message":"","jetpack_publicize_feature_enabled":true,"jetpack_social_post_already_shared":true,"jetpack_social_options":{"image_generator_settings":{"template":"highway","default_image_id":0,"font":"","enabled":false},"version":2}},"categories":[41],"tags":[],"class_list":{"0":"post-31031","1":"post","2":"type-post","3":"status-publish","4":"format-standard","5":"has-post-thumbnail","7":"category-destacadas"},"jetpack_publicize_connections":[],"jetpack_featured_media_url":"https:\/\/i0.wp.com\/larevistadigital.com.ar\/blog\/wp-content\/uploads\/WE6M4GXB7ZGHJBBNGIWCN7WQQY.jpg?fit=1920%2C1080&ssl=1","jetpack_sharing_enabled":true,"jetpack_shortlink":"https:\/\/wp.me\/p8qtrQ-84v","jetpack-related-posts":[{"id":9085,"url":"https:\/\/larevistadigital.com.ar\/blog\/muerte-de-natacha-jaitt-que-habia-en-el-celular-de-la-modelo\/","url_meta":{"origin":31031,"position":0},"title":"MUERTE DE NATACHA JAITT: QU\u00c9 HAB\u00cdA EN EL CELULAR DE LA MODELO&#8230;","author":"Alejandro Sosa Ruda","date":"14 marzo, 2019","format":false,"excerpt":"Los investigadores lograron entrar al tel\u00e9fono, pero no a la tablet, que no pudo ser revisada porque era incorrecta la contrase\u00f1a que ingresaron. Los abogados creen que la cambiaron. Este mi\u00e9rcoles se hicieron las pericias correspondientes al celular de Natacha Jaitt en donde pudieron encontrar las conversaciones previas que tuvo\u2026","rel":"","context":"En \u00abDESTACADAS\u00bb","block_context":{"text":"DESTACADAS","link":"https:\/\/larevistadigital.com.ar\/blog\/category\/destacadas\/"},"img":{"alt_text":"","src":"https:\/\/i0.wp.com\/larevistadigital.com.ar\/blog\/wp-content\/uploads\/2019\/03\/0036135217.jpeg?fit=1140%2C640&ssl=1&resize=350%2C200","width":350,"height":200,"srcset":"https:\/\/i0.wp.com\/larevistadigital.com.ar\/blog\/wp-content\/uploads\/2019\/03\/0036135217.jpeg?fit=1140%2C640&ssl=1&resize=350%2C200 1x, https:\/\/i0.wp.com\/larevistadigital.com.ar\/blog\/wp-content\/uploads\/2019\/03\/0036135217.jpeg?fit=1140%2C640&ssl=1&resize=525%2C300 1.5x, https:\/\/i0.wp.com\/larevistadigital.com.ar\/blog\/wp-content\/uploads\/2019\/03\/0036135217.jpeg?fit=1140%2C640&ssl=1&resize=700%2C400 2x, https:\/\/i0.wp.com\/larevistadigital.com.ar\/blog\/wp-content\/uploads\/2019\/03\/0036135217.jpeg?fit=1140%2C640&ssl=1&resize=1050%2C600 3x"},"classes":[]},{"id":9411,"url":"https:\/\/larevistadigital.com.ar\/blog\/las-pericias-toxicologicas-confirmaron-que-natacha-jaitt-habia-consumido-cocaina-y-alcohol\/","url_meta":{"origin":31031,"position":1},"title":"LAS PERICIAS TOXICOL\u00d3GICAS CONFIRMARON QUE NATACHA JAITT HAB\u00cdA CONSUMIDO COCA\u00cdNA Y ALCOHOL","author":"Alejandro Sosa Ruda","date":"26 marzo, 2019","format":false,"excerpt":"Se termin\u00f3 el informe toxicol\u00f3gico\u00a0que forma parte de la causa en donde se investiga la muerte de la medi\u00e1tica. Ten\u00eda coca\u00edna y 0,7 de alcohol en sangre que se sumaron a una patolog\u00eda cardiaca anterior.\u00a0 Coca\u00edna y alcohol; eso hab\u00eda consumido la medi\u00e1tica\u00a0Natacha\u00a0Jaitt\u00a0la noche de su muerte de acuerdo con\u00a0las\u2026","rel":"","context":"En \u00abPOLICIALES\u00bb","block_context":{"text":"POLICIALES","link":"https:\/\/larevistadigital.com.ar\/blog\/category\/policiales\/"},"img":{"alt_text":"","src":"https:\/\/i0.wp.com\/larevistadigital.com.ar\/blog\/wp-content\/uploads\/2019\/03\/197804w980.jpg?fit=791%2C444&ssl=1&resize=350%2C200","width":350,"height":200,"srcset":"https:\/\/i0.wp.com\/larevistadigital.com.ar\/blog\/wp-content\/uploads\/2019\/03\/197804w980.jpg?fit=791%2C444&ssl=1&resize=350%2C200 1x, https:\/\/i0.wp.com\/larevistadigital.com.ar\/blog\/wp-content\/uploads\/2019\/03\/197804w980.jpg?fit=791%2C444&ssl=1&resize=525%2C300 1.5x, https:\/\/i0.wp.com\/larevistadigital.com.ar\/blog\/wp-content\/uploads\/2019\/03\/197804w980.jpg?fit=791%2C444&ssl=1&resize=700%2C400 2x"},"classes":[]},{"id":5414,"url":"https:\/\/larevistadigital.com.ar\/blog\/allanaron-la-casa-de-natacha-jaitt\/","url_meta":{"origin":31031,"position":2},"title":"ALLANARON LA CASA DE NATACHA JAITT","author":"Alejandro Sosa Ruda","date":"11 abril, 2018","format":false,"excerpt":"A una semana de su incursi\u00f3n en los tribunales de Comodoro Py, la medi\u00e1tica se hizo presente en la UFI N\u00b04 de Avellaneda para declarar en la causa de los supuestos abusos en las inferiores de Independiente Finalmente, y despu\u00e9s de una semana de idas y venidas, la medi\u00e1tica\u00a0Natacha Jaitt\u00a0declar\u00f3\u2026","rel":"","context":"En \u00abPOLICIALES\u00bb","block_context":{"text":"POLICIALES","link":"https:\/\/larevistadigital.com.ar\/blog\/category\/policiales\/"},"img":{"alt_text":"","src":"https:\/\/i0.wp.com\/larevistadigital.com.ar\/blog\/wp-content\/uploads\/2018\/04\/natacha_j_1.jpg_525981578.jpg?fit=790%2C440&ssl=1&resize=350%2C200","width":350,"height":200,"srcset":"https:\/\/i0.wp.com\/larevistadigital.com.ar\/blog\/wp-content\/uploads\/2018\/04\/natacha_j_1.jpg_525981578.jpg?fit=790%2C440&ssl=1&resize=350%2C200 1x, https:\/\/i0.wp.com\/larevistadigital.com.ar\/blog\/wp-content\/uploads\/2018\/04\/natacha_j_1.jpg_525981578.jpg?fit=790%2C440&ssl=1&resize=525%2C300 1.5x, https:\/\/i0.wp.com\/larevistadigital.com.ar\/blog\/wp-content\/uploads\/2018\/04\/natacha_j_1.jpg_525981578.jpg?fit=790%2C440&ssl=1&resize=700%2C400 2x"},"classes":[]},{"id":8682,"url":"https:\/\/larevistadigital.com.ar\/blog\/fue-desafectado-el-policia-que-filtro-las-fotos-del-cadaver-de-natacha-jaitt\/","url_meta":{"origin":31031,"position":3},"title":"FUE DESAFECTADO EL POLIC\u00cdA QUE FILTR\u00d3 LAS FOTOS DEL CAD\u00c1VER DE NATACHA JAITT","author":"Alejandro Sosa Ruda","date":"23 febrero, 2019","format":false,"excerpt":"La decisi\u00f3n fue tomada por \"Asuntos Internos\". Hoy al mediod\u00eda, seg\u00fan apuntaron fuentes policiales, el Ministerio de Seguridad\u00a0desafect\u00f3 al oficial Walter Rold\u00e1n, miembro del Comando de Patrullas de Tigre que ingres\u00f3 en la suite del sal\u00f3n de fiestas Xanad\u00fa en Villa La \u00d1ata\u00a0donde fue encontrado el cad\u00e1ver desnudo de Natacha\u2026","rel":"","context":"En \u00abPOLICIALES\u00bb","block_context":{"text":"POLICIALES","link":"https:\/\/larevistadigital.com.ar\/blog\/category\/policiales\/"},"img":{"alt_text":"","src":"https:\/\/i0.wp.com\/larevistadigital.com.ar\/blog\/wp-content\/uploads\/2019\/02\/WhatsApp-Image-2019-02-23-at-15.04.11DD.jpg?fit=650%2C650&ssl=1&resize=350%2C200","width":350,"height":200,"srcset":"https:\/\/i0.wp.com\/larevistadigital.com.ar\/blog\/wp-content\/uploads\/2019\/02\/WhatsApp-Image-2019-02-23-at-15.04.11DD.jpg?fit=650%2C650&ssl=1&resize=350%2C200 1x, https:\/\/i0.wp.com\/larevistadigital.com.ar\/blog\/wp-content\/uploads\/2019\/02\/WhatsApp-Image-2019-02-23-at-15.04.11DD.jpg?fit=650%2C650&ssl=1&resize=525%2C300 1.5x"},"classes":[]},{"id":5480,"url":"https:\/\/larevistadigital.com.ar\/blog\/ultimo-momento-gendarmeria-allana-el-estudio-donde-mirtha-legrand-graba-su-programa\/","url_meta":{"origin":31031,"position":4},"title":"ULTIMO MOMENTO:  GENDARMER\u00cdA ALLANA EL ESTUDIO DONDE MIRTHA LEGRAND GRABA SU PROGRAMA","author":"Alejandro Sosa Ruda","date":"17 abril, 2018","format":false,"excerpt":"En estos momentos, oficiales de gendarmer\u00eda est\u00e1n realizando un allanamiento en los estudios donde Mirtha Legrand graba sus programas, en donde estar\u00edan buscando espec\u00edficamente las grabaciones de las C\u00e1maras de seguridad. Luego del pol\u00e9mico programa que cont\u00f3 con la participaci\u00f3n de Natacha Jaitt, la AFi comenz\u00f3 una investigaci\u00f3n que pretende\u2026","rel":"","context":"En \u00abDESTACADAS\u00bb","block_context":{"text":"DESTACADAS","link":"https:\/\/larevistadigital.com.ar\/blog\/category\/destacadas\/"},"img":{"alt_text":"","src":"https:\/\/i0.wp.com\/larevistadigital.com.ar\/blog\/wp-content\/uploads\/2018\/04\/f999x666-451720_546785_0-1.jpg?fit=999%2C666&ssl=1&resize=350%2C200","width":350,"height":200,"srcset":"https:\/\/i0.wp.com\/larevistadigital.com.ar\/blog\/wp-content\/uploads\/2018\/04\/f999x666-451720_546785_0-1.jpg?fit=999%2C666&ssl=1&resize=350%2C200 1x, https:\/\/i0.wp.com\/larevistadigital.com.ar\/blog\/wp-content\/uploads\/2018\/04\/f999x666-451720_546785_0-1.jpg?fit=999%2C666&ssl=1&resize=525%2C300 1.5x, https:\/\/i0.wp.com\/larevistadigital.com.ar\/blog\/wp-content\/uploads\/2018\/04\/f999x666-451720_546785_0-1.jpg?fit=999%2C666&ssl=1&resize=700%2C400 2x"},"classes":[]},{"id":7823,"url":"https:\/\/larevistadigital.com.ar\/blog\/murio-a-los-56-anos-el-guitarrista-ulises-butron\/","url_meta":{"origin":31031,"position":5},"title":"MURI\u00d3 A LOS 56 A\u00d1OS EL GUITARRISTA ULISES BUTR\u00d3N","author":"Alejandro Sosa Ruda","date":"21 enero, 2019","format":false,"excerpt":"Ten\u00eda 56 a\u00f1os, y estaba internado en una cl\u00ednica del barrio Belgrano.\u00a0 El guitarrista Ulises Butr\u00f3n falleci\u00f3 hoy a la ma\u00f1ana en una cl\u00ednica en la que se encontraba internado desde hace tres d\u00edas, por una fuerte neumon\u00eda, inform\u00f3 su pareja Luciana Giordano. Giordano cont\u00f3 que el m\u00fasico se encontraba\u2026","rel":"","context":"En \u00abCULTURA\u00bb","block_context":{"text":"CULTURA","link":"https:\/\/larevistadigital.com.ar\/blog\/category\/cultura\/"},"img":{"alt_text":"","src":"https:\/\/i0.wp.com\/larevistadigital.com.ar\/blog\/wp-content\/uploads\/2019\/01\/maxresdefault.jpg?fit=1200%2C675&ssl=1&resize=350%2C200","width":350,"height":200,"srcset":"https:\/\/i0.wp.com\/larevistadigital.com.ar\/blog\/wp-content\/uploads\/2019\/01\/maxresdefault.jpg?fit=1200%2C675&ssl=1&resize=350%2C200 1x, https:\/\/i0.wp.com\/larevistadigital.com.ar\/blog\/wp-content\/uploads\/2019\/01\/maxresdefault.jpg?fit=1200%2C675&ssl=1&resize=525%2C300 1.5x, https:\/\/i0.wp.com\/larevistadigital.com.ar\/blog\/wp-content\/uploads\/2019\/01\/maxresdefault.jpg?fit=1200%2C675&ssl=1&resize=700%2C400 2x, https:\/\/i0.wp.com\/larevistadigital.com.ar\/blog\/wp-content\/uploads\/2019\/01\/maxresdefault.jpg?fit=1200%2C675&ssl=1&resize=1050%2C600 3x"},"classes":[]}],"_links":{"self":[{"href":"https:\/\/larevistadigital.com.ar\/blog\/wp-json\/wp\/v2\/posts\/31031","targetHints":{"allow":["GET"]}}],"collection":[{"href":"https:\/\/larevistadigital.com.ar\/blog\/wp-json\/wp\/v2\/posts"}],"about":[{"href":"https:\/\/larevistadigital.com.ar\/blog\/wp-json\/wp\/v2\/types\/post"}],"author":[{"embeddable":true,"href":"https:\/\/larevistadigital.com.ar\/blog\/wp-json\/wp\/v2\/users\/3"}],"replies":[{"embeddable":true,"href":"https:\/\/larevistadigital.com.ar\/blog\/wp-json\/wp\/v2\/comments?post=31031"}],"version-history":[{"count":1,"href":"https:\/\/larevistadigital.com.ar\/blog\/wp-json\/wp\/v2\/posts\/31031\/revisions"}],"predecessor-version":[{"id":31033,"href":"https:\/\/larevistadigital.com.ar\/blog\/wp-json\/wp\/v2\/posts\/31031\/revisions\/31033"}],"wp:featuredmedia":[{"embeddable":true,"href":"https:\/\/larevistadigital.com.ar\/blog\/wp-json\/wp\/v2\/media\/31032"}],"wp:attachment":[{"href":"https:\/\/larevistadigital.com.ar\/blog\/wp-json\/wp\/v2\/media?parent=31031"}],"wp:term":[{"taxonomy":"category","embeddable":true,"href":"https:\/\/larevistadigital.com.ar\/blog\/wp-json\/wp\/v2\/categories?post=31031"},{"taxonomy":"post_tag","embeddable":true,"href":"https:\/\/larevistadigital.com.ar\/blog\/wp-json\/wp\/v2\/tags?post=31031"}],"curies":[{"name":"wp","href":"https:\/\/api.w.org\/{rel}","templated":true}]}}