{"id":31034,"date":"2023-04-14T15:58:53","date_gmt":"2023-04-14T15:58:53","guid":{"rendered":"https:\/\/larevistadigital.com.ar\/blog\/?p=31034"},"modified":"2023-04-14T16:01:31","modified_gmt":"2023-04-14T16:01:31","slug":"mar-del-plata-secuestran-mas-de-cien-kg-de-cocaina-en-un-allanamiento-en-un-bunker-de-drogas","status":"publish","type":"post","link":"https:\/\/larevistadigital.com.ar\/blog\/mar-del-plata-secuestran-mas-de-cien-kg-de-cocaina-en-un-allanamiento-en-un-bunker-de-drogas\/","title":{"rendered":"MAR DEL PLATA: SECUESTRAN M\u00c1S DE CIEN KG. DE COCA\u00cdNA EN UN ALLANAMIENTO EN UN BUNKER DE DROGAS"},"content":{"rendered":"<h2>Se logr\u00f3 secuestrar una importante cantidad de droga, y se detuvo una persona.<\/h2>\n<p>14 de abril de 2023<\/p>\n<p><strong>MAR DEL PLATA &#8211;\u00a0<\/strong> La Polic\u00eda Federal llev\u00f3 a cabo un allanamiento en un b\u00fanker de drogas en el barrio Malvinas Argentinas, donde detuvieron al principal sospechoso y secuestraron alrededor de cien dosis de coca\u00edna, adem\u00e1s de balanzas de precisi\u00f3n, dinero en efectivo y otros elementos de prueba.<\/p>\n<p>El detenido est\u00e1 imputado por <strong>\u00abtenencia de estupefacientes con fines de comercializaci\u00f3n\u00bb<\/strong> y se encuentra en la sede de la Divisi\u00f3n Unidad Operativa Federal Mar del Plata a disposici\u00f3n del fiscal <strong>Leandro Favaro<\/strong>, quien le tomar\u00e1 declaraci\u00f3n en las pr\u00f3ximas horas.<\/p>\n<blockquote>\n<h3>La investigaci\u00f3n comenz\u00f3 en agosto del a\u00f1o pasado, cuando la polic\u00eda recibi\u00f3 una denuncia an\u00f3nima de que se vend\u00eda coca\u00edna en una casa del barrio.<\/h3>\n<\/blockquote>\n<p>Los vecinos expresaron su preocupaci\u00f3n por la presencia del b\u00fanker de venta de droga cerca de sus hogares, debido a los conflictos que se presentaban con los compradores ocasionales y la inseguridad que esto generaba en los ni\u00f1os y las personas que transitan por el lugar.<\/p>\n<p>Con las pruebas recolectadas, el fiscal Favaro solicit\u00f3 la orden de allanamiento y detenci\u00f3n del sospechoso al juez de garant\u00edas <strong>Juan Tapia<\/strong>, y el operativo estuvo a cargo de la Polic\u00eda Federal. La casa investigada ten\u00eda rejas reforzadas en sus accesos para evitar el ingreso de las fuerzas policiales.<\/p>\n","protected":false},"excerpt":{"rendered":"<div class=\"mh-excerpt\"><p>Se logr\u00f3 secuestrar una importante cantidad de droga, y se detuvo una persona. 14 de abril de 2023 MAR DEL PLATA &#8211;\u00a0 La Polic\u00eda Federal llev\u00f3 a cabo un allanamiento en un b\u00fanker de drogas <a class=\"mh-excerpt-more\" href=\"https:\/\/larevistadigital.com.ar\/blog\/mar-del-plata-secuestran-mas-de-cien-kg-de-cocaina-en-un-allanamiento-en-un-bunker-de-drogas\/\" title=\"MAR DEL PLATA: SECUESTRAN M\u00c1S DE CIEN KG. DE COCA\u00cdNA EN UN ALLANAMIENTO EN UN BUNKER DE DROGAS\">[Leer M\u00e1s]<\/a><\/p>\n<\/div>","protected":false},"author":3,"featured_media":31035,"comment_status":"open","ping_status":"open","sticky":false,"template":"","format":"standard","meta":{"_jetpack_memberships_contains_paid_content":false,"footnotes":"","jetpack_publicize_message":"","jetpack_publicize_feature_enabled":true,"jetpack_social_post_already_shared":true,"jetpack_social_options":{"image_generator_settings":{"template":"highway","default_image_id":0,"font":"","enabled":false},"version":2}},"categories":[44,51],"tags":[],"class_list":{"0":"post-31034","1":"post","2":"type-post","3":"status-publish","4":"format-standard","5":"has-post-thumbnail","7":"category-policiales","8":"category-regionales"},"jetpack_publicize_connections":[],"jetpack_featured_media_url":"https:\/\/i0.wp.com\/larevistadigital.com.ar\/blog\/wp-content\/uploads\/Captura-de-pantalla-2023-04-14-125738.png?fit=808%2C452&ssl=1","jetpack_sharing_enabled":true,"jetpack_shortlink":"https:\/\/wp.me\/p8qtrQ-84y","jetpack-related-posts":[{"id":10558,"url":"https:\/\/larevistadigital.com.ar\/blog\/detienen-a-10-narcos-en-mar-del-plata-con-mas-de-9000-dosis-de-marihuana-y-cocaina\/","url_meta":{"origin":31034,"position":0},"title":"DETIENEN A 10 NARCOS EN MAR DEL PLATA CON M\u00c1S DE 9000 DOSIS DE MARIHUANA Y COCA\u00cdNA","author":"Alejandro Sosa Ruda","date":"11 junio, 2019","format":false,"excerpt":"Fue en el marco de un amplio operativo que encabez\u00f3 la Polic\u00eda Federal, y que incluy\u00f3 15 allanamientos simult\u00e1neos en distintas viviendas de la ciudad. Diez narcos detenidos\u00a0y m\u00e1s de 9 mil dosis de marihuana y coca\u00edna incautadas fue el saldo que dej\u00f3 un amplio operativo que llev\u00f3 adelante en\u2026","rel":"","context":"En \u00abPOLICIALES\u00bb","block_context":{"text":"POLICIALES","link":"https:\/\/larevistadigital.com.ar\/blog\/category\/policiales\/"},"img":{"alt_text":"","src":"https:\/\/i0.wp.com\/larevistadigital.com.ar\/blog\/wp-content\/uploads\/1560288286567.jpeg?fit=944%2C576&ssl=1&resize=350%2C200","width":350,"height":200,"srcset":"https:\/\/i0.wp.com\/larevistadigital.com.ar\/blog\/wp-content\/uploads\/1560288286567.jpeg?fit=944%2C576&ssl=1&resize=350%2C200 1x, https:\/\/i0.wp.com\/larevistadigital.com.ar\/blog\/wp-content\/uploads\/1560288286567.jpeg?fit=944%2C576&ssl=1&resize=525%2C300 1.5x, https:\/\/i0.wp.com\/larevistadigital.com.ar\/blog\/wp-content\/uploads\/1560288286567.jpeg?fit=944%2C576&ssl=1&resize=700%2C400 2x"},"classes":[]},{"id":10768,"url":"https:\/\/larevistadigital.com.ar\/blog\/policia-detiene-a-individuo-con-80-envoltorios-de-cocaina\/","url_meta":{"origin":31034,"position":1},"title":"POLIC\u00cdA DETIENE A INDIVIDUO CON 80 ENVOLTORIOS DE COCA\u00cdNA","author":"Alejandro Sosa Ruda","date":"25 junio, 2019","format":false,"excerpt":"Un llamado al 911 que denunci\u00f3 la presencia de varias personas comercializando estupefacientes en el barrio Don Emilio de Mar del Plata fue aprehendido en las \u00faltimas horas por personal policial luego de descubrir que\u00a0ten\u00eda 80 envoltorios de coca\u00edna en su poder.\u00a0En el marco de una causa penal qued\u00f3 alojado\u2026","rel":"","context":"En \u00abPOLICIALES\u00bb","block_context":{"text":"POLICIALES","link":"https:\/\/larevistadigital.com.ar\/blog\/category\/policiales\/"},"img":{"alt_text":"","src":"https:\/\/i0.wp.com\/larevistadigital.com.ar\/blog\/wp-content\/uploads\/1561462023036.jpeg?fit=960%2C585&ssl=1&resize=350%2C200","width":350,"height":200,"srcset":"https:\/\/i0.wp.com\/larevistadigital.com.ar\/blog\/wp-content\/uploads\/1561462023036.jpeg?fit=960%2C585&ssl=1&resize=350%2C200 1x, https:\/\/i0.wp.com\/larevistadigital.com.ar\/blog\/wp-content\/uploads\/1561462023036.jpeg?fit=960%2C585&ssl=1&resize=525%2C300 1.5x, https:\/\/i0.wp.com\/larevistadigital.com.ar\/blog\/wp-content\/uploads\/1561462023036.jpeg?fit=960%2C585&ssl=1&resize=700%2C400 2x"},"classes":[]},{"id":32037,"url":"https:\/\/larevistadigital.com.ar\/blog\/32037-2\/","url_meta":{"origin":31034,"position":2},"title":"TEN\u00cdA ARRESTO DOMICILIARIO PERO MANEJABA UNA RED DE VENTA DE DROGAS","author":"Alejandro Sosa Ruda","date":"16 junio, 2023","format":false,"excerpt":"Detenida l\u00edder de banda de drogas en el barrio Libertad. 16 de junio de 2023 MAR DEL PLATA -\u00a0 \u00a0Una mujer de 35 a\u00f1os, acusada de ser la l\u00edder de una banda con seis puntos de venta de droga en el barrio Libertad, fue arrestada tras una serie de allanamientos\u2026","rel":"","context":"En \u00abPOLICIALES\u00bb","block_context":{"text":"POLICIALES","link":"https:\/\/larevistadigital.com.ar\/blog\/category\/policiales\/"},"img":{"alt_text":"","src":"https:\/\/i0.wp.com\/larevistadigital.com.ar\/blog\/wp-content\/uploads\/drogas.jpg?fit=807%2C527&ssl=1&resize=350%2C200","width":350,"height":200,"srcset":"https:\/\/i0.wp.com\/larevistadigital.com.ar\/blog\/wp-content\/uploads\/drogas.jpg?fit=807%2C527&ssl=1&resize=350%2C200 1x, https:\/\/i0.wp.com\/larevistadigital.com.ar\/blog\/wp-content\/uploads\/drogas.jpg?fit=807%2C527&ssl=1&resize=525%2C300 1.5x, https:\/\/i0.wp.com\/larevistadigital.com.ar\/blog\/wp-content\/uploads\/drogas.jpg?fit=807%2C527&ssl=1&resize=700%2C400 2x"},"classes":[]},{"id":28778,"url":"https:\/\/larevistadigital.com.ar\/blog\/chascomus-incautan-cocaina-en-un-allanamiento\/","url_meta":{"origin":31034,"position":3},"title":"CHASCOM\u00daS: INCAUTAN COCA\u00cdNA EN UN ALLANAMIENTO.","author":"Alejandro Sosa Ruda","date":"4 noviembre, 2022","format":false,"excerpt":"La cantidad secuestrada no fue suficiente para detener a la persona, seg\u00fan dispuso el Juez Gasquet. 4 de noviembre de 2022 CHASCOM\u00daS -\u00a0\u00a0Durante el d\u00eda de ayer y en horas de la tarde, se efectiviz\u00f3 un importante allanamiento para con una vivienda ubicada en la calle Saturnino Justo de la\u2026","rel":"","context":"En \u00abINTERES GENERAL\u00bb","block_context":{"text":"INTERES GENERAL","link":"https:\/\/larevistadigital.com.ar\/blog\/category\/interes-general\/"},"img":{"alt_text":"","src":"https:\/\/i0.wp.com\/larevistadigital.com.ar\/blog\/wp-content\/uploads\/WhatsApp-Image-2022-11-03-at-21.16.28-e1667570805685.jpeg?fit=821%2C1200&ssl=1&resize=350%2C200","width":350,"height":200,"srcset":"https:\/\/i0.wp.com\/larevistadigital.com.ar\/blog\/wp-content\/uploads\/WhatsApp-Image-2022-11-03-at-21.16.28-e1667570805685.jpeg?fit=821%2C1200&ssl=1&resize=350%2C200 1x, https:\/\/i0.wp.com\/larevistadigital.com.ar\/blog\/wp-content\/uploads\/WhatsApp-Image-2022-11-03-at-21.16.28-e1667570805685.jpeg?fit=821%2C1200&ssl=1&resize=525%2C300 1.5x, https:\/\/i0.wp.com\/larevistadigital.com.ar\/blog\/wp-content\/uploads\/WhatsApp-Image-2022-11-03-at-21.16.28-e1667570805685.jpeg?fit=821%2C1200&ssl=1&resize=700%2C400 2x"},"classes":[]},{"id":35938,"url":"https:\/\/larevistadigital.com.ar\/blog\/desbaratan-banda-que-vendia-drogas-once-allanamientos-y-ocho-detenidos\/","url_meta":{"origin":31034,"position":4},"title":"DESBARATAN BANDA QUE VEND\u00cdA DROGAS: ONCE ALLANAMIENTOS Y OCHO DETENIDOS","author":"Alejandro Sosa Ruda","date":"27 abril, 2024","format":false,"excerpt":"Una banda acusada de comercializar drogas fue desbaratada en las \u00faltimas horas luego de m\u00faltiples allanamientos en Mar del Plata y Miramar: ocho personas fueron detenidas, quienes quedaron a disposici\u00f3n de la Justicia Federal. Durante los operativos, se secuestraron drogas, armas y cuatro veh\u00edculos. 27 de abril de 2024 MAR\u2026","rel":"","context":"En \u00abPOLICIALES\u00bb","block_context":{"text":"POLICIALES","link":"https:\/\/larevistadigital.com.ar\/blog\/category\/policiales\/"},"img":{"alt_text":"","src":"https:\/\/i0.wp.com\/larevistadigital.com.ar\/blog\/wp-content\/uploads\/20240426162930_megaoperativo-mdp.jpg?fit=880%2C512&ssl=1&resize=350%2C200","width":350,"height":200,"srcset":"https:\/\/i0.wp.com\/larevistadigital.com.ar\/blog\/wp-content\/uploads\/20240426162930_megaoperativo-mdp.jpg?fit=880%2C512&ssl=1&resize=350%2C200 1x, https:\/\/i0.wp.com\/larevistadigital.com.ar\/blog\/wp-content\/uploads\/20240426162930_megaoperativo-mdp.jpg?fit=880%2C512&ssl=1&resize=525%2C300 1.5x, https:\/\/i0.wp.com\/larevistadigital.com.ar\/blog\/wp-content\/uploads\/20240426162930_megaoperativo-mdp.jpg?fit=880%2C512&ssl=1&resize=700%2C400 2x"},"classes":[]},{"id":43581,"url":"https:\/\/larevistadigital.com.ar\/blog\/allanamiento-por-drogas-en-chascomus-una-mujer-aprehendida-y-secuestro-de-cocaina\/","url_meta":{"origin":31034,"position":5},"title":"Allanamiento por drogas en Chascom\u00fas: una mujer aprehendida y secuestro de coca\u00edna","author":"Alejandro Sosa Ruda","date":"24 enero, 2026","format":false,"excerpt":"El procedimiento fue realizado por la Subdelegaci\u00f3n local de Investigaciones del Tr\u00e1fico de Drogas Il\u00edcitas. Colabor\u00f3 la patrulla de prevenci\u00f3n municipal. Interviene la Justicia de Dolores. 24 de enero de 2026 CHASCOM\u00daS\u00a0 -\u00a0 \u00a0 En el marco de una investigaci\u00f3n por infracci\u00f3n a la Ley 23.737, personal de la Superintendencia\u2026","rel":"","context":"En \u00abINTERES GENERAL\u00bb","block_context":{"text":"INTERES GENERAL","link":"https:\/\/larevistadigital.com.ar\/blog\/category\/interes-general\/"},"img":{"alt_text":"","src":"https:\/\/i0.wp.com\/larevistadigital.com.ar\/blog\/wp-content\/uploads\/WhatsApp-Image-2026-01-23-at-22.42.06-1.jpeg?fit=900%2C1200&ssl=1&resize=350%2C200","width":350,"height":200,"srcset":"https:\/\/i0.wp.com\/larevistadigital.com.ar\/blog\/wp-content\/uploads\/WhatsApp-Image-2026-01-23-at-22.42.06-1.jpeg?fit=900%2C1200&ssl=1&resize=350%2C200 1x, https:\/\/i0.wp.com\/larevistadigital.com.ar\/blog\/wp-content\/uploads\/WhatsApp-Image-2026-01-23-at-22.42.06-1.jpeg?fit=900%2C1200&ssl=1&resize=525%2C300 1.5x, https:\/\/i0.wp.com\/larevistadigital.com.ar\/blog\/wp-content\/uploads\/WhatsApp-Image-2026-01-23-at-22.42.06-1.jpeg?fit=900%2C1200&ssl=1&resize=700%2C400 2x"},"classes":[]}],"_links":{"self":[{"href":"https:\/\/larevistadigital.com.ar\/blog\/wp-json\/wp\/v2\/posts\/31034","targetHints":{"allow":["GET"]}}],"collection":[{"href":"https:\/\/larevistadigital.com.ar\/blog\/wp-json\/wp\/v2\/posts"}],"about":[{"href":"https:\/\/larevistadigital.com.ar\/blog\/wp-json\/wp\/v2\/types\/post"}],"author":[{"embeddable":true,"href":"https:\/\/larevistadigital.com.ar\/blog\/wp-json\/wp\/v2\/users\/3"}],"replies":[{"embeddable":true,"href":"https:\/\/larevistadigital.com.ar\/blog\/wp-json\/wp\/v2\/comments?post=31034"}],"version-history":[{"count":3,"href":"https:\/\/larevistadigital.com.ar\/blog\/wp-json\/wp\/v2\/posts\/31034\/revisions"}],"predecessor-version":[{"id":31038,"href":"https:\/\/larevistadigital.com.ar\/blog\/wp-json\/wp\/v2\/posts\/31034\/revisions\/31038"}],"wp:featuredmedia":[{"embeddable":true,"href":"https:\/\/larevistadigital.com.ar\/blog\/wp-json\/wp\/v2\/media\/31035"}],"wp:attachment":[{"href":"https:\/\/larevistadigital.com.ar\/blog\/wp-json\/wp\/v2\/media?parent=31034"}],"wp:term":[{"taxonomy":"category","embeddable":true,"href":"https:\/\/larevistadigital.com.ar\/blog\/wp-json\/wp\/v2\/categories?post=31034"},{"taxonomy":"post_tag","embeddable":true,"href":"https:\/\/larevistadigital.com.ar\/blog\/wp-json\/wp\/v2\/tags?post=31034"}],"curies":[{"name":"wp","href":"https:\/\/api.w.org\/{rel}","templated":true}]}}