{"id":31039,"date":"2023-04-14T16:19:56","date_gmt":"2023-04-14T16:19:56","guid":{"rendered":"https:\/\/larevistadigital.com.ar\/blog\/?p=31039"},"modified":"2023-04-14T16:19:56","modified_gmt":"2023-04-14T16:19:56","slug":"la-plata-discusion-entre-amigos-termino-en-batalla-campal-tiros-un-herido-y-otro-preso","status":"publish","type":"post","link":"https:\/\/larevistadigital.com.ar\/blog\/la-plata-discusion-entre-amigos-termino-en-batalla-campal-tiros-un-herido-y-otro-preso\/","title":{"rendered":"LA PLATA: DISCUSI\u00d3N ENTRE \u00abAMIGOS\u00bb TERMIN\u00d3 EN BATALLA CAMPAL, TIROS, UN HERIDO Y OTRO PRESO"},"content":{"rendered":"<h2 class=\"negrita\">Un hombre fue detenido tras atacar a tiros a sus propios amigos y herir a uno de ellos en medio de una feroz pelea que no termin\u00f3 en tragedia de milagro.<\/h2>\n<p class=\"fecha\">14 de abril de 2023<\/p>\n<div class=\"texto\">\n<p><strong>LA PLATA &#8211;\u00a0<\/strong> La violencia est\u00e1 a la orden del d\u00eda en La Plata y as\u00ed qued\u00f3 demostrado en las \u00faltimas horas de este jueves, cuando <strong>un hombre de 53 a\u00f1os atac\u00f3 a tiros a sus propios amigos tras una fuerte discusi\u00f3n, que termin\u00f3 en una aut\u00e9ntica batalla campal y con un joven de 30 a\u00f1os con disparo en la pierna<\/strong>\u00a0izquierda. En medio de la conmoci\u00f3n, las v\u00edctimas dieron aviso a la Polic\u00eda y los agentes desplegaron un veloz operativo cerrojo que finalmente les permiti\u00f3 dar con el atacante.<\/p>\n<blockquote>\n<h3>El dram\u00e1tico hecho, seg\u00fan confiaron fuentes policiales en di\u00e1logo con el portal de noticias <strong>0221.com.ar<\/strong>, tuvo lugar en la noche del \u00faltimo jueves en una vivienda de\u00a0<strong>142 entre 63 y 64<\/strong>, en la localidad platense de Los Hornos.<\/h3>\n<\/blockquote>\n<p>Seg\u00fan pudieron reconstruir los investigadores, varios amigos se hab\u00edan reunido en el lugar y pasaban la noche con tranquilidad, hasta que el agresor mantuvo una fuerte discusi\u00f3n con varios de ellos y se march\u00f3, pero volvi\u00f3 poco despu\u00e9s portando un rev\u00f3lver calibre .22 y abri\u00f3 fuego contra ellos.\u00a0<strong>Las fuentes consultadas por este medio indicaron que el hombre realiz\u00f3 dos detonaciones y uno de los proyectiles dio de lleno en la pierna izquierda de una de las v\u00edctimas.<\/strong><\/p>\n<blockquote>\n<h3>De acuerdo con el relato de los testigos, en medio de la confusi\u00f3n y el p\u00e1nico desatado en el lugar, el hombre se dio a la fuga y el joven herido fue trasladado r\u00e1pidamente a la Unidad de Pronta Atenci\u00f3n (UPA) de la citada localidad, donde fue asistido y trasladado luego a un centro de salud de mayor complejidad, aunque ya fuera de peligro.<\/h3>\n<\/blockquote>\n<p><a class=\"link\" href=\"https:\/\/i0.wp.com\/pxb.cdn.0221.com.ar\/0221\/042023\/1681486774064.jpeg?ssl=1\" target=\"_blank\" rel=\"noopener\"><img data-recalc-dims=\"1\" decoding=\"async\" src=\"https:\/\/i0.wp.com\/pxb.cdn.0221.com.ar\/0221\/042023\/1681486774064.jpeg?ssl=1\" alt=\"\" \/><\/a><\/p>\n<blockquote>\n<h3>El acusado, por su parte, fue detenido poco despu\u00e9s a bordo de Fiat Uno de color blanco, en medio de un veloz operativo cerrojo montado por los polic\u00edas que acudieron a la escena alertados por un llamado al 911.\u00a0<strong>Los efectivos se toparon con el acusado en 157 entre 69 y 70 e incautaron en el lugar el arma utilizada en el ataque, as\u00ed como seis balas y dos vainas servidas.<\/strong><\/h3>\n<\/blockquote>\n<p><a class=\"link\" href=\"https:\/\/i0.wp.com\/pxb.cdn.0221.com.ar\/0221\/042023\/1681486773582.jpeg?ssl=1\" target=\"_blank\" rel=\"noopener\"><img data-recalc-dims=\"1\" decoding=\"async\" src=\"https:\/\/i0.wp.com\/pxb.cdn.0221.com.ar\/0221\/042023\/1681486773582.jpeg?ssl=1\" alt=\"\" \/><\/a><\/p>\n<p>El atacante fue finalmente trasladado a la comisar\u00eda Tercera de Los Hornos, donde qued\u00f3 alojado y fue puesto a disposici\u00f3n de la Justicia, ante la que deber\u00e1 responder por los delitos de \u00ababuso de arma de fuego\u00bb y \u00ablesiones\u00bb.<\/p>\n<\/div>\n","protected":false},"excerpt":{"rendered":"<div class=\"mh-excerpt\"><p>Un hombre fue detenido tras atacar a tiros a sus propios amigos y herir a uno de ellos en medio de una feroz pelea que no termin\u00f3 en tragedia de milagro. 14 de abril de <a class=\"mh-excerpt-more\" href=\"https:\/\/larevistadigital.com.ar\/blog\/la-plata-discusion-entre-amigos-termino-en-batalla-campal-tiros-un-herido-y-otro-preso\/\" title=\"LA PLATA: DISCUSI\u00d3N ENTRE \u00abAMIGOS\u00bb TERMIN\u00d3 EN BATALLA CAMPAL, TIROS, UN HERIDO Y OTRO PRESO\">[Leer M\u00e1s]<\/a><\/p>\n<\/div>","protected":false},"author":3,"featured_media":31040,"comment_status":"open","ping_status":"open","sticky":false,"template":"","format":"standard","meta":{"_jetpack_memberships_contains_paid_content":false,"footnotes":"","jetpack_publicize_message":"","jetpack_publicize_feature_enabled":true,"jetpack_social_post_already_shared":true,"jetpack_social_options":{"image_generator_settings":{"template":"highway","default_image_id":0,"font":"","enabled":false},"version":2}},"categories":[44,51],"tags":[],"class_list":{"0":"post-31039","1":"post","2":"type-post","3":"status-publish","4":"format-standard","5":"has-post-thumbnail","7":"category-policiales","8":"category-regionales"},"jetpack_publicize_connections":[],"jetpack_featured_media_url":"https:\/\/i0.wp.com\/larevistadigital.com.ar\/blog\/wp-content\/uploads\/1681486772145.jpeg?fit=1920%2C950&ssl=1","jetpack_sharing_enabled":true,"jetpack_shortlink":"https:\/\/wp.me\/p8qtrQ-84D","jetpack-related-posts":[{"id":23868,"url":"https:\/\/larevistadigital.com.ar\/blog\/mar-del-plata-asesinan-a-joven-que-atendia-un-kiosco-de-un-balazo-en-la-espalda\/","url_meta":{"origin":31039,"position":0},"title":"MAR DEL PLATA: ASESINAN A JOVEN QUE ATEND\u00cdA UN KIOSCO DE UN BALAZO EN LA ESPALDA","author":"Alejandro Sosa Ruda","date":"7 febrero, 2022","format":false,"excerpt":"Una joven de 34 a\u00f1os, Romina Gilardi, muri\u00f3 tras recibir un balazo en la espalda en el kiosco que atend\u00eda en Mar del Plata. La victima lleg\u00f3 por sus propios medios al hospital Interzonal General de Agudos (Higa) Oscar Allende de Mar del Plata, donde falleci\u00f3 por la gravedad de\u2026","rel":"","context":"En \u00abPOLICIALES\u00bb","block_context":{"text":"POLICIALES","link":"https:\/\/larevistadigital.com.ar\/blog\/category\/policiales\/"},"img":{"alt_text":"","src":"https:\/\/i0.wp.com\/larevistadigital.com.ar\/blog\/wp-content\/uploads\/20220205175701_mar-del-plataa-inseguridad.jpg?fit=880%2C512&ssl=1&resize=350%2C200","width":350,"height":200,"srcset":"https:\/\/i0.wp.com\/larevistadigital.com.ar\/blog\/wp-content\/uploads\/20220205175701_mar-del-plataa-inseguridad.jpg?fit=880%2C512&ssl=1&resize=350%2C200 1x, https:\/\/i0.wp.com\/larevistadigital.com.ar\/blog\/wp-content\/uploads\/20220205175701_mar-del-plataa-inseguridad.jpg?fit=880%2C512&ssl=1&resize=525%2C300 1.5x, https:\/\/i0.wp.com\/larevistadigital.com.ar\/blog\/wp-content\/uploads\/20220205175701_mar-del-plataa-inseguridad.jpg?fit=880%2C512&ssl=1&resize=700%2C400 2x"},"classes":[]},{"id":16846,"url":"https:\/\/larevistadigital.com.ar\/blog\/berisso-intento-de-usurpacion-termino-con-disparos-y-una-policia-herida\/","url_meta":{"origin":31039,"position":1},"title":"BERISSO: INTENTO DE USURPACI\u00d3N TERMIN\u00d3 CON DISPAROS Y UNA POLIC\u00cdA HERIDA","author":"Alejandro Sosa Ruda","date":"8 octubre, 2020","format":false,"excerpt":"Momentos de suma tensi\u00f3n se vivieron tanto a la ma\u00f1ana como al mediod\u00eda en 18 y 145. Hay dos detenidos. Dos intentos de toma ilegal en un mismo terreno de Berisso trajo hoy momentos de suma tensi\u00f3n que termin\u00f3 en un enfrentamiento con la polic\u00eda, en la cual una oficial\u2026","rel":"","context":"En \u00abPOLICIALES\u00bb","block_context":{"text":"POLICIALES","link":"https:\/\/larevistadigital.com.ar\/blog\/category\/policiales\/"},"img":{"alt_text":"","src":"https:\/\/i0.wp.com\/larevistadigital.com.ar\/blog\/wp-content\/uploads\/20201006235138_u21b.jpeg?fit=880%2C586&ssl=1&resize=350%2C200","width":350,"height":200,"srcset":"https:\/\/i0.wp.com\/larevistadigital.com.ar\/blog\/wp-content\/uploads\/20201006235138_u21b.jpeg?fit=880%2C586&ssl=1&resize=350%2C200 1x, https:\/\/i0.wp.com\/larevistadigital.com.ar\/blog\/wp-content\/uploads\/20201006235138_u21b.jpeg?fit=880%2C586&ssl=1&resize=525%2C300 1.5x, https:\/\/i0.wp.com\/larevistadigital.com.ar\/blog\/wp-content\/uploads\/20201006235138_u21b.jpeg?fit=880%2C586&ssl=1&resize=700%2C400 2x"},"classes":[]},{"id":42553,"url":"https:\/\/larevistadigital.com.ar\/blog\/persecucion-tiros-y-dos-detenidos-tras-el-robo-de-una-camioneta-en-mar-del-plata\/","url_meta":{"origin":31039,"position":2},"title":"Persecuci\u00f3n, tiros y dos detenidos tras el robo de una camioneta en Mar del Plata","author":"Alejandro Sosa Ruda","date":"20 noviembre, 2025","format":false,"excerpt":"La polic\u00eda recuper\u00f3 una Jeep sustra\u00edda en pleno centro marplatense luego de una intensa persecuci\u00f3n que dej\u00f3 a dos sospechosos detenidos y otros dos pr\u00f3fugos. El conductor asaltado habr\u00eda resultado herido. 20 de Noviembre de 2025 MAR DEL PLATA\u00a0 -\u00a0 \u00a0 Una incre\u00edble secuencia policial se registr\u00f3 este jueves por\u2026","rel":"","context":"En \u00abPOLICIALES\u00bb","block_context":{"text":"POLICIALES","link":"https:\/\/larevistadigital.com.ar\/blog\/category\/policiales\/"},"img":{"alt_text":"","src":"https:\/\/i0.wp.com\/larevistadigital.com.ar\/blog\/wp-content\/uploads\/Captura-de-pantalla-2025-11-20-185838.jpg?fit=723%2C414&ssl=1&resize=350%2C200","width":350,"height":200,"srcset":"https:\/\/i0.wp.com\/larevistadigital.com.ar\/blog\/wp-content\/uploads\/Captura-de-pantalla-2025-11-20-185838.jpg?fit=723%2C414&ssl=1&resize=350%2C200 1x, https:\/\/i0.wp.com\/larevistadigital.com.ar\/blog\/wp-content\/uploads\/Captura-de-pantalla-2025-11-20-185838.jpg?fit=723%2C414&ssl=1&resize=525%2C300 1.5x, https:\/\/i0.wp.com\/larevistadigital.com.ar\/blog\/wp-content\/uploads\/Captura-de-pantalla-2025-11-20-185838.jpg?fit=723%2C414&ssl=1&resize=700%2C400 2x"},"classes":[]},{"id":21327,"url":"https:\/\/larevistadigital.com.ar\/blog\/discusion-de-transito-termina-a-los-tiros-y-detienen-a-un-adolescente\/","url_meta":{"origin":31039,"position":3},"title":"DISCUSI\u00d3N DE TR\u00c1NSITO TERMINA A LOS TIROS Y DETIENEN A UN ADOLESCENTE","author":"Alejandro Sosa Ruda","date":"30 julio, 2021","format":false,"excerpt":"Tiene 17 a\u00f1os. Est\u00e1 acusado de haber baleado el auto de un joven de 24 a\u00f1os con quien discuti\u00f3 en las calles de Santa Clara del Mar. Cuando la polic\u00eda fue a detenerlo, su madre habr\u00eda intentado coimear a los efectivos. MAR DEL PLATA -\u00a0 Un\u00a0adolescente de 17 a\u00f1os\u00a0que le\u2026","rel":"","context":"En \u00abPOLICIALES\u00bb","block_context":{"text":"POLICIALES","link":"https:\/\/larevistadigital.com.ar\/blog\/category\/policiales\/"},"img":{"alt_text":"","src":"https:\/\/i0.wp.com\/larevistadigital.com.ar\/blog\/wp-content\/uploads\/Captura-de-pantalla-2021-07-30-131442.png?fit=1015%2C763&ssl=1&resize=350%2C200","width":350,"height":200,"srcset":"https:\/\/i0.wp.com\/larevistadigital.com.ar\/blog\/wp-content\/uploads\/Captura-de-pantalla-2021-07-30-131442.png?fit=1015%2C763&ssl=1&resize=350%2C200 1x, https:\/\/i0.wp.com\/larevistadigital.com.ar\/blog\/wp-content\/uploads\/Captura-de-pantalla-2021-07-30-131442.png?fit=1015%2C763&ssl=1&resize=525%2C300 1.5x, https:\/\/i0.wp.com\/larevistadigital.com.ar\/blog\/wp-content\/uploads\/Captura-de-pantalla-2021-07-30-131442.png?fit=1015%2C763&ssl=1&resize=700%2C400 2x"},"classes":[]},{"id":22868,"url":"https:\/\/larevistadigital.com.ar\/blog\/discusion-golpes-y-un-apunalado-en-un-bar-de-la-plata\/","url_meta":{"origin":31039,"position":4},"title":"DISCUSI\u00d3N, GOLPES Y UN APU\u00d1ALADO EN UN BAR DE LA PLATA","author":"Alejandro Sosa Ruda","date":"5 diciembre, 2021","format":false,"excerpt":"El hecho ocurri\u00f3 en las \u00faltimas horas en pleno centro platense. El hombre apu\u00f1alado intent\u00f3 agredir a agentes y fue trasladado al hospital. Un nuevo episodio de violencia sucedi\u00f3 este s\u00e1bado\u00a0por la madrugada cuando un hombre fue apu\u00f1alado en una pelea a la salida de un bar en pleno centro\u2026","rel":"","context":"En \u00abPOLICIALES\u00bb","block_context":{"text":"POLICIALES","link":"https:\/\/larevistadigital.com.ar\/blog\/category\/policiales\/"},"img":{"alt_text":"","src":"https:\/\/i0.wp.com\/larevistadigital.com.ar\/blog\/wp-content\/uploads\/Screenshot_1-121.jpg?fit=1007%2C565&ssl=1&resize=350%2C200","width":350,"height":200,"srcset":"https:\/\/i0.wp.com\/larevistadigital.com.ar\/blog\/wp-content\/uploads\/Screenshot_1-121.jpg?fit=1007%2C565&ssl=1&resize=350%2C200 1x, https:\/\/i0.wp.com\/larevistadigital.com.ar\/blog\/wp-content\/uploads\/Screenshot_1-121.jpg?fit=1007%2C565&ssl=1&resize=525%2C300 1.5x, https:\/\/i0.wp.com\/larevistadigital.com.ar\/blog\/wp-content\/uploads\/Screenshot_1-121.jpg?fit=1007%2C565&ssl=1&resize=700%2C400 2x"},"classes":[]},{"id":35402,"url":"https:\/\/larevistadigital.com.ar\/blog\/la-plata-doble-homicidio-sangriento-un-hombre-mato-a-una-nena-de-11-anos-e-hirio-a-la-mama-que-a-su-vez-lo-asesino-a-tiros\/","url_meta":{"origin":31039,"position":5},"title":"LA PLATA: DOBLE HOMICIDIO SANGRIENTO. UN HOMBRE MAT\u00d3 A UNA NENA DE 11 A\u00d1OS E HIRI\u00d3 A LA MAM\u00c1, QUE A SU VEZ LO ASESIN\u00d3 A TIROS","author":"Alejandro Sosa Ruda","date":"7 marzo, 2024","format":false,"excerpt":"El asesino irrumpi\u00f3 en la casa de su expareja y comenz\u00f3 a dispararle a ella, la peque\u00f1a y el actual novio de la mujer, quien le quit\u00f3 el arma y lo mat\u00f3. 6 de marzo de 2024 LA PLATA -\u00a0 \"Un brutal ataque en La Plata se convirti\u00f3 en tragedia\u2026","rel":"","context":"En \u00abINTERES GENERAL\u00bb","block_context":{"text":"INTERES GENERAL","link":"https:\/\/larevistadigital.com.ar\/blog\/category\/interes-general\/"},"img":{"alt_text":"","src":"https:\/\/i0.wp.com\/larevistadigital.com.ar\/blog\/wp-content\/uploads\/Captura-de-pantalla-2024-03-06-090715.png?fit=895%2C401&ssl=1&resize=350%2C200","width":350,"height":200,"srcset":"https:\/\/i0.wp.com\/larevistadigital.com.ar\/blog\/wp-content\/uploads\/Captura-de-pantalla-2024-03-06-090715.png?fit=895%2C401&ssl=1&resize=350%2C200 1x, https:\/\/i0.wp.com\/larevistadigital.com.ar\/blog\/wp-content\/uploads\/Captura-de-pantalla-2024-03-06-090715.png?fit=895%2C401&ssl=1&resize=525%2C300 1.5x, https:\/\/i0.wp.com\/larevistadigital.com.ar\/blog\/wp-content\/uploads\/Captura-de-pantalla-2024-03-06-090715.png?fit=895%2C401&ssl=1&resize=700%2C400 2x"},"classes":[]}],"_links":{"self":[{"href":"https:\/\/larevistadigital.com.ar\/blog\/wp-json\/wp\/v2\/posts\/31039","targetHints":{"allow":["GET"]}}],"collection":[{"href":"https:\/\/larevistadigital.com.ar\/blog\/wp-json\/wp\/v2\/posts"}],"about":[{"href":"https:\/\/larevistadigital.com.ar\/blog\/wp-json\/wp\/v2\/types\/post"}],"author":[{"embeddable":true,"href":"https:\/\/larevistadigital.com.ar\/blog\/wp-json\/wp\/v2\/users\/3"}],"replies":[{"embeddable":true,"href":"https:\/\/larevistadigital.com.ar\/blog\/wp-json\/wp\/v2\/comments?post=31039"}],"version-history":[{"count":1,"href":"https:\/\/larevistadigital.com.ar\/blog\/wp-json\/wp\/v2\/posts\/31039\/revisions"}],"predecessor-version":[{"id":31041,"href":"https:\/\/larevistadigital.com.ar\/blog\/wp-json\/wp\/v2\/posts\/31039\/revisions\/31041"}],"wp:featuredmedia":[{"embeddable":true,"href":"https:\/\/larevistadigital.com.ar\/blog\/wp-json\/wp\/v2\/media\/31040"}],"wp:attachment":[{"href":"https:\/\/larevistadigital.com.ar\/blog\/wp-json\/wp\/v2\/media?parent=31039"}],"wp:term":[{"taxonomy":"category","embeddable":true,"href":"https:\/\/larevistadigital.com.ar\/blog\/wp-json\/wp\/v2\/categories?post=31039"},{"taxonomy":"post_tag","embeddable":true,"href":"https:\/\/larevistadigital.com.ar\/blog\/wp-json\/wp\/v2\/tags?post=31039"}],"curies":[{"name":"wp","href":"https:\/\/api.w.org\/{rel}","templated":true}]}}