{"id":31043,"date":"2023-04-14T22:12:12","date_gmt":"2023-04-14T22:12:12","guid":{"rendered":"https:\/\/larevistadigital.com.ar\/blog\/?p=31043"},"modified":"2023-04-14T22:12:12","modified_gmt":"2023-04-14T22:12:12","slug":"kicillof-aseguro-que-lo-que-le-hace-falta-a-mar-del-plata-es-que-la-gobiernen-como-corresponde","status":"publish","type":"post","link":"https:\/\/larevistadigital.com.ar\/blog\/kicillof-aseguro-que-lo-que-le-hace-falta-a-mar-del-plata-es-que-la-gobiernen-como-corresponde\/","title":{"rendered":"KICILLOF ASEGUR\u00d3 QUE \u00abLO QUE LE HACE FALTA A MAR DEL PLATA, ES QUE LA GOBIERNEN COMO CORRESPONDE\u00bb"},"content":{"rendered":"<p>El gobernador de la Provincia de Buenos Aires, <strong>Axel Kicillof<\/strong>, cuestion\u00f3 la gesti\u00f3n del intendente de Mar del Plata, <strong>Guillermo Montenegro<\/strong>, afirmando que a la ciudad <em><strong>\u00able falta que la gobiernen como corresponde\u00bb<\/strong><\/em>.<\/p>\n<blockquote>\n<h3>Kicillof respald\u00f3 la candidatura de Fernanda Raverta, quien lo acompa\u00f1\u00f3 en el cierre del Congreso Provincial de Salud en el NH Gran Hotel Provincial.<\/h3>\n<\/blockquote>\n<p><strong>Kicillof<\/strong> destac\u00f3 que Mar del Plata tiene un gran potencial pero que est\u00e1 sub-explotada y que necesita un impulso no solo tur\u00edstico sino tambi\u00e9n en su capacidad industrial, productiva y portuaria. En una conferencia de prensa posterior, el gobernador resalt\u00f3 las inversiones del gobierno bonaerense en la ciudad, entre ellas la obra de circunvalaci\u00f3n, la reparaci\u00f3n de la Rambla y la doble mano entre Villa Gesell y Mar Chiquita.<\/p>\n<blockquote>\n<h3>El mandatario critic\u00f3 la postura del gobierno municipal que acus\u00f3 de \u00abdiscriminaci\u00f3n\u00bb despu\u00e9s de haber firmado el convenio \u00abMunicipios a la Obra\u00bb, por el que recibi\u00f3 cerca de $1500 millones. Kicillof ironiz\u00f3 la situaci\u00f3n y explic\u00f3 que el financiamiento proviene de la Provincia.<\/h3>\n<\/blockquote>\n<p>Adem\u00e1s, el gobernador elogi\u00f3 a Raverta por el proyecto de moratoria previsional y rechaz\u00f3 las exigencias del FMI en la materia. <strong><em>\u00abSi el Fondo Monetario Internacional es enemigo de alguien, es de los adultos mayores: ha detectado que ah\u00ed hay siempre una posibilidad de exprimir un poquito m\u00e1s\u00bb<\/em><\/strong>, declar\u00f3. <strong>Kicillof<\/strong> consider\u00f3 un gran m\u00e9rito de Raverta el haber podido sacar adelante la moratoria previsional <strong><em>\u00abcon el Fondo Monetario volando sobre nuestras cabezas\u00bb.<\/em><\/strong><\/p>\n","protected":false},"excerpt":{"rendered":"<div class=\"mh-excerpt\"><p>El gobernador de la Provincia de Buenos Aires, Axel Kicillof, cuestion\u00f3 la gesti\u00f3n del intendente de Mar del Plata, Guillermo Montenegro, afirmando que a la ciudad \u00able falta que la gobiernen como corresponde\u00bb. Kicillof respald\u00f3 <a class=\"mh-excerpt-more\" href=\"https:\/\/larevistadigital.com.ar\/blog\/kicillof-aseguro-que-lo-que-le-hace-falta-a-mar-del-plata-es-que-la-gobiernen-como-corresponde\/\" title=\"KICILLOF ASEGUR\u00d3 QUE \u00abLO QUE LE HACE FALTA A MAR DEL PLATA, ES QUE LA GOBIERNEN COMO CORRESPONDE\u00bb\">[Leer M\u00e1s]<\/a><\/p>\n<\/div>","protected":false},"author":3,"featured_media":31044,"comment_status":"open","ping_status":"open","sticky":false,"template":"","format":"standard","meta":{"_jetpack_memberships_contains_paid_content":false,"footnotes":"","jetpack_publicize_message":"","jetpack_publicize_feature_enabled":true,"jetpack_social_post_already_shared":true,"jetpack_social_options":{"image_generator_settings":{"template":"highway","default_image_id":0,"font":"","enabled":false},"version":2}},"categories":[24,51],"tags":[],"class_list":{"0":"post-31043","1":"post","2":"type-post","3":"status-publish","4":"format-standard","5":"has-post-thumbnail","7":"category-politica-provincial","8":"category-regionales"},"jetpack_publicize_connections":[],"jetpack_featured_media_url":"https:\/\/i0.wp.com\/larevistadigital.com.ar\/blog\/wp-content\/uploads\/Captura-de-pantalla-2023-04-14-191119.png?fit=798%2C471&ssl=1","jetpack_sharing_enabled":true,"jetpack_shortlink":"https:\/\/wp.me\/p8qtrQ-84H","jetpack-related-posts":[{"id":40166,"url":"https:\/\/larevistadigital.com.ar\/blog\/kicillof-desembarca-en-mar-del-plata-para-cerrar-un-nuevo-encuentro-del-programa-puentes\/","url_meta":{"origin":31043,"position":0},"title":"Kicillof desembarca en Mar del Plata para cerrar un nuevo encuentro del Programa Puentes","author":"Alejandro Sosa Ruda","date":"24 junio, 2025","format":false,"excerpt":"El gobernador bonaerense participar\u00e1 del evento educativo este viernes 27, en el Gran Hotel Provincial. La jornada reunir\u00e1 a referentes pol\u00edticos, universitarios y del sector productivo. 24 de Junio de 2025 BUENOS AIRES -\u00a0 \u00a0Este viernes 27 de junio, el gobernador Axel Kicillof visitar\u00e1 Mar del Plata para encabezar el\u2026","rel":"","context":"En \u00abPOLITICA PROVINCIAL\u00bb","block_context":{"text":"POLITICA PROVINCIAL","link":"https:\/\/larevistadigital.com.ar\/blog\/category\/politica\/politica-provincial\/"},"img":{"alt_text":"","src":"https:\/\/i0.wp.com\/larevistadigital.com.ar\/blog\/wp-content\/uploads\/Captura-de-pantalla-2025-06-24-122038.jpg?fit=651%2C510&ssl=1&resize=350%2C200","width":350,"height":200,"srcset":"https:\/\/i0.wp.com\/larevistadigital.com.ar\/blog\/wp-content\/uploads\/Captura-de-pantalla-2025-06-24-122038.jpg?fit=651%2C510&ssl=1&resize=350%2C200 1x, https:\/\/i0.wp.com\/larevistadigital.com.ar\/blog\/wp-content\/uploads\/Captura-de-pantalla-2025-06-24-122038.jpg?fit=651%2C510&ssl=1&resize=525%2C300 1.5x"},"classes":[]},{"id":37631,"url":"https:\/\/larevistadigital.com.ar\/blog\/mar-del-plata-kicillof-estara-para-la-apertura-de-los-juegos-bonaerenses\/","url_meta":{"origin":31043,"position":1},"title":"Mar del Plata: Kicillof estar\u00e1 para la apertura de los juegos bonaerenses","author":"Alejandro Sosa Ruda","date":"27 octubre, 2024","format":false,"excerpt":"Ser\u00e1 este lunes en un escenario que se mont\u00f3 en La Rambla. Se espera la participaci\u00f3n de dos grandes artistas en la fiesta de apertura. 27 de Octubre de 2024 MAR DEL PLATA -\u00a0 \u00a0Axel Kicillof, Gobernador de la Provincia de Buenos Aires. arribar\u00e1 este lunes a la ciudad de\u2026","rel":"","context":"En \u00abPOLITICA\u00bb","block_context":{"text":"POLITICA","link":"https:\/\/larevistadigital.com.ar\/blog\/category\/politica\/"},"img":{"alt_text":"","src":"https:\/\/i0.wp.com\/larevistadigital.com.ar\/blog\/wp-content\/uploads\/Captura-de-pantalla-2024-10-27-232506.png?fit=819%2C428&ssl=1&resize=350%2C200","width":350,"height":200,"srcset":"https:\/\/i0.wp.com\/larevistadigital.com.ar\/blog\/wp-content\/uploads\/Captura-de-pantalla-2024-10-27-232506.png?fit=819%2C428&ssl=1&resize=350%2C200 1x, https:\/\/i0.wp.com\/larevistadigital.com.ar\/blog\/wp-content\/uploads\/Captura-de-pantalla-2024-10-27-232506.png?fit=819%2C428&ssl=1&resize=525%2C300 1.5x, https:\/\/i0.wp.com\/larevistadigital.com.ar\/blog\/wp-content\/uploads\/Captura-de-pantalla-2024-10-27-232506.png?fit=819%2C428&ssl=1&resize=700%2C400 2x"},"classes":[]},{"id":39587,"url":"https:\/\/larevistadigital.com.ar\/blog\/javier-gaston-participo-del-congreso-provincial-de-salud-junto-a-autoridades-bonaerenses-en-salud30-04-2025-134343-javier-gaston-participo-del-congreso-provincial-de-salud-junto-a-autoridades-bonaer\/","url_meta":{"origin":31043,"position":2},"title":"Javier Gast\u00f3n particip\u00f3 del Congreso Provincial de Salud junto a autoridades bonaerenses En Salud30\/04\/2025 13:43:43 Javier Gast\u00f3n particip\u00f3 del Congreso Provincial de Salud junto a autoridades bonaerensesJavier Gast\u00f3n particip\u00f3 del Congreso Provincial de Salud junto a autoridades bonaerensesJavier Gast\u00f3n particip\u00f3 del Congreso Provincial de Salud junto a autoridades bonaerenses Javier Gast\u00f3n particip\u00f3 del Congreso Provincial de Salud junto a autoridades bonaerensesJavier Gast\u00f3n particip\u00f3 del Congreso Provincial de Salud junto a autoridades bonaerensesJavier Gast\u00f3n particip\u00f3 del Congreso Provincial de Salud junto a autoridades bonaerenses El intendente de Chascom\u00fas form\u00f3 parte del encuentro encabezado por el gobernador Axel Kicillof en Mar del Plata, acompa\u00f1ado por la secretaria de Salud P\u00fablica, Marcela Arias. El intendente Javier Gast\u00f3n particip\u00f3 este martes de la cuarta edici\u00f3n del Congreso Provincial de Salud (CO.SA.PRO), un espacio de encuentro e intercambio entre trabajadores del sistema sanitario, que tuvo lugar en el Gran Hotel Provincial de Mar del Plata.  El evento fue encabezado por el gobernador Axel Kicillof y el ministro de Salud bonaerense, Nicol\u00e1s Kreplak, quienes destacaron la importancia de sostener y fortalecer el sistema de salud p\u00fablico en un contexto de dificultades econ\u00f3micas y recorte de fondos nacionales.  En la oportunidad, Javier Gast\u00f3n estuvo acompa\u00f1ado por la secretaria de Salud P\u00fablica municipal, Marcela Arias, en una jornada que reuni\u00f3 a intendentes, secretarios de salud y funcionarios provinciales, con el objetivo de debatir pol\u00edticas p\u00fablicas en torno al sistema de salud.  El congreso es un espacio de discusi\u00f3n e intercambio entre trabajadores del sistema de salud donde se desarrollan paneles, rondas de debate y exposici\u00f3n de trabajos cient\u00edficos que se realiza todos los a\u00f1os desde 2022. En esta cuarta edici\u00f3n participan m\u00e1s de 12.000 profesionales provenientes de los 135 municipios bonaerenses y de 16 provincias del pa\u00eds, transform\u00e1ndolo en un encuentro federal.  Durante la jornada, Kicillof tambi\u00e9n particip\u00f3 de la Asamblea anual de la que formaron parte intendentes y secretarios de Salud de los 135 municipios as\u00ed como tambi\u00e9n autoridades provinciales de la cartera sanitaria, con el objetivo de debatir los lineamientos pol\u00edticos y de gesti\u00f3n del sistema sanitario y la implementaci\u00f3n del Plan Quinquenal de Salud provincial.  Escuchar Compartir:     Salud Destacadas","author":"Alejandro Sosa Ruda","date":"30 abril, 2025","format":false,"excerpt":"El intendente de Chascom\u00fas form\u00f3 parte del encuentro encabezado por el gobernador Axel Kicillof en Mar del Plata, acompa\u00f1ado por la secretaria de Salud P\u00fablica, Marcela Arias. 30 de Abril de 2025 CHASCOM\u00daS -\u00a0 El intendente Javier Gast\u00f3n particip\u00f3 este martes de la cuarta edici\u00f3n del Congreso Provincial de Salud\u2026","rel":"","context":"En \u00abINTERES GENERAL\u00bb","block_context":{"text":"INTERES GENERAL","link":"https:\/\/larevistadigital.com.ar\/blog\/category\/interes-general\/"},"img":{"alt_text":"","src":"https:\/\/i0.wp.com\/larevistadigital.com.ar\/blog\/wp-content\/uploads\/6812533fdd195.png?fit=668%2C445&ssl=1&resize=350%2C200","width":350,"height":200,"srcset":"https:\/\/i0.wp.com\/larevistadigital.com.ar\/blog\/wp-content\/uploads\/6812533fdd195.png?fit=668%2C445&ssl=1&resize=350%2C200 1x, https:\/\/i0.wp.com\/larevistadigital.com.ar\/blog\/wp-content\/uploads\/6812533fdd195.png?fit=668%2C445&ssl=1&resize=525%2C300 1.5x"},"classes":[]},{"id":39356,"url":"https:\/\/larevistadigital.com.ar\/blog\/kicillof-puso-en-funcionamiento-nuevos-patrulleros-en-la-plata\/","url_meta":{"origin":31043,"position":3},"title":"Kicillof puso en funcionamiento nuevos patrulleros en La Plata","author":"Alejandro Sosa Ruda","date":"9 abril, 2025","format":false,"excerpt":"Los m\u00f3viles est\u00e1n\u00a0equipados con GPS para su monitoreo en tiempo real y fortalecer\u00e1n el Comando de Patrullas en el distrito. 09 de Abril de 2025 BUENOS AIRES -\u00a0 El gobernador de la provincia de Buenos Aires, Axel Kicillof, encabez\u00f3 este martes la puesta en funcionamiento de 10 patrulleros y 40\u2026","rel":"","context":"En \u00abINTERES GENERAL\u00bb","block_context":{"text":"INTERES GENERAL","link":"https:\/\/larevistadigital.com.ar\/blog\/category\/interes-general\/"},"img":{"alt_text":"","src":"https:\/\/i0.wp.com\/larevistadigital.com.ar\/blog\/wp-content\/uploads\/DAE4941.jpg?fit=743%2C530&ssl=1&resize=350%2C200","width":350,"height":200,"srcset":"https:\/\/i0.wp.com\/larevistadigital.com.ar\/blog\/wp-content\/uploads\/DAE4941.jpg?fit=743%2C530&ssl=1&resize=350%2C200 1x, https:\/\/i0.wp.com\/larevistadigital.com.ar\/blog\/wp-content\/uploads\/DAE4941.jpg?fit=743%2C530&ssl=1&resize=525%2C300 1.5x, https:\/\/i0.wp.com\/larevistadigital.com.ar\/blog\/wp-content\/uploads\/DAE4941.jpg?fit=743%2C530&ssl=1&resize=700%2C400 2x"},"classes":[]},{"id":35891,"url":"https:\/\/larevistadigital.com.ar\/blog\/mar-chiquita-el-gobernador-kicillof-encabezara-un-homenaje-al-intendente-de-jesus\/","url_meta":{"origin":31043,"position":4},"title":"MAR CHIQUITA: EL GOBERNADOR KICILLOF ENCABEZAR\u00c1 UN HOMENAJE AL INTENDENTE DE JES\u00daS","author":"Alejandro Sosa Ruda","date":"23 abril, 2024","format":false,"excerpt":"El homenaje al jefe comunal costero en tributo a \u201cgran trayectoria e historia\u201d se realizar\u00e1 este viernes en Santa Clara del Mar. 23 de abril de 2024 BUENOS AIRES -\u00a0 Este viernes 26 de abril, en el Polideportivo de Santa Clara del Mar, en el partido de Mar Chiquita, el\u2026","rel":"","context":"En \u00abPOLITICA PROVINCIAL\u00bb","block_context":{"text":"POLITICA PROVINCIAL","link":"https:\/\/larevistadigital.com.ar\/blog\/category\/politica\/politica-provincial\/"},"img":{"alt_text":"","src":"https:\/\/i0.wp.com\/larevistadigital.com.ar\/blog\/wp-content\/uploads\/c09eba161dea879b091ac283ea7eb1f728f66301.jpg?fit=1140%2C714&ssl=1&resize=350%2C200","width":350,"height":200,"srcset":"https:\/\/i0.wp.com\/larevistadigital.com.ar\/blog\/wp-content\/uploads\/c09eba161dea879b091ac283ea7eb1f728f66301.jpg?fit=1140%2C714&ssl=1&resize=350%2C200 1x, https:\/\/i0.wp.com\/larevistadigital.com.ar\/blog\/wp-content\/uploads\/c09eba161dea879b091ac283ea7eb1f728f66301.jpg?fit=1140%2C714&ssl=1&resize=525%2C300 1.5x, https:\/\/i0.wp.com\/larevistadigital.com.ar\/blog\/wp-content\/uploads\/c09eba161dea879b091ac283ea7eb1f728f66301.jpg?fit=1140%2C714&ssl=1&resize=700%2C400 2x, https:\/\/i0.wp.com\/larevistadigital.com.ar\/blog\/wp-content\/uploads\/c09eba161dea879b091ac283ea7eb1f728f66301.jpg?fit=1140%2C714&ssl=1&resize=1050%2C600 3x"},"classes":[]},{"id":39563,"url":"https:\/\/larevistadigital.com.ar\/blog\/el-frente-grande-se-planta-apoya-a-kicillof-y-apuesta-a-ser-muralla-contra-milei\/","url_meta":{"origin":31043,"position":5},"title":"El Frente Grande se planta: apoya a Kicillof y apuesta a ser muralla contra Milei","author":"Alejandro Sosa Ruda","date":"26 abril, 2025","format":false,"excerpt":"En una asamblea con alta participaci\u00f3n, el partido bonaerense defini\u00f3 su rumbo electoral, con presencia activa de referentes como el Chascomunense\u00a0 Adrian Biain. 26 de Abril de 2025 LA PLATA\u00a0 -\u00a0 En un clima de definiciones pol\u00edticas fuertes, el Frente Grande celebr\u00f3 su Asamblea Provincial en su nueva sede de\u2026","rel":"","context":"En \u00abPOLITICA\u00bb","block_context":{"text":"POLITICA","link":"https:\/\/larevistadigital.com.ar\/blog\/category\/politica\/"},"img":{"alt_text":"","src":"https:\/\/i0.wp.com\/larevistadigital.com.ar\/blog\/wp-content\/uploads\/multimedia.normal.8a6a6fd412d366c9.bm9ybWFsLndlYnA-e1745764052641.webp?fit=589%2C464&ssl=1&resize=350%2C200","width":350,"height":200,"srcset":"https:\/\/i0.wp.com\/larevistadigital.com.ar\/blog\/wp-content\/uploads\/multimedia.normal.8a6a6fd412d366c9.bm9ybWFsLndlYnA-e1745764052641.webp?fit=589%2C464&ssl=1&resize=350%2C200 1x, https:\/\/i0.wp.com\/larevistadigital.com.ar\/blog\/wp-content\/uploads\/multimedia.normal.8a6a6fd412d366c9.bm9ybWFsLndlYnA-e1745764052641.webp?fit=589%2C464&ssl=1&resize=525%2C300 1.5x"},"classes":[]}],"_links":{"self":[{"href":"https:\/\/larevistadigital.com.ar\/blog\/wp-json\/wp\/v2\/posts\/31043","targetHints":{"allow":["GET"]}}],"collection":[{"href":"https:\/\/larevistadigital.com.ar\/blog\/wp-json\/wp\/v2\/posts"}],"about":[{"href":"https:\/\/larevistadigital.com.ar\/blog\/wp-json\/wp\/v2\/types\/post"}],"author":[{"embeddable":true,"href":"https:\/\/larevistadigital.com.ar\/blog\/wp-json\/wp\/v2\/users\/3"}],"replies":[{"embeddable":true,"href":"https:\/\/larevistadigital.com.ar\/blog\/wp-json\/wp\/v2\/comments?post=31043"}],"version-history":[{"count":1,"href":"https:\/\/larevistadigital.com.ar\/blog\/wp-json\/wp\/v2\/posts\/31043\/revisions"}],"predecessor-version":[{"id":31045,"href":"https:\/\/larevistadigital.com.ar\/blog\/wp-json\/wp\/v2\/posts\/31043\/revisions\/31045"}],"wp:featuredmedia":[{"embeddable":true,"href":"https:\/\/larevistadigital.com.ar\/blog\/wp-json\/wp\/v2\/media\/31044"}],"wp:attachment":[{"href":"https:\/\/larevistadigital.com.ar\/blog\/wp-json\/wp\/v2\/media?parent=31043"}],"wp:term":[{"taxonomy":"category","embeddable":true,"href":"https:\/\/larevistadigital.com.ar\/blog\/wp-json\/wp\/v2\/categories?post=31043"},{"taxonomy":"post_tag","embeddable":true,"href":"https:\/\/larevistadigital.com.ar\/blog\/wp-json\/wp\/v2\/tags?post=31043"}],"curies":[{"name":"wp","href":"https:\/\/api.w.org\/{rel}","templated":true}]}}