{"id":31046,"date":"2023-04-14T22:32:29","date_gmt":"2023-04-14T22:32:29","guid":{"rendered":"https:\/\/larevistadigital.com.ar\/blog\/?p=31046"},"modified":"2023-04-14T22:32:29","modified_gmt":"2023-04-14T22:32:29","slug":"berisso-perdio-el-control-del-auto-y-termino-en-un-canal","status":"publish","type":"post","link":"https:\/\/larevistadigital.com.ar\/blog\/berisso-perdio-el-control-del-auto-y-termino-en-un-canal\/","title":{"rendered":"BERISSO: PERDI\u00d3 EL CONTROL DEL AUTO Y TERMIN\u00d3 EN UN CANAL"},"content":{"rendered":"<h2 class=\"negrita\">La v\u00edctima debi\u00f3 ser trasladada de urgencia a un centro de salud como consecuencia de las heridas. Se desconocen las causas que originaron el siniestro.<\/h2>\n<p class=\"fecha\">14 de abril de 2023<\/p>\n<div class=\"texto\">\n<p><strong>BERISSO &#8211;<\/strong>\u00a0 Un automovilista sufri\u00f3 un grave accidente de tr\u00e1nsito en 66 y 143, <strong>Berisso<\/strong>. Como consecuencia\u00a0del impacto,\u00a0<strong>el hombre de 70 a\u00f1os sufri\u00f3 heridas leves y fue derivado de urgencia al hospital Larrain de esa localidad.\u00a0<\/strong>Afortunadamente, se encuentra fuera de peligro.<\/p>\n<blockquote>\n<h3>Fuentes policiales informaron que el sujeto viajaba solo y en sentido hacia Ruta 15\u00a0<strong>cuando golpe\u00f3 el guardarail, cruz\u00f3 toda la autov\u00eda y cay\u00f3 en un canal.<\/strong><\/h3>\n<\/blockquote>\n<div class=\"boxepigrafe\"><img data-recalc-dims=\"1\" decoding=\"async\" title=\"Foto: Mundo Berisso\" src=\"https:\/\/i0.wp.com\/pxb.cdn.0221.com.ar\/0221\/042023\/1681503013189.jpg?ssl=1\" alt=\"Foto: Mundo Berisso\" \/><strong>Foto: Mundo Berisso<\/strong><\/p>\n<blockquote>\n<h3>En el lugar trabaj\u00f3 personal policial, del SAME y de la Guardia de Defensa Civil.<\/h3>\n<\/blockquote>\n<p>La v\u00edctima manifest\u00f3 que el siniestro vial ocurri\u00f3 porque perdi\u00f3 el control de su\u00a0Chevrolet Astra gris.<\/p>\n<\/div>\n<\/div>\n","protected":false},"excerpt":{"rendered":"<div class=\"mh-excerpt\"><p>La v\u00edctima debi\u00f3 ser trasladada de urgencia a un centro de salud como consecuencia de las heridas. Se desconocen las causas que originaron el siniestro. 14 de abril de 2023 BERISSO &#8211;\u00a0 Un automovilista sufri\u00f3 <a class=\"mh-excerpt-more\" href=\"https:\/\/larevistadigital.com.ar\/blog\/berisso-perdio-el-control-del-auto-y-termino-en-un-canal\/\" title=\"BERISSO: PERDI\u00d3 EL CONTROL DEL AUTO Y TERMIN\u00d3 EN UN CANAL\">[Leer M\u00e1s]<\/a><\/p>\n<\/div>","protected":false},"author":3,"featured_media":31047,"comment_status":"open","ping_status":"open","sticky":false,"template":"","format":"standard","meta":{"_jetpack_memberships_contains_paid_content":false,"footnotes":"","jetpack_publicize_message":"","jetpack_publicize_feature_enabled":true,"jetpack_social_post_already_shared":true,"jetpack_social_options":{"image_generator_settings":{"template":"highway","default_image_id":0,"font":"","enabled":false},"version":2}},"categories":[44,51],"tags":[],"class_list":{"0":"post-31046","1":"post","2":"type-post","3":"status-publish","4":"format-standard","5":"has-post-thumbnail","7":"category-policiales","8":"category-regionales"},"jetpack_publicize_connections":[],"jetpack_featured_media_url":"https:\/\/i0.wp.com\/larevistadigital.com.ar\/blog\/wp-content\/uploads\/1681503015312.jpg?fit=1920%2C950&ssl=1","jetpack_sharing_enabled":true,"jetpack_shortlink":"https:\/\/wp.me\/p8qtrQ-84K","jetpack-related-posts":[{"id":37988,"url":"https:\/\/larevistadigital.com.ar\/blog\/terror-en-berisso-mato-a-su-hijita-de-5-anos-apunalandola-en-el-pecho-y-luego-trato-de-suicidarse\/","url_meta":{"origin":31046,"position":0},"title":"Terror en Berisso: Mat\u00f3 a su hijita de 5 a\u00f1os apu\u00f1al\u00e1ndola en el pecho y luego trat\u00f3 de suicidarse","author":"Alejandro Sosa Ruda","date":"24 noviembre, 2024","format":false,"excerpt":"Detienen a un hombre en Berisso, acusado de matar a la hija de 5 a\u00f1os a pu\u00f1aladas en el pecho 24 de Noviembre de 2024 Berisso.- LA PLATA\u00a0 -\u00a0 \u00a0\u00a0Un demente sujeto, asesin\u00f3 a pu\u00f1aladas a su hija de 5 a\u00f1os, en la localidad de Berisso, para luego intentar suicidarse\u2026","rel":"","context":"En \u00abPOLICIALES\u00bb","block_context":{"text":"POLICIALES","link":"https:\/\/larevistadigital.com.ar\/blog\/category\/policiales\/"},"img":{"alt_text":"","src":"https:\/\/i0.wp.com\/larevistadigital.com.ar\/blog\/wp-content\/uploads\/5a1d8ec76f9d76d92e3d3e6ec7b8c9d200e9ed6b.jpg?fit=1140%2C641&ssl=1&resize=350%2C200","width":350,"height":200,"srcset":"https:\/\/i0.wp.com\/larevistadigital.com.ar\/blog\/wp-content\/uploads\/5a1d8ec76f9d76d92e3d3e6ec7b8c9d200e9ed6b.jpg?fit=1140%2C641&ssl=1&resize=350%2C200 1x, https:\/\/i0.wp.com\/larevistadigital.com.ar\/blog\/wp-content\/uploads\/5a1d8ec76f9d76d92e3d3e6ec7b8c9d200e9ed6b.jpg?fit=1140%2C641&ssl=1&resize=525%2C300 1.5x, https:\/\/i0.wp.com\/larevistadigital.com.ar\/blog\/wp-content\/uploads\/5a1d8ec76f9d76d92e3d3e6ec7b8c9d200e9ed6b.jpg?fit=1140%2C641&ssl=1&resize=700%2C400 2x, https:\/\/i0.wp.com\/larevistadigital.com.ar\/blog\/wp-content\/uploads\/5a1d8ec76f9d76d92e3d3e6ec7b8c9d200e9ed6b.jpg?fit=1140%2C641&ssl=1&resize=1050%2C600 3x"},"classes":[]},{"id":23531,"url":"https:\/\/larevistadigital.com.ar\/blog\/berisso-una-policia-se-quito-la-vida-en-plena-calle-y-a-la-vista-de-todos\/","url_meta":{"origin":31046,"position":1},"title":"BERISSO: UNA POLIC\u00cdA SE QUIT\u00d3 LA VIDA EN PLENA CALLE Y A LA VISTA DE TODOS","author":"Alejandro Sosa Ruda","date":"24 enero, 2022","format":false,"excerpt":"BERISSO -\u00a0 El tr\u00e1gico incidente sacudi\u00f3 a El Carmen en la noche del \u00faltimo jueves. La mujer, de 38 a\u00f1os, fue trasladada de urgencia al hospital pero no resisti\u00f3. Una agente de la Polic\u00eda Bonaerense que cumpl\u00eda funciones en el Comando de Patrulla de La Plata se quit\u00f3 la vida\u2026","rel":"","context":"En \u00abPOLICIALES\u00bb","block_context":{"text":"POLICIALES","link":"https:\/\/larevistadigital.com.ar\/blog\/category\/policiales\/"},"img":{"alt_text":"","src":"https:\/\/i0.wp.com\/larevistadigital.com.ar\/blog\/wp-content\/uploads\/Captura-de-pantalla-2022-01-24-094208.jpg?fit=1200%2C599&ssl=1&resize=350%2C200","width":350,"height":200,"srcset":"https:\/\/i0.wp.com\/larevistadigital.com.ar\/blog\/wp-content\/uploads\/Captura-de-pantalla-2022-01-24-094208.jpg?fit=1200%2C599&ssl=1&resize=350%2C200 1x, https:\/\/i0.wp.com\/larevistadigital.com.ar\/blog\/wp-content\/uploads\/Captura-de-pantalla-2022-01-24-094208.jpg?fit=1200%2C599&ssl=1&resize=525%2C300 1.5x, https:\/\/i0.wp.com\/larevistadigital.com.ar\/blog\/wp-content\/uploads\/Captura-de-pantalla-2022-01-24-094208.jpg?fit=1200%2C599&ssl=1&resize=700%2C400 2x, https:\/\/i0.wp.com\/larevistadigital.com.ar\/blog\/wp-content\/uploads\/Captura-de-pantalla-2022-01-24-094208.jpg?fit=1200%2C599&ssl=1&resize=1050%2C600 3x"},"classes":[]},{"id":34945,"url":"https:\/\/larevistadigital.com.ar\/blog\/un-hombre-murio-luego-de-caer-en-un-tonel-de-agua-hirviendo-mientras-pelaba-chanchos\/","url_meta":{"origin":31046,"position":2},"title":"UN HOMBRE MURI\u00d3 LUEGO DE CAER EN UN TONEL DE AGUA HIRVIENDO MIENTRAS PELABA CHANCHOS","author":"Alejandro Sosa Ruda","date":"27 diciembre, 2023","format":false,"excerpt":"Un hombre sufri\u00f3 graves quemaduras tras caer en un tambor con agua hirviendo mientras pelaba un chancho en su chacra ubicada sobre la Ruta 11, en el partido de Berisso. El hecho ocurri\u00f3 el martes de la semana pasada, pero la v\u00edctima falleci\u00f3 en las \u00faltimas horas en el hospital\u2026","rel":"","context":"En \u00abPOLICIALES\u00bb","block_context":{"text":"POLICIALES","link":"https:\/\/larevistadigital.com.ar\/blog\/category\/policiales\/"},"img":{"alt_text":"","src":"https:\/\/i0.wp.com\/larevistadigital.com.ar\/blog\/wp-content\/uploads\/20231226120142_tambor-con-agua-hirviendo.jpg?fit=880%2C512&ssl=1&resize=350%2C200","width":350,"height":200,"srcset":"https:\/\/i0.wp.com\/larevistadigital.com.ar\/blog\/wp-content\/uploads\/20231226120142_tambor-con-agua-hirviendo.jpg?fit=880%2C512&ssl=1&resize=350%2C200 1x, https:\/\/i0.wp.com\/larevistadigital.com.ar\/blog\/wp-content\/uploads\/20231226120142_tambor-con-agua-hirviendo.jpg?fit=880%2C512&ssl=1&resize=525%2C300 1.5x, https:\/\/i0.wp.com\/larevistadigital.com.ar\/blog\/wp-content\/uploads\/20231226120142_tambor-con-agua-hirviendo.jpg?fit=880%2C512&ssl=1&resize=700%2C400 2x"},"classes":[]},{"id":35341,"url":"https:\/\/larevistadigital.com.ar\/blog\/horror-en-berisso-un-hombre-mato-a-punaladas-a-su-mujer-delante-de-su-propia-hija\/","url_meta":{"origin":31046,"position":3},"title":"HORROR EN BERISSO: UN HOMBRE MAT\u00d3 A PU\u00d1ALADAS A SU MUJER DELANTE DE SU PROPIA HIJA","author":"Alejandro Sosa Ruda","date":"28 febrero, 2024","format":false,"excerpt":"La joven le cont\u00f3 a la Polic\u00eda todo lo sucedido. El agresor apu\u00f1al\u00f3 a la mujer y luego se lesion\u00f3 a s\u00ed mismo, pero sobrevivi\u00f3 y fue internado de urgencia. 28 de febrero de 2024 BERISSO -\u00a0 Otro brutal femicidio\u00a0sacude a la ciudad de Berisso,\u00a0en particular, y la regi\u00f3n, en\u2026","rel":"","context":"En \u00abPOLICIALES\u00bb","block_context":{"text":"POLICIALES","link":"https:\/\/larevistadigital.com.ar\/blog\/category\/policiales\/"},"img":{"alt_text":"","src":"https:\/\/i0.wp.com\/larevistadigital.com.ar\/blog\/wp-content\/uploads\/Captura-de-pantalla-2024-02-28-120436.png?fit=905%2C454&ssl=1&resize=350%2C200","width":350,"height":200,"srcset":"https:\/\/i0.wp.com\/larevistadigital.com.ar\/blog\/wp-content\/uploads\/Captura-de-pantalla-2024-02-28-120436.png?fit=905%2C454&ssl=1&resize=350%2C200 1x, https:\/\/i0.wp.com\/larevistadigital.com.ar\/blog\/wp-content\/uploads\/Captura-de-pantalla-2024-02-28-120436.png?fit=905%2C454&ssl=1&resize=525%2C300 1.5x, https:\/\/i0.wp.com\/larevistadigital.com.ar\/blog\/wp-content\/uploads\/Captura-de-pantalla-2024-02-28-120436.png?fit=905%2C454&ssl=1&resize=700%2C400 2x"},"classes":[]},{"id":24247,"url":"https:\/\/larevistadigital.com.ar\/blog\/rescatan-a-pinguino-que-aparecio-en-la-costa-de-berisso\/","url_meta":{"origin":31046,"position":4},"title":"RESCATAN A PING\u00dcINO QUE APARECI\u00d3 EN LA COSTA DE BERISSO","author":"Alejandro Sosa Ruda","date":"27 febrero, 2022","format":false,"excerpt":"Seg\u00fan las primeras informaciones,\u00a0el ping\u00fcino estaba herido, y se desplazaba con dificultad, justo a metros del puesto de vigilancia en el que estaban los agentes Ismael Borean y Cesar Pagano, en la costa de Berisso. Los guardavidas decidieron intervenir:\u00a0hidrataron al animal, le atendieron las heridas y contactaron al personal de\u2026","rel":"","context":"En \u00abREGIONALES\u00bb","block_context":{"text":"REGIONALES","link":"https:\/\/larevistadigital.com.ar\/blog\/category\/regionales\/"},"img":{"alt_text":"","src":"https:\/\/i0.wp.com\/larevistadigital.com.ar\/blog\/wp-content\/uploads\/este-si.jpg?fit=700%2C438&ssl=1&resize=350%2C200","width":350,"height":200,"srcset":"https:\/\/i0.wp.com\/larevistadigital.com.ar\/blog\/wp-content\/uploads\/este-si.jpg?fit=700%2C438&ssl=1&resize=350%2C200 1x, https:\/\/i0.wp.com\/larevistadigital.com.ar\/blog\/wp-content\/uploads\/este-si.jpg?fit=700%2C438&ssl=1&resize=525%2C300 1.5x, https:\/\/i0.wp.com\/larevistadigital.com.ar\/blog\/wp-content\/uploads\/este-si.jpg?fit=700%2C438&ssl=1&resize=700%2C400 2x"},"classes":[]},{"id":20716,"url":"https:\/\/larevistadigital.com.ar\/blog\/acusan-a-joven-de-18-anos-de-matar-a-policia-retirado-e-incendiar-su-casa-de-berisso\/","url_meta":{"origin":31046,"position":5},"title":"ACUSAN A JOVEN DE 18 A\u00d1OS DE MATAR A POLICIA RETIRADO E INCENDIAR SU CASA DE BERISSO","author":"Alejandro Sosa Ruda","date":"11 junio, 2021","format":false,"excerpt":"El episodio ocurri\u00f3 en junio del a\u00f1o pasado y en las \u00faltimas horas la Polic\u00eda atrap\u00f3 a un sospechoso. Fue tras un operativo realizado en la localidad. BERISSO - Un adolescente de 18 a\u00f1os fue detenido durante las \u00faltimas horas en Berisso, acusado de haber asesinado a un agente de\u2026","rel":"","context":"En \u00abPOLICIALES\u00bb","block_context":{"text":"POLICIALES","link":"https:\/\/larevistadigital.com.ar\/blog\/category\/policiales\/"},"img":{"alt_text":"","src":"","width":0,"height":0},"classes":[]}],"_links":{"self":[{"href":"https:\/\/larevistadigital.com.ar\/blog\/wp-json\/wp\/v2\/posts\/31046","targetHints":{"allow":["GET"]}}],"collection":[{"href":"https:\/\/larevistadigital.com.ar\/blog\/wp-json\/wp\/v2\/posts"}],"about":[{"href":"https:\/\/larevistadigital.com.ar\/blog\/wp-json\/wp\/v2\/types\/post"}],"author":[{"embeddable":true,"href":"https:\/\/larevistadigital.com.ar\/blog\/wp-json\/wp\/v2\/users\/3"}],"replies":[{"embeddable":true,"href":"https:\/\/larevistadigital.com.ar\/blog\/wp-json\/wp\/v2\/comments?post=31046"}],"version-history":[{"count":1,"href":"https:\/\/larevistadigital.com.ar\/blog\/wp-json\/wp\/v2\/posts\/31046\/revisions"}],"predecessor-version":[{"id":31048,"href":"https:\/\/larevistadigital.com.ar\/blog\/wp-json\/wp\/v2\/posts\/31046\/revisions\/31048"}],"wp:featuredmedia":[{"embeddable":true,"href":"https:\/\/larevistadigital.com.ar\/blog\/wp-json\/wp\/v2\/media\/31047"}],"wp:attachment":[{"href":"https:\/\/larevistadigital.com.ar\/blog\/wp-json\/wp\/v2\/media?parent=31046"}],"wp:term":[{"taxonomy":"category","embeddable":true,"href":"https:\/\/larevistadigital.com.ar\/blog\/wp-json\/wp\/v2\/categories?post=31046"},{"taxonomy":"post_tag","embeddable":true,"href":"https:\/\/larevistadigital.com.ar\/blog\/wp-json\/wp\/v2\/tags?post=31046"}],"curies":[{"name":"wp","href":"https:\/\/api.w.org\/{rel}","templated":true}]}}