{"id":31049,"date":"2023-04-15T13:23:35","date_gmt":"2023-04-15T13:23:35","guid":{"rendered":"https:\/\/larevistadigital.com.ar\/blog\/?p=31049"},"modified":"2023-04-15T13:23:35","modified_gmt":"2023-04-15T13:23:35","slug":"esto-paso-un-dia-como-hoy-15-de-abril","status":"publish","type":"post","link":"https:\/\/larevistadigital.com.ar\/blog\/esto-paso-un-dia-como-hoy-15-de-abril\/","title":{"rendered":"ESTO PAS\u00d3 UN D\u00cdA COMO HOY, 15 DE ABRIL"},"content":{"rendered":"<p class=\"paragraph\" data-mrf-recirculation=\"Links inline\">Para que no se te pasen los sucesos m\u00e1s importantes que est\u00e1n por conmemorarse, ac\u00e1 te presentamos\u00a0<b>las efem\u00e9rides m\u00e1s relevantes de este 15 de abril<\/b>.<\/p>\n<p class=\"paragraph\" data-mrf-recirculation=\"Links inline\"><b>1354<\/b>: En Cu\u00e9llar, Espa\u00f1a se casan Pedro I de Castilla y Juana de Castro.<\/p>\n<p class=\"paragraph\" data-mrf-recirculation=\"Links inline\"><b>1408<\/b>: En Espa\u00f1a, Yusuf III, rey de Granada, firma una tregua con los cristianos.<\/p>\n<p class=\"paragraph\" data-mrf-recirculation=\"Links inline\"><b>1450<\/b>: En la batalla de Formigny, el ej\u00e9rcito de Francia aniquila al ej\u00e9rcito de Inglaterra, terminando con el dominio brit\u00e1nico del norte de Francia. Termina la Guerra de los Cien A\u00f1os.<\/p>\n<p class=\"paragraph\" data-mrf-recirculation=\"Links inline\"><b>1493<\/b>: En Sevilla, Crist\u00f3bal Col\u00f3n arriba tras el primer cruce del oc\u00e9ano Atl\u00e1ntico; es recibido triunfalmente.<\/p>\n<p class=\"paragraph\" data-mrf-recirculation=\"Links inline\"><b>1581<\/b>: En Portugal, Felipe II se convierte en rey de Portugal, al reconocerlo como tal las Cortes de Tomar.<\/p>\n<p class=\"paragraph\" data-mrf-recirculation=\"Links inline\"><b>1632<\/b>: En la batalla de Rain \u2015en el marco de la Guerra de los Treinta A\u00f1os\u2015, el ej\u00e9rcito sueco de Gustavo II Adolfo derrota al ej\u00e9rcito del Sacro Imperio Romano Germ\u00e1nico.<\/p>\n<p class=\"paragraph\" data-mrf-recirculation=\"Links inline\"><b>1715<\/b>: En la provincia brit\u00e1nica de Carolina del Sur la masacre de Pocotaligo origina la Guerra Yamasee.<\/p>\n<p class=\"paragraph\" data-mrf-recirculation=\"Links inline\"><b>1717<\/b>: En Espa\u00f1a se crea la Real Academia de Caballeros Guardias Marinas, antecesora de la Escuela Naval Militar espa\u00f1ola<\/p>\n<p class=\"paragraph\" data-mrf-recirculation=\"Links inline\"><b>1738<\/b>: En Londres se estrena la \u00f3pera Serse de George Frideric Handel.<\/p>\n<p class=\"paragraph\" data-mrf-recirculation=\"Links inline\"><b>1755<\/b>: En Londres se publica el influyente diccionario ingl\u00e9s A Dictionary of the English Language, de Samuel Johnson.<\/p>\n<p class=\"paragraph\" data-mrf-recirculation=\"Links inline\"><b>1783<\/b>: Se ratifican los art\u00edculos preliminares que pondr\u00e1n fin a la Revoluci\u00f3n estadounidense.<\/p>\n<p class=\"paragraph\" data-mrf-recirculation=\"Links inline\"><b>1814<\/b>: Las Cortes de C\u00e1diz aprueban el reglamento provisional de la Milicia Nacional.<\/p>\n<p class=\"paragraph\" data-mrf-recirculation=\"Links inline\"><b>1815<\/b>: En la Puerta del Sol de Madrid, un incendio destruye una manzana de casas (16 viviendas).<\/p>\n<p class=\"paragraph\" data-mrf-recirculation=\"Links inline\"><b>1817<\/b>: En la Republiqueta de Tarija (Provincias Unidas del R\u00edo de la Plata, actual Argentina), se libr\u00f3 el combate en el Campo de La Tablada que fue parte de la batalla de Tarija, donde la victoria se llevar\u00edan los patriotas comandados por Gregorio Ar\u00e1oz de Lamadrid contra los realistas, por la tarde se exigi\u00f3 la rendici\u00f3n de los realistas altoperuano, estos aceptaron y concluir\u00eda la batalla de Tarija.<\/p>\n<p class=\"paragraph\" data-mrf-recirculation=\"Links inline\"><b>1829<\/b>: En Londres (Inglaterra), se presenta ante la C\u00e1mara el proyecto de creaci\u00f3n de la polic\u00eda Scotland Yard.<\/p>\n<p class=\"paragraph\" data-mrf-recirculation=\"Links inline\"><b>1848<\/b>: En Espa\u00f1a y sus colonias, el ministro de Hacienda Bertr\u00e1n de Lis \u2015miembro del ministerio Narv\u00e1ez\u2015 instaura el sistema monetario decimal. Desaparecer\u00e1 el maraved\u00ed como moneda, siendo sustituida por la d\u00e9cima de real.<\/p>\n<p class=\"paragraph\" data-mrf-recirculation=\"Links inline\"><b>1856<\/b>: En Panam\u00e1 ocurre el Incidente de la tajada de sand\u00eda, que dar\u00e1 lugar a la primera intervenci\u00f3n estadounidense.<\/p>\n<p class=\"paragraph\" data-mrf-recirculation=\"Links inline\"><b>1865<\/b>: En los Estados Unidos muere el presidente Abraham Lincoln tras haber sido disparado la noche anterior por John Wilkes Booth. Andrew Johnson se convierte en el 17.\u00ba\u00a0presidente de los Estados Unidos.<\/p>\n<p class=\"paragraph\" data-mrf-recirculation=\"Links inline\"><b>1874<\/b>: En el 35 del boulevar des Capucines (de Par\u00eds) se inaugura la primera exposici\u00f3n impresionista.<\/p>\n<p class=\"paragraph\" data-mrf-recirculation=\"Links inline\"><b>1879<\/b>: En Hornos de Cal (en la provincia cubana de Sancti Sp\u00edritus) se produce la Protesta del Jarao contra el Pacto del Zanj\u00f3n, guiada por el general Ram\u00f3n Leocadio Bonachea.<\/p>\n<p class=\"paragraph\" data-mrf-recirculation=\"Links inline\"><b>1892<\/b>: En los Estados Unidos se funda la empresa General Electric.<\/p>\n<p class=\"paragraph\" data-mrf-recirculation=\"Links inline\"><b>1896<\/b>: En Atenas finalizan los primeros Juegos Ol\u00edmpicos de la era moderna, que comenzaron el 6 de abril.<\/p>\n<p class=\"paragraph\" data-mrf-recirculation=\"Links inline\"><b>1900<\/b>: En Creta, Arthur Evans anuncia otros relevantes hallazgos arqueol\u00f3gicos en el palacio de Cnosos.<\/p>\n<p class=\"paragraph\" data-mrf-recirculation=\"Links inline\"><b>1907<\/b>: En la ciudad de Santa Fe (Argentina), se funda el club atl\u00e9tico Uni\u00f3n de Santa Fe.<\/p>\n<p class=\"paragraph\" data-mrf-recirculation=\"Links inline\"><b>1912<\/b>: En el norte del oc\u00e9ano Atl\u00e1ntico, a las 2:20\u00a0h de la madrugada, termina de hundirse el RMS\u00a0Titanic \u2015el barco m\u00e1s grande y lujoso del mundo en su momento\u2015 tras chocar contra un iceberg. Se pierden 1517\u00a0vidas.<\/p>\n<p class=\"paragraph\" data-mrf-recirculation=\"Links inline\"><b>1915<\/b>: En el Teatro Lara, en Madrid, se estrena, por primera vez, El Amor Brujo, de Manuel de Falla.<\/p>\n<p class=\"paragraph\" data-mrf-recirculation=\"Links inline\"><b>1920<\/b>: En Espa\u00f1a se funda del Partido Comunista Espa\u00f1ol, que al a\u00f1o siguiente se unir\u00e1 al Partido Comunista Obrero Espa\u00f1ol para fundar el Partido Comunista de Espa\u00f1a.<\/p>\n<p class=\"paragraph\" data-mrf-recirculation=\"Links inline\"><b>1920<\/b>: En los Estados Unidos se comete el atraco, con la muerte de dos guardias, por el que se juzgar\u00e1 a los anarquistas Sacco y Vanzetti.<\/p>\n<p class=\"paragraph\" data-mrf-recirculation=\"Links inline\"><b>1924<\/b>: En Espa\u00f1a, el derechista Miguel Primo de Rivera funda el partido Uni\u00f3n Patri\u00f3tica.<\/p>\n<p class=\"paragraph\" data-mrf-recirculation=\"Links inline\"><b>1938<\/b>: En el transcurso de la guerra civil espa\u00f1ola, las tropas franquistas, comandadas por Alonso Vega, ocupan Vinaroz, dividiendo en dos partes la Espa\u00f1a republicana y consiguiendo aislar a Catalu\u00f1a.<\/p>\n<p class=\"paragraph\" data-mrf-recirculation=\"Links inline\"><b>1947<\/b>: Jack Roosevelt Robinson fue el primer beisbolista afrodescendiente en ingresar a las Ligas Mayores de B\u00e9isbol<\/p>\n<p class=\"paragraph\" data-mrf-recirculation=\"Links inline\"><b>1951<\/b>: Se consigue la m\u00e1xima goleada en un derbi ciudadano en el Campeonato Nacional de Liga de F\u00fatbol. El resultado fue RCD Espa\u00f1ol 6-FC Barcelona 0<\/p>\n<p class=\"paragraph\" data-mrf-recirculation=\"Links inline\"><b>1952<\/b>: En el \u00e1rea 7 del sitio de pruebas nucleares de Nevada, Estados Unidos detona la bomba at\u00f3mica Baker (de 1\u00a0kilot\u00f3n), dej\u00e1ndola caer desde un avi\u00f3n.<\/p>\n<p class=\"paragraph\" data-mrf-recirculation=\"Links inline\"><b>1955<\/b>: En Des Plaines (Illinois), se inaugura el primer restaurante McDonald&#8217;s.<\/p>\n<p class=\"paragraph\" data-mrf-recirculation=\"Links inline\"><b>1955<\/b>: En el Sitio de pruebas de Nevada, Estados Unidos detona su bomba at\u00f3mica Met, de 22\u00a0kt, la n.\u00ba\u00a063 de las 1127 que ese pa\u00eds deton\u00f3 entre 1945 y 1992.<\/p>\n<p class=\"paragraph\" data-mrf-recirculation=\"Links inline\"><b>1961<\/b>: El presidente estadounidense John F. Kennedy hace bombardear varios aer\u00f3dromos cubanos, con el fin de destruir su fuerza a\u00e9rea en preparaci\u00f3n de la invasi\u00f3n de Playa Gir\u00f3n (dos\u00a0d\u00edas despu\u00e9s).<\/p>\n<p class=\"paragraph\" data-mrf-recirculation=\"Links inline\"><b>1964<\/b>: En un pozo a 149\u00a0metros bajo tierra, en el \u00e1rea U3bo del Sitio de pruebas at\u00f3micas de Nevada (a unos 100\u00a0km al noroeste de la ciudad de Las Vegas), a las 8:30 (hora local) Estados Unidos detona su bomba at\u00f3mica Sturgeon, de 2\u00a0kt. Es la bomba\u00a0n.\u00ba\u00a0365 de las 1132 que Estados Unidos deton\u00f3 entre 1945 y 1992.<\/p>\n<p class=\"paragraph\" data-mrf-recirculation=\"Links inline\"><b>1976<\/b>: En Espa\u00f1a se inicia el XXX\u00a0Congreso de la UGT, el primero celebrado tras la Guerra Civil.<\/p>\n<p class=\"paragraph\" data-mrf-recirculation=\"Links inline\"><b>1979<\/b>: En Cutral Co, Provincia del Neuqu\u00e9n, Rep\u00fablica Argentina, se funda el Club Social y Deportivo Alianza.<\/p>\n<p class=\"paragraph\" data-mrf-recirculation=\"Links inline\"><b>1980<\/b>: Pilar Mir\u00f3 es juzgada por la jurisdicci\u00f3n militar, al reconocerse autora de la pel\u00edcula El crimen de Cuenca.<\/p>\n<p class=\"paragraph\" data-mrf-recirculation=\"Links inline\"><b>1982<\/b>: Canad\u00e1 aprueba una nueva constituci\u00f3n con la que obtiene la total independencia de Gran Breta\u00f1a.<\/p>\n<p class=\"paragraph\" data-mrf-recirculation=\"Links inline\"><b>1985<\/b>: Katrina and the waves publican su sencillo \u00abWalking on the sunshine\u00bb, la canci\u00f3n es muy popular en los anuncios publicitarios y los anunciantes suelen pagar $\u00a0150\u00a0000 a $\u00a0200\u00a0000 por a\u00f1o para utilizar la canci\u00f3n.<\/p>\n<p class=\"paragraph\" data-mrf-recirculation=\"Links inline\"><b>1986<\/b>: Operaci\u00f3n El Dorado Canyon.<\/p>\n<p class=\"paragraph\" data-mrf-recirculation=\"Links inline\"><b>1989<\/b>: En Pek\u00edn (China) se inicia la revuelta de la plaza de Tiananmen tras la muerte de Hu Yaobang.<\/p>\n<p class=\"paragraph\" data-mrf-recirculation=\"Links inline\"><b>1989<\/b>: En el estadio de f\u00fatbol de Sheffield, Inglaterra, m\u00e1s de 2000\u00a0hinchas disparan una estampida seis minutos despu\u00e9s del partido entre los equipos de Liverpool y Nottingham, en la semifinal de la Copa brit\u00e1nica. Mueren 96\u00a0personas.<\/p>\n<p class=\"paragraph\" data-mrf-recirculation=\"Links inline\"><b>1994<\/b>: En Marruecos, los representantes de 124 pa\u00edses y la Comunidad Europea firman los Acuerdos de Marrakech, que revisan el GATT y preceden a la Organizaci\u00f3n Mundial de Comercio. (Entrar\u00edan en vigor el 1 de enero de 1995).<\/p>\n<p class=\"paragraph\" data-mrf-recirculation=\"Links inline\"><b>1997<\/b>: En un campamento de peregrinos musulmanes en la Meca (Arabia) explota una bombona de gas para cocinar. El incendio generado deja un saldo de 343\u00a0peregrinos muertos y alrededor de 2000\u00a0heridos.<\/p>\n<p class=\"paragraph\" data-mrf-recirculation=\"Links inline\"><b>1999<\/b>: En los Estados Unidos se lanza el sat\u00e9lite de observaci\u00f3n terrestre Landsat\u00a07.<\/p>\n<p class=\"paragraph\" data-mrf-recirculation=\"Links inline\"><b>2005<\/b>: En Quito (Ecuador) el presidente Lucio Guti\u00e9rrez decreta el estado de emergencia.<\/p>\n<p class=\"paragraph\" data-mrf-recirculation=\"Links inline\"><b>2011<\/b>: En Guadalajara, M\u00e9xico se declara en la XVII Asamblea General y Congreso de la AIAP el D\u00eda Mundial del Arte.<\/p>\n<p class=\"paragraph\" data-mrf-recirculation=\"Links inline\"><b>2012<\/b>: En la ciudad de Cartagena de Indias (Colombia) finaliza sin \u00e9xito la VI Cumbre de las Am\u00e9ricas.<\/p>\n<p class=\"paragraph\" data-mrf-recirculation=\"Links inline\"><b>2013<\/b>: En Boston (Estados Unidos) explotan dos bombas durante una marat\u00f3n, con un resultado de 3\u00a0muertos y 183\u00a0heridos.<\/p>\n<p class=\"paragraph\" data-mrf-recirculation=\"Links inline\"><b>2013<\/b>: En Venezuela, se inician protestas en contra de la elecci\u00f3n de Nicol\u00e1s Maduro.<\/p>\n<p class=\"paragraph\" data-mrf-recirculation=\"Links inline\"><b>2014<\/b>: Eclipse lunar, el primero de una t\u00e9trada lunar (\u00abluna de sangre\u00bb), es decir, una serie de cuatro eclipses totales consecutivos que ocurren en intervalos de seis\u00a0meses.<\/p>\n<p class=\"paragraph\" data-mrf-recirculation=\"Links inline\"><b>2017<\/b>: En Verbania, Italia fallece Emma Morano, la \u00faltima persona en morir nacida en el siglo\u00a0XIX.<\/p>\n<p class=\"paragraph\" data-mrf-recirculation=\"Links inline\"><b>2019<\/b>: En Par\u00eds (Francia) se incendia la Catedral de Notre Dame.<\/p>\n<p class=\"paragraph\" data-mrf-recirculation=\"Links inline\"><b>2021<\/b>: Florencia Chagas se convirti\u00f3 en la primera basquetbolista argentina en la historia en ser drafteada en la WNBA. Formar\u00e1 parte de la franquicia Indiana Fever.<\/p>\n<h2 class=\"header\"><span style=\"color: #ff0000\">Cumplea\u00f1os<\/span><\/h2>\n<p class=\"paragraph\" data-mrf-recirculation=\"Links inline\"><b>1452<\/b>: Leonardo da Vinci, pol\u00edmata florentino (f. 1519).<\/p>\n<p class=\"paragraph\" data-mrf-recirculation=\"Links inline\"><b>1469<\/b>: Gur\u00fa Nanak, gur\u00fa pakistan\u00ed, fundador del sijismo (f. 1539).<\/p>\n<p class=\"paragraph\" data-mrf-recirculation=\"Links inline\"><b>1548<\/b>: Pietro Antonio Cataldi, matem\u00e1tico italiano (f. 1626).<\/p>\n<p class=\"paragraph\" data-mrf-recirculation=\"Links inline\"><b>1588<\/b>: Claude Saumaise, fil\u00f3logo franc\u00e9s (f. 1653).<\/p>\n<p class=\"paragraph\" data-mrf-recirculation=\"Links inline\"><b>1642<\/b>: Suleiman II, sult\u00e1n otomano (f. 1691).<\/p>\n<p class=\"paragraph\" data-mrf-recirculation=\"Links inline\"><b>1646<\/b>: Cristi\u00e1n\u00a0V, rey de Dinamarca y Noruega (f. 1699).<\/p>\n<p class=\"paragraph\" data-mrf-recirculation=\"Links inline\"><b>1684<\/b>: Catalina\u00a0I, emperatriz rusa (f. 1727).<\/p>\n<p class=\"paragraph\" data-mrf-recirculation=\"Links inline\"><b>1688<\/b>: Johann Friedrich Fasch, compositor alem\u00e1n (f. 1758).<\/p>\n<p class=\"paragraph\" data-mrf-recirculation=\"Links inline\"><b>1707<\/b>: Leonhard Euler, matem\u00e1tico suizo (f. 1783).<\/p>\n<p class=\"paragraph\" data-mrf-recirculation=\"Links inline\"><b>1741<\/b>: Charles Willson Peale, pintor y naturalista estadounidense (f. 1827).<\/p>\n<p class=\"paragraph\" data-mrf-recirculation=\"Links inline\"><b>1772<\/b>: \u00c9tienne Geoffroy Saint-Hilaire, naturalista franc\u00e9s (f. 1844).<\/p>\n<p class=\"paragraph\" data-mrf-recirculation=\"Links inline\"><b>1786<\/b>: John Franklin, explorador brit\u00e1nico (f. 1847).<\/p>\n<p class=\"paragraph\" data-mrf-recirculation=\"Links inline\"><b>1793<\/b>: Friedrich Georg Wilhelm von Struve, astr\u00f3nomo alem\u00e1n (f. 1864).<\/p>\n<p class=\"paragraph\" data-mrf-recirculation=\"Links inline\"><b>1797<\/b>: Adolphe Thiers, historiador y pol\u00edtico franc\u00e9s (f. 1877).<\/p>\n<p class=\"paragraph\" data-mrf-recirculation=\"Links inline\"><b>1800<\/b>: James Clark Ross, explorador brit\u00e1nico (f. 1862).<\/p>\n<p class=\"paragraph\" data-mrf-recirculation=\"Links inline\"><b>1808<\/b>: Manuel Guti\u00e9rrez de la Concha, militar y pol\u00edtico espa\u00f1ol de origen argentino (f. 1874).<\/p>\n<p class=\"paragraph\" data-mrf-recirculation=\"Links inline\"><b>1809<\/b>: Hermann Grassmann, ling\u00fcista y matem\u00e1tico alem\u00e1n (f. 1877).<\/p>\n<p class=\"paragraph\" data-mrf-recirculation=\"Links inline\"><b>1832<\/b>: Wilhelm Busch, pintor, dibujante y poeta alem\u00e1n (f. 1908).<\/p>\n<p class=\"paragraph\" data-mrf-recirculation=\"Links inline\"><b>1835<\/b>: Pedro Timote, militar argentino (f. 1874).<\/p>\n<p class=\"paragraph\" data-mrf-recirculation=\"Links inline\"><b>1836<\/b>: George Engel, anarquista sindicalista germano-estadounidense (f. 1887).<\/p>\n<p class=\"paragraph\" data-mrf-recirculation=\"Links inline\"><b>1843<\/b>: Henry James, escritor y cr\u00edtico literario estadounidense (f. 1916).<\/p>\n<p class=\"paragraph\" data-mrf-recirculation=\"Links inline\"><b>1858<\/b>: \u00c9mile Durkheim, soci\u00f3logo y fil\u00f3sofo franc\u00e9s (f. 1917).<\/p>\n<p class=\"paragraph\" data-mrf-recirculation=\"Links inline\"><b>1869<\/b>: Concha Espina, escritora espa\u00f1ola (f. 1955).<\/p>\n<p class=\"paragraph\" data-mrf-recirculation=\"Links inline\"><b>1874<\/b>: Johannes Stark, f\u00edsico alem\u00e1n, premio nobel de f\u00edsica en 1919 (f. 1957).<\/p>\n<p class=\"paragraph\" data-mrf-recirculation=\"Links inline\"><b>1877<\/b>: Georg Kolbe, escultor alem\u00e1n (f. 1947).<\/p>\n<p class=\"paragraph\" data-mrf-recirculation=\"Links inline\"><b>1878<\/b>: Robert Walser, escritor suizo (f. 1956).<\/p>\n<p class=\"paragraph\" data-mrf-recirculation=\"Links inline\"><b>1886<\/b>: Am\u00e9d\u00e9e Ozenfant, pintor franc\u00e9s (f. 1966).<\/p>\n<p class=\"paragraph\" data-mrf-recirculation=\"Links inline\"><b>1889<\/b>: A. Philip Randolph, activista estadounidense (f. 1979).<\/p>\n<p class=\"paragraph\" data-mrf-recirculation=\"Links inline\"><b>1892<\/b>: Corrie ten Boom, escritora neerlandesa, superviviente a los campos de concentraci\u00f3n nazis (f. 1983).<\/p>\n<p class=\"paragraph\" data-mrf-recirculation=\"Links inline\"><b>1894<\/b>: Bessie Smith, cantante de blues afroestadounidense (f. 1937).<\/p>\n<p class=\"paragraph\" data-mrf-recirculation=\"Links inline\"><b>1894<\/b>: Nikita Jrushchov, dirigente de la Uni\u00f3n Sovi\u00e9tica durante una parte de la Guerra Fr\u00eda (f. 1971).<\/p>\n<p class=\"paragraph\" data-mrf-recirculation=\"Links inline\"><b>1895<\/b>: Abiga\u00edl Mejia, intelectual, fot\u00f3grafa, educadora y feminista dominicana (f. 1941).<\/p>\n<p class=\"paragraph\" data-mrf-recirculation=\"Links inline\"><b>1896<\/b>: Nikol\u00e1i Semi\u00f3nov, qu\u00edmico ruso, premio nobel de qu\u00edmica en 1956 (f. 1986).<\/p>\n<p class=\"paragraph\" data-mrf-recirculation=\"Links inline\"><b>1900<\/b>: Ram\u00f3n Iribarren Cavanilles, ingeniero espa\u00f1ol (f. 1967).<\/p>\n<p class=\"paragraph\" data-mrf-recirculation=\"Links inline\"><b>1902<\/b>: Gloria Guzm\u00e1n, actriz argentina (f. 1979).<\/p>\n<p class=\"paragraph\" data-mrf-recirculation=\"Links inline\"><b>1902<\/b>: Jos\u00e9 Mar\u00eda Albareda, cient\u00edfico espa\u00f1ol (f. 1966).<\/p>\n<p class=\"paragraph\" data-mrf-recirculation=\"Links inline\"><b>1904<\/b>: Arshile Gorky, pintor estadounidense de origen armenio (f. 1948).<\/p>\n<p class=\"paragraph\" data-mrf-recirculation=\"Links inline\"><b>1907<\/b>: George Platt Lynes, fot\u00f3grafo estadounidense (f. 1955).<\/p>\n<p class=\"paragraph\" data-mrf-recirculation=\"Links inline\"><b>1907<\/b>: Nikolaas Tinbergen, et\u00f3logo neerland\u00e9s, premio nobel de fisiolog\u00eda o medicina en 1973 (f. 1988).<\/p>\n<p class=\"paragraph\" data-mrf-recirculation=\"Links inline\"><b>1908<\/b>: Aureli Maria Escarr\u00e9, sacerdote espa\u00f1ol (f. 1964).<\/p>\n<p class=\"paragraph\" data-mrf-recirculation=\"Links inline\"><b>1911<\/b>: Miguel Ligero, actor argentino (f. 1989).<\/p>\n<p class=\"paragraph\" data-mrf-recirculation=\"Links inline\"><b>1912<\/b>: Kim Il-sung, dictador norcoreano (f. 1994).<\/p>\n<p class=\"paragraph\" data-mrf-recirculation=\"Links inline\"><b>1913<\/b>: Mar\u00eda Ruiz-Tagle, primera dama chilena entre 1964 y 1970 (f. 2001).<\/p>\n<p class=\"paragraph\" data-mrf-recirculation=\"Links inline\"><b>1916<\/b>: Helene Hanff, escritora y guionista estadounidense (f. 1997).<\/p>\n<p class=\"paragraph\" data-mrf-recirculation=\"Links inline\"><b>1919<\/b>: Alberto Breccia, historietista argentino de origen uruguayo (f. 1993).<\/p>\n<p class=\"paragraph\" data-mrf-recirculation=\"Links inline\"><b>1920<\/b>: Thomas Szasz, profesor em\u00e9rito de psiquiatr\u00eda y uno de los referentes de la anti-psiquiatr\u00eda (f. 2012).<\/p>\n<p class=\"paragraph\" data-mrf-recirculation=\"Links inline\"><b>1920<\/b>: Richard von Weizs\u00e4cker, pol\u00edtico alem\u00e1n (f. 2015).<\/p>\n<p class=\"paragraph\" data-mrf-recirculation=\"Links inline\"><b>1922<\/b>: Michael Ansara, actor estadounidense (f. 2013).<\/p>\n<p class=\"paragraph\" data-mrf-recirculation=\"Links inline\"><b>1924<\/b>: Neville Marriner, violinista y director de orquesta brit\u00e1nico (f. 2016).<\/p>\n<p class=\"paragraph\" data-mrf-recirculation=\"Links inline\"><b>1927<\/b>: Robert Mills, f\u00edsico estadounidense (f. 1999).<\/p>\n<p class=\"paragraph\" data-mrf-recirculation=\"Links inline\"><b>1930<\/b>: Franco Macri, empresario argentino (f. 2019).<\/p>\n<p class=\"paragraph\" data-mrf-recirculation=\"Links inline\"><b>1930<\/b>: Vigd\u00eds Finnbogad\u00f3ttir, presidenta islandesa.<\/p>\n<p class=\"paragraph\" data-mrf-recirculation=\"Links inline\"><b>1931<\/b>: Giovanni Reale, fil\u00f3sofo italiano (f. 2014).<\/p>\n<p class=\"paragraph\" data-mrf-recirculation=\"Links inline\"><b>1931<\/b>: Tomas Transtr\u00f6mer, poeta sueco (f. 2015).<\/p>\n<p class=\"paragraph\" data-mrf-recirculation=\"Links inline\"><b>1933<\/b>: Elizabeth Montgomery, actriz estadounidense (f. 1995).<\/p>\n<p class=\"paragraph\" data-mrf-recirculation=\"Links inline\"><b>1933<\/b>: Roy Clark, actor y m\u00fasico de country estadounidense (f. 2018).<\/p>\n<p class=\"paragraph\" data-mrf-recirculation=\"Links inline\"><b>1936<\/b>: Raymond Poulidor, ciclista profesional franc\u00e9s (f. 2019).<\/p>\n<p class=\"paragraph\" data-mrf-recirculation=\"Links inline\"><b>1938<\/b>: Claudia Cardinale, actriz italiana.<\/p>\n<p class=\"paragraph\" data-mrf-recirculation=\"Links inline\"><b>1939<\/b>: Jaime Paz Zamora, pol\u00edtico boliviano, presidente de Bolivia entre 1989 y 1993.<\/p>\n<p class=\"paragraph\" data-mrf-recirculation=\"Links inline\"><b>1940<\/b>: Jeffrey Archer, pol\u00edtico y escritor brit\u00e1nico.<\/p>\n<p class=\"paragraph\" data-mrf-recirculation=\"Links inline\"><b>1940<\/b>: Crist\u00f3bal Toral, pintor espa\u00f1ol.<\/p>\n<p class=\"paragraph\" data-mrf-recirculation=\"Links inline\"><b>1942<\/b>: Walt Hazzard, baloncestista y entrenador estadounidense (f. 2011).<\/p>\n<p class=\"paragraph\" data-mrf-recirculation=\"Links inline\"><b>1942<\/b>: Eleuterio S\u00e1nchez, abogado y escritor espa\u00f1ol; anteriormente c\u00e9lebre delincuente y fugitivo.<\/p>\n<p class=\"paragraph\" data-mrf-recirculation=\"Links inline\"><b>1943<\/b>: Robert Lefkowitz, qu\u00edmico estadounidense.<\/p>\n<p class=\"paragraph\" data-mrf-recirculation=\"Links inline\"><b>1944<\/b>: Dave Edmunds, cantante, productor musical y guitarrista brit\u00e1nico.<\/p>\n<p class=\"paragraph\" data-mrf-recirculation=\"Links inline\"><b>1947<\/b>: Enrique Curiel, pol\u00edtico y polit\u00f3logo espa\u00f1ol (f. 2011).<\/p>\n<p class=\"paragraph\" data-mrf-recirculation=\"Links inline\"><b>1947<\/b>: Roy Raymond, empresario estadounidense, fundador de Victoria&#8217;s Secret (f. 1993).<\/p>\n<p class=\"paragraph\" data-mrf-recirculation=\"Links inline\"><b>1948<\/b>: Michael Kamen, compositor y pianista estadounidense (f. 2003).<\/p>\n<p class=\"paragraph\" data-mrf-recirculation=\"Links inline\"><b>1948<\/b>: Phil Mogg, m\u00fasico, cantante y compositor brit\u00e1nico, de la banda UFO.<\/p>\n<p class=\"paragraph\" data-mrf-recirculation=\"Links inline\"><b>1949<\/b>: Alla Pugacheva, cantante rusa.<\/p>\n<p class=\"paragraph\" data-mrf-recirculation=\"Links inline\"><b>1950<\/b>: Josiane Balasko, actriz y cineasta francesa.<\/p>\n<p class=\"paragraph\" data-mrf-recirculation=\"Links inline\"><b>1955<\/b>: M\u00f3nica Jouvet, actriz argentina (f. 1981).<\/p>\n<p class=\"paragraph\" data-mrf-recirculation=\"Links inline\"><b>1955<\/b>: Ry\u016btar\u014d Nakamura, director y animador japon\u00e9s (f. 2013).<\/p>\n<p class=\"paragraph\" data-mrf-recirculation=\"Links inline\"><b>1956<\/b>: Monique Loudi\u00e8res, bailarina de ballet, core\u00f3grafa y profesora francesa.<\/p>\n<p class=\"paragraph\" data-mrf-recirculation=\"Links inline\"><b>1957<\/b>: Evelyn Ashford, atleta estadounidense.<\/p>\n<p class=\"paragraph\" data-mrf-recirculation=\"Links inline\"><b>1958<\/b>: Benjamin Zephaniah, poeta y escritor brit\u00e1nico.<\/p>\n<p class=\"paragraph\" data-mrf-recirculation=\"Links inline\"><b>1959<\/b>: Emma Thompson, actriz brit\u00e1nica.<\/p>\n<p class=\"paragraph\" data-mrf-recirculation=\"Links inline\"><b>1959<\/b>: Thomas F. Wilson, actor, comediante y m\u00fasico estadounidense.<\/p>\n<p class=\"paragraph\" data-mrf-recirculation=\"Links inline\"><b>1960<\/b>: Pedro Delgado, ciclista espa\u00f1ol.<\/p>\n<p class=\"paragraph\" data-mrf-recirculation=\"Links inline\"><b>1960<\/b>: Felipe de B\u00e9lgica, rey de B\u00e9lgica.<\/p>\n<p class=\"paragraph\" data-mrf-recirculation=\"Links inline\"><b>1961<\/b>: Carol Greider, bioqu\u00edmica estadounidense, premio nobel de medicina en 2009.<\/p>\n<p class=\"paragraph\" data-mrf-recirculation=\"Links inline\"><b>1962<\/b>: Nawal El Moutawakel, atleta marroqu\u00ed.<\/p>\n<p class=\"paragraph\" data-mrf-recirculation=\"Links inline\"><b>1962<\/b>: Jhon Jairo Vel\u00e1squez, sicario colombiano, miembro del Cartel de Medell\u00edn (f. 2020).<\/p>\n<p class=\"paragraph\" data-mrf-recirculation=\"Links inline\"><b>1963<\/b>: Esperanza Mari\u00f1o, ensayista y traductora espa\u00f1ola.<\/p>\n<p class=\"paragraph\" data-mrf-recirculation=\"Links inline\"><b>1965<\/b>: Linda Perry, cantante y productora musical estadounidense, de la banda 4 Non Blondes.<\/p>\n<p class=\"paragraph\" data-mrf-recirculation=\"Links inline\"><b>1966<\/b>: Pedro Andreu, baterista espa\u00f1ol, de la banda H\u00e9roes del Silencio.<\/p>\n<p class=\"paragraph\" data-mrf-recirculation=\"Links inline\"><b>1966<\/b>: Samantha Fox, actriz y cantante brit\u00e1nica.<\/p>\n<p class=\"paragraph\" data-mrf-recirculation=\"Links inline\"><b>1968<\/b>: Ed O&#8217;Brien, guitarrista brit\u00e1nico, de la banda Radiohead.<\/p>\n<p class=\"paragraph\" data-mrf-recirculation=\"Links inline\"><b>1970<\/b>: Miki Oca, waterpolista espa\u00f1ol.<\/p>\n<p class=\"paragraph\" data-mrf-recirculation=\"Links inline\"><b>1971<\/b>: Finidi George, futbolista nigeriano.<\/p>\n<p class=\"paragraph\" data-mrf-recirculation=\"Links inline\"><b>1971<\/b>: Mariano Ortega, jugador de balonmano espa\u00f1ol.<\/p>\n<p class=\"paragraph\" data-mrf-recirculation=\"Links inline\"><b>1973<\/b>: Gast\u00f3n Sessa, futbolista argentino.<\/p>\n<p class=\"paragraph\" data-mrf-recirculation=\"Links inline\"><b>1973<\/b>: Teddy Lu\u010di\u0107, futbolista sueco.<\/p>\n<p class=\"paragraph\" data-mrf-recirculation=\"Links inline\"><b>1975<\/b>: Philip Labonte, cantante estadounidense, de la banda All That Remains.<\/p>\n<p class=\"paragraph\" data-mrf-recirculation=\"Links inline\"><b>1977<\/b>: Romina Gaetani, actriz argentina.<\/p>\n<p class=\"paragraph\" data-mrf-recirculation=\"Links inline\"><b>1978<\/b>: Luis Fonsi, cantautor puertorrique\u00f1o.<\/p>\n<p class=\"paragraph\" data-mrf-recirculation=\"Links inline\"><b>1978<\/b>: Lucas Sugo, cantante uruguayo.<\/p>\n<p class=\"paragraph\" data-mrf-recirculation=\"Links inline\"><b>1979<\/b>: Cooper Barnes, actor brit\u00e1nico-estadounidense.<\/p>\n<p class=\"paragraph\" data-mrf-recirculation=\"Links inline\"><b>1980<\/b>: Yoel Hern\u00e1ndez, beisbolista venezolano.<\/p>\n<p class=\"paragraph\" data-mrf-recirculation=\"Links inline\"><b>1981<\/b>: Andr\u00e9s D&#8217;Alessandro, futbolista argentino.<\/p>\n<p class=\"paragraph\" data-mrf-recirculation=\"Links inline\"><b>1981<\/b>: Patricia L\u00f3pez Arn\u00e1iz, actriz espa\u00f1ola.<\/p>\n<p class=\"paragraph\" data-mrf-recirculation=\"Links inline\"><b>1982<\/b>: Seth Rogen, actor, comediante, escritor y productor canadiense.<\/p>\n<p class=\"paragraph\" data-mrf-recirculation=\"Links inline\"><b>1982<\/b>: Ester Dean, cantante y compositora estadounidense.<\/p>\n<p class=\"paragraph\" data-mrf-recirculation=\"Links inline\"><b>1982<\/b>: Albert Riera Ortega, futbolista espa\u00f1ol.<\/p>\n<p class=\"paragraph\" data-mrf-recirculation=\"Links inline\"><b>1983<\/b>: Alice Braga, actriz brasile\u00f1a.<\/p>\n<p class=\"paragraph\" data-mrf-recirculation=\"Links inline\"><b>1983<\/b>: Matt Cardle, cantante brit\u00e1nico.<\/p>\n<p class=\"paragraph\" data-mrf-recirculation=\"Links inline\"><b>1986<\/b>: Tom Heaton, futbolista brit\u00e1nico.<\/p>\n<p class=\"paragraph\" data-mrf-recirculation=\"Links inline\"><b>1988<\/b>: Eliza Doolittle, cantante brit\u00e1nica.<\/p>\n<p class=\"paragraph\" data-mrf-recirculation=\"Links inline\"><b>1990<\/b>: Emma Watson, actriz brit\u00e1nica.<\/p>\n<p class=\"paragraph\" data-mrf-recirculation=\"Links inline\"><b>1991<\/b>: Javier Fern\u00e1ndez L\u00f3pez, patinador art\u00edstico espa\u00f1ol.<\/p>\n<p class=\"paragraph\" data-mrf-recirculation=\"Links inline\"><b>1992<\/b>: Alexandra Masangkay, actriz, cantante y bailarina espa\u00f1ola.<\/p>\n<p class=\"paragraph\" data-mrf-recirculation=\"Links inline\"><b>1992<\/b>: Amy Diamond, cantante sueca.<\/p>\n<p class=\"paragraph\" data-mrf-recirculation=\"Links inline\"><b>1992<\/b>: Kimberly Dos Ramos, actriz, modelo y animadora venezolana.<\/p>\n<p class=\"paragraph\" data-mrf-recirculation=\"Links inline\"><b>1992<\/b>: Remo Freuler, futbolista suizo.<\/p>\n<p class=\"paragraph\" data-mrf-recirculation=\"Links inline\"><b>1993<\/b>: Serhii Myakushko, futbolista ucraniano.<\/p>\n<p class=\"paragraph\" data-mrf-recirculation=\"Links inline\"><b>1994<\/b>: Elena Linari, futbolista italiana.<\/p>\n<p class=\"paragraph\" data-mrf-recirculation=\"Links inline\"><b>1996<\/b>: Laura Quevedo, jugadora de baloncesto espa\u00f1ola.<\/p>\n<p class=\"paragraph\" data-mrf-recirculation=\"Links inline\"><b>1996<\/b>: Mario Prezioso, futbolista italiano.<\/p>\n<p class=\"paragraph\" data-mrf-recirculation=\"Links inline\"><b>1996<\/b>: Jake Galea, futbolista malt\u00e9s.<\/p>\n<p class=\"paragraph\" data-mrf-recirculation=\"Links inline\"><b>1997<\/b>: Maisie Williams, actriz brit\u00e1nica.<\/p>\n<p class=\"paragraph\" data-mrf-recirculation=\"Links inline\"><b>2009<\/b>: Julia Butters, actriz infantil estadounidense.<\/p>\n<h2 class=\"header\"><span style=\"color: #ff0000\">Decesos<\/span><\/h2>\n<p class=\"paragraph\" data-mrf-recirculation=\"Links inline\"><b>1446<\/b>: Filippo Brunelleschi, arquitecto, escultor y orfebre renacentista italiano (n. 1377).<\/p>\n<p class=\"paragraph\" data-mrf-recirculation=\"Links inline\"><b>1659<\/b>: Simon Dach, poeta alem\u00e1n (n. 1605).<\/p>\n<p class=\"paragraph\" data-mrf-recirculation=\"Links inline\"><b>1754<\/b>: Jacopo Francesco Riccati, matem\u00e1tico italiano (n. 1676).<\/p>\n<p class=\"paragraph\" data-mrf-recirculation=\"Links inline\"><b>1764<\/b>: Madame de Pompadour (Jeanne Antoinette Poisson), arist\u00f3crata francesa (n. 1721).<\/p>\n<p class=\"paragraph\" data-mrf-recirculation=\"Links inline\"><b>1782<\/b>: Luis Manuel de Za\u00f1artu, corregidor espa\u00f1ol de Santiago de Chile (n. 1723).<\/p>\n<p class=\"paragraph\" data-mrf-recirculation=\"Links inline\"><b>1801<\/b>: Pedro Lucas de Allende, comerciante espa\u00f1ol (n. 1742).<\/p>\n<p class=\"paragraph\" data-mrf-recirculation=\"Links inline\"><b>1810<\/b>: Joaqu\u00edn Fernando Garay, bi\u00f3logo espa\u00f1ol (n. 1733).<\/p>\n<p class=\"paragraph\" data-mrf-recirculation=\"Links inline\"><b>1844<\/b>: Charles Bulfinch, arquitecto estadounidense (n. 1763).<\/p>\n<p class=\"paragraph\" data-mrf-recirculation=\"Links inline\"><b>1846<\/b>: Antonio Almada y Alvarado, pol\u00edtico mexicano (n. 1786).<\/p>\n<p class=\"paragraph\" data-mrf-recirculation=\"Links inline\"><b>1851<\/b>: Andr\u00e9s Quintana Roo, abogado, poeta y pol\u00edtico mexicano (n. 1787).<\/p>\n<p class=\"paragraph\" data-mrf-recirculation=\"Links inline\"><b>1865<\/b>: Abraham Lincoln, presidente estadounidense entre 1861 y 1865 (n. 1809).<\/p>\n<p class=\"paragraph\" data-mrf-recirculation=\"Links inline\"><b>1876<\/b>: Thomas Scatcherd, abogado y pol\u00edtico canadiense (n. 1823).<\/p>\n<p class=\"paragraph\" data-mrf-recirculation=\"Links inline\"><b>1885<\/b>: Walther Wolfgang von Goethe, compositor alem\u00e1n (n. 1818).<\/p>\n<p class=\"paragraph\" data-mrf-recirculation=\"Links inline\"><b>1888<\/b>: Matthew Arnold, poeta brit\u00e1nico (n. 1822).<\/p>\n<p class=\"paragraph\" data-mrf-recirculation=\"Links inline\"><b>1889<\/b>: Dami\u00e1n de Molokai, misionero belga (n. 1840).<\/p>\n<p class=\"paragraph\" data-mrf-recirculation=\"Links inline\"><b>1912<\/b>: Las 1496 v\u00edctimas del hundimiento del transatl\u00e1ntico Titanic, entre ellos:Thomas Andrews (39), arquitecto naval brit\u00e1nico (n. 1873).<\/p>\n<p class=\"paragraph\" data-mrf-recirculation=\"Links inline\"><b>1917<\/b>: Gumersindo de Azc\u00e1rate, pol\u00edtico y soci\u00f3logo espa\u00f1ol (n. 1840).<\/p>\n<p class=\"paragraph\" data-mrf-recirculation=\"Links inline\"><b>1925<\/b>: Fritz Haarmann, asesino en serie alem\u00e1n (n. 1879).<\/p>\n<p class=\"paragraph\" data-mrf-recirculation=\"Links inline\"><b>1925<\/b>: Faustino Nicoli, industrial y pol\u00edtico barcelon\u00e9s (n. 1852).<\/p>\n<p class=\"paragraph\" data-mrf-recirculation=\"Links inline\"><b>1925<\/b>: John Singer Sargent, pintor italiano (n. 1856).<\/p>\n<p class=\"paragraph\" data-mrf-recirculation=\"Links inline\"><b>1927<\/b>: Gast\u00f3n Leroux, escritor franc\u00e9s (n. 1868).<\/p>\n<p class=\"paragraph\" data-mrf-recirculation=\"Links inline\"><b>1928<\/b>: Rupert Cambridge, arist\u00f3crata brit\u00e1nico (n. 1907).<\/p>\n<p class=\"paragraph\" data-mrf-recirculation=\"Links inline\"><b>1929<\/b>: Torcuato Luca de Tena y \u00c1lvarez Ossorio, periodista espa\u00f1ol (n. 1861).<\/p>\n<p class=\"paragraph\" data-mrf-recirculation=\"Links inline\"><b>1938<\/b>: C\u00e9sar Vallejo, escritor peruano (n. 1892).<\/p>\n<p class=\"paragraph\" data-mrf-recirculation=\"Links inline\"><b>1939<\/b>: Jos\u00e9 Piqueras, pol\u00edtico espa\u00f1ol (n. 1884).<\/p>\n<p class=\"paragraph\" data-mrf-recirculation=\"Links inline\"><b>1942<\/b>: Jos\u00e9 Moreno Carbonero, pintor espa\u00f1ol (n. 1860).<\/p>\n<p class=\"paragraph\" data-mrf-recirculation=\"Links inline\"><b>1942<\/b>: Robert Musil, escritor austriaco (n. 1880).<\/p>\n<p class=\"paragraph\" data-mrf-recirculation=\"Links inline\"><b>1948<\/b>: Manuel Roxas, presidente filipino (n. 1892).<\/p>\n<p class=\"paragraph\" data-mrf-recirculation=\"Links inline\"><b>1956<\/b>: Emil Nolde, pintor alem\u00e1n (n. 1867).<\/p>\n<p class=\"paragraph\" data-mrf-recirculation=\"Links inline\"><b>1957<\/b>: Pedro Infante, actor y cantante mexicano (n. 1917).<\/p>\n<p class=\"paragraph\" data-mrf-recirculation=\"Links inline\"><b>1967<\/b>: Fernando de Castro Rodr\u00edguez, m\u00e9dico y cient\u00edfico espa\u00f1ol (n. 1896).<\/p>\n<p class=\"paragraph\" data-mrf-recirculation=\"Links inline\"><b>1968<\/b>: Amparo Poch y Gasc\u00f3n, m\u00e9dica y escritora anarquista espa\u00f1ola (n. 1902).<\/p>\n<p class=\"paragraph\" data-mrf-recirculation=\"Links inline\"><b>1969<\/b>: Victoria Eugenia de Battenberg, arist\u00f3crata brit\u00e1nica, esposa del rey espa\u00f1ol Alfonso\u00a0XIII (n. 1887).<\/p>\n<p class=\"paragraph\" data-mrf-recirculation=\"Links inline\"><b>1971<\/b>: Miguel Matamoros m\u00fasico y compositor cubano (n. 1894).<\/p>\n<p class=\"paragraph\" data-mrf-recirculation=\"Links inline\"><b>1975<\/b>: Richard Conte, actor estadounidense (n. 1910).<\/p>\n<p class=\"paragraph\" data-mrf-recirculation=\"Links inline\"><b>1977<\/b>: Nicol\u00e1s Franco, militar y diplom\u00e1tico espa\u00f1ol (n. 1891).<\/p>\n<p class=\"paragraph\" data-mrf-recirculation=\"Links inline\"><b>1978<\/b>: Tarrag\u00f3 Ros, acordeonista de chamam\u00e9 y m\u00fasico argentino (n. 1923).<\/p>\n<p class=\"paragraph\" data-mrf-recirculation=\"Links inline\"><b>1980<\/b>: Jean-Paul Sartre, fil\u00f3sofo y escritor franc\u00e9s (n. 1905).<\/p>\n<p class=\"paragraph\" data-mrf-recirculation=\"Links inline\"><b>1983<\/b>: Corrie ten Boom, escritora neerlandesa (n. el mismo d\u00eda de 1892).<\/p>\n<p class=\"paragraph\" data-mrf-recirculation=\"Links inline\"><b>1985<\/b>: In\u00e9s Rodena (79), escritora cubana de radio y de televisi\u00f3n (n. 1905).<\/p>\n<p class=\"paragraph\" data-mrf-recirculation=\"Links inline\"><b>1986<\/b>: Jean Genet, escritor franc\u00e9s (n. 1910).<\/p>\n<p class=\"paragraph\" data-mrf-recirculation=\"Links inline\"><b>1986<\/b>: Benkt Sparre, bot\u00e1nico sueco (n. 1918).<\/p>\n<p class=\"paragraph\" data-mrf-recirculation=\"Links inline\"><b>1988<\/b>: Gabriel Parra, baterista chileno, de la banda Los Jaivas (n. 1947).<\/p>\n<p class=\"paragraph\" data-mrf-recirculation=\"Links inline\"><b>1988<\/b>: Kenneth Williams, actor brit\u00e1nico (n. 1926).<\/p>\n<p class=\"paragraph\" data-mrf-recirculation=\"Links inline\"><b>1989<\/b>: Hu Yaobang, l\u00edder de la Rep\u00fablica Popular China, cuya muerte desencaden\u00f3 la Revuelta de la Plaza de Tiananm\u00e9n (n. 1915).<\/p>\n<p class=\"paragraph\" data-mrf-recirculation=\"Links inline\"><b>1990<\/b>: Greta Garbo, actriz sueca (n. 1905).<\/p>\n<p class=\"paragraph\" data-mrf-recirculation=\"Links inline\"><b>1998<\/b>: Pol Pot, dictador y genocida camboyano (n. 1925).<\/p>\n<p class=\"paragraph\" data-mrf-recirculation=\"Links inline\"><b>2000<\/b>: Edward Gorey, dibujante estadounidense (n. 1925).<\/p>\n<p class=\"paragraph\" data-mrf-recirculation=\"Links inline\"><b>2001<\/b>: Olga Lengyel, enfermera y escritora h\u00fangara (n. 1908).<\/p>\n<p class=\"paragraph\" data-mrf-recirculation=\"Links inline\"><b>2001<\/b>: Joey Ramone, cantante estadounidense, de la banda Ramones (n. 1951).<\/p>\n<p class=\"paragraph\" data-mrf-recirculation=\"Links inline\"><b>2005<\/b>: Jaime Fern\u00e1ndez, actor mexicano (n. 1927).<\/p>\n<p class=\"paragraph\" data-mrf-recirculation=\"Links inline\"><b>2006<\/b>: F\u00e9lix Bay\u00f3n, periodista y poeta espa\u00f1ol (n. 1952).<\/p>\n<p class=\"paragraph\" data-mrf-recirculation=\"Links inline\"><b>2008<\/b>: Conchita Bardem, actriz espa\u00f1ola (n. 1918).<\/p>\n<p class=\"paragraph\" data-mrf-recirculation=\"Links inline\"><b>2008<\/b>: Benoit Lam\u00fd, cineasta belga (n. 1945).<\/p>\n<p class=\"paragraph\" data-mrf-recirculation=\"Links inline\"><b>2011<\/b>: Vittorio Arrigoni, escritor y activista italiano (n. 1975).<\/p>\n<p class=\"paragraph\" data-mrf-recirculation=\"Links inline\"><b>2012<\/b>: Jes\u00fas Giles S\u00e1nchez, pol\u00edtico mexicano (n. 1961).<\/p>\n<p class=\"paragraph\" data-mrf-recirculation=\"Links inline\"><b>2012<\/b>: Murray Rose, nadador australiano de origen brit\u00e1nico (n. 1939).<\/p>\n<p class=\"paragraph\" data-mrf-recirculation=\"Links inline\"><b>2013<\/b>: Richard LeParmentier, actor estadounidense (n. 1946).<\/p>\n<p class=\"paragraph\" data-mrf-recirculation=\"Links inline\"><b>2014<\/b>: Shane Gibson, exbajista estadounidense, de la banda Korn (n. 1978).<\/p>\n<p class=\"paragraph\" data-mrf-recirculation=\"Links inline\"><b>2015<\/b>: Surya Bahadur Thapa, primer ministro nepal\u00ed (n. 1928).<\/p>\n<p class=\"paragraph\" data-mrf-recirculation=\"Links inline\"><b>2018<\/b>: R. Lee Ermey, sargento instructor y actor estadounidense (n. 1944).<\/p>\n<p class=\"paragraph\" data-mrf-recirculation=\"Links inline\"><b>2019<\/b>: Owen Garriott, ingeniero el\u00e9ctrico estadounidense y astronauta de la NASA (n. 1930).<\/p>\n<p class=\"paragraph\" data-mrf-recirculation=\"Links inline\"><b>2020<\/b>: Brian Dennehy, actor estadounidense (n. 1938).<\/p>\n<p class=\"paragraph\" data-mrf-recirculation=\"Links inline\"><b>2020<\/b>: Lee Konitz, saxofonista de jazz estadounidense (n. 1927).<\/p>\n","protected":false},"excerpt":{"rendered":"<div class=\"mh-excerpt\"><p>Para que no se te pasen los sucesos m\u00e1s importantes que est\u00e1n por conmemorarse, ac\u00e1 te presentamos\u00a0las efem\u00e9rides m\u00e1s relevantes de este 15 de abril. 1354: En Cu\u00e9llar, Espa\u00f1a se casan Pedro I de Castilla <a class=\"mh-excerpt-more\" href=\"https:\/\/larevistadigital.com.ar\/blog\/esto-paso-un-dia-como-hoy-15-de-abril\/\" title=\"ESTO PAS\u00d3 UN D\u00cdA COMO HOY, 15 DE ABRIL\">[Leer M\u00e1s]<\/a><\/p>\n<\/div>","protected":false},"author":3,"featured_media":16747,"comment_status":"open","ping_status":"open","sticky":false,"template":"","format":"standard","meta":{"_jetpack_memberships_contains_paid_content":false,"footnotes":"","jetpack_publicize_message":"","jetpack_publicize_feature_enabled":true,"jetpack_social_post_already_shared":true,"jetpack_social_options":{"image_generator_settings":{"template":"highway","default_image_id":0,"font":"","enabled":false},"version":2}},"categories":[15],"tags":[],"class_list":{"0":"post-31049","1":"post","2":"type-post","3":"status-publish","4":"format-standard","5":"has-post-thumbnail","7":"category-cultura"},"jetpack_publicize_connections":[],"jetpack_featured_media_url":"https:\/\/i0.wp.com\/larevistadigital.com.ar\/blog\/wp-content\/uploads\/LOGO-EFEMERIDES.jpg?fit=1268%2C664&ssl=1","jetpack_sharing_enabled":true,"jetpack_shortlink":"https:\/\/wp.me\/p8qtrQ-84N","jetpack-related-posts":[{"id":37949,"url":"https:\/\/larevistadigital.com.ar\/blog\/murio-roberto-giordano-peluquero-de-las-famosas-y-rey-de-los-desfiles\/","url_meta":{"origin":31049,"position":0},"title":"Muri\u00f3 Roberto Giordano, peluquero de las famosas y rey de los desfiles","author":"Alejandro Sosa Ruda","date":"22 noviembre, 2024","format":false,"excerpt":"Ten\u00eda 79 a\u00f1os de edad y falleci\u00f3 en la ciudad de Buenos Aires. 22 de Noviembre de 2024 Muri\u00f3 el peluquero Roberto Giordano,\u00a0conocido por cortarle el pelo a las modelos y actrices m\u00e1s famosas, y por organizar los populares desfiles del verano en Punta del Este, durante la d\u00e9cada del\u2026","rel":"","context":"En \u00abINTERES GENERAL\u00bb","block_context":{"text":"INTERES GENERAL","link":"https:\/\/larevistadigital.com.ar\/blog\/category\/interes-general\/"},"img":{"alt_text":"","src":"https:\/\/i0.wp.com\/larevistadigital.com.ar\/blog\/wp-content\/uploads\/murio-roberto-giordano-reconocido-peluquero-famosos-1060909-190425.jpg?fit=1200%2C675&ssl=1&resize=350%2C200","width":350,"height":200,"srcset":"https:\/\/i0.wp.com\/larevistadigital.com.ar\/blog\/wp-content\/uploads\/murio-roberto-giordano-reconocido-peluquero-famosos-1060909-190425.jpg?fit=1200%2C675&ssl=1&resize=350%2C200 1x, https:\/\/i0.wp.com\/larevistadigital.com.ar\/blog\/wp-content\/uploads\/murio-roberto-giordano-reconocido-peluquero-famosos-1060909-190425.jpg?fit=1200%2C675&ssl=1&resize=525%2C300 1.5x, https:\/\/i0.wp.com\/larevistadigital.com.ar\/blog\/wp-content\/uploads\/murio-roberto-giordano-reconocido-peluquero-famosos-1060909-190425.jpg?fit=1200%2C675&ssl=1&resize=700%2C400 2x, https:\/\/i0.wp.com\/larevistadigital.com.ar\/blog\/wp-content\/uploads\/murio-roberto-giordano-reconocido-peluquero-famosos-1060909-190425.jpg?fit=1200%2C675&ssl=1&resize=1050%2C600 3x"},"classes":[]},{"id":30901,"url":"https:\/\/larevistadigital.com.ar\/blog\/esto-paso-un-dia-como-hoy-6-de-abril\/","url_meta":{"origin":31049,"position":1},"title":"ESTO PAS\u00d3 UN D\u00cdA COMO HOY, 6 DE ABRIL","author":"Alejandro Sosa Ruda","date":"6 abril, 2023","format":false,"excerpt":"En un 6 de abril, pero de 1994, es derribado el avi\u00f3n en el que viajaban los presidentes de Burundi, Ciprien Ntaryamira, y de Ruanda, Juvenal Habyarimana, en un atentado que desencaden\u00f3 el genocidio de Ruanda, en el que 800.000 tutsis y hutus moderados murieron en solo cien d\u00edas. OTRAS\u2026","rel":"","context":"En \u00abCULTURA\u00bb","block_context":{"text":"CULTURA","link":"https:\/\/larevistadigital.com.ar\/blog\/category\/cultura\/"},"img":{"alt_text":"","src":"https:\/\/i0.wp.com\/larevistadigital.com.ar\/blog\/wp-content\/uploads\/LOGO-EFEMERIDES.jpg?fit=1200%2C628&ssl=1&resize=350%2C200","width":350,"height":200,"srcset":"https:\/\/i0.wp.com\/larevistadigital.com.ar\/blog\/wp-content\/uploads\/LOGO-EFEMERIDES.jpg?fit=1200%2C628&ssl=1&resize=350%2C200 1x, https:\/\/i0.wp.com\/larevistadigital.com.ar\/blog\/wp-content\/uploads\/LOGO-EFEMERIDES.jpg?fit=1200%2C628&ssl=1&resize=525%2C300 1.5x, https:\/\/i0.wp.com\/larevistadigital.com.ar\/blog\/wp-content\/uploads\/LOGO-EFEMERIDES.jpg?fit=1200%2C628&ssl=1&resize=700%2C400 2x, https:\/\/i0.wp.com\/larevistadigital.com.ar\/blog\/wp-content\/uploads\/LOGO-EFEMERIDES.jpg?fit=1200%2C628&ssl=1&resize=1050%2C600 3x"},"classes":[]},{"id":29583,"url":"https:\/\/larevistadigital.com.ar\/blog\/esto-paso-un-dia-como-hoy-23-de-diciembre\/","url_meta":{"origin":31049,"position":2},"title":"ESTO PAS\u00d3 UN D\u00cdA COMO HOY, 23 DE DICIEMBRE","author":"Alejandro Sosa Ruda","date":"23 diciembre, 2022","format":false,"excerpt":"Las\u00a0efem\u00e9rides\u00a0marcan en el calendario los sucesos m\u00e1s trascendentales para la humanidad. Este\u00a0viernes 23 de diciembre\u00a0se cumple el aniversario del rescate de los sobrevivientes de la\u00a0Tragedia de los Andes, es la fecha en que el pintor\u00a0Vincent Van Gogh\u00a0se corta su propia oreja, el d\u00eda en que la\u00a0BBC Radio\u00a0comienza a emitir sus\u2026","rel":"","context":"En \u00abCULTURA\u00bb","block_context":{"text":"CULTURA","link":"https:\/\/larevistadigital.com.ar\/blog\/category\/cultura\/"},"img":{"alt_text":"","src":"https:\/\/i0.wp.com\/larevistadigital.com.ar\/blog\/wp-content\/uploads\/LOGO-EFEMERIDES.jpg?fit=1200%2C628&ssl=1&resize=350%2C200","width":350,"height":200,"srcset":"https:\/\/i0.wp.com\/larevistadigital.com.ar\/blog\/wp-content\/uploads\/LOGO-EFEMERIDES.jpg?fit=1200%2C628&ssl=1&resize=350%2C200 1x, https:\/\/i0.wp.com\/larevistadigital.com.ar\/blog\/wp-content\/uploads\/LOGO-EFEMERIDES.jpg?fit=1200%2C628&ssl=1&resize=525%2C300 1.5x, https:\/\/i0.wp.com\/larevistadigital.com.ar\/blog\/wp-content\/uploads\/LOGO-EFEMERIDES.jpg?fit=1200%2C628&ssl=1&resize=700%2C400 2x, https:\/\/i0.wp.com\/larevistadigital.com.ar\/blog\/wp-content\/uploads\/LOGO-EFEMERIDES.jpg?fit=1200%2C628&ssl=1&resize=1050%2C600 3x"},"classes":[]},{"id":12289,"url":"https:\/\/larevistadigital.com.ar\/blog\/video-quema-esos-archivos-estan-en-todos-los-partidos-pero-este-debe-ser-el-rey-de-los-panqueques\/","url_meta":{"origin":31049,"position":3},"title":"[VIDEO] \u00abQUEM\u00c1 ESOS ARCHIVOS\u00bb!&#8230; EST\u00c1N EN TODOS LOS PARTIDOS, PERO ESTE DEBE SER EL \u00abREY DE LOS PANQUEQUES\u00bb","author":"Alejandro Sosa Ruda","date":"26 septiembre, 2019","format":false,"excerpt":"POR EL HIJO DE POOH NO IMPORTA CUANDO LO VEAS, PORQUE SER\u00c1 ACTUAL... Hay dentro y fuera de la pol\u00edtica, y en todos los \u00e1mbitos de la vida. Laborales, familiares y en donde se te ocurra, podemos encontrar los \"panqueques\".\u00a0 La sociedad misma fue cambiando, y algo que era impensado,\u2026","rel":"","context":"En \u00abHUMOR MAMADORA\u00bb","block_context":{"text":"HUMOR MAMADORA","link":"https:\/\/larevistadigital.com.ar\/blog\/category\/humor-mamadora\/"},"img":{"alt_text":"","src":"https:\/\/i0.wp.com\/larevistadigital.com.ar\/blog\/wp-content\/uploads\/2019\/02\/VA-CON-HONDA.jpg?fit=1200%2C719&ssl=1&resize=350%2C200","width":350,"height":200,"srcset":"https:\/\/i0.wp.com\/larevistadigital.com.ar\/blog\/wp-content\/uploads\/2019\/02\/VA-CON-HONDA.jpg?fit=1200%2C719&ssl=1&resize=350%2C200 1x, https:\/\/i0.wp.com\/larevistadigital.com.ar\/blog\/wp-content\/uploads\/2019\/02\/VA-CON-HONDA.jpg?fit=1200%2C719&ssl=1&resize=525%2C300 1.5x, https:\/\/i0.wp.com\/larevistadigital.com.ar\/blog\/wp-content\/uploads\/2019\/02\/VA-CON-HONDA.jpg?fit=1200%2C719&ssl=1&resize=700%2C400 2x, https:\/\/i0.wp.com\/larevistadigital.com.ar\/blog\/wp-content\/uploads\/2019\/02\/VA-CON-HONDA.jpg?fit=1200%2C719&ssl=1&resize=1050%2C600 3x"},"classes":[]},{"id":28140,"url":"https:\/\/larevistadigital.com.ar\/blog\/28140-2\/","url_meta":{"origin":31049,"position":4},"title":"ESTO PAS\u00d3 UN D\u00cdA COMO HOY, 29 DE SEPTIEMBRE&#8230;","author":"Alejandro Sosa Ruda","date":"29 septiembre, 2022","format":false,"excerpt":"Porque aquel que olvide la historia est\u00e1 condenado a repetirla, aqu\u00ed est\u00e1n\u00a0las efem\u00e9rides m\u00e1s importantes de este jueves 29\/9 29 de septiembre de 2022 2017: EEUU ordena la retirada de la mayor\u00eda del personal de su embajada en Cuba y la suspensi\u00f3n de la emisi\u00f3n de visados, tras un \u201cataque\u2026","rel":"","context":"En \u00abCULTURA\u00bb","block_context":{"text":"CULTURA","link":"https:\/\/larevistadigital.com.ar\/blog\/category\/cultura\/"},"img":{"alt_text":"","src":"https:\/\/i0.wp.com\/larevistadigital.com.ar\/blog\/wp-content\/uploads\/LOGO-EFEMERIDES.jpg?fit=1200%2C628&ssl=1&resize=350%2C200","width":350,"height":200,"srcset":"https:\/\/i0.wp.com\/larevistadigital.com.ar\/blog\/wp-content\/uploads\/LOGO-EFEMERIDES.jpg?fit=1200%2C628&ssl=1&resize=350%2C200 1x, https:\/\/i0.wp.com\/larevistadigital.com.ar\/blog\/wp-content\/uploads\/LOGO-EFEMERIDES.jpg?fit=1200%2C628&ssl=1&resize=525%2C300 1.5x, https:\/\/i0.wp.com\/larevistadigital.com.ar\/blog\/wp-content\/uploads\/LOGO-EFEMERIDES.jpg?fit=1200%2C628&ssl=1&resize=700%2C400 2x, https:\/\/i0.wp.com\/larevistadigital.com.ar\/blog\/wp-content\/uploads\/LOGO-EFEMERIDES.jpg?fit=1200%2C628&ssl=1&resize=1050%2C600 3x"},"classes":[]},{"id":31029,"url":"https:\/\/larevistadigital.com.ar\/blog\/esto-paso-un-dia-como-hoy-14-de-abril\/","url_meta":{"origin":31049,"position":5},"title":"ESTO PAS\u00d3 UN D\u00cdA COMO HOY, 14 DE ABRIL","author":"Alejandro Sosa Ruda","date":"14 abril, 2023","format":false,"excerpt":"Desde\u00a0hechos legendarios, lastimosas tragedias e importantes avances cient\u00edficos, hasta nacimientos y muertes de personajes relevantes como l\u00edderes sociales, cient\u00edficos y artistas, es lo que nos traen las efem\u00e9rides de este d\u00eda. -43: En Italia se libra la batalla de Forum Gallorum. Marco Antonio, habiendo sitiado al asesino de Julio C\u00e9sar,\u2026","rel":"","context":"En \u00abCULTURA\u00bb","block_context":{"text":"CULTURA","link":"https:\/\/larevistadigital.com.ar\/blog\/category\/cultura\/"},"img":{"alt_text":"","src":"https:\/\/i0.wp.com\/larevistadigital.com.ar\/blog\/wp-content\/uploads\/LOGO-EFEMERIDES.jpg?fit=1200%2C628&ssl=1&resize=350%2C200","width":350,"height":200,"srcset":"https:\/\/i0.wp.com\/larevistadigital.com.ar\/blog\/wp-content\/uploads\/LOGO-EFEMERIDES.jpg?fit=1200%2C628&ssl=1&resize=350%2C200 1x, https:\/\/i0.wp.com\/larevistadigital.com.ar\/blog\/wp-content\/uploads\/LOGO-EFEMERIDES.jpg?fit=1200%2C628&ssl=1&resize=525%2C300 1.5x, https:\/\/i0.wp.com\/larevistadigital.com.ar\/blog\/wp-content\/uploads\/LOGO-EFEMERIDES.jpg?fit=1200%2C628&ssl=1&resize=700%2C400 2x, https:\/\/i0.wp.com\/larevistadigital.com.ar\/blog\/wp-content\/uploads\/LOGO-EFEMERIDES.jpg?fit=1200%2C628&ssl=1&resize=1050%2C600 3x"},"classes":[]}],"_links":{"self":[{"href":"https:\/\/larevistadigital.com.ar\/blog\/wp-json\/wp\/v2\/posts\/31049","targetHints":{"allow":["GET"]}}],"collection":[{"href":"https:\/\/larevistadigital.com.ar\/blog\/wp-json\/wp\/v2\/posts"}],"about":[{"href":"https:\/\/larevistadigital.com.ar\/blog\/wp-json\/wp\/v2\/types\/post"}],"author":[{"embeddable":true,"href":"https:\/\/larevistadigital.com.ar\/blog\/wp-json\/wp\/v2\/users\/3"}],"replies":[{"embeddable":true,"href":"https:\/\/larevistadigital.com.ar\/blog\/wp-json\/wp\/v2\/comments?post=31049"}],"version-history":[{"count":1,"href":"https:\/\/larevistadigital.com.ar\/blog\/wp-json\/wp\/v2\/posts\/31049\/revisions"}],"predecessor-version":[{"id":31050,"href":"https:\/\/larevistadigital.com.ar\/blog\/wp-json\/wp\/v2\/posts\/31049\/revisions\/31050"}],"wp:featuredmedia":[{"embeddable":true,"href":"https:\/\/larevistadigital.com.ar\/blog\/wp-json\/wp\/v2\/media\/16747"}],"wp:attachment":[{"href":"https:\/\/larevistadigital.com.ar\/blog\/wp-json\/wp\/v2\/media?parent=31049"}],"wp:term":[{"taxonomy":"category","embeddable":true,"href":"https:\/\/larevistadigital.com.ar\/blog\/wp-json\/wp\/v2\/categories?post=31049"},{"taxonomy":"post_tag","embeddable":true,"href":"https:\/\/larevistadigital.com.ar\/blog\/wp-json\/wp\/v2\/tags?post=31049"}],"curies":[{"name":"wp","href":"https:\/\/api.w.org\/{rel}","templated":true}]}}