{"id":31055,"date":"2023-04-15T15:32:47","date_gmt":"2023-04-15T15:32:47","guid":{"rendered":"https:\/\/larevistadigital.com.ar\/blog\/?p=31055"},"modified":"2023-04-15T15:32:47","modified_gmt":"2023-04-15T15:32:47","slug":"acusado-de-femicidio-pide-el-cambio-de-caratula-porque-se-autopercibe-mujer","status":"publish","type":"post","link":"https:\/\/larevistadigital.com.ar\/blog\/acusado-de-femicidio-pide-el-cambio-de-caratula-porque-se-autopercibe-mujer\/","title":{"rendered":"ACUSADO DE FEMICIDIO PIDE EL CAMBIO DE CAR\u00c1TULA PORQUE SE \u00abAUTOPERCIBE MUJER\u00bb"},"content":{"rendered":"<h2>El singular pedido ocurri\u00f3 durante el juicio que se le sigue a Fernando Alves Ferreira por el asesinato de Eduarda Santos, en la localidad rionegrina de Bariloche.<\/h2>\n<p>15 de abril de 2023<\/p>\n<p>En un sorprendente giro en el caso del femicidio triplemente agravado de <strong>Eduarda Santos<\/strong>, el acusado, <strong>Fernando Alves Ferreira<\/strong>, se present\u00f3 ante la audiencia de control de acusaci\u00f3n en R\u00edo Negro, <strong>identific\u00e1ndose a s\u00ed mismo como mujer este viernes<\/strong>. <strong>Alves Ferreira<\/strong>, quien ahora prefiere ser llamado <strong>Amanda<\/strong> y utiliza los pronombres femeninos, <span style=\"color: #ff0000\"><strong>argument\u00f3 que se autopercibe mujer desde su adolescencia.<\/strong><\/span><\/p>\n<blockquote>\n<h3>La declaraci\u00f3n lleg\u00f3 despu\u00e9s de que el fiscal Mart\u00edn Lozada destacara la relaci\u00f3n de dependencia econ\u00f3mica y emocional entre Alves y Santos, argumentando que esto era un signo de la posici\u00f3n dominante del hombre sobre la mujer. Lozada present\u00f3 una solicitud de pena por la causal de femicidio, que en la ley argentina puede ser perpetua.<\/h3>\n<\/blockquote>\n<p>La defensa del acusado, liderada por el abogado <strong>Nelson Vigueras<\/strong>, solicit\u00f3 la modificaci\u00f3n de la car\u00e1tula del caso de femicidio, argumentando que <strong>Fernando Alves Ferreira<\/strong> es en realidad una mujer que se someti\u00f3 a cirug\u00edas para modificar su sexo y hab\u00eda iniciado tr\u00e1mites para respetar su identidad de g\u00e9nero antes del asesinato de <strong>Eduarda Santos<\/strong>.<\/p>\n<blockquote>\n<h3>El fiscal Lozada se opuso al cambio de car\u00e1tula, lo que gener\u00f3 un intenso debate en la audiencia. Finalmente, el juez Mart\u00edn Arroyo decidi\u00f3 que la acusaci\u00f3n era precisa y permiti\u00f3 que el caso llegue a juicio, dejando la resoluci\u00f3n del argumento para la pr\u00f3xima etapa del proceso.<\/h3>\n<\/blockquote>\n<p><strong>Eduarda Santos<\/strong>, una joven brasile\u00f1a de 27 a\u00f1os, fue encontrada sin vida el 16 de febrero de 2022 en el sendero del Lago Escondido en el Parque Municipal Llao Llao, a unos 25 kil\u00f3metros del centro de Bariloche. <strong>Alves Ferreira<\/strong> confes\u00f3 el crimen dos d\u00edas despu\u00e9s del suceso, diciendo <strong>\u00abYo me declaro culpable, yo la mat\u00e9\u00bb<\/strong>. Desde entonces, ha permanecido en prisi\u00f3n preventiva a la espera de su juicio.<\/p>\n","protected":false},"excerpt":{"rendered":"<div class=\"mh-excerpt\"><p>El singular pedido ocurri\u00f3 durante el juicio que se le sigue a Fernando Alves Ferreira por el asesinato de Eduarda Santos, en la localidad rionegrina de Bariloche. 15 de abril de 2023 En un sorprendente <a class=\"mh-excerpt-more\" href=\"https:\/\/larevistadigital.com.ar\/blog\/acusado-de-femicidio-pide-el-cambio-de-caratula-porque-se-autopercibe-mujer\/\" title=\"ACUSADO DE FEMICIDIO PIDE EL CAMBIO DE CAR\u00c1TULA PORQUE SE \u00abAUTOPERCIBE MUJER\u00bb\">[Leer M\u00e1s]<\/a><\/p>\n<\/div>","protected":false},"author":3,"featured_media":31056,"comment_status":"open","ping_status":"open","sticky":false,"template":"","format":"standard","meta":{"_jetpack_memberships_contains_paid_content":false,"footnotes":"","jetpack_publicize_message":"","jetpack_publicize_feature_enabled":true,"jetpack_social_post_already_shared":true,"jetpack_social_options":{"image_generator_settings":{"template":"highway","default_image_id":0,"font":"","enabled":false},"version":2}},"categories":[11,44,51],"tags":[],"class_list":{"0":"post-31055","1":"post","2":"type-post","3":"status-publish","4":"format-standard","5":"has-post-thumbnail","7":"category-curiosas","8":"category-policiales","9":"category-regionales"},"jetpack_publicize_connections":[],"jetpack_featured_media_url":"https:\/\/i0.wp.com\/larevistadigital.com.ar\/blog\/wp-content\/uploads\/femicidio.png?fit=790%2C400&ssl=1","jetpack_sharing_enabled":true,"jetpack_shortlink":"https:\/\/wp.me\/p8qtrQ-84T","jetpack-related-posts":[{"id":33856,"url":"https:\/\/larevistadigital.com.ar\/blog\/la-plata-cayo-el-acusado-por-el-femicidio-de-cecilia-gongora\/","url_meta":{"origin":31055,"position":0},"title":"LA PLATA: CAY\u00d3 EL ACUSADO POR EL FEMICIDIO DE CECILIA G\u00d3NGORA","author":"Alejandro Sosa Ruda","date":"5 octubre, 2023","format":false,"excerpt":"Tras una persecuci\u00f3n, la Polic\u00eda atrap\u00f3 al hombre en un descampado. Es el principal y \u00fanico acusado de asesinar a la mujer frente a sus hijos en La Plata. 05 de octubre de 2023 En medio de los pedidos de justicia por el\u00a0femicidio\u00a0que sacude a\u00a0La Plata, efectivos de la DDI\u2026","rel":"","context":"En \u00abDESTACADAS\u00bb","block_context":{"text":"DESTACADAS","link":"https:\/\/larevistadigital.com.ar\/blog\/category\/destacadas\/"},"img":{"alt_text":"","src":"https:\/\/i0.wp.com\/larevistadigital.com.ar\/blog\/wp-content\/uploads\/Captura-de-pantalla-2023-10-05-191830.png?fit=875%2C495&ssl=1&resize=350%2C200","width":350,"height":200,"srcset":"https:\/\/i0.wp.com\/larevistadigital.com.ar\/blog\/wp-content\/uploads\/Captura-de-pantalla-2023-10-05-191830.png?fit=875%2C495&ssl=1&resize=350%2C200 1x, https:\/\/i0.wp.com\/larevistadigital.com.ar\/blog\/wp-content\/uploads\/Captura-de-pantalla-2023-10-05-191830.png?fit=875%2C495&ssl=1&resize=525%2C300 1.5x, https:\/\/i0.wp.com\/larevistadigital.com.ar\/blog\/wp-content\/uploads\/Captura-de-pantalla-2023-10-05-191830.png?fit=875%2C495&ssl=1&resize=700%2C400 2x"},"classes":[]},{"id":44141,"url":"https:\/\/larevistadigital.com.ar\/blog\/mar-del-plata-llamo-al-911-para-denunciar-el-hallazgo-de-su-pareja-y-quedo-detenido-por-femicidio\/","url_meta":{"origin":31055,"position":1},"title":"Mar del Plata: llam\u00f3 al 911 para denunciar el hallazgo de su pareja y qued\u00f3 detenido por femicidio","author":"Alejandro Sosa Ruda","date":"23 febrero, 2026","format":false,"excerpt":"La autopsia confirm\u00f3 que la mujer, de 57 a\u00f1os, muri\u00f3 por asfixia mec\u00e1nica. El acusado fue apresado tras un allanamiento en Punta Mogotes y se neg\u00f3 a declarar. 23 de febrero de 2026 MAR DEL PLATA -\u00a0 \u00a0Un hombre que hab\u00eda llamado al 911 para denunciar que encontr\u00f3 a su\u2026","rel":"","context":"En \u00abPOLICIALES\u00bb","block_context":{"text":"POLICIALES","link":"https:\/\/larevistadigital.com.ar\/blog\/category\/policiales\/"},"img":{"alt_text":"","src":"https:\/\/i0.wp.com\/larevistadigital.com.ar\/blog\/wp-content\/uploads\/9085a49a451a1009aec404689217ac0d1e18b4fe.png?fit=1140%2C655&ssl=1&resize=350%2C200","width":350,"height":200,"srcset":"https:\/\/i0.wp.com\/larevistadigital.com.ar\/blog\/wp-content\/uploads\/9085a49a451a1009aec404689217ac0d1e18b4fe.png?fit=1140%2C655&ssl=1&resize=350%2C200 1x, https:\/\/i0.wp.com\/larevistadigital.com.ar\/blog\/wp-content\/uploads\/9085a49a451a1009aec404689217ac0d1e18b4fe.png?fit=1140%2C655&ssl=1&resize=525%2C300 1.5x, https:\/\/i0.wp.com\/larevistadigital.com.ar\/blog\/wp-content\/uploads\/9085a49a451a1009aec404689217ac0d1e18b4fe.png?fit=1140%2C655&ssl=1&resize=700%2C400 2x, https:\/\/i0.wp.com\/larevistadigital.com.ar\/blog\/wp-content\/uploads\/9085a49a451a1009aec404689217ac0d1e18b4fe.png?fit=1140%2C655&ssl=1&resize=1050%2C600 3x"},"classes":[]},{"id":31558,"url":"https:\/\/larevistadigital.com.ar\/blog\/villa-gesell-intento-matar-a-su-mujer-disparandole-en-el-rostro-y-se-fue\/","url_meta":{"origin":31055,"position":2},"title":"VILLA GESELL: INTENT\u00d3 MATAR A SU MUJER DISPAR\u00c1NDOLE EN EL ROSTRO Y SE FUE","author":"Alejandro Sosa Ruda","date":"15 mayo, 2023","format":false,"excerpt":"Un remisero geselino est\u00e1 acusado de tentativa de femicidio, tras balear en el rostro a su pareja delante de su hijo de 11 a\u00f1os, que lo delat\u00f3 ante la polic\u00eda. 15 de Mayo de 2023 VILLA GESELL -\u00a0 \u00a0Un hombre que trabajaba como remisero, se encuentra pr\u00f3fugo de la justicia,\u2026","rel":"","context":"En \u00abPOLICIALES\u00bb","block_context":{"text":"POLICIALES","link":"https:\/\/larevistadigital.com.ar\/blog\/category\/policiales\/"},"img":{"alt_text":"","src":"https:\/\/i0.wp.com\/larevistadigital.com.ar\/blog\/wp-content\/uploads\/Captura-de-pantalla-2023-05-15-180414.png?fit=807%2C431&ssl=1&resize=350%2C200","width":350,"height":200,"srcset":"https:\/\/i0.wp.com\/larevistadigital.com.ar\/blog\/wp-content\/uploads\/Captura-de-pantalla-2023-05-15-180414.png?fit=807%2C431&ssl=1&resize=350%2C200 1x, https:\/\/i0.wp.com\/larevistadigital.com.ar\/blog\/wp-content\/uploads\/Captura-de-pantalla-2023-05-15-180414.png?fit=807%2C431&ssl=1&resize=525%2C300 1.5x, https:\/\/i0.wp.com\/larevistadigital.com.ar\/blog\/wp-content\/uploads\/Captura-de-pantalla-2023-05-15-180414.png?fit=807%2C431&ssl=1&resize=700%2C400 2x"},"classes":[]},{"id":16975,"url":"https:\/\/larevistadigital.com.ar\/blog\/encuentran-muerta-a-una-mujer-en-empalme-lobos-investigan-si-se-trato-de-un-femicidio\/","url_meta":{"origin":31055,"position":3},"title":"ENCUENTRAN MUERTA A UNA MUJER EN EMPALME LOBOS. INVESTIGAN SI SE TRAT\u00d3 DE UN FEMICIDIO","author":"Alejandro Sosa Ruda","date":"14 octubre, 2020","format":false,"excerpt":"Se trata de una mujer de unos 50 a\u00f1os. Su cuerpo fue encontrado sobre un mont\u00edculo de tierra, aparentemente sin signos de violencia en el cuerpo. El cuerpo de una mujer de unos 50 a\u00f1os fue encontrado este mir\u00e9coles en la localidad bonaerense de Empalme Lobos y se investigan las\u2026","rel":"","context":"En \u00abPOLICIALES\u00bb","block_context":{"text":"POLICIALES","link":"https:\/\/larevistadigital.com.ar\/blog\/category\/policiales\/"},"img":{"alt_text":"","src":"https:\/\/i0.wp.com\/larevistadigital.com.ar\/blog\/wp-content\/uploads\/0038145406.jpg?fit=1140%2C640&ssl=1&resize=350%2C200","width":350,"height":200,"srcset":"https:\/\/i0.wp.com\/larevistadigital.com.ar\/blog\/wp-content\/uploads\/0038145406.jpg?fit=1140%2C640&ssl=1&resize=350%2C200 1x, https:\/\/i0.wp.com\/larevistadigital.com.ar\/blog\/wp-content\/uploads\/0038145406.jpg?fit=1140%2C640&ssl=1&resize=525%2C300 1.5x, https:\/\/i0.wp.com\/larevistadigital.com.ar\/blog\/wp-content\/uploads\/0038145406.jpg?fit=1140%2C640&ssl=1&resize=700%2C400 2x, https:\/\/i0.wp.com\/larevistadigital.com.ar\/blog\/wp-content\/uploads\/0038145406.jpg?fit=1140%2C640&ssl=1&resize=1050%2C600 3x"},"classes":[]},{"id":24873,"url":"https:\/\/larevistadigital.com.ar\/blog\/femicidio-en-pehuen-co-mato-a-su-mujer-a-punaladas\/","url_meta":{"origin":31055,"position":4},"title":"FEMICIDIO EN PEHU\u00c9N CO: MAT\u00d3 A SU MUJER A PU\u00d1ALADAS","author":"Alejandro Sosa Ruda","date":"28 marzo, 2022","format":false,"excerpt":"El hombre atac\u00f3 a la mujer durante una discusi\u00f3n. La v\u00edctima falleci\u00f3 cuando era asistida en el Hospital Penna. Un femicidio ocurrido en las \u00faltimas horas en Pehuen C\u00f3 conmociona a toda la localidad. Un hombre de 50 a\u00f1os discuti\u00f3 con su pareja y la asesin\u00f3 a pu\u00f1aladas. El femicida\u2026","rel":"","context":"En \u00abPOLICIALES\u00bb","block_context":{"text":"POLICIALES","link":"https:\/\/larevistadigital.com.ar\/blog\/category\/policiales\/"},"img":{"alt_text":"","src":"https:\/\/i0.wp.com\/larevistadigital.com.ar\/blog\/wp-content\/uploads\/20220328175203_pehuen-co.jpg?fit=880%2C512&ssl=1&resize=350%2C200","width":350,"height":200,"srcset":"https:\/\/i0.wp.com\/larevistadigital.com.ar\/blog\/wp-content\/uploads\/20220328175203_pehuen-co.jpg?fit=880%2C512&ssl=1&resize=350%2C200 1x, https:\/\/i0.wp.com\/larevistadigital.com.ar\/blog\/wp-content\/uploads\/20220328175203_pehuen-co.jpg?fit=880%2C512&ssl=1&resize=525%2C300 1.5x, https:\/\/i0.wp.com\/larevistadigital.com.ar\/blog\/wp-content\/uploads\/20220328175203_pehuen-co.jpg?fit=880%2C512&ssl=1&resize=700%2C400 2x"},"classes":[]},{"id":23740,"url":"https:\/\/larevistadigital.com.ar\/blog\/carlos-tejedor-investigan-un-femicidio-seguido-de-suicidio\/","url_meta":{"origin":31055,"position":5},"title":"CARLOS TEJEDOR: INVESTIGAN UN FEMICIDIO SEGUIDO DE SUICIDIO","author":"Alejandro Sosa Ruda","date":"1 febrero, 2022","format":false,"excerpt":"Si bien las identidades no trascendieron, se tratar\u00eda de una pareja de 74 a\u00f1os el hombre y 65 la mujer, ambos de la localidad de Timote. El hombre habr\u00eda ultimado a la mujer con un arma blanca y con la misma se habr\u00eda quitado tambi\u00e9n la vida \u00e9l. CARLOS TEJEDOR\u2026","rel":"","context":"En \u00abINTERES GENERAL\u00bb","block_context":{"text":"INTERES GENERAL","link":"https:\/\/larevistadigital.com.ar\/blog\/category\/interes-general\/"},"img":{"alt_text":"","src":"https:\/\/i0.wp.com\/larevistadigital.com.ar\/blog\/wp-content\/uploads\/20220131122940_carlos-tejedorpng.jpg?fit=880%2C512&ssl=1&resize=350%2C200","width":350,"height":200,"srcset":"https:\/\/i0.wp.com\/larevistadigital.com.ar\/blog\/wp-content\/uploads\/20220131122940_carlos-tejedorpng.jpg?fit=880%2C512&ssl=1&resize=350%2C200 1x, https:\/\/i0.wp.com\/larevistadigital.com.ar\/blog\/wp-content\/uploads\/20220131122940_carlos-tejedorpng.jpg?fit=880%2C512&ssl=1&resize=525%2C300 1.5x, https:\/\/i0.wp.com\/larevistadigital.com.ar\/blog\/wp-content\/uploads\/20220131122940_carlos-tejedorpng.jpg?fit=880%2C512&ssl=1&resize=700%2C400 2x"},"classes":[]}],"_links":{"self":[{"href":"https:\/\/larevistadigital.com.ar\/blog\/wp-json\/wp\/v2\/posts\/31055","targetHints":{"allow":["GET"]}}],"collection":[{"href":"https:\/\/larevistadigital.com.ar\/blog\/wp-json\/wp\/v2\/posts"}],"about":[{"href":"https:\/\/larevistadigital.com.ar\/blog\/wp-json\/wp\/v2\/types\/post"}],"author":[{"embeddable":true,"href":"https:\/\/larevistadigital.com.ar\/blog\/wp-json\/wp\/v2\/users\/3"}],"replies":[{"embeddable":true,"href":"https:\/\/larevistadigital.com.ar\/blog\/wp-json\/wp\/v2\/comments?post=31055"}],"version-history":[{"count":1,"href":"https:\/\/larevistadigital.com.ar\/blog\/wp-json\/wp\/v2\/posts\/31055\/revisions"}],"predecessor-version":[{"id":31057,"href":"https:\/\/larevistadigital.com.ar\/blog\/wp-json\/wp\/v2\/posts\/31055\/revisions\/31057"}],"wp:featuredmedia":[{"embeddable":true,"href":"https:\/\/larevistadigital.com.ar\/blog\/wp-json\/wp\/v2\/media\/31056"}],"wp:attachment":[{"href":"https:\/\/larevistadigital.com.ar\/blog\/wp-json\/wp\/v2\/media?parent=31055"}],"wp:term":[{"taxonomy":"category","embeddable":true,"href":"https:\/\/larevistadigital.com.ar\/blog\/wp-json\/wp\/v2\/categories?post=31055"},{"taxonomy":"post_tag","embeddable":true,"href":"https:\/\/larevistadigital.com.ar\/blog\/wp-json\/wp\/v2\/tags?post=31055"}],"curies":[{"name":"wp","href":"https:\/\/api.w.org\/{rel}","templated":true}]}}