{"id":31060,"date":"2023-04-15T15:42:18","date_gmt":"2023-04-15T15:42:18","guid":{"rendered":"https:\/\/larevistadigital.com.ar\/blog\/?p=31060"},"modified":"2023-04-15T15:43:19","modified_gmt":"2023-04-15T15:43:19","slug":"robaron-una-motorhome-de-un-campo-en-chascomus-y-el-comando-de-patrulla-rural-logro-recuperarlo-en-24-horas","status":"publish","type":"post","link":"https:\/\/larevistadigital.com.ar\/blog\/robaron-una-motorhome-de-un-campo-en-chascomus-y-el-comando-de-patrulla-rural-logro-recuperarlo-en-24-horas\/","title":{"rendered":"ROBARON UNA MOTORHOME DE UN CAMPO EN CHASCOM\u00daS Y EL COMANDO DE PATRULLA RURAL LOGR\u00d3 RECUPERARLO EN 24 HORAS"},"content":{"rendered":"<h2>Gracias a una r\u00e1pida investigaci\u00f3n, pudo recuperarse el veh\u00edculo robado en un allanamiento.<\/h2>\n<p>15 de abril de 2023<\/p>\n<p><strong>CHASCOM\u00daS &#8211;\u00a0 <\/strong>Luego de intensos y r\u00e1pidos trabajos de investigaci\u00f3n, el CPR (Com\u00e1ndo de Prevenci\u00f3n Rural) de Chascom\u00fas, logr\u00f3 recuperar una motorhome que hab\u00eda sido robada de un campo.<\/p>\n<p>A ra\u00edz de esas investigaciones se llev\u00f3 a cabo un allanamiento ordenado por la UFI 9, a cargo de la Dra. Daniela Bertoletti Tramuja, en la localidad de Tolosa, donde tras ingresar a la cochera externa por un persiana met\u00e1lica se hallaba un motor home, marca Mercedes Benz, que result\u00f3 ser el que se hab\u00eda robado y era motivo de busqueda.<\/p>\n<blockquote>\n<h3>Adem\u00e1s, se allan\u00f3 otro domicilio ubicado en la localidad de Ensenada, ubicando a una persona de sexo masculino, que result\u00f3 aprehendido y secuestrando dos tel\u00e9fonos celulares que ser\u00edan de inter\u00e9s para la causa.<\/h3>\n<\/blockquote>\n<p>La fiscal <strong>Bertoletti Tramuja<\/strong>, aval\u00f3 las actuaciones, y dispuso que se traiga la Motorhome para realizar las pericias de rigor, y para el aprehendido\u00a0 dispuso notificaci\u00f3n del 1 y 60 del CPP por el delito de <strong>ENCUBRIMIENTO<\/strong>.<\/p>\n","protected":false},"excerpt":{"rendered":"<div class=\"mh-excerpt\"><p>Gracias a una r\u00e1pida investigaci\u00f3n, pudo recuperarse el veh\u00edculo robado en un allanamiento. 15 de abril de 2023 CHASCOM\u00daS &#8211;\u00a0 Luego de intensos y r\u00e1pidos trabajos de investigaci\u00f3n, el CPR (Com\u00e1ndo de Prevenci\u00f3n Rural) de <a class=\"mh-excerpt-more\" href=\"https:\/\/larevistadigital.com.ar\/blog\/robaron-una-motorhome-de-un-campo-en-chascomus-y-el-comando-de-patrulla-rural-logro-recuperarlo-en-24-horas\/\" title=\"ROBARON UNA MOTORHOME DE UN CAMPO EN CHASCOM\u00daS Y EL COMANDO DE PATRULLA RURAL LOGR\u00d3 RECUPERARLO EN 24 HORAS\">[Leer M\u00e1s]<\/a><\/p>\n<\/div>","protected":false},"author":3,"featured_media":31053,"comment_status":"open","ping_status":"open","sticky":false,"template":"","format":"standard","meta":{"_jetpack_memberships_contains_paid_content":false,"footnotes":"","jetpack_publicize_message":"","jetpack_publicize_feature_enabled":true,"jetpack_social_post_already_shared":true,"jetpack_social_options":{"image_generator_settings":{"template":"highway","default_image_id":0,"font":"","enabled":false},"version":2}},"categories":[41,44],"tags":[],"class_list":{"0":"post-31060","1":"post","2":"type-post","3":"status-publish","4":"format-standard","5":"has-post-thumbnail","7":"category-destacadas","8":"category-policiales"},"jetpack_publicize_connections":[],"jetpack_featured_media_url":"https:\/\/i0.wp.com\/larevistadigital.com.ar\/blog\/wp-content\/uploads\/WhatsApp-Image-2023-04-14-at-22.58.19-e1681570719510.jpeg?fit=900%2C1252&ssl=1","jetpack_sharing_enabled":true,"jetpack_shortlink":"https:\/\/wp.me\/p8qtrQ-84Y","jetpack-related-posts":[{"id":34677,"url":"https:\/\/larevistadigital.com.ar\/blog\/chascomus-roban-garrafas-de-una-planta-de-gas-y-la-policia-logro-descubrir-al-autor-y-recuperar-lo-robado\/","url_meta":{"origin":31060,"position":0},"title":"CHASCOM\u00daS: ROBAN GARRAFAS DE UNA PLANTA DE GAS Y LA POLIC\u00cdA LOGR\u00d3 DESCUBRIR AL AUTOR Y RECUPERAR LO ROBADO","author":"Alejandro Sosa Ruda","date":"28 noviembre, 2023","format":false,"excerpt":"Luego de una r\u00e1pida investigaci\u00f3n se consigui\u00f3 el resultado buscado. 28 de Noviembre de 2023 CHASCOM\u00daS -\u00a0 El d\u00eda 23 de Noviembre pasado, se recibi\u00f3 en la Estaci\u00f3n de Polic\u00eda Comunal Chascom\u00fas 1era., la denuncia de un robo ocurrido en la planta de gas ubicada en calle Soldado Carrasco y\u2026","rel":"","context":"En \u00abCHASCOM\u00daS\u00bb","block_context":{"text":"CHASCOM\u00daS","link":"https:\/\/larevistadigital.com.ar\/blog\/category\/chascomus\/"},"img":{"alt_text":"","src":"https:\/\/i0.wp.com\/larevistadigital.com.ar\/blog\/wp-content\/uploads\/WhatsApp-Image-2023-11-28-at-19.05.57-e1701212416510.jpeg?fit=792%2C876&ssl=1&resize=350%2C200","width":350,"height":200,"srcset":"https:\/\/i0.wp.com\/larevistadigital.com.ar\/blog\/wp-content\/uploads\/WhatsApp-Image-2023-11-28-at-19.05.57-e1701212416510.jpeg?fit=792%2C876&ssl=1&resize=350%2C200 1x, https:\/\/i0.wp.com\/larevistadigital.com.ar\/blog\/wp-content\/uploads\/WhatsApp-Image-2023-11-28-at-19.05.57-e1701212416510.jpeg?fit=792%2C876&ssl=1&resize=525%2C300 1.5x, https:\/\/i0.wp.com\/larevistadigital.com.ar\/blog\/wp-content\/uploads\/WhatsApp-Image-2023-11-28-at-19.05.57-e1701212416510.jpeg?fit=792%2C876&ssl=1&resize=700%2C400 2x"},"classes":[]},{"id":39378,"url":"https:\/\/larevistadigital.com.ar\/blog\/allanamiento-en-chascomus-por-robo-recuperan-celular-sustraido\/","url_meta":{"origin":31060,"position":1},"title":"Allanamiento en Chascom\u00fas por robo: recuperan celular sustra\u00eddo","author":"Alejandro Sosa Ruda","date":"15 abril, 2025","format":false,"excerpt":"La polic\u00eda irrumpi\u00f3 en una vivienda de la calle Caseros y secuestr\u00f3 un tel\u00e9fono robado. El sospechoso fue identificado y notificado de la causa en su contra. 15 de Abril de 2025 CHASCOM\u00daS\u00a0 -\u00a0 En las \u00faltimas horas, personal del Grupo T\u00e1ctico Operativo (GTO) de la Estaci\u00f3n de Polic\u00eda Comunal\u2026","rel":"","context":"En \u00abCHASCOM\u00daS\u00bb","block_context":{"text":"CHASCOM\u00daS","link":"https:\/\/larevistadigital.com.ar\/blog\/category\/chascomus\/"},"img":{"alt_text":"","src":"https:\/\/i0.wp.com\/larevistadigital.com.ar\/blog\/wp-content\/uploads\/2017\/10\/movil-policial-camioneta_02-10-2015.jpg?fit=800%2C476&ssl=1&resize=350%2C200","width":350,"height":200,"srcset":"https:\/\/i0.wp.com\/larevistadigital.com.ar\/blog\/wp-content\/uploads\/2017\/10\/movil-policial-camioneta_02-10-2015.jpg?fit=800%2C476&ssl=1&resize=350%2C200 1x, https:\/\/i0.wp.com\/larevistadigital.com.ar\/blog\/wp-content\/uploads\/2017\/10\/movil-policial-camioneta_02-10-2015.jpg?fit=800%2C476&ssl=1&resize=525%2C300 1.5x, https:\/\/i0.wp.com\/larevistadigital.com.ar\/blog\/wp-content\/uploads\/2017\/10\/movil-policial-camioneta_02-10-2015.jpg?fit=800%2C476&ssl=1&resize=700%2C400 2x"},"classes":[]},{"id":36236,"url":"https:\/\/larevistadigital.com.ar\/blog\/chascomus-la-ddi-realizo-un-allanamiento\/","url_meta":{"origin":31060,"position":2},"title":"CHASCOM\u00daS: LA DDI REALIZ\u00d3 UN ALLANAMIENTO","author":"Alejandro Sosa Ruda","date":"5 junio, 2024","format":false,"excerpt":"Gracias a las c\u00e1maras de Monitoreo, y el trabajo investigativo se logr\u00f3 identificar al ladr\u00f3n y recuperar el objeto robado. 5 de Junio de 2024 CHASCOM\u00daS\u00a0 -\u00a0 La DDI de Chascomus, juntamente con personal de E.P.C. Chascom\u00fas y GAD Chascom\u00fas, hicieron efectiva una orden de allanamientos solicitada por la UFID\u2026","rel":"","context":"En \u00abDESTACADAS\u00bb","block_context":{"text":"DESTACADAS","link":"https:\/\/larevistadigital.com.ar\/blog\/category\/destacadas\/"},"img":{"alt_text":"","src":"https:\/\/i0.wp.com\/larevistadigital.com.ar\/blog\/wp-content\/uploads\/2017\/03\/policia-nino-mata.jpg?fit=745%2C574&ssl=1&resize=350%2C200","width":350,"height":200,"srcset":"https:\/\/i0.wp.com\/larevistadigital.com.ar\/blog\/wp-content\/uploads\/2017\/03\/policia-nino-mata.jpg?fit=745%2C574&ssl=1&resize=350%2C200 1x, https:\/\/i0.wp.com\/larevistadigital.com.ar\/blog\/wp-content\/uploads\/2017\/03\/policia-nino-mata.jpg?fit=745%2C574&ssl=1&resize=525%2C300 1.5x, https:\/\/i0.wp.com\/larevistadigital.com.ar\/blog\/wp-content\/uploads\/2017\/03\/policia-nino-mata.jpg?fit=745%2C574&ssl=1&resize=700%2C400 2x"},"classes":[]},{"id":31733,"url":"https:\/\/larevistadigital.com.ar\/blog\/chascomus-aprehenden-a-un-sujeto-que-habia-robado-una-bateria-de-una-auto-en-calle-chacabuco\/","url_meta":{"origin":31060,"position":3},"title":"CHASCOM\u00daS: APREHENDEN A UN SUJETO QUE HAB\u00cdA ROBADO UNA BATER\u00cdA DE UNA AUTO EN CALLE CHACABUCO.","author":"Alejandro Sosa Ruda","date":"24 mayo, 2023","format":false,"excerpt":"Tras las investigaciones del caso, se allan\u00f3 un domicilio donde se incaut\u00f3 material probatorio y se aprehendi\u00f3 a un hombre. 24 de mayo de 2023 CHASCOM\u00daS -\u00a0 El d\u00eda s\u00e1bado 20 de Mayo, se radic\u00f3 una denuncia sonde una persona manifiesta que dej\u00f3 estacionado su veh\u00edculo Renault 12\u00a0 frente a\u2026","rel":"","context":"En \u00abCHASCOM\u00daS\u00bb","block_context":{"text":"CHASCOM\u00daS","link":"https:\/\/larevistadigital.com.ar\/blog\/category\/chascomus\/"},"img":{"alt_text":"","src":"https:\/\/i0.wp.com\/larevistadigital.com.ar\/blog\/wp-content\/uploads\/20211104120442_polic.jpg?fit=880%2C512&ssl=1&resize=350%2C200","width":350,"height":200,"srcset":"https:\/\/i0.wp.com\/larevistadigital.com.ar\/blog\/wp-content\/uploads\/20211104120442_polic.jpg?fit=880%2C512&ssl=1&resize=350%2C200 1x, https:\/\/i0.wp.com\/larevistadigital.com.ar\/blog\/wp-content\/uploads\/20211104120442_polic.jpg?fit=880%2C512&ssl=1&resize=525%2C300 1.5x, https:\/\/i0.wp.com\/larevistadigital.com.ar\/blog\/wp-content\/uploads\/20211104120442_polic.jpg?fit=880%2C512&ssl=1&resize=700%2C400 2x"},"classes":[]},{"id":33365,"url":"https:\/\/larevistadigital.com.ar\/blog\/chascomus-la-policia-logro-recuperar-un-automovil-robado-en-la-plata-el-pasado-mes-de-agosto\/","url_meta":{"origin":31060,"position":4},"title":"CHASCOM\u00daS: LA POLIC\u00cdA LOGR\u00d3 RECUPERAR UN AUTOM\u00d3VIL ROBADO EN LA PLATA EL PASADO M\u00c9S DE AGOSTO.","author":"Alejandro Sosa Ruda","date":"10 septiembre, 2023","format":false,"excerpt":"Lo recuperaron luego de investigaci\u00f3nes del GTO local. 10 de Septiembre de 2023 CHASCOM\u00daS -\u00a0 Luego de una investigaci\u00f3n realizada por personal del Gabinete T\u00e9cnico Operativo, se procedi\u00f3 a secuestrar en la calle Salta, un veh\u00edculo marca VW modelo Voyage. El autom\u00f3vil, estaba denunciado como sustra\u00eddo el d\u00eda 18 de\u2026","rel":"","context":"En \u00abINTERES GENERAL\u00bb","block_context":{"text":"INTERES GENERAL","link":"https:\/\/larevistadigital.com.ar\/blog\/category\/interes-general\/"},"img":{"alt_text":"","src":"https:\/\/i0.wp.com\/larevistadigital.com.ar\/blog\/wp-content\/uploads\/WhatsApp-Image-2023-09-09-at-20.13.44-e1694358883994.jpeg?fit=720%2C1113&ssl=1&resize=350%2C200","width":350,"height":200,"srcset":"https:\/\/i0.wp.com\/larevistadigital.com.ar\/blog\/wp-content\/uploads\/WhatsApp-Image-2023-09-09-at-20.13.44-e1694358883994.jpeg?fit=720%2C1113&ssl=1&resize=350%2C200 1x, https:\/\/i0.wp.com\/larevistadigital.com.ar\/blog\/wp-content\/uploads\/WhatsApp-Image-2023-09-09-at-20.13.44-e1694358883994.jpeg?fit=720%2C1113&ssl=1&resize=525%2C300 1.5x, https:\/\/i0.wp.com\/larevistadigital.com.ar\/blog\/wp-content\/uploads\/WhatsApp-Image-2023-09-09-at-20.13.44-e1694358883994.jpeg?fit=720%2C1113&ssl=1&resize=700%2C400 2x"},"classes":[]},{"id":10673,"url":"https:\/\/larevistadigital.com.ar\/blog\/allanamiento-con-resultado-positivo-por-abigeato\/","url_meta":{"origin":31060,"position":5},"title":"ALLANAMIENTO CON RESULTADO POSITIVO POR ABIGEATO","author":"Alejandro Sosa Ruda","date":"21 junio, 2019","format":false,"excerpt":"El jefe del Comando de Prevenci\u00f3n Rural de Chascom\u00fas, sub comisario Javier Liforena brind\u00f3 detalles en el informativo \"Somos Chascom\u00fas\" de la investigaci\u00f3n por un caso de abigeato en donde se faen\u00f3 un animal de 400 kilogramos en un campo ubicado cerca de las\u00a0 intersecciones de la ruta 2 y\u2026","rel":"","context":"En \u00abCHASCOM\u00daS\u00bb","block_context":{"text":"CHASCOM\u00daS","link":"https:\/\/larevistadigital.com.ar\/blog\/category\/chascomus\/"},"img":{"alt_text":"","src":"https:\/\/i0.wp.com\/larevistadigital.com.ar\/blog\/wp-content\/uploads\/Screenshot_1-6.jpg?fit=976%2C651&ssl=1&resize=350%2C200","width":350,"height":200,"srcset":"https:\/\/i0.wp.com\/larevistadigital.com.ar\/blog\/wp-content\/uploads\/Screenshot_1-6.jpg?fit=976%2C651&ssl=1&resize=350%2C200 1x, https:\/\/i0.wp.com\/larevistadigital.com.ar\/blog\/wp-content\/uploads\/Screenshot_1-6.jpg?fit=976%2C651&ssl=1&resize=525%2C300 1.5x, https:\/\/i0.wp.com\/larevistadigital.com.ar\/blog\/wp-content\/uploads\/Screenshot_1-6.jpg?fit=976%2C651&ssl=1&resize=700%2C400 2x"},"classes":[]}],"_links":{"self":[{"href":"https:\/\/larevistadigital.com.ar\/blog\/wp-json\/wp\/v2\/posts\/31060","targetHints":{"allow":["GET"]}}],"collection":[{"href":"https:\/\/larevistadigital.com.ar\/blog\/wp-json\/wp\/v2\/posts"}],"about":[{"href":"https:\/\/larevistadigital.com.ar\/blog\/wp-json\/wp\/v2\/types\/post"}],"author":[{"embeddable":true,"href":"https:\/\/larevistadigital.com.ar\/blog\/wp-json\/wp\/v2\/users\/3"}],"replies":[{"embeddable":true,"href":"https:\/\/larevistadigital.com.ar\/blog\/wp-json\/wp\/v2\/comments?post=31060"}],"version-history":[{"count":3,"href":"https:\/\/larevistadigital.com.ar\/blog\/wp-json\/wp\/v2\/posts\/31060\/revisions"}],"predecessor-version":[{"id":31063,"href":"https:\/\/larevistadigital.com.ar\/blog\/wp-json\/wp\/v2\/posts\/31060\/revisions\/31063"}],"wp:featuredmedia":[{"embeddable":true,"href":"https:\/\/larevistadigital.com.ar\/blog\/wp-json\/wp\/v2\/media\/31053"}],"wp:attachment":[{"href":"https:\/\/larevistadigital.com.ar\/blog\/wp-json\/wp\/v2\/media?parent=31060"}],"wp:term":[{"taxonomy":"category","embeddable":true,"href":"https:\/\/larevistadigital.com.ar\/blog\/wp-json\/wp\/v2\/categories?post=31060"},{"taxonomy":"post_tag","embeddable":true,"href":"https:\/\/larevistadigital.com.ar\/blog\/wp-json\/wp\/v2\/tags?post=31060"}],"curies":[{"name":"wp","href":"https:\/\/api.w.org\/{rel}","templated":true}]}}