{"id":31064,"date":"2023-04-15T16:34:10","date_gmt":"2023-04-15T16:34:10","guid":{"rendered":"https:\/\/larevistadigital.com.ar\/blog\/?p=31064"},"modified":"2023-04-15T16:34:10","modified_gmt":"2023-04-15T16:34:10","slug":"muere-un-joven-en-un-choque-frontal-en-la-ruta-88","status":"publish","type":"post","link":"https:\/\/larevistadigital.com.ar\/blog\/muere-un-joven-en-un-choque-frontal-en-la-ruta-88\/","title":{"rendered":"MUERE UN JOVEN EN UN CHOQUE FRONTAL EN LA RUTA 88"},"content":{"rendered":"<h2>La v\u00edctima era marplatense y ten\u00eda solamente 22 a\u00f1os.<\/h2>\n<p>15 de abril de 2023<\/p>\n<p><strong>MAR DEL PLATA &#8211;<\/strong>\u00a0 Durante la ma\u00f1ana de este s\u00e1bado, falleci\u00f3 un joven automovilista oriundo de Mar del Plata, en un tr\u00e1gico choque frontal que se produjo cuando circulaba por la ruta 88 a la altura del kil\u00f3metro 52.<\/p>\n<blockquote>\n<h3>El muchacho ten\u00eda apenas 22 a\u00f1os de edad, y viajaba por la ruta en un Ford Fiesta, desde Necochea a Mar del Plata, mientras que el otro hombre, de 48 a\u00f1os, se movilizaba a bordo de un\u00a0Volkswagen Amarok, en direcci\u00f3n opuesta.<\/h3>\n<\/blockquote>\n<p>El conductor de la Amarok fue derivado al hospital p\u00fablico \u00abDr. Marino Cassano\u00bb, que se encuentra ubicado en Miramar, y se aguarda por su evoluci\u00f3n.<\/p>\n","protected":false},"excerpt":{"rendered":"<div class=\"mh-excerpt\"><p>La v\u00edctima era marplatense y ten\u00eda solamente 22 a\u00f1os. 15 de abril de 2023 MAR DEL PLATA &#8211;\u00a0 Durante la ma\u00f1ana de este s\u00e1bado, falleci\u00f3 un joven automovilista oriundo de Mar del Plata, en un <a class=\"mh-excerpt-more\" href=\"https:\/\/larevistadigital.com.ar\/blog\/muere-un-joven-en-un-choque-frontal-en-la-ruta-88\/\" title=\"MUERE UN JOVEN EN UN CHOQUE FRONTAL EN LA RUTA 88\">[Leer M\u00e1s]<\/a><\/p>\n<\/div>","protected":false},"author":3,"featured_media":31065,"comment_status":"open","ping_status":"open","sticky":false,"template":"","format":"standard","meta":{"_jetpack_memberships_contains_paid_content":false,"footnotes":"","jetpack_publicize_message":"","jetpack_publicize_feature_enabled":true,"jetpack_social_post_already_shared":true,"jetpack_social_options":{"image_generator_settings":{"template":"highway","default_image_id":0,"font":"","enabled":false},"version":2}},"categories":[44,51],"tags":[],"class_list":{"0":"post-31064","1":"post","2":"type-post","3":"status-publish","4":"format-standard","5":"has-post-thumbnail","7":"category-policiales","8":"category-regionales"},"jetpack_publicize_connections":[],"jetpack_featured_media_url":"https:\/\/i0.wp.com\/larevistadigital.com.ar\/blog\/wp-content\/uploads\/hospital-carpa.jpg?fit=888%2C500&ssl=1","jetpack_sharing_enabled":true,"jetpack_shortlink":"https:\/\/wp.me\/p8qtrQ-852","jetpack-related-posts":[{"id":39624,"url":"https:\/\/larevistadigital.com.ar\/blog\/ruta-88-tres-mujeres-murieron-en-un-choque-frontal\/","url_meta":{"origin":31064,"position":0},"title":"Ruta 88: tres mujeres murieron en un choque frontal","author":"Alejandro Sosa Ruda","date":"2 mayo, 2025","format":false,"excerpt":"El siniestro se produjo a menos de 20 kil\u00f3metros del lugar donde, esa misma ma\u00f1ana, un hombre perdi\u00f3 la vida en otro accidente. Los dos hechos ocurrieron con una hora de diferencia. 02 de Mayo de 2025 MAR DEL PLATA -\u00a0 \u00a0Tres mujeres fallecieron este lunes por la ma\u00f1ana en\u2026","rel":"","context":"En \u00abPOLICIALES\u00bb","block_context":{"text":"POLICIALES","link":"https:\/\/larevistadigital.com.ar\/blog\/category\/policiales\/"},"img":{"alt_text":"","src":"https:\/\/i0.wp.com\/larevistadigital.com.ar\/blog\/wp-content\/uploads\/Captura-de-pantalla-2025-05-02-160146.jpg?fit=781%2C411&ssl=1&resize=350%2C200","width":350,"height":200,"srcset":"https:\/\/i0.wp.com\/larevistadigital.com.ar\/blog\/wp-content\/uploads\/Captura-de-pantalla-2025-05-02-160146.jpg?fit=781%2C411&ssl=1&resize=350%2C200 1x, https:\/\/i0.wp.com\/larevistadigital.com.ar\/blog\/wp-content\/uploads\/Captura-de-pantalla-2025-05-02-160146.jpg?fit=781%2C411&ssl=1&resize=525%2C300 1.5x, https:\/\/i0.wp.com\/larevistadigital.com.ar\/blog\/wp-content\/uploads\/Captura-de-pantalla-2025-05-02-160146.jpg?fit=781%2C411&ssl=1&resize=700%2C400 2x"},"classes":[]},{"id":39017,"url":"https:\/\/larevistadigital.com.ar\/blog\/mar-del-plata-violento-choque-entre-un-auto-y-una-camioneta-con-el-saldo-de-cinco-heridos\/","url_meta":{"origin":31064,"position":1},"title":"Mar del Plata: Violento choque entre un auto y una camioneta con el saldo de cinco heridos","author":"Alejandro Sosa Ruda","date":"16 marzo, 2025","format":false,"excerpt":"Ocurri\u00f3 este s\u00e1bado pasadas las 20. Un adolescente de 13 a\u00f1os, su padre y otras tres personas fueron llevados al Higa en ambulancia con politraumatismos varios. 16 de Marzo de 2025 MAR DEL PLATA -\u00a0 Un grave accidente se registr\u00f3 la noche del s\u00e1bado en el kil\u00f3metro 393 de la\u2026","rel":"","context":"En \u00abPOLICIALES\u00bb","block_context":{"text":"POLICIALES","link":"https:\/\/larevistadigital.com.ar\/blog\/category\/policiales\/"},"img":{"alt_text":"","src":"https:\/\/i0.wp.com\/larevistadigital.com.ar\/blog\/wp-content\/uploads\/Captura-de-pantalla-2025-03-16-110246.jpg?fit=741%2C436&ssl=1&resize=350%2C200","width":350,"height":200,"srcset":"https:\/\/i0.wp.com\/larevistadigital.com.ar\/blog\/wp-content\/uploads\/Captura-de-pantalla-2025-03-16-110246.jpg?fit=741%2C436&ssl=1&resize=350%2C200 1x, https:\/\/i0.wp.com\/larevistadigital.com.ar\/blog\/wp-content\/uploads\/Captura-de-pantalla-2025-03-16-110246.jpg?fit=741%2C436&ssl=1&resize=525%2C300 1.5x, https:\/\/i0.wp.com\/larevistadigital.com.ar\/blog\/wp-content\/uploads\/Captura-de-pantalla-2025-03-16-110246.jpg?fit=741%2C436&ssl=1&resize=700%2C400 2x"},"classes":[]},{"id":36445,"url":"https:\/\/larevistadigital.com.ar\/blog\/choque-en-la-ruta-11-con-el-saldo-de-un-muerto-y-tres-heridos\/","url_meta":{"origin":31064,"position":2},"title":"CHOQUE EN LA RUTA 11 CON EL SALDO DE UN MUERTO Y TRES HERIDOS","author":"Alejandro Sosa Ruda","date":"26 junio, 2024","format":false,"excerpt":"Ocurri\u00f3 en Mar Chiquita donde dos veh\u00edculos chocaron de frente. 26 de Junio de 2024 MAR CHIQUITA -\u00a0 \u00a0Un violento siniestro ocurri\u00f3 en la ruta 11 a la altura del kil\u00f3metro 480, en cercan\u00eda a Mar Chiquita, cuando un autom\u00f3vil Renault Kangoo y un Fiat Qubo chocaron de manera frontal,\u2026","rel":"","context":"En \u00abPOLICIALES\u00bb","block_context":{"text":"POLICIALES","link":"https:\/\/larevistadigital.com.ar\/blog\/category\/policiales\/"},"img":{"alt_text":"","src":"https:\/\/i0.wp.com\/larevistadigital.com.ar\/blog\/wp-content\/uploads\/2dc5e1f1e708c3dc97a8da97fcce3082102b1a71.png?fit=1140%2C708&ssl=1&resize=350%2C200","width":350,"height":200,"srcset":"https:\/\/i0.wp.com\/larevistadigital.com.ar\/blog\/wp-content\/uploads\/2dc5e1f1e708c3dc97a8da97fcce3082102b1a71.png?fit=1140%2C708&ssl=1&resize=350%2C200 1x, https:\/\/i0.wp.com\/larevistadigital.com.ar\/blog\/wp-content\/uploads\/2dc5e1f1e708c3dc97a8da97fcce3082102b1a71.png?fit=1140%2C708&ssl=1&resize=525%2C300 1.5x, https:\/\/i0.wp.com\/larevistadigital.com.ar\/blog\/wp-content\/uploads\/2dc5e1f1e708c3dc97a8da97fcce3082102b1a71.png?fit=1140%2C708&ssl=1&resize=700%2C400 2x, https:\/\/i0.wp.com\/larevistadigital.com.ar\/blog\/wp-content\/uploads\/2dc5e1f1e708c3dc97a8da97fcce3082102b1a71.png?fit=1140%2C708&ssl=1&resize=1050%2C600 3x"},"classes":[]},{"id":25154,"url":"https:\/\/larevistadigital.com.ar\/blog\/choque-frontal-en-la-ruta-11-dos-muertos\/","url_meta":{"origin":31064,"position":3},"title":"CHOQUE FRONTAL EN LA RUTA 11: DOS MUERTOS","author":"Alejandro Sosa Ruda","date":"18 abril, 2022","format":false,"excerpt":"Ocurri\u00f3 este lunes alrededor de las 17. Las v\u00edctimas fatales son un hombre y una mujer que viajaban en un Volkswagen Gol que colision\u00f3 con una camioneta Jeep. Adem\u00e1s, hay otra persona gravemente herida. Dos personas muertas y otras dos heridas\u00a0fue el saldo que dej\u00f3 un\u00a0choque frontal\u00a0este lunes a la\u2026","rel":"","context":"En \u00abINTERES GENERAL\u00bb","block_context":{"text":"INTERES GENERAL","link":"https:\/\/larevistadigital.com.ar\/blog\/category\/interes-general\/"},"img":{"alt_text":"","src":"https:\/\/i0.wp.com\/larevistadigital.com.ar\/blog\/wp-content\/uploads\/Captura-41.png?fit=908%2C491&ssl=1&resize=350%2C200","width":350,"height":200,"srcset":"https:\/\/i0.wp.com\/larevistadigital.com.ar\/blog\/wp-content\/uploads\/Captura-41.png?fit=908%2C491&ssl=1&resize=350%2C200 1x, https:\/\/i0.wp.com\/larevistadigital.com.ar\/blog\/wp-content\/uploads\/Captura-41.png?fit=908%2C491&ssl=1&resize=525%2C300 1.5x, https:\/\/i0.wp.com\/larevistadigital.com.ar\/blog\/wp-content\/uploads\/Captura-41.png?fit=908%2C491&ssl=1&resize=700%2C400 2x"},"classes":[]},{"id":21840,"url":"https:\/\/larevistadigital.com.ar\/blog\/santa-teresita-dolor-por-el-fallecimiento-del-doctor-helmer-jara-en-un-tragico-accidente-en-ruta-11\/","url_meta":{"origin":31064,"position":4},"title":"SANTA TERESITA: DOLOR POR EL FALLECIMIENTO DEL DOCTOR HELMER JARA EN UN TR\u00c1GICO ACCIDENTE EN RUTA 11","author":"Alejandro Sosa Ruda","date":"2 septiembre, 2021","format":false,"excerpt":"Choc\u00f3 de frente con su camioneta VW Amarok contra un cami\u00f3n en el kil\u00f3metro 447 a la altura de Mar Azul, partido de Villa Gesell. Ten\u00eda 57 a\u00f1os y atend\u00eda a los afiliados a Pami y docentes. SANTA TERESITA - En un tr\u00e1gico accidente de tr\u00e1nsito en el kil\u00f3metro 447\u2026","rel":"","context":"En \u00abREGIONALES\u00bb","block_context":{"text":"REGIONALES","link":"https:\/\/larevistadigital.com.ar\/blog\/category\/regionales\/"},"img":{"alt_text":"","src":"https:\/\/i0.wp.com\/larevistadigital.com.ar\/blog\/wp-content\/uploads\/2c2a4362cd6c530c5f69d8144f941494ca5825cc.jpg?fit=927%2C900&ssl=1&resize=350%2C200","width":350,"height":200,"srcset":"https:\/\/i0.wp.com\/larevistadigital.com.ar\/blog\/wp-content\/uploads\/2c2a4362cd6c530c5f69d8144f941494ca5825cc.jpg?fit=927%2C900&ssl=1&resize=350%2C200 1x, https:\/\/i0.wp.com\/larevistadigital.com.ar\/blog\/wp-content\/uploads\/2c2a4362cd6c530c5f69d8144f941494ca5825cc.jpg?fit=927%2C900&ssl=1&resize=525%2C300 1.5x, https:\/\/i0.wp.com\/larevistadigital.com.ar\/blog\/wp-content\/uploads\/2c2a4362cd6c530c5f69d8144f941494ca5825cc.jpg?fit=927%2C900&ssl=1&resize=700%2C400 2x"},"classes":[]},{"id":18184,"url":"https:\/\/larevistadigital.com.ar\/blog\/mar-del-plata-una-chica-de-19-anos-se-tiro-por-los-acantilados-de-la-ruta-11\/","url_meta":{"origin":31064,"position":5},"title":"MAR DEL PLATA: UNA CHICA DE 19 A\u00d1OS SE TIR\u00d3 POR LOS ACANTILADOS DE LA RUTA 11","author":"Alejandro Sosa Ruda","date":"16 diciembre, 2020","format":false,"excerpt":"La mujer, que cay\u00f3 desde una altura de unos 15 metros, aparentemente sin la participaci\u00f3n de terceras personas, pese a la altura, afortunadamente no muri\u00f3 y fue rescatada con politraumatismos en las piernas. MAR DEL PLATA - Una joven de 19 a\u00f1os que se hab\u00eda tirado desde un acantilado fue\u2026","rel":"","context":"En \u00abINTERES GENERAL\u00bb","block_context":{"text":"INTERES GENERAL","link":"https:\/\/larevistadigital.com.ar\/blog\/category\/interes-general\/"},"img":{"alt_text":"","src":"https:\/\/i0.wp.com\/larevistadigital.com.ar\/blog\/wp-content\/uploads\/1ba3439f735bdd59ebeceaba35678ad5646fc62c.jpg?fit=1140%2C702&ssl=1&resize=350%2C200","width":350,"height":200,"srcset":"https:\/\/i0.wp.com\/larevistadigital.com.ar\/blog\/wp-content\/uploads\/1ba3439f735bdd59ebeceaba35678ad5646fc62c.jpg?fit=1140%2C702&ssl=1&resize=350%2C200 1x, https:\/\/i0.wp.com\/larevistadigital.com.ar\/blog\/wp-content\/uploads\/1ba3439f735bdd59ebeceaba35678ad5646fc62c.jpg?fit=1140%2C702&ssl=1&resize=525%2C300 1.5x, https:\/\/i0.wp.com\/larevistadigital.com.ar\/blog\/wp-content\/uploads\/1ba3439f735bdd59ebeceaba35678ad5646fc62c.jpg?fit=1140%2C702&ssl=1&resize=700%2C400 2x, https:\/\/i0.wp.com\/larevistadigital.com.ar\/blog\/wp-content\/uploads\/1ba3439f735bdd59ebeceaba35678ad5646fc62c.jpg?fit=1140%2C702&ssl=1&resize=1050%2C600 3x"},"classes":[]}],"_links":{"self":[{"href":"https:\/\/larevistadigital.com.ar\/blog\/wp-json\/wp\/v2\/posts\/31064","targetHints":{"allow":["GET"]}}],"collection":[{"href":"https:\/\/larevistadigital.com.ar\/blog\/wp-json\/wp\/v2\/posts"}],"about":[{"href":"https:\/\/larevistadigital.com.ar\/blog\/wp-json\/wp\/v2\/types\/post"}],"author":[{"embeddable":true,"href":"https:\/\/larevistadigital.com.ar\/blog\/wp-json\/wp\/v2\/users\/3"}],"replies":[{"embeddable":true,"href":"https:\/\/larevistadigital.com.ar\/blog\/wp-json\/wp\/v2\/comments?post=31064"}],"version-history":[{"count":1,"href":"https:\/\/larevistadigital.com.ar\/blog\/wp-json\/wp\/v2\/posts\/31064\/revisions"}],"predecessor-version":[{"id":31066,"href":"https:\/\/larevistadigital.com.ar\/blog\/wp-json\/wp\/v2\/posts\/31064\/revisions\/31066"}],"wp:featuredmedia":[{"embeddable":true,"href":"https:\/\/larevistadigital.com.ar\/blog\/wp-json\/wp\/v2\/media\/31065"}],"wp:attachment":[{"href":"https:\/\/larevistadigital.com.ar\/blog\/wp-json\/wp\/v2\/media?parent=31064"}],"wp:term":[{"taxonomy":"category","embeddable":true,"href":"https:\/\/larevistadigital.com.ar\/blog\/wp-json\/wp\/v2\/categories?post=31064"},{"taxonomy":"post_tag","embeddable":true,"href":"https:\/\/larevistadigital.com.ar\/blog\/wp-json\/wp\/v2\/tags?post=31064"}],"curies":[{"name":"wp","href":"https:\/\/api.w.org\/{rel}","templated":true}]}}