{"id":31067,"date":"2023-04-15T16:42:08","date_gmt":"2023-04-15T16:42:08","guid":{"rendered":"https:\/\/larevistadigital.com.ar\/blog\/?p=31067"},"modified":"2023-04-15T16:42:08","modified_gmt":"2023-04-15T16:42:08","slug":"la-plata-la-madre-de-un-nene-ataco-a-trompadas-a-una-maestra-de-un-jardin","status":"publish","type":"post","link":"https:\/\/larevistadigital.com.ar\/blog\/la-plata-la-madre-de-un-nene-ataco-a-trompadas-a-una-maestra-de-un-jardin\/","title":{"rendered":"LA PLATA: LA MADRE DE UN NENE ATAC\u00d3 A TROMPADAS A UNA MAESTRA DE UN JARD\u00cdN"},"content":{"rendered":"<h2 class=\"negrita\">La v\u00edctima radic\u00f3 una denuncia penal contra la agresora y la Justicia investiga qu\u00e9 fue lo que pas\u00f3. Todo habr\u00eda ocurrido en medio de una reuni\u00f3n de padres.<\/h2>\n<p class=\"fecha\">15 de abril de 2023<\/p>\n<div class=\"texto\">\n<p><strong>LA PLATA &#8211;\u00a0<\/strong> La violencia no parece tener fin en la ciudad y en las \u00faltimas horas alcanz\u00f3 un punto dif\u00edcil de imaginar: de acuerdo con la denuncia que investigan las autoridades judiciales y policiales, <strong>la mam\u00e1 de uno de los alumnos de una salita de jard\u00edn a la que asisten nenes de entre 4 y 5 a\u00f1os atac\u00f3 a golpes a una maestra<\/strong>. Aunque todav\u00eda no est\u00e1 del todo claro c\u00f3mo y por qu\u00e9 sucedi\u00f3 todo, se supo que la agresi\u00f3n habr\u00eda tenido lugar en medio de una reuni\u00f3n de padres y luego de que ambas mujeres se trenzaran en una fuerte discusi\u00f3n que termin\u00f3 a las trompadas.<\/p>\n<p>De acuerdo con la reconstrucci\u00f3n de los investigadores, todo sucedi\u00f3 el pasado jueves en el\u00a0<strong>Jard\u00edn de Infantes N\u00b0 971 de Tolosa<\/strong>, cuando un grupo de pap\u00e1s y mam\u00e1s dialogaba con las autoridades preocupados por las actitudes de la maestra y presuntos malos tratos.\u00a0<strong>Los reclamos, seg\u00fan consta en la presentaci\u00f3n judicial, fueron subiendo de tono y todo termin\u00f3 con un feroz ataque a golpes de una de las mam\u00e1s contra la docente acusada.<\/strong><\/p>\n<p><strong>En medio de la conmoci\u00f3n y el revuelo generado, ambas mujeres pudieron ser separadas y la atacante fue retirada de la instituci\u00f3n.<\/strong>\u00a0La v\u00edctima, por su parte, solo sufri\u00f3 algunas lesiones leves, pero decidi\u00f3 llevar el caso a la Justicia con el objetivo de evitar que la situaci\u00f3n pueda volver a repetirse.<\/p>\n<p>Ahora resta definir qu\u00e9 determinaciones se tomar\u00e1n tanto por los reclamos presentados por los padres de los peque\u00f1os como por el ataque que recibi\u00f3 la docente.<\/p>\n<p>&nbsp;<\/p>\n<\/div>\n","protected":false},"excerpt":{"rendered":"<div class=\"mh-excerpt\"><p>La v\u00edctima radic\u00f3 una denuncia penal contra la agresora y la Justicia investiga qu\u00e9 fue lo que pas\u00f3. Todo habr\u00eda ocurrido en medio de una reuni\u00f3n de padres. 15 de abril de 2023 LA PLATA <a class=\"mh-excerpt-more\" href=\"https:\/\/larevistadigital.com.ar\/blog\/la-plata-la-madre-de-un-nene-ataco-a-trompadas-a-una-maestra-de-un-jardin\/\" title=\"LA PLATA: LA MADRE DE UN NENE ATAC\u00d3 A TROMPADAS A UNA MAESTRA DE UN JARD\u00cdN\">[Leer M\u00e1s]<\/a><\/p>\n<\/div>","protected":false},"author":3,"featured_media":31068,"comment_status":"open","ping_status":"open","sticky":false,"template":"","format":"standard","meta":{"_jetpack_memberships_contains_paid_content":false,"footnotes":"","jetpack_publicize_message":"","jetpack_publicize_feature_enabled":true,"jetpack_social_post_already_shared":true,"jetpack_social_options":{"image_generator_settings":{"template":"highway","default_image_id":0,"font":"","enabled":false},"version":2}},"categories":[44,51],"tags":[],"class_list":{"0":"post-31067","1":"post","2":"type-post","3":"status-publish","4":"format-standard","5":"has-post-thumbnail","7":"category-policiales","8":"category-regionales"},"jetpack_publicize_connections":[],"jetpack_featured_media_url":"https:\/\/i0.wp.com\/larevistadigital.com.ar\/blog\/wp-content\/uploads\/1681560738948.jpg?fit=1920%2C950&ssl=1","jetpack_sharing_enabled":true,"jetpack_shortlink":"https:\/\/wp.me\/p8qtrQ-855","jetpack-related-posts":[{"id":16313,"url":"https:\/\/larevistadigital.com.ar\/blog\/chascomus-videos-desorden-trompadas-y-piedras-a-la-policia-en-la-costanera-por-una-moto-robada\/","url_meta":{"origin":31067,"position":0},"title":"CHASCOM\u00daS: [VIDEOS] DESORDEN, TROMPADAS Y PIEDRAS A LA POLIC\u00cdA EN LA COSTANERA POR UNA MOTO ROBADA","author":"Alejandro Sosa Ruda","date":"14 septiembre, 2020","format":false,"excerpt":"El hermoso domingo primaveral, tuvo su ocaso de una manera por dem\u00e1s desagradable, ya que en la costanera de la ciudad, a la altura de la intersecci\u00f3n con calle Mazzini, se produjeron graves incidentes entre dos grupos de j\u00f3venes, que terminaron con la intervenci\u00f3n de las autoridades policiales y con\u2026","rel":"","context":"En \u00abDESTACADAS\u00bb","block_context":{"text":"DESTACADAS","link":"https:\/\/larevistadigital.com.ar\/blog\/category\/destacadas\/"},"img":{"alt_text":"","src":"https:\/\/i0.wp.com\/larevistadigital.com.ar\/blog\/wp-content\/uploads\/PELEA-COSTANERA.png?fit=650%2C645&ssl=1&resize=350%2C200","width":350,"height":200,"srcset":"https:\/\/i0.wp.com\/larevistadigital.com.ar\/blog\/wp-content\/uploads\/PELEA-COSTANERA.png?fit=650%2C645&ssl=1&resize=350%2C200 1x, https:\/\/i0.wp.com\/larevistadigital.com.ar\/blog\/wp-content\/uploads\/PELEA-COSTANERA.png?fit=650%2C645&ssl=1&resize=525%2C300 1.5x"},"classes":[]},{"id":20592,"url":"https:\/\/larevistadigital.com.ar\/blog\/ataco-con-un-cinto-a-sus-hijas-de-11-y-14-anos-terminaron-internadas\/","url_meta":{"origin":31067,"position":1},"title":"ATAC\u00d3 CON UN CINTO A SUS HIJAS DE 11 Y 14 A\u00d1OS: TERMINARON INTERNADAS","author":"Alejandro Sosa Ruda","date":"1 junio, 2021","format":false,"excerpt":"Ocurri\u00f3 durante las \u00faltimas horas en 524 entre 29 y 30. Las v\u00edctimas fueron derivadas al hospital de Ni\u00f1os con diversas heridas. El implicado qued\u00f3 detenido. TOLOSA - Un hombre de 43 a\u00f1os golpe\u00f3 a sus dos hijas de 11 y 14 a\u00f1os con un cinto, les ocasion\u00f3 heridas en\u2026","rel":"","context":"En \u00abPOLICIALES\u00bb","block_context":{"text":"POLICIALES","link":"https:\/\/larevistadigital.com.ar\/blog\/category\/policiales\/"},"img":{"alt_text":"","src":"https:\/\/i0.wp.com\/larevistadigital.com.ar\/blog\/wp-content\/uploads\/1536159960264.jpeg?fit=1064%2C708&ssl=1&resize=350%2C200","width":350,"height":200,"srcset":"https:\/\/i0.wp.com\/larevistadigital.com.ar\/blog\/wp-content\/uploads\/1536159960264.jpeg?fit=1064%2C708&ssl=1&resize=350%2C200 1x, https:\/\/i0.wp.com\/larevistadigital.com.ar\/blog\/wp-content\/uploads\/1536159960264.jpeg?fit=1064%2C708&ssl=1&resize=525%2C300 1.5x, https:\/\/i0.wp.com\/larevistadigital.com.ar\/blog\/wp-content\/uploads\/1536159960264.jpeg?fit=1064%2C708&ssl=1&resize=700%2C400 2x, https:\/\/i0.wp.com\/larevistadigital.com.ar\/blog\/wp-content\/uploads\/1536159960264.jpeg?fit=1064%2C708&ssl=1&resize=1050%2C600 3x"},"classes":[]},{"id":30406,"url":"https:\/\/larevistadigital.com.ar\/blog\/la-plata-conmicion-un-hombre-entro-armado-a-un-jardin-para-llevarse-una-nena\/","url_meta":{"origin":31067,"position":2},"title":"LA PLATA: CONMICI\u00d3N. UN HOMBRE ENTR\u00d3 ARMADO A UN JARD\u00cdN PARA LLEVARSE UNA NENA","author":"Alejandro Sosa Ruda","date":"6 marzo, 2023","format":false,"excerpt":"La instituci\u00f3n denunci\u00f3 el episodio violento y\u00a0consiguieron una perimetral contra el agresor.\u00a0Temen por una nueva aparici\u00f3n violenta 06 de marzo de 2023 Un hombre armado entr\u00f3 a un jard\u00edn de infantes de La Plata y\u00a0amenaz\u00f3 a todos para retirar a una nena.\u00a0El hecho gener\u00f3 una fuerte conmoci\u00f3n en la instituci\u00f3n\u2026","rel":"","context":"En \u00abPOLICIALES\u00bb","block_context":{"text":"POLICIALES","link":"https:\/\/larevistadigital.com.ar\/blog\/category\/policiales\/"},"img":{"alt_text":"","src":"https:\/\/i0.wp.com\/larevistadigital.com.ar\/blog\/wp-content\/uploads\/1638477133298.jpg?fit=1200%2C594&ssl=1&resize=350%2C200","width":350,"height":200,"srcset":"https:\/\/i0.wp.com\/larevistadigital.com.ar\/blog\/wp-content\/uploads\/1638477133298.jpg?fit=1200%2C594&ssl=1&resize=350%2C200 1x, https:\/\/i0.wp.com\/larevistadigital.com.ar\/blog\/wp-content\/uploads\/1638477133298.jpg?fit=1200%2C594&ssl=1&resize=525%2C300 1.5x, https:\/\/i0.wp.com\/larevistadigital.com.ar\/blog\/wp-content\/uploads\/1638477133298.jpg?fit=1200%2C594&ssl=1&resize=700%2C400 2x, https:\/\/i0.wp.com\/larevistadigital.com.ar\/blog\/wp-content\/uploads\/1638477133298.jpg?fit=1200%2C594&ssl=1&resize=1050%2C600 3x"},"classes":[]},{"id":21597,"url":"https:\/\/larevistadigital.com.ar\/blog\/vecinos-en-guerra-discutieron-por-una-medianera-se-agarraron-a-trompadas-y-uno-le-baleo-la-casa-al-otro\/","url_meta":{"origin":31067,"position":3},"title":"VECINOS EN GUERRA: DISCUTIERON POR UNA MEDIANERA, SE AGARRARON A TROMPADAS Y UNO LE BALE\u00d3 LA CASA AL OTRO","author":"Alejandro Sosa Ruda","date":"17 agosto, 2021","format":false,"excerpt":"Ocurri\u00f3 ayer a la noche en el barrio Colinas de Peralta Ramos. Un hombre de 46 a\u00f1os qued\u00f3 detenido en la Unidad Penal 44 de Bat\u00e1n. MAR DEL PLATA - Una discusi\u00f3n de vecinos por una medianera que uno constru\u00eda para dividir los terrenos escal\u00f3 hasta que, tras una pelea,\u2026","rel":"","context":"En \u00abPOLICIALES\u00bb","block_context":{"text":"POLICIALES","link":"https:\/\/larevistadigital.com.ar\/blog\/category\/policiales\/"},"img":{"alt_text":"","src":"https:\/\/i0.wp.com\/larevistadigital.com.ar\/blog\/wp-content\/uploads\/VECINOS-GUERREROS.png?fit=867%2C577&ssl=1&resize=350%2C200","width":350,"height":200,"srcset":"https:\/\/i0.wp.com\/larevistadigital.com.ar\/blog\/wp-content\/uploads\/VECINOS-GUERREROS.png?fit=867%2C577&ssl=1&resize=350%2C200 1x, https:\/\/i0.wp.com\/larevistadigital.com.ar\/blog\/wp-content\/uploads\/VECINOS-GUERREROS.png?fit=867%2C577&ssl=1&resize=525%2C300 1.5x, https:\/\/i0.wp.com\/larevistadigital.com.ar\/blog\/wp-content\/uploads\/VECINOS-GUERREROS.png?fit=867%2C577&ssl=1&resize=700%2C400 2x"},"classes":[]},{"id":26075,"url":"https:\/\/larevistadigital.com.ar\/blog\/la-plata-estudiantes-de-medicina-cortaron-60-y-terminaron-a-las-trompadas-con-conductores\/","url_meta":{"origin":31067,"position":4},"title":"LA PLATA: ESTUDIANTES DE MEDICINA CORTARON 60, Y TERMINARON A LAS TROMPADAS CON CONDUCTORES","author":"Alejandro Sosa Ruda","date":"24 junio, 2022","format":false,"excerpt":"Los automovilistas manifestaron su descontento por el corte y se bajaron de los autos. El hecho fue filmado por vecinos que pasaban por el lugar. Agrupaciones estudiantiles de la Facultad de Ciencias M\u00e9dicas de la UNLP realizaron un reclamo que incluy\u00f3 un corte de calle sobre la avenida 60 y\u00a0terminaron\u2026","rel":"","context":"En \u00abGREMIALES\u00bb","block_context":{"text":"GREMIALES","link":"https:\/\/larevistadigital.com.ar\/blog\/category\/gremiales\/"},"img":{"alt_text":"","src":"https:\/\/i0.wp.com\/larevistadigital.com.ar\/blog\/wp-content\/uploads\/1656099843647.jpg?fit=1200%2C594&ssl=1&resize=350%2C200","width":350,"height":200,"srcset":"https:\/\/i0.wp.com\/larevistadigital.com.ar\/blog\/wp-content\/uploads\/1656099843647.jpg?fit=1200%2C594&ssl=1&resize=350%2C200 1x, https:\/\/i0.wp.com\/larevistadigital.com.ar\/blog\/wp-content\/uploads\/1656099843647.jpg?fit=1200%2C594&ssl=1&resize=525%2C300 1.5x, https:\/\/i0.wp.com\/larevistadigital.com.ar\/blog\/wp-content\/uploads\/1656099843647.jpg?fit=1200%2C594&ssl=1&resize=700%2C400 2x, https:\/\/i0.wp.com\/larevistadigital.com.ar\/blog\/wp-content\/uploads\/1656099843647.jpg?fit=1200%2C594&ssl=1&resize=1050%2C600 3x"},"classes":[]},{"id":34036,"url":"https:\/\/larevistadigital.com.ar\/blog\/tres-hombres-y-una-mujer-a-las-trompadas-en-la-calle-terminaron-hospitalizados\/","url_meta":{"origin":31067,"position":5},"title":"TRES HOMBRES Y UNA MUJER A LAS TROMPADAS EN LA CALLE. TERMINARON HOSPITALIZADOS","author":"Alejandro Sosa Ruda","date":"15 octubre, 2023","format":false,"excerpt":"Sucedi\u00f3 a las 5 de la madrugada en Ituzaing\u00f3 y Marconi. Uno de los sujetos, en avanzado estado de ebriedad, tuvo que ser atendido por un profundo corte en uno de sus brazos. 15 de Octubre de 2023 MAR DEL PLATA -\u00a0 Una\u00a0gresca\u00a0de grandes proporciones durante la madrugada en la\u2026","rel":"","context":"En \u00abPOLICIALES\u00bb","block_context":{"text":"POLICIALES","link":"https:\/\/larevistadigital.com.ar\/blog\/category\/policiales\/"},"img":{"alt_text":"","src":"https:\/\/i0.wp.com\/larevistadigital.com.ar\/blog\/wp-content\/uploads\/POLICIA.png?fit=1002%2C658&ssl=1&resize=350%2C200","width":350,"height":200,"srcset":"https:\/\/i0.wp.com\/larevistadigital.com.ar\/blog\/wp-content\/uploads\/POLICIA.png?fit=1002%2C658&ssl=1&resize=350%2C200 1x, https:\/\/i0.wp.com\/larevistadigital.com.ar\/blog\/wp-content\/uploads\/POLICIA.png?fit=1002%2C658&ssl=1&resize=525%2C300 1.5x, https:\/\/i0.wp.com\/larevistadigital.com.ar\/blog\/wp-content\/uploads\/POLICIA.png?fit=1002%2C658&ssl=1&resize=700%2C400 2x"},"classes":[]}],"_links":{"self":[{"href":"https:\/\/larevistadigital.com.ar\/blog\/wp-json\/wp\/v2\/posts\/31067","targetHints":{"allow":["GET"]}}],"collection":[{"href":"https:\/\/larevistadigital.com.ar\/blog\/wp-json\/wp\/v2\/posts"}],"about":[{"href":"https:\/\/larevistadigital.com.ar\/blog\/wp-json\/wp\/v2\/types\/post"}],"author":[{"embeddable":true,"href":"https:\/\/larevistadigital.com.ar\/blog\/wp-json\/wp\/v2\/users\/3"}],"replies":[{"embeddable":true,"href":"https:\/\/larevistadigital.com.ar\/blog\/wp-json\/wp\/v2\/comments?post=31067"}],"version-history":[{"count":1,"href":"https:\/\/larevistadigital.com.ar\/blog\/wp-json\/wp\/v2\/posts\/31067\/revisions"}],"predecessor-version":[{"id":31069,"href":"https:\/\/larevistadigital.com.ar\/blog\/wp-json\/wp\/v2\/posts\/31067\/revisions\/31069"}],"wp:featuredmedia":[{"embeddable":true,"href":"https:\/\/larevistadigital.com.ar\/blog\/wp-json\/wp\/v2\/media\/31068"}],"wp:attachment":[{"href":"https:\/\/larevistadigital.com.ar\/blog\/wp-json\/wp\/v2\/media?parent=31067"}],"wp:term":[{"taxonomy":"category","embeddable":true,"href":"https:\/\/larevistadigital.com.ar\/blog\/wp-json\/wp\/v2\/categories?post=31067"},{"taxonomy":"post_tag","embeddable":true,"href":"https:\/\/larevistadigital.com.ar\/blog\/wp-json\/wp\/v2\/tags?post=31067"}],"curies":[{"name":"wp","href":"https:\/\/api.w.org\/{rel}","templated":true}]}}