{"id":31070,"date":"2023-04-15T17:14:32","date_gmt":"2023-04-15T17:14:32","guid":{"rendered":"https:\/\/larevistadigital.com.ar\/blog\/?p=31070"},"modified":"2023-04-15T17:14:32","modified_gmt":"2023-04-15T17:14:32","slug":"mato-a-su-padre-tras-repetidos-abusos-y-un-jurado-popular-la-declaro-culpable","status":"publish","type":"post","link":"https:\/\/larevistadigital.com.ar\/blog\/mato-a-su-padre-tras-repetidos-abusos-y-un-jurado-popular-la-declaro-culpable\/","title":{"rendered":"MAT\u00d3 A SU PADRE TRAS REPETIDOS ABUSOS Y UN JURADO POPULAR LA DECLAR\u00d3 CULPABLE"},"content":{"rendered":"<h2>El juicio se realiz\u00f3 en los Tribunales de Quilmes. La joven de 32 mat\u00f3 a su padre en el 2018 en Berazategui. El lunes pr\u00f3ximo se conocer\u00e1 fecha para que se fije el monto de la sentencia.<\/h2>\n<p>15 de abril de 2023<\/p>\n<p>Este viernes, <strong>Sabrina Brizuela<\/strong>, de 32 a\u00f1os, fue encontrada culpable del homicidio de su padre en un juicio por jurado en Berazategui. La joven no neg\u00f3 haber atacado a su progenitor con un cuchillo la noche del 23 de julio de 2018, pero declar\u00f3 haber sufrido abusos por parte de \u00e9l durante m\u00e1s de una d\u00e9cada.<\/p>\n<blockquote>\n<h3>Los hechos sucedieron en la vivienda que ambos compart\u00edan en Juan Mar\u00eda Guti\u00e9rrez, Berazategui. Sabrina le propin\u00f3 siete heridas punzocortantes a su padre, Ra\u00fal Horacio Brizuela, que le causaron la muerte, seg\u00fan establecieron los investigadores.<\/h3>\n<\/blockquote>\n<p>Tras los alegatos de ambas partes, el jurado popular, compuesto por 12 ciudadanos, lleg\u00f3 al veredicto de culpabilidad por <strong>\u00abHomicidio agravado por el v\u00ednculo\u00bb<\/strong> despu\u00e9s de m\u00e1s de dos horas de deliberaci\u00f3n en la noche del viernes.<\/p>\n<blockquote>\n<h3>A pesar de que los defensores oficiales de la imputada, Ignacio Tranquilini y Mercedes Bullosa, reclamaron por la no culpabilidad de la joven al entender que ella \u00abno comprend\u00eda ni dirig\u00eda las acciones\u00bb al momento del hecho, el veredicto no se vio afectado.<\/h3>\n<\/blockquote>\n<p>La jueza <strong>Maffei<\/strong> anunciar\u00e1 la fecha para la audiencia de cesura el pr\u00f3ximo lunes, en la cual se dictar\u00e1 el monto de la pena. <strong>Cabe se\u00f1alar que este delito se castiga con prisi\u00f3n perpetua.<\/strong><\/p>\n","protected":false},"excerpt":{"rendered":"<div class=\"mh-excerpt\"><p>El juicio se realiz\u00f3 en los Tribunales de Quilmes. La joven de 32 mat\u00f3 a su padre en el 2018 en Berazategui. El lunes pr\u00f3ximo se conocer\u00e1 fecha para que se fije el monto de <a class=\"mh-excerpt-more\" href=\"https:\/\/larevistadigital.com.ar\/blog\/mato-a-su-padre-tras-repetidos-abusos-y-un-jurado-popular-la-declaro-culpable\/\" title=\"MAT\u00d3 A SU PADRE TRAS REPETIDOS ABUSOS Y UN JURADO POPULAR LA DECLAR\u00d3 CULPABLE\">[Leer M\u00e1s]<\/a><\/p>\n<\/div>","protected":false},"author":3,"featured_media":31071,"comment_status":"open","ping_status":"open","sticky":false,"template":"","format":"standard","meta":{"_jetpack_memberships_contains_paid_content":false,"footnotes":"","jetpack_publicize_message":"","jetpack_publicize_feature_enabled":true,"jetpack_social_post_already_shared":true,"jetpack_social_options":{"image_generator_settings":{"template":"highway","default_image_id":0,"font":"","enabled":false},"version":2}},"categories":[50,44],"tags":[],"class_list":{"0":"post-31070","1":"post","2":"type-post","3":"status-publish","4":"format-standard","5":"has-post-thumbnail","7":"category-interes-general","8":"category-policiales"},"jetpack_publicize_connections":[],"jetpack_featured_media_url":"https:\/\/i0.wp.com\/larevistadigital.com.ar\/blog\/wp-content\/uploads\/ssss.jpg?fit=800%2C500&ssl=1","jetpack_sharing_enabled":true,"jetpack_shortlink":"https:\/\/wp.me\/p8qtrQ-858","jetpack-related-posts":[{"id":38091,"url":"https:\/\/larevistadigital.com.ar\/blog\/berazategui-un-chico-mato-a-su-papa-e-hirio-a-su-mama-y-a-su-hermana-en-un-country\/","url_meta":{"origin":31070,"position":0},"title":"Berazategui: Un chico mat\u00f3 a su pap\u00e1 e hiri\u00f3 a su mam\u00e1 y a su hermana en un country","author":"Alejandro Sosa Ruda","date":"1 diciembre, 2024","format":false,"excerpt":"Ocurri\u00f3 en Fincas de Hudson. Los vecinos alertaron a la Polic\u00eda Bonaerense luego de escuchar disparos y de la madre que sali\u00f3 a los gritos. El adolescente intent\u00f3 suicidarse y est\u00e1 internado en estado cr\u00edtico. 01 de diciembre de 2024 BERAZATEGUI -\u00a0 Un tr\u00e1gico episodio sacudi\u00f3 este domingo al country\u2026","rel":"","context":"En \u00abPOLICIALES\u00bb","block_context":{"text":"POLICIALES","link":"https:\/\/larevistadigital.com.ar\/blog\/category\/policiales\/"},"img":{"alt_text":"","src":"https:\/\/i0.wp.com\/larevistadigital.com.ar\/blog\/wp-content\/uploads\/Captura-de-pantalla-2024-12-01-202635.png?fit=696%2C346&ssl=1&resize=350%2C200","width":350,"height":200,"srcset":"https:\/\/i0.wp.com\/larevistadigital.com.ar\/blog\/wp-content\/uploads\/Captura-de-pantalla-2024-12-01-202635.png?fit=696%2C346&ssl=1&resize=350%2C200 1x, https:\/\/i0.wp.com\/larevistadigital.com.ar\/blog\/wp-content\/uploads\/Captura-de-pantalla-2024-12-01-202635.png?fit=696%2C346&ssl=1&resize=525%2C300 1.5x"},"classes":[]},{"id":33379,"url":"https:\/\/larevistadigital.com.ar\/blog\/un-jurado-popular-declaro-culpable-a-un-hombre-por-abusar-de-su-propia-hija\/","url_meta":{"origin":31070,"position":1},"title":"UN JURADO POPULAR DECLAR\u00d3 CULPABLE A UN HOMBRE POR ABUSAR DE SU PROPIA HIJA","author":"Alejandro Sosa Ruda","date":"11 septiembre, 2023","format":false,"excerpt":"En el marco del juicio por jurados que se llev\u00f3 a cabo esta semana en Bah\u00eda Blanca para analizar la conducta de un hombre acusado de abusar sexualmente de su hija menor de edad, el jurado por unanimidad de votos lo declar\u00f3 culpable. Los hechos se habr\u00edan registrado entre 2011\u2026","rel":"","context":"En \u00abPOLICIALES\u00bb","block_context":{"text":"POLICIALES","link":"https:\/\/larevistadigital.com.ar\/blog\/category\/policiales\/"},"img":{"alt_text":"","src":"https:\/\/i0.wp.com\/larevistadigital.com.ar\/blog\/wp-content\/uploads\/20230910164916_abuso-sexual-infantil.jpg?fit=880%2C512&ssl=1&resize=350%2C200","width":350,"height":200,"srcset":"https:\/\/i0.wp.com\/larevistadigital.com.ar\/blog\/wp-content\/uploads\/20230910164916_abuso-sexual-infantil.jpg?fit=880%2C512&ssl=1&resize=350%2C200 1x, https:\/\/i0.wp.com\/larevistadigital.com.ar\/blog\/wp-content\/uploads\/20230910164916_abuso-sexual-infantil.jpg?fit=880%2C512&ssl=1&resize=525%2C300 1.5x, https:\/\/i0.wp.com\/larevistadigital.com.ar\/blog\/wp-content\/uploads\/20230910164916_abuso-sexual-infantil.jpg?fit=880%2C512&ssl=1&resize=700%2C400 2x"},"classes":[]},{"id":32956,"url":"https:\/\/larevistadigital.com.ar\/blog\/berazategui-choque-fatal-en-la-autopista-bs-as-la-plata-con-un-muerto-y-tres-heridos\/","url_meta":{"origin":31070,"position":2},"title":"BERAZATEGUI: CHOQUE FATAL EN LA AUTOPISTA BS. AS. &#8211; LA PLATA CON UN MUERTO Y TRES HERIDOS","author":"Alejandro Sosa Ruda","date":"21 agosto, 2023","format":false,"excerpt":"Dos autos protagonizaron este s\u00e1bado un impactante choque en la Autopista Buenos Aires-La Plata que termin\u00f3 en tragedia. Uno de los veh\u00edculos termin\u00f3 sobre una zanja y el otro volc\u00f3 a los pocos metros. Muri\u00f3 uno de los conductores y otras tres personas resultaron heridas. El accidente de tr\u00e1nsito ocurri\u00f3\u2026","rel":"","context":"En \u00abPOLICIALES\u00bb","block_context":{"text":"POLICIALES","link":"https:\/\/larevistadigital.com.ar\/blog\/category\/policiales\/"},"img":{"alt_text":"","src":"https:\/\/i0.wp.com\/larevistadigital.com.ar\/blog\/wp-content\/uploads\/20230820142017_choque-fatal-autopista-buenos-aires-la-plata.jpg?fit=880%2C512&ssl=1&resize=350%2C200","width":350,"height":200,"srcset":"https:\/\/i0.wp.com\/larevistadigital.com.ar\/blog\/wp-content\/uploads\/20230820142017_choque-fatal-autopista-buenos-aires-la-plata.jpg?fit=880%2C512&ssl=1&resize=350%2C200 1x, https:\/\/i0.wp.com\/larevistadigital.com.ar\/blog\/wp-content\/uploads\/20230820142017_choque-fatal-autopista-buenos-aires-la-plata.jpg?fit=880%2C512&ssl=1&resize=525%2C300 1.5x, https:\/\/i0.wp.com\/larevistadigital.com.ar\/blog\/wp-content\/uploads\/20230820142017_choque-fatal-autopista-buenos-aires-la-plata.jpg?fit=880%2C512&ssl=1&resize=700%2C400 2x"},"classes":[]},{"id":34080,"url":"https:\/\/larevistadigital.com.ar\/blog\/un-joven-quiso-evitar-que-detuvieran-a-su-hermano-forcejeo-y-mato-a-su-padre-por-error\/","url_meta":{"origin":31070,"position":3},"title":"UN JOVEN QUISO EVITAR QUE DETUVIERAN A SU HERMANO, FORCEJE\u00d3 Y MAT\u00d3 A SU PADRE POR ERROR","author":"Alejandro Sosa Ruda","date":"17 octubre, 2023","format":false,"excerpt":"Fue uno de los hijos de la v\u00edctima quien lo termin\u00f3 baleando con una escopeta, tratando de evitar que efectivos policiales se lo llevaran detenido a su hermano. 17 de octubre de 2023 TUCUMAN -\u00a0 Una intensa disputa familiar culmin\u00f3 en una tragedia, cuando un hombre perdi\u00f3 la vida a\u2026","rel":"","context":"En \u00abINTERES GENERAL\u00bb","block_context":{"text":"INTERES GENERAL","link":"https:\/\/larevistadigital.com.ar\/blog\/category\/interes-general\/"},"img":{"alt_text":"","src":"https:\/\/i0.wp.com\/larevistadigital.com.ar\/blog\/wp-content\/uploads\/Captura-de-pantalla-2023-10-17-125504.png?fit=881%2C500&ssl=1&resize=350%2C200","width":350,"height":200,"srcset":"https:\/\/i0.wp.com\/larevistadigital.com.ar\/blog\/wp-content\/uploads\/Captura-de-pantalla-2023-10-17-125504.png?fit=881%2C500&ssl=1&resize=350%2C200 1x, https:\/\/i0.wp.com\/larevistadigital.com.ar\/blog\/wp-content\/uploads\/Captura-de-pantalla-2023-10-17-125504.png?fit=881%2C500&ssl=1&resize=525%2C300 1.5x, https:\/\/i0.wp.com\/larevistadigital.com.ar\/blog\/wp-content\/uploads\/Captura-de-pantalla-2023-10-17-125504.png?fit=881%2C500&ssl=1&resize=700%2C400 2x"},"classes":[]},{"id":28860,"url":"https:\/\/larevistadigital.com.ar\/blog\/berazategui-se-suicido-el-jefe-de-la-policia-local\/","url_meta":{"origin":31070,"position":4},"title":"BERAZATEGUI: SE SUICID\u00d3 EL JEFE DE LA POLIC\u00cdA LOCAL","author":"Alejandro Sosa Ruda","date":"18 noviembre, 2022","format":false,"excerpt":"El jefe de la polic\u00eda local de Berazategui, comisario Mauricio Dad\u00edn, se suicid\u00f3 este mi\u00e9rcoles luego de que dos polic\u00edas detenidos lo involucraran en una causa por un presunto secuestro extorsivo. El hecho ocurri\u00f3 en momentos que una delegaci\u00f3n de la Polic\u00eda Federal, arribaba a su domicilio para detenerlo. 18\u2026","rel":"","context":"En \u00abPOLICIALES\u00bb","block_context":{"text":"POLICIALES","link":"https:\/\/larevistadigital.com.ar\/blog\/category\/policiales\/"},"img":{"alt_text":"","src":"https:\/\/i0.wp.com\/larevistadigital.com.ar\/blog\/wp-content\/uploads\/20221118105506_comisario-dadin-mauricio.jpg?fit=880%2C512&ssl=1&resize=350%2C200","width":350,"height":200,"srcset":"https:\/\/i0.wp.com\/larevistadigital.com.ar\/blog\/wp-content\/uploads\/20221118105506_comisario-dadin-mauricio.jpg?fit=880%2C512&ssl=1&resize=350%2C200 1x, https:\/\/i0.wp.com\/larevistadigital.com.ar\/blog\/wp-content\/uploads\/20221118105506_comisario-dadin-mauricio.jpg?fit=880%2C512&ssl=1&resize=525%2C300 1.5x, https:\/\/i0.wp.com\/larevistadigital.com.ar\/blog\/wp-content\/uploads\/20221118105506_comisario-dadin-mauricio.jpg?fit=880%2C512&ssl=1&resize=700%2C400 2x"},"classes":[]},{"id":15252,"url":"https:\/\/larevistadigital.com.ar\/blog\/joven-adicto-ataca-con-un-palo-a-su-abuela-la-desmayo-y-prendio-fuego-la-casa-ocasionandole-la-muerte\/","url_meta":{"origin":31070,"position":5},"title":"JOVEN ADICTO ATACA CON UN PALO A SU ABUELA, LA DESMAY\u00d3 Y PRENDI\u00d3 FUEGO LA CASA OCASION\u00c1NDOLE LA MUERTE","author":"Alejandro Sosa Ruda","date":"20 mayo, 2020","format":false,"excerpt":"Ocurri\u00f3 en Berazategui. Una mujer de 75 a\u00f1os muri\u00f3 carbonizada. Por el horroroso crimen fue detenido el nieto de 26 a\u00f1os que hoy ser\u00e1 indagado por el fiscal Daniel Ichazo por el delito de homicidio agravado por el v\u00ednculo. Una jubilada de 75 a\u00f1os fue encontrada asesinada y carbonizada en\u2026","rel":"","context":"En \u00abPOLICIALES\u00bb","block_context":{"text":"POLICIALES","link":"https:\/\/larevistadigital.com.ar\/blog\/category\/policiales\/"},"img":{"alt_text":"","src":"https:\/\/i0.wp.com\/larevistadigital.com.ar\/blog\/wp-content\/uploads\/20200520091757_aaa.jpg?fit=887%2C554&ssl=1&resize=350%2C200","width":350,"height":200,"srcset":"https:\/\/i0.wp.com\/larevistadigital.com.ar\/blog\/wp-content\/uploads\/20200520091757_aaa.jpg?fit=887%2C554&ssl=1&resize=350%2C200 1x, https:\/\/i0.wp.com\/larevistadigital.com.ar\/blog\/wp-content\/uploads\/20200520091757_aaa.jpg?fit=887%2C554&ssl=1&resize=525%2C300 1.5x, https:\/\/i0.wp.com\/larevistadigital.com.ar\/blog\/wp-content\/uploads\/20200520091757_aaa.jpg?fit=887%2C554&ssl=1&resize=700%2C400 2x"},"classes":[]}],"_links":{"self":[{"href":"https:\/\/larevistadigital.com.ar\/blog\/wp-json\/wp\/v2\/posts\/31070","targetHints":{"allow":["GET"]}}],"collection":[{"href":"https:\/\/larevistadigital.com.ar\/blog\/wp-json\/wp\/v2\/posts"}],"about":[{"href":"https:\/\/larevistadigital.com.ar\/blog\/wp-json\/wp\/v2\/types\/post"}],"author":[{"embeddable":true,"href":"https:\/\/larevistadigital.com.ar\/blog\/wp-json\/wp\/v2\/users\/3"}],"replies":[{"embeddable":true,"href":"https:\/\/larevistadigital.com.ar\/blog\/wp-json\/wp\/v2\/comments?post=31070"}],"version-history":[{"count":1,"href":"https:\/\/larevistadigital.com.ar\/blog\/wp-json\/wp\/v2\/posts\/31070\/revisions"}],"predecessor-version":[{"id":31072,"href":"https:\/\/larevistadigital.com.ar\/blog\/wp-json\/wp\/v2\/posts\/31070\/revisions\/31072"}],"wp:featuredmedia":[{"embeddable":true,"href":"https:\/\/larevistadigital.com.ar\/blog\/wp-json\/wp\/v2\/media\/31071"}],"wp:attachment":[{"href":"https:\/\/larevistadigital.com.ar\/blog\/wp-json\/wp\/v2\/media?parent=31070"}],"wp:term":[{"taxonomy":"category","embeddable":true,"href":"https:\/\/larevistadigital.com.ar\/blog\/wp-json\/wp\/v2\/categories?post=31070"},{"taxonomy":"post_tag","embeddable":true,"href":"https:\/\/larevistadigital.com.ar\/blog\/wp-json\/wp\/v2\/tags?post=31070"}],"curies":[{"name":"wp","href":"https:\/\/api.w.org\/{rel}","templated":true}]}}