{"id":31073,"date":"2023-04-15T20:12:16","date_gmt":"2023-04-15T20:12:16","guid":{"rendered":"https:\/\/larevistadigital.com.ar\/blog\/?p=31073"},"modified":"2023-04-15T20:12:16","modified_gmt":"2023-04-15T20:12:16","slug":"detuvieron-a-un-hombre-por-faenar-caballos-y-vender-su-carne-en-un-circuito-ilegal-que-fabrica-milanesas","status":"publish","type":"post","link":"https:\/\/larevistadigital.com.ar\/blog\/detuvieron-a-un-hombre-por-faenar-caballos-y-vender-su-carne-en-un-circuito-ilegal-que-fabrica-milanesas\/","title":{"rendered":"DETUVIERON A UN HOMBRE POR FAENAR CABALLOS Y VENDER SU CARNE EN UN CIRCUITO ILEGAL QUE FABRICA MILANESAS"},"content":{"rendered":"<h2>Un delito que lamentablemente es frecuente en la zona de Gral. Pueyrred\u00f3n<\/h2>\n<p>15 de abril de 2023<\/p>\n<p><strong>BATAN &#8211;\u00a0<\/strong> Los hechos sucedieron en cercan\u00edas de la localidad de Bat\u00e1n, donde el detenido faenaba equinos y los vend\u00eda en un circuito clandestino compuesto por carnicer\u00edas y rotiser\u00edas donde se comercializaban como milanesas.<\/p>\n<p>Las investigaciones estuvieron a cargo de la Patrulla Rural de General Pueyrred\u00f3n, y se iniciaron por una denuncia presentada a ra\u00edz de la desaparici\u00f3n de un caballo.<\/p>\n<p>Luego de las tareas de investigaci\u00f3n y la recolecci\u00f3n de pruebas, se solicit\u00f3 una \u00f3rden de allanamiento para un domicilio en el Barrio Estaci\u00f3n de Chapadmalal.<\/p>\n<p>En ese lugar, la polic\u00eda secuestr\u00f3 elementos de corte y accesorios utilizados para la faena, lazos y prendas con manchas de sangre, tijeras para cortar alambres, munciones calibre 22 y dos cuartos y paletas de vacuno.<\/p>\n<p>Pecisamente esos cortes pertenec\u00edan a un animal que hab\u00eda sido faenado en un campo del partido de General Alvarado en la jornada del jueves por lo que se gener\u00f3 una nueva causa radicada en la fiscal\u00eda de ese partido.<\/p>\n<p>Ahora se inici\u00f3 una minuciosa investigaci\u00f3n para dar con todos los lugares que se dedican a comercializar esa carne, que en muchos casos se vende sin tener consciencia que se trata de carne de caballo. Se dice que a veces la pican mezclandola con carne vacuna, o se hacen milanesas, tras un proceso casero de tiernizado.<\/p>\n<p>Lamentablemente el robo y faena de caballos es cada vez m\u00e1s frecuente en el partido de General Pueyrred\u00f3n, y en los partidos lindantes, al margen del conocido cuatrereaje vacuno.<\/p>\n<p>&nbsp;<\/p>\n","protected":false},"excerpt":{"rendered":"<div class=\"mh-excerpt\"><p>Un delito que lamentablemente es frecuente en la zona de Gral. Pueyrred\u00f3n 15 de abril de 2023 BATAN &#8211;\u00a0 Los hechos sucedieron en cercan\u00edas de la localidad de Bat\u00e1n, donde el detenido faenaba equinos y <a class=\"mh-excerpt-more\" href=\"https:\/\/larevistadigital.com.ar\/blog\/detuvieron-a-un-hombre-por-faenar-caballos-y-vender-su-carne-en-un-circuito-ilegal-que-fabrica-milanesas\/\" title=\"DETUVIERON A UN HOMBRE POR FAENAR CABALLOS Y VENDER SU CARNE EN UN CIRCUITO ILEGAL QUE FABRICA MILANESAS\">[Leer M\u00e1s]<\/a><\/p>\n<\/div>","protected":false},"author":3,"featured_media":31074,"comment_status":"open","ping_status":"open","sticky":false,"template":"","format":"standard","meta":{"_jetpack_memberships_contains_paid_content":false,"footnotes":"","jetpack_publicize_message":"","jetpack_publicize_feature_enabled":true,"jetpack_social_post_already_shared":true,"jetpack_social_options":{"image_generator_settings":{"template":"highway","default_image_id":0,"font":"","enabled":false},"version":2}},"categories":[44,51],"tags":[],"class_list":{"0":"post-31073","1":"post","2":"type-post","3":"status-publish","4":"format-standard","5":"has-post-thumbnail","7":"category-policiales","8":"category-regionales"},"jetpack_publicize_connections":[],"jetpack_featured_media_url":"https:\/\/i0.wp.com\/larevistadigital.com.ar\/blog\/wp-content\/uploads\/infozona-5-1024x525-1.jpg?fit=1024%2C525&ssl=1","jetpack_sharing_enabled":true,"jetpack_shortlink":"https:\/\/wp.me\/p8qtrQ-85b","jetpack-related-posts":[{"id":19090,"url":"https:\/\/larevistadigital.com.ar\/blog\/desde-manana-mas-de-95-000-alumnos-vuelven-a-clases-en-mar-del-plata-y-batan\/","url_meta":{"origin":31073,"position":0},"title":"DESDE MA\u00d1ANA, MAS DE 95.000 ALUMNOS VUELVEN A CLASES EN MAR DEL PLATA Y BAT\u00c1N","author":"Alejandro Sosa Ruda","date":"28 febrero, 2021","format":false,"excerpt":"El n\u00famero de estudiantes se reparte entre\u00a0383 escuelas p\u00fablicas y privadas de General Pueyrredon. Algunas instituciones adoptan una \"presencialidad completa\", otras una \"semipresencialidad\" y tambi\u00e9n hay casos donde la continuidad pedag\u00f3gica es no presencial. MAR DEL PLATA - Finalmente, y luego de un a\u00f1o de interrupciones, restricciones y profunda incertidumbre\u2026","rel":"","context":"En \u00abREGIONALES\u00bb","block_context":{"text":"REGIONALES","link":"https:\/\/larevistadigital.com.ar\/blog\/category\/regionales\/"},"img":{"alt_text":"","src":"https:\/\/i0.wp.com\/larevistadigital.com.ar\/blog\/wp-content\/uploads\/clases.jpg?fit=800%2C550&ssl=1&resize=350%2C200","width":350,"height":200,"srcset":"https:\/\/i0.wp.com\/larevistadigital.com.ar\/blog\/wp-content\/uploads\/clases.jpg?fit=800%2C550&ssl=1&resize=350%2C200 1x, https:\/\/i0.wp.com\/larevistadigital.com.ar\/blog\/wp-content\/uploads\/clases.jpg?fit=800%2C550&ssl=1&resize=525%2C300 1.5x, https:\/\/i0.wp.com\/larevistadigital.com.ar\/blog\/wp-content\/uploads\/clases.jpg?fit=800%2C550&ssl=1&resize=700%2C400 2x"},"classes":[]},{"id":23990,"url":"https:\/\/larevistadigital.com.ar\/blog\/prohibieron-en-todo-el-pais-el-consumo-de-una-marca-de-milanesas-de-soja\/","url_meta":{"origin":31073,"position":1},"title":"PROHIBIERON EN TODO EL PA\u00cdS EL CONSUMO DE UNA MARCA DE MILANESAS DE SOJA","author":"Alejandro Sosa Ruda","date":"15 febrero, 2022","format":false,"excerpt":"La Administraci\u00f3n Nacional de Medicamentos, Alimentos y Tecnolog\u00eda M\u00e9dica (ANMAT) hab\u00eda iniciado una investigaci\u00f3n tras una denuncia en Mendoza. La Administraci\u00f3n Nacional de Medicamentos, Alimentos y Tecnolog\u00eda M\u00e9dica (ANMAT) prohibi\u00f3 en las \u00faltimas horas\u00a0la elaboraci\u00f3n, el fraccionamiento y la comercializaci\u00f3n en todo el pa\u00eds de una milanesa de soja ilegal.\u2026","rel":"","context":"En \u00abINTERES GENERAL\u00bb","block_context":{"text":"INTERES GENERAL","link":"https:\/\/larevistadigital.com.ar\/blog\/category\/interes-general\/"},"img":{"alt_text":"","src":"https:\/\/i0.wp.com\/larevistadigital.com.ar\/blog\/wp-content\/uploads\/imagepng.png?fit=1200%2C676&ssl=1&resize=350%2C200","width":350,"height":200,"srcset":"https:\/\/i0.wp.com\/larevistadigital.com.ar\/blog\/wp-content\/uploads\/imagepng.png?fit=1200%2C676&ssl=1&resize=350%2C200 1x, https:\/\/i0.wp.com\/larevistadigital.com.ar\/blog\/wp-content\/uploads\/imagepng.png?fit=1200%2C676&ssl=1&resize=525%2C300 1.5x, https:\/\/i0.wp.com\/larevistadigital.com.ar\/blog\/wp-content\/uploads\/imagepng.png?fit=1200%2C676&ssl=1&resize=700%2C400 2x, https:\/\/i0.wp.com\/larevistadigital.com.ar\/blog\/wp-content\/uploads\/imagepng.png?fit=1200%2C676&ssl=1&resize=1050%2C600 3x"},"classes":[]},{"id":44491,"url":"https:\/\/larevistadigital.com.ar\/blog\/tragedia-en-la-ruta-un-hombre-murio-tras-un-violento-choque\/","url_meta":{"origin":31073,"position":2},"title":"Tragedia en la ruta: un hombre muri\u00f3 tras un violento choque","author":"Alejandro Sosa Ruda","date":"14 marzo, 2026","format":false,"excerpt":"Fue en la ruta 88, cerca de Batan. El conductor de un Renault Clio qued\u00f3 atrapado dentro del veh\u00edculo y falleci\u00f3 en el lugar pese a la intervenci\u00f3n de los equipos de emergencia. 14 de marzo de 2026 BATAN -\u00a0 \u00a0Un hombre muri\u00f3 este viernes tras un violento choque frontal\u2026","rel":"","context":"En \u00abPOLICIALES\u00bb","block_context":{"text":"POLICIALES","link":"https:\/\/larevistadigital.com.ar\/blog\/category\/policiales\/"},"img":{"alt_text":"","src":"https:\/\/i0.wp.com\/larevistadigital.com.ar\/blog\/wp-content\/uploads\/f16ba0ac6ecbcfc4321cec0f8ab58de5803fc019.png?fit=1140%2C691&ssl=1&resize=350%2C200","width":350,"height":200,"srcset":"https:\/\/i0.wp.com\/larevistadigital.com.ar\/blog\/wp-content\/uploads\/f16ba0ac6ecbcfc4321cec0f8ab58de5803fc019.png?fit=1140%2C691&ssl=1&resize=350%2C200 1x, https:\/\/i0.wp.com\/larevistadigital.com.ar\/blog\/wp-content\/uploads\/f16ba0ac6ecbcfc4321cec0f8ab58de5803fc019.png?fit=1140%2C691&ssl=1&resize=525%2C300 1.5x, https:\/\/i0.wp.com\/larevistadigital.com.ar\/blog\/wp-content\/uploads\/f16ba0ac6ecbcfc4321cec0f8ab58de5803fc019.png?fit=1140%2C691&ssl=1&resize=700%2C400 2x, https:\/\/i0.wp.com\/larevistadigital.com.ar\/blog\/wp-content\/uploads\/f16ba0ac6ecbcfc4321cec0f8ab58de5803fc019.png?fit=1140%2C691&ssl=1&resize=1050%2C600 3x"},"classes":[]},{"id":38637,"url":"https:\/\/larevistadigital.com.ar\/blog\/detienen-a-dos-presos-de-batan-y-a-una-mujer-por-extorsionar-a-un-hombre-que-les-pago-400-000\/","url_meta":{"origin":31073,"position":3},"title":"Detienen a dos presos de Bat\u00e1n y a una mujer por extorsionar a un hombre que les pag\u00f3 $400.000.-","author":"Alejandro Sosa Ruda","date":"8 febrero, 2025","format":false,"excerpt":"Todo comenz\u00f3 con una denuncia del a\u00f1o pasado, tambi\u00e9n allanaron en Gesell y\u00a0 Miramar. 08 de Febrero de 2025 BALCARCE -\u00a0 Un hombre pag\u00f3 $400.000.- luego de haber recibido amenazas extorsivas de supuestos polic\u00edas, por lo que en el mes de septiembre del a\u00f1o pasado, radic\u00f3 una denuncia que deriv\u00f3\u2026","rel":"","context":"En \u00abPOLICIALES\u00bb","block_context":{"text":"POLICIALES","link":"https:\/\/larevistadigital.com.ar\/blog\/category\/policiales\/"},"img":{"alt_text":"","src":"https:\/\/i0.wp.com\/larevistadigital.com.ar\/blog\/wp-content\/uploads\/473c99c9882be7dd5e4f0f12149a9be35f74a0f1.jpg?fit=1140%2C741&ssl=1&resize=350%2C200","width":350,"height":200,"srcset":"https:\/\/i0.wp.com\/larevistadigital.com.ar\/blog\/wp-content\/uploads\/473c99c9882be7dd5e4f0f12149a9be35f74a0f1.jpg?fit=1140%2C741&ssl=1&resize=350%2C200 1x, https:\/\/i0.wp.com\/larevistadigital.com.ar\/blog\/wp-content\/uploads\/473c99c9882be7dd5e4f0f12149a9be35f74a0f1.jpg?fit=1140%2C741&ssl=1&resize=525%2C300 1.5x, https:\/\/i0.wp.com\/larevistadigital.com.ar\/blog\/wp-content\/uploads\/473c99c9882be7dd5e4f0f12149a9be35f74a0f1.jpg?fit=1140%2C741&ssl=1&resize=700%2C400 2x, https:\/\/i0.wp.com\/larevistadigital.com.ar\/blog\/wp-content\/uploads\/473c99c9882be7dd5e4f0f12149a9be35f74a0f1.jpg?fit=1140%2C741&ssl=1&resize=1050%2C600 3x"},"classes":[]},{"id":31652,"url":"https:\/\/larevistadigital.com.ar\/blog\/se-incendio-un-micro-de-transporte-escolar-en-batan\/","url_meta":{"origin":31073,"position":4},"title":"SE INCENDI\u00d3 UN MICRO DE TRANSPORTE ESCOLAR EN BATAN","author":"Alejandro Sosa Ruda","date":"19 mayo, 2023","format":false,"excerpt":"La unidad se prendi\u00f3 fuego sobre la ruta 88 en proximidades de la localidad de Bat\u00e1n. No se registraron heridos. 18 de Mayo de 2023 MAR DEL PLATA -\u00a0 Un colectivo utilizado para el transporte escolar se incendi\u00f3 esta tarde en un tramo de la ruta 88 cercano a la\u2026","rel":"","context":"En \u00abPOLICIALES\u00bb","block_context":{"text":"POLICIALES","link":"https:\/\/larevistadigital.com.ar\/blog\/category\/policiales\/"},"img":{"alt_text":"","src":"https:\/\/i0.wp.com\/larevistadigital.com.ar\/blog\/wp-content\/uploads\/colectivo-incendio.png?fit=766%2C449&ssl=1&resize=350%2C200","width":350,"height":200,"srcset":"https:\/\/i0.wp.com\/larevistadigital.com.ar\/blog\/wp-content\/uploads\/colectivo-incendio.png?fit=766%2C449&ssl=1&resize=350%2C200 1x, https:\/\/i0.wp.com\/larevistadigital.com.ar\/blog\/wp-content\/uploads\/colectivo-incendio.png?fit=766%2C449&ssl=1&resize=525%2C300 1.5x, https:\/\/i0.wp.com\/larevistadigital.com.ar\/blog\/wp-content\/uploads\/colectivo-incendio.png?fit=766%2C449&ssl=1&resize=700%2C400 2x"},"classes":[]},{"id":9636,"url":"https:\/\/larevistadigital.com.ar\/blog\/apunalaron-un-joven-en-batan\/","url_meta":{"origin":31073,"position":5},"title":"APU\u00d1ALARON UN JOVEN EN BAT\u00c1N","author":"Alejandro Sosa Ruda","date":"9 abril, 2019","format":false,"excerpt":"Un\u00a0joven de 21 a\u00f1os\u00a0que cumple condena en la\u00a0Unidad Penal 15 de Bat\u00e1n\u00a0fue apu\u00f1alado ayer a la tarde y tuvo que ser trasladado de urgencia al Hospital Interzonal de Agudos, donde permanece internado y fuera de peligro. Fuentes consultadas, informaron que el joven fue herido con un arma blanca en la\u2026","rel":"","context":"En \u00abPOLICIALES\u00bb","block_context":{"text":"POLICIALES","link":"https:\/\/larevistadigital.com.ar\/blog\/category\/policiales\/"},"img":{"alt_text":"","src":"https:\/\/i0.wp.com\/larevistadigital.com.ar\/blog\/wp-content\/uploads\/2019\/04\/Screenshot_3-4.jpg?fit=1010%2C647&ssl=1&resize=350%2C200","width":350,"height":200,"srcset":"https:\/\/i0.wp.com\/larevistadigital.com.ar\/blog\/wp-content\/uploads\/2019\/04\/Screenshot_3-4.jpg?fit=1010%2C647&ssl=1&resize=350%2C200 1x, https:\/\/i0.wp.com\/larevistadigital.com.ar\/blog\/wp-content\/uploads\/2019\/04\/Screenshot_3-4.jpg?fit=1010%2C647&ssl=1&resize=525%2C300 1.5x, https:\/\/i0.wp.com\/larevistadigital.com.ar\/blog\/wp-content\/uploads\/2019\/04\/Screenshot_3-4.jpg?fit=1010%2C647&ssl=1&resize=700%2C400 2x"},"classes":[]}],"_links":{"self":[{"href":"https:\/\/larevistadigital.com.ar\/blog\/wp-json\/wp\/v2\/posts\/31073","targetHints":{"allow":["GET"]}}],"collection":[{"href":"https:\/\/larevistadigital.com.ar\/blog\/wp-json\/wp\/v2\/posts"}],"about":[{"href":"https:\/\/larevistadigital.com.ar\/blog\/wp-json\/wp\/v2\/types\/post"}],"author":[{"embeddable":true,"href":"https:\/\/larevistadigital.com.ar\/blog\/wp-json\/wp\/v2\/users\/3"}],"replies":[{"embeddable":true,"href":"https:\/\/larevistadigital.com.ar\/blog\/wp-json\/wp\/v2\/comments?post=31073"}],"version-history":[{"count":1,"href":"https:\/\/larevistadigital.com.ar\/blog\/wp-json\/wp\/v2\/posts\/31073\/revisions"}],"predecessor-version":[{"id":31075,"href":"https:\/\/larevistadigital.com.ar\/blog\/wp-json\/wp\/v2\/posts\/31073\/revisions\/31075"}],"wp:featuredmedia":[{"embeddable":true,"href":"https:\/\/larevistadigital.com.ar\/blog\/wp-json\/wp\/v2\/media\/31074"}],"wp:attachment":[{"href":"https:\/\/larevistadigital.com.ar\/blog\/wp-json\/wp\/v2\/media?parent=31073"}],"wp:term":[{"taxonomy":"category","embeddable":true,"href":"https:\/\/larevistadigital.com.ar\/blog\/wp-json\/wp\/v2\/categories?post=31073"},{"taxonomy":"post_tag","embeddable":true,"href":"https:\/\/larevistadigital.com.ar\/blog\/wp-json\/wp\/v2\/tags?post=31073"}],"curies":[{"name":"wp","href":"https:\/\/api.w.org\/{rel}","templated":true}]}}