{"id":31076,"date":"2023-04-15T20:22:17","date_gmt":"2023-04-15T20:22:17","guid":{"rendered":"https:\/\/larevistadigital.com.ar\/blog\/?p=31076"},"modified":"2023-04-15T20:22:17","modified_gmt":"2023-04-15T20:22:17","slug":"ruta-2-vuelco-en-el-kilometro-195","status":"publish","type":"post","link":"https:\/\/larevistadigital.com.ar\/blog\/ruta-2-vuelco-en-el-kilometro-195\/","title":{"rendered":"RUTA 2: VUELCO EN EL KIL\u00d3METRO 195"},"content":{"rendered":"<h2>Sucedi\u00f3 ayer, donde una camioneta perdi\u00f3 el control y volc\u00f3.<\/h2>\n<p>15 de abril de 2023<\/p>\n<p><strong>DOLORES &#8211;\u00a0<\/strong> Una camioneta perdi\u00f3 el control y volc\u00f3 durante el d\u00eda de ayer, en la ruta 2 a la altura de la localidad de Dolores.<\/p>\n<blockquote>\n<h3>A\u00fan no se conocen las razones del siniestro, del que afortunadamente no hubo v\u00edctimas fatales.<\/h3>\n<\/blockquote>\n<p>Una joven que viajaba en el veh\u00edculo debi\u00f3 ser trasladada para su atenci\u00f3n m\u00e9dica.<\/p>\n","protected":false},"excerpt":{"rendered":"<div class=\"mh-excerpt\"><p>Sucedi\u00f3 ayer, donde una camioneta perdi\u00f3 el control y volc\u00f3. 15 de abril de 2023 DOLORES &#8211;\u00a0 Una camioneta perdi\u00f3 el control y volc\u00f3 durante el d\u00eda de ayer, en la ruta 2 a la <a class=\"mh-excerpt-more\" href=\"https:\/\/larevistadigital.com.ar\/blog\/ruta-2-vuelco-en-el-kilometro-195\/\" title=\"RUTA 2: VUELCO EN EL KIL\u00d3METRO 195\">[Leer M\u00e1s]<\/a><\/p>\n<\/div>","protected":false},"author":3,"featured_media":31078,"comment_status":"open","ping_status":"open","sticky":false,"template":"","format":"standard","meta":{"_jetpack_memberships_contains_paid_content":false,"footnotes":"","jetpack_publicize_message":"","jetpack_publicize_feature_enabled":true,"jetpack_social_post_already_shared":true,"jetpack_social_options":{"image_generator_settings":{"template":"highway","default_image_id":0,"font":"","enabled":false},"version":2}},"categories":[43,51],"tags":[],"class_list":{"0":"post-31076","1":"post","2":"type-post","3":"status-publish","4":"format-standard","5":"has-post-thumbnail","7":"category-dolores","8":"category-regionales"},"jetpack_publicize_connections":[],"jetpack_featured_media_url":"https:\/\/i0.wp.com\/larevistadigital.com.ar\/blog\/wp-content\/uploads\/ccc.jpg?fit=780%2C840&ssl=1","jetpack_sharing_enabled":true,"jetpack_shortlink":"https:\/\/wp.me\/p8qtrQ-85e","jetpack-related-posts":[{"id":30459,"url":"https:\/\/larevistadigital.com.ar\/blog\/dolores-muere-una-mujer-en-un-accidente-fatal-en-la-ruta-63\/","url_meta":{"origin":31076,"position":0},"title":"DOLORES: MUERE UNA MUJER EN UN ACCIDENTE FATAL  EN LA RUTA 63","author":"Alejandro Sosa Ruda","date":"8 marzo, 2023","format":false,"excerpt":"La joven de 26 a\u00f1os perdi\u00f3 el control del veh\u00edculo, despist\u00f3 y volc\u00f3. 8 de marzo de 2023 DOLORES -\u00a0 Una mujer de 26 a\u00f1os, falleci\u00f3 como consecuencia de un tr\u00e1gico accidente se registr\u00f3 en la Ruta 63 a la altura de Dolores. La joven perdi\u00f3 el control del veh\u00edculo,\u2026","rel":"","context":"En \u00abDOLORES\u00bb","block_context":{"text":"DOLORES","link":"https:\/\/larevistadigital.com.ar\/blog\/category\/dolores\/"},"img":{"alt_text":"","src":"https:\/\/i0.wp.com\/larevistadigital.com.ar\/blog\/wp-content\/uploads\/f63ea82b4e3f22caa1f2022f314c373f8fb7eb32.jpg?fit=1140%2C706&ssl=1&resize=350%2C200","width":350,"height":200,"srcset":"https:\/\/i0.wp.com\/larevistadigital.com.ar\/blog\/wp-content\/uploads\/f63ea82b4e3f22caa1f2022f314c373f8fb7eb32.jpg?fit=1140%2C706&ssl=1&resize=350%2C200 1x, https:\/\/i0.wp.com\/larevistadigital.com.ar\/blog\/wp-content\/uploads\/f63ea82b4e3f22caa1f2022f314c373f8fb7eb32.jpg?fit=1140%2C706&ssl=1&resize=525%2C300 1.5x, https:\/\/i0.wp.com\/larevistadigital.com.ar\/blog\/wp-content\/uploads\/f63ea82b4e3f22caa1f2022f314c373f8fb7eb32.jpg?fit=1140%2C706&ssl=1&resize=700%2C400 2x, https:\/\/i0.wp.com\/larevistadigital.com.ar\/blog\/wp-content\/uploads\/f63ea82b4e3f22caa1f2022f314c373f8fb7eb32.jpg?fit=1140%2C706&ssl=1&resize=1050%2C600 3x"},"classes":[]},{"id":33021,"url":"https:\/\/larevistadigital.com.ar\/blog\/dolores-choco-un-carpincho-en-la-ruta-2-volco-y-casi-muere-ahogado\/","url_meta":{"origin":31076,"position":1},"title":"DOLORES: CHOC\u00d3 UN CARPINCHO EN LA RUTA 2, VOLC\u00d3 Y CASI MUERE AHOGADO","author":"Alejandro Sosa Ruda","date":"26 agosto, 2023","format":false,"excerpt":"\u201cNos salvamos de milagro\u201d, dijo el conductor de la camioneta, que qued\u00f3 con la cabeza bajo del agua, inconsciente, hasta que fue rescatado por sus amigos. 26 de agosto de 2023 DOLORES\u00a0 -\u00a0 Cuatro individuos que se desplazaban a bordo de una camioneta por la Ruta 2 sufrieron un vuelco\u2026","rel":"","context":"En \u00abDOLORES\u00bb","block_context":{"text":"DOLORES","link":"https:\/\/larevistadigital.com.ar\/blog\/category\/dolores\/"},"img":{"alt_text":"","src":"https:\/\/i0.wp.com\/larevistadigital.com.ar\/blog\/wp-content\/uploads\/549fb590741e8f9315714c805563a2dd9390f451.jpg?fit=1140%2C640&ssl=1&resize=350%2C200","width":350,"height":200,"srcset":"https:\/\/i0.wp.com\/larevistadigital.com.ar\/blog\/wp-content\/uploads\/549fb590741e8f9315714c805563a2dd9390f451.jpg?fit=1140%2C640&ssl=1&resize=350%2C200 1x, https:\/\/i0.wp.com\/larevistadigital.com.ar\/blog\/wp-content\/uploads\/549fb590741e8f9315714c805563a2dd9390f451.jpg?fit=1140%2C640&ssl=1&resize=525%2C300 1.5x, https:\/\/i0.wp.com\/larevistadigital.com.ar\/blog\/wp-content\/uploads\/549fb590741e8f9315714c805563a2dd9390f451.jpg?fit=1140%2C640&ssl=1&resize=700%2C400 2x, https:\/\/i0.wp.com\/larevistadigital.com.ar\/blog\/wp-content\/uploads\/549fb590741e8f9315714c805563a2dd9390f451.jpg?fit=1140%2C640&ssl=1&resize=1050%2C600 3x"},"classes":[]},{"id":21351,"url":"https:\/\/larevistadigital.com.ar\/blog\/ruta-11-terrible-vuelco-con-el-saldo-de-un-herido\/","url_meta":{"origin":31076,"position":2},"title":"RUTA 11: TERRIBLE VUELCO CON EL SALDO DE UN HERIDO","author":"Alejandro Sosa Ruda","date":"2 agosto, 2021","format":false,"excerpt":"Fue a la altura de Pinamar, y el conductor milagrosamente solo tuvo heridas leves PINAMAR -\u00a0 Ayer por la\u00a0 tarde se produjo un impactante accidente de tr\u00e1nsito en el kil\u00f3metro 405 de la Ruta 11, a la altura de Pinamar. Hasta el momento, se est\u00e1n investigando las causas por las\u2026","rel":"","context":"En \u00abPOLICIALES\u00bb","block_context":{"text":"POLICIALES","link":"https:\/\/larevistadigital.com.ar\/blog\/category\/policiales\/"},"img":{"alt_text":"","src":"https:\/\/i0.wp.com\/larevistadigital.com.ar\/blog\/wp-content\/uploads\/2f08a1abe3b293177dafc3abcfbdc37f569465f8.jpg?fit=1140%2C641&ssl=1&resize=350%2C200","width":350,"height":200,"srcset":"https:\/\/i0.wp.com\/larevistadigital.com.ar\/blog\/wp-content\/uploads\/2f08a1abe3b293177dafc3abcfbdc37f569465f8.jpg?fit=1140%2C641&ssl=1&resize=350%2C200 1x, https:\/\/i0.wp.com\/larevistadigital.com.ar\/blog\/wp-content\/uploads\/2f08a1abe3b293177dafc3abcfbdc37f569465f8.jpg?fit=1140%2C641&ssl=1&resize=525%2C300 1.5x, https:\/\/i0.wp.com\/larevistadigital.com.ar\/blog\/wp-content\/uploads\/2f08a1abe3b293177dafc3abcfbdc37f569465f8.jpg?fit=1140%2C641&ssl=1&resize=700%2C400 2x, https:\/\/i0.wp.com\/larevistadigital.com.ar\/blog\/wp-content\/uploads\/2f08a1abe3b293177dafc3abcfbdc37f569465f8.jpg?fit=1140%2C641&ssl=1&resize=1050%2C600 3x"},"classes":[]},{"id":19309,"url":"https:\/\/larevistadigital.com.ar\/blog\/dolores-dos-vuelcos-complicaron-el-transito-en-las-rutas-2-y-63\/","url_meta":{"origin":31076,"position":3},"title":"DOLORES: DOS VUELCOS COMPLICARON EL TR\u00c1NSITO EN LAS RUTAS 2 Y 63","author":"Alejandro Sosa Ruda","date":"18 marzo, 2021","format":false,"excerpt":"En uno de los accidentes un cami\u00f3n termin\u00f3 atravesado sobre la calzada y perdi\u00f3 su carga de aceite. DOLORES - Un impresionante vuelco tuvo lugar en la ruta 2, a la altura del kil\u00f3metro 200 cuando, por causas que se tratan de establecer, un camionero perdi\u00f3 el control de su\u2026","rel":"","context":"En \u00abINTERES GENERAL\u00bb","block_context":{"text":"INTERES GENERAL","link":"https:\/\/larevistadigital.com.ar\/blog\/category\/interes-general\/"},"img":{"alt_text":"","src":"https:\/\/i0.wp.com\/larevistadigital.com.ar\/blog\/wp-content\/uploads\/dd3cb59f2a150c342889415ecfab1dd5dfd4b14b.jpg?fit=1140%2C702&ssl=1&resize=350%2C200","width":350,"height":200,"srcset":"https:\/\/i0.wp.com\/larevistadigital.com.ar\/blog\/wp-content\/uploads\/dd3cb59f2a150c342889415ecfab1dd5dfd4b14b.jpg?fit=1140%2C702&ssl=1&resize=350%2C200 1x, https:\/\/i0.wp.com\/larevistadigital.com.ar\/blog\/wp-content\/uploads\/dd3cb59f2a150c342889415ecfab1dd5dfd4b14b.jpg?fit=1140%2C702&ssl=1&resize=525%2C300 1.5x, https:\/\/i0.wp.com\/larevistadigital.com.ar\/blog\/wp-content\/uploads\/dd3cb59f2a150c342889415ecfab1dd5dfd4b14b.jpg?fit=1140%2C702&ssl=1&resize=700%2C400 2x, https:\/\/i0.wp.com\/larevistadigital.com.ar\/blog\/wp-content\/uploads\/dd3cb59f2a150c342889415ecfab1dd5dfd4b14b.jpg?fit=1140%2C702&ssl=1&resize=1050%2C600 3x"},"classes":[]},{"id":39094,"url":"https:\/\/larevistadigital.com.ar\/blog\/peligro-en-la-ruta-2-una-mujer-volco-con-su-auto-bajo-una-intensa-lluvia\/","url_meta":{"origin":31076,"position":4},"title":"Peligro en la Ruta 2: una mujer volc\u00f3 con su auto bajo una intensa lluvia","author":"Alejandro Sosa Ruda","date":"24 marzo, 2025","format":false,"excerpt":"El accidente ocurri\u00f3 a la altura de Dolores. La conductora, oriunda de Mar del Plata, fue trasladada para recibir atenci\u00f3n m\u00e9dica. 24 de Marzo de 2025 DOLORES -\u00a0 Un violento accidente de tr\u00e1nsito tuvo lugar este lunes en la Ruta 2, a la altura del kil\u00f3metro 213, en jurisdicci\u00f3n de\u2026","rel":"","context":"En \u00abDOLORES\u00bb","block_context":{"text":"DOLORES","link":"https:\/\/larevistadigital.com.ar\/blog\/category\/dolores\/"},"img":{"alt_text":"","src":"https:\/\/i0.wp.com\/larevistadigital.com.ar\/blog\/wp-content\/uploads\/7c9586409e4b052f03bbdd86c6dc20aacb1f6426.jpg?fit=1140%2C858&ssl=1&resize=350%2C200","width":350,"height":200,"srcset":"https:\/\/i0.wp.com\/larevistadigital.com.ar\/blog\/wp-content\/uploads\/7c9586409e4b052f03bbdd86c6dc20aacb1f6426.jpg?fit=1140%2C858&ssl=1&resize=350%2C200 1x, https:\/\/i0.wp.com\/larevistadigital.com.ar\/blog\/wp-content\/uploads\/7c9586409e4b052f03bbdd86c6dc20aacb1f6426.jpg?fit=1140%2C858&ssl=1&resize=525%2C300 1.5x, https:\/\/i0.wp.com\/larevistadigital.com.ar\/blog\/wp-content\/uploads\/7c9586409e4b052f03bbdd86c6dc20aacb1f6426.jpg?fit=1140%2C858&ssl=1&resize=700%2C400 2x, https:\/\/i0.wp.com\/larevistadigital.com.ar\/blog\/wp-content\/uploads\/7c9586409e4b052f03bbdd86c6dc20aacb1f6426.jpg?fit=1140%2C858&ssl=1&resize=1050%2C600 3x"},"classes":[]},{"id":15680,"url":"https:\/\/larevistadigital.com.ar\/blog\/vuelco-en-la-ruta-11-un-dolorense-fallecido\/","url_meta":{"origin":31076,"position":5},"title":"VUELCO EN LA RUTA 11, UN DOLORENSE FALLECIDO","author":"Alejandro Sosa Ruda","date":"17 junio, 2020","format":false,"excerpt":"En la noche del domingo se produjo un tr\u00e1gico accidente en la Ruta 11 a la altura de la calle 58 del Mar del Tuy\u00fa, Partido de La Costa. Producto del accidente falleci\u00f3 de manera inmediata un hombre de 32 a\u00f1os y su primo debi\u00f3 ser trasladado al Hospital de\u2026","rel":"","context":"En \u00abDOLORES\u00bb","block_context":{"text":"DOLORES","link":"https:\/\/larevistadigital.com.ar\/blog\/category\/dolores\/"},"img":{"alt_text":"","src":"https:\/\/i0.wp.com\/larevistadigital.com.ar\/blog\/wp-content\/uploads\/Dolorense.jpg?fit=627%2C307&ssl=1&resize=350%2C200","width":350,"height":200,"srcset":"https:\/\/i0.wp.com\/larevistadigital.com.ar\/blog\/wp-content\/uploads\/Dolorense.jpg?fit=627%2C307&ssl=1&resize=350%2C200 1x, https:\/\/i0.wp.com\/larevistadigital.com.ar\/blog\/wp-content\/uploads\/Dolorense.jpg?fit=627%2C307&ssl=1&resize=525%2C300 1.5x"},"classes":[]}],"_links":{"self":[{"href":"https:\/\/larevistadigital.com.ar\/blog\/wp-json\/wp\/v2\/posts\/31076","targetHints":{"allow":["GET"]}}],"collection":[{"href":"https:\/\/larevistadigital.com.ar\/blog\/wp-json\/wp\/v2\/posts"}],"about":[{"href":"https:\/\/larevistadigital.com.ar\/blog\/wp-json\/wp\/v2\/types\/post"}],"author":[{"embeddable":true,"href":"https:\/\/larevistadigital.com.ar\/blog\/wp-json\/wp\/v2\/users\/3"}],"replies":[{"embeddable":true,"href":"https:\/\/larevistadigital.com.ar\/blog\/wp-json\/wp\/v2\/comments?post=31076"}],"version-history":[{"count":1,"href":"https:\/\/larevistadigital.com.ar\/blog\/wp-json\/wp\/v2\/posts\/31076\/revisions"}],"predecessor-version":[{"id":31079,"href":"https:\/\/larevistadigital.com.ar\/blog\/wp-json\/wp\/v2\/posts\/31076\/revisions\/31079"}],"wp:featuredmedia":[{"embeddable":true,"href":"https:\/\/larevistadigital.com.ar\/blog\/wp-json\/wp\/v2\/media\/31078"}],"wp:attachment":[{"href":"https:\/\/larevistadigital.com.ar\/blog\/wp-json\/wp\/v2\/media?parent=31076"}],"wp:term":[{"taxonomy":"category","embeddable":true,"href":"https:\/\/larevistadigital.com.ar\/blog\/wp-json\/wp\/v2\/categories?post=31076"},{"taxonomy":"post_tag","embeddable":true,"href":"https:\/\/larevistadigital.com.ar\/blog\/wp-json\/wp\/v2\/tags?post=31076"}],"curies":[{"name":"wp","href":"https:\/\/api.w.org\/{rel}","templated":true}]}}