{"id":31089,"date":"2023-04-17T23:32:58","date_gmt":"2023-04-17T23:32:58","guid":{"rendered":"https:\/\/larevistadigital.com.ar\/blog\/?p=31089"},"modified":"2023-04-17T23:33:51","modified_gmt":"2023-04-17T23:33:51","slug":"video-una-impactante-tromba-marina-fue-filmada-en-necochea","status":"publish","type":"post","link":"https:\/\/larevistadigital.com.ar\/blog\/video-una-impactante-tromba-marina-fue-filmada-en-necochea\/","title":{"rendered":"[VIDEO] UNA IMPACTANTE TROMBA MARINA FUE FILMADA EN NECOCHEA"},"content":{"rendered":"<h2>Las imagenes son impactantes y se viralizaron en redes. Ac\u00e1 el video.<\/h2>\n<p>17 de Abril de 2023<\/p>\n<p><strong>NECOCHEA &#8211;\u00a0<\/strong> El pasado lunes, los residentes de Necochea se sorprendieron con la aparici\u00f3n de una impresionante tromba marina en las costas de la ciudad. El fen\u00f3meno se manifest\u00f3 con mayor intensidad en el sector sur, donde una enorme tromba gener\u00f3 temor entre los vecinos de Punta Negra, seg\u00fan inform\u00f3 el Diario Necochea.<\/p>\n<blockquote>\n<h3>La tromba marina, que es un fen\u00f3meno meteorol\u00f3gico similar a un tornado pero que se produce sobre el agua, se form\u00f3 repentinamente y pudo ser observada en todo su esplendor alrededor de las 14.00. El suceso gener\u00f3 una gran cantidad de fotos y videos en redes sociales.<\/h3>\n<\/blockquote>\n<p>La tromba se desplaz\u00f3 por el mar, tocando tierra en distintos puntos de la costa de Necochea, acompa\u00f1ada de una tormenta con fuertes lluvias y granizo. A pesar de la sorpresa y el temor que caus\u00f3 este fen\u00f3meno meteorol\u00f3gico, no se reportaron heridos ni da\u00f1os materiales significativos.<\/p>\n<p><span class=\"embed-youtube\" style=\"text-align:center; display: block;\"><iframe loading=\"lazy\" class=\"youtube-player\" width=\"640\" height=\"360\" src=\"https:\/\/www.youtube.com\/embed\/ib8BpHvzIrI?version=3&#038;rel=1&#038;showsearch=0&#038;showinfo=1&#038;iv_load_policy=1&#038;fs=1&#038;hl=es-ES&#038;autohide=2&#038;wmode=transparent\" allowfullscreen=\"true\" style=\"border:0;\" sandbox=\"allow-scripts allow-same-origin allow-popups allow-presentation allow-popups-to-escape-sandbox\"><\/iframe><\/span><\/p>\n<p>Defensa Civil y los servicios de emergencia de Necochea se movilizaron r\u00e1pidamente para evaluar la situaci\u00f3n y atender cualquier posible emergencia. Afortunadamente, no hubo necesidad de realizar evacuaciones, pero se inst\u00f3 a la poblaci\u00f3n a mantenerse resguardada y alerta ante posibles cambios en las condiciones meteorol\u00f3gicas.<\/p>\n","protected":false},"excerpt":{"rendered":"<div class=\"mh-excerpt\"><p>Las imagenes son impactantes y se viralizaron en redes. Ac\u00e1 el video. 17 de Abril de 2023 NECOCHEA &#8211;\u00a0 El pasado lunes, los residentes de Necochea se sorprendieron con la aparici\u00f3n de una impresionante tromba <a class=\"mh-excerpt-more\" href=\"https:\/\/larevistadigital.com.ar\/blog\/video-una-impactante-tromba-marina-fue-filmada-en-necochea\/\" title=\"[VIDEO] UNA IMPACTANTE TROMBA MARINA FUE FILMADA EN NECOCHEA\">[Leer M\u00e1s]<\/a><\/p>\n<\/div>","protected":false},"author":3,"featured_media":31090,"comment_status":"open","ping_status":"open","sticky":false,"template":"","format":"standard","meta":{"_jetpack_memberships_contains_paid_content":false,"footnotes":"","jetpack_publicize_message":"","jetpack_publicize_feature_enabled":true,"jetpack_social_post_already_shared":true,"jetpack_social_options":{"image_generator_settings":{"template":"highway","default_image_id":0,"font":"","enabled":false},"version":2}},"categories":[51],"tags":[],"class_list":{"0":"post-31089","1":"post","2":"type-post","3":"status-publish","4":"format-standard","5":"has-post-thumbnail","7":"category-regionales"},"jetpack_publicize_connections":[],"jetpack_featured_media_url":"https:\/\/i0.wp.com\/larevistadigital.com.ar\/blog\/wp-content\/uploads\/c25ba556022ab05e26f11a92cd05b36d9ea6db0a.jpg?fit=1140%2C764&ssl=1","jetpack_sharing_enabled":true,"jetpack_shortlink":"https:\/\/wp.me\/p8qtrQ-85r","jetpack-related-posts":[{"id":19286,"url":"https:\/\/larevistadigital.com.ar\/blog\/necochea-rafagas-de-hasta-74-km-por-hora\/","url_meta":{"origin":31089,"position":0},"title":"NECOCHEA: R\u00c1FAGAS DE HASTA 74 KM POR HORA","author":"Alejandro Sosa Ruda","date":"17 marzo, 2021","format":false,"excerpt":"Durante la madrugada de este mi\u00e9rcoles el viento gener\u00f3 la ca\u00edda de algunos postes y ramas de \u00e1rboles quebradas, seg\u00fan se inform\u00f3 desde el \u00e1rea de Defensa Civil local\u00a0a cargo de Augusto Fulton. El fuerte viento del sector sudeste impacta en toda la costa atl\u00e1ntica bonaerense desde la madrugada de\u2026","rel":"","context":"En \u00abREGIONALES\u00bb","block_context":{"text":"REGIONALES","link":"https:\/\/larevistadigital.com.ar\/blog\/category\/regionales\/"},"img":{"alt_text":"","src":"https:\/\/i0.wp.com\/larevistadigital.com.ar\/blog\/wp-content\/uploads\/Captura-de-pantalla-2021-03-17-130617.png?fit=997%2C557&ssl=1&resize=350%2C200","width":350,"height":200,"srcset":"https:\/\/i0.wp.com\/larevistadigital.com.ar\/blog\/wp-content\/uploads\/Captura-de-pantalla-2021-03-17-130617.png?fit=997%2C557&ssl=1&resize=350%2C200 1x, https:\/\/i0.wp.com\/larevistadigital.com.ar\/blog\/wp-content\/uploads\/Captura-de-pantalla-2021-03-17-130617.png?fit=997%2C557&ssl=1&resize=525%2C300 1.5x, https:\/\/i0.wp.com\/larevistadigital.com.ar\/blog\/wp-content\/uploads\/Captura-de-pantalla-2021-03-17-130617.png?fit=997%2C557&ssl=1&resize=700%2C400 2x"},"classes":[]},{"id":35493,"url":"https:\/\/larevistadigital.com.ar\/blog\/video-necochea-capturan-un-puma-suelto-en-las-calles-de-la-ciudad\/","url_meta":{"origin":31089,"position":1},"title":"[VIDEO] NECOCHEA: CAPTURAN UN PUMA SUELTO EN LAS CALLES DE LA CIUDAD","author":"Alejandro Sosa Ruda","date":"10 marzo, 2024","format":false,"excerpt":"Fue durante la madrugada de este domingo. El felino de gran porte fue encerrado en el patio de una vivienda y posteriormente fue capturado por especialistas que llegaron desde Tandil, para poder transportarlo. 10 de marzo de 2024 NECOCHEA -\u00a0 Un puma suelto por las calles de Necochea fue divisado\u2026","rel":"","context":"En \u00abREGIONALES\u00bb","block_context":{"text":"REGIONALES","link":"https:\/\/larevistadigital.com.ar\/blog\/category\/regionales\/"},"img":{"alt_text":"","src":"https:\/\/i0.wp.com\/larevistadigital.com.ar\/blog\/wp-content\/uploads\/PUMA-1.png?fit=790%2C481&ssl=1&resize=350%2C200","width":350,"height":200,"srcset":"https:\/\/i0.wp.com\/larevistadigital.com.ar\/blog\/wp-content\/uploads\/PUMA-1.png?fit=790%2C481&ssl=1&resize=350%2C200 1x, https:\/\/i0.wp.com\/larevistadigital.com.ar\/blog\/wp-content\/uploads\/PUMA-1.png?fit=790%2C481&ssl=1&resize=525%2C300 1.5x, https:\/\/i0.wp.com\/larevistadigital.com.ar\/blog\/wp-content\/uploads\/PUMA-1.png?fit=790%2C481&ssl=1&resize=700%2C400 2x"},"classes":[]},{"id":22660,"url":"https:\/\/larevistadigital.com.ar\/blog\/necochea-el-oficialismo-pudo-dar-vuelta-la-eleccion\/","url_meta":{"origin":31089,"position":2},"title":"NECOCHEA: EL OFICIALISMO PUDO DAR VUELTA LA ELECCI\u00d3N","author":"Alejandro Sosa Ruda","date":"15 noviembre, 2021","format":false,"excerpt":"Nueva Necochea, cuya lista hab\u00eda terminado tercera en las PASO, aprovech\u00f3 la ca\u00edda en el caudal de votos de Juntos y se qued\u00f3 con el triunfo en Necochea. La lista que responde al intendente\u00a0Arturo Rojas\u00a0y que es encabezada por\u00a0Ruth Kalle\u00a0alcanz\u00f3 un 29,81% de los votos, dejando atr\u00e1s a Juntos (25,18%)\u2026","rel":"","context":"En \u00abPOLITICA\u00bb","block_context":{"text":"POLITICA","link":"https:\/\/larevistadigital.com.ar\/blog\/category\/politica\/"},"img":{"alt_text":"","src":"https:\/\/i0.wp.com\/larevistadigital.com.ar\/blog\/wp-content\/uploads\/ruth-kalle-necochea.jpg?fit=800%2C531&ssl=1&resize=350%2C200","width":350,"height":200,"srcset":"https:\/\/i0.wp.com\/larevistadigital.com.ar\/blog\/wp-content\/uploads\/ruth-kalle-necochea.jpg?fit=800%2C531&ssl=1&resize=350%2C200 1x, https:\/\/i0.wp.com\/larevistadigital.com.ar\/blog\/wp-content\/uploads\/ruth-kalle-necochea.jpg?fit=800%2C531&ssl=1&resize=525%2C300 1.5x, https:\/\/i0.wp.com\/larevistadigital.com.ar\/blog\/wp-content\/uploads\/ruth-kalle-necochea.jpg?fit=800%2C531&ssl=1&resize=700%2C400 2x"},"classes":[]},{"id":38715,"url":"https:\/\/larevistadigital.com.ar\/blog\/necochea-finalmente-encontraron-sin-vida-al-joven-que-habia-desaparecido-en-el-mar\/","url_meta":{"origin":31089,"position":3},"title":"Necochea: Finalmente encontraron sin vida al joven que hab\u00eda desaparecido en el mar","author":"Alejandro Sosa Ruda","date":"16 febrero, 2025","format":false,"excerpt":"Se desarroll\u00f3 un gran operativo de b\u00fasqueda, y lamentablemente sucedi\u00f3 lo que se supon\u00eda. Estuvo 34 horas desaparecido. 16 de Febrero de 2025 NECOCHEA -\u00a0 \u00a0Luego de una intens\u00edsima b\u00fasqueda que dur\u00f3 34 horas, el joven de 22 a\u00f1os que hab\u00eda desaparecido, fue encontrado fue encontrado sin vida este domingo\u2026","rel":"","context":"En \u00abDESTACADAS\u00bb","block_context":{"text":"DESTACADAS","link":"https:\/\/larevistadigital.com.ar\/blog\/category\/destacadas\/"},"img":{"alt_text":"","src":"https:\/\/i0.wp.com\/larevistadigital.com.ar\/blog\/wp-content\/uploads\/0e020cd79a37fd474d1c860c4acf6b25a22c2fac.jpeg?fit=1140%2C759&ssl=1&resize=350%2C200","width":350,"height":200,"srcset":"https:\/\/i0.wp.com\/larevistadigital.com.ar\/blog\/wp-content\/uploads\/0e020cd79a37fd474d1c860c4acf6b25a22c2fac.jpeg?fit=1140%2C759&ssl=1&resize=350%2C200 1x, https:\/\/i0.wp.com\/larevistadigital.com.ar\/blog\/wp-content\/uploads\/0e020cd79a37fd474d1c860c4acf6b25a22c2fac.jpeg?fit=1140%2C759&ssl=1&resize=525%2C300 1.5x, https:\/\/i0.wp.com\/larevistadigital.com.ar\/blog\/wp-content\/uploads\/0e020cd79a37fd474d1c860c4acf6b25a22c2fac.jpeg?fit=1140%2C759&ssl=1&resize=700%2C400 2x, https:\/\/i0.wp.com\/larevistadigital.com.ar\/blog\/wp-content\/uploads\/0e020cd79a37fd474d1c860c4acf6b25a22c2fac.jpeg?fit=1140%2C759&ssl=1&resize=1050%2C600 3x"},"classes":[]},{"id":18645,"url":"https:\/\/larevistadigital.com.ar\/blog\/desbaratan-encuentros-clandestinos-en-necochea\/","url_meta":{"origin":31089,"position":4},"title":"DESBARATAN ENCUENTROS CLANDESTINOS EN NECOCHEA","author":"Alejandro Sosa Ruda","date":"15 enero, 2021","format":false,"excerpt":"Personal municipal y policial debi\u00f3 intervenir en\u00a0tres encuentros clandestinos, dos en domicilios y el\u00a0restante en una cancha de p\u00e1del, donde las personas reunidas se hallaban escuchando m\u00fasica a alto volumen. NECOCHEA - Personal de Control Urbano de la municipalidad de Necochea, junto a miembros de fuerzas policiales, desbarataron este viernes\u2026","rel":"","context":"En \u00abPOLICIALES\u00bb","block_context":{"text":"POLICIALES","link":"https:\/\/larevistadigital.com.ar\/blog\/category\/policiales\/"},"img":{"alt_text":"","src":"https:\/\/i0.wp.com\/larevistadigital.com.ar\/blog\/wp-content\/uploads\/Screenshot_2-128.jpg?fit=1004%2C564&ssl=1&resize=350%2C200","width":350,"height":200,"srcset":"https:\/\/i0.wp.com\/larevistadigital.com.ar\/blog\/wp-content\/uploads\/Screenshot_2-128.jpg?fit=1004%2C564&ssl=1&resize=350%2C200 1x, https:\/\/i0.wp.com\/larevistadigital.com.ar\/blog\/wp-content\/uploads\/Screenshot_2-128.jpg?fit=1004%2C564&ssl=1&resize=525%2C300 1.5x, https:\/\/i0.wp.com\/larevistadigital.com.ar\/blog\/wp-content\/uploads\/Screenshot_2-128.jpg?fit=1004%2C564&ssl=1&resize=700%2C400 2x"},"classes":[]},{"id":33097,"url":"https:\/\/larevistadigital.com.ar\/blog\/necochea-macabro-hallazgo-cortaba-el-cesped-en-la-vereda-y-se-encontro-con-un-craneo-humano\/","url_meta":{"origin":31089,"position":5},"title":"NECOCHEA: MACABRO HALLAZGO&#8230; CORTABA EL CESPED EN LA VEREDA Y SE ENCONTR\u00d3 CON UN CR\u00c1NEO HUMANO","author":"Alejandro Sosa Ruda","date":"28 agosto, 2023","format":false,"excerpt":"Un vecino, mientras se dispon\u00eda a cortar el c\u00e9sped de la vereda, se encontr\u00f3 con un cr\u00e1neo humano entre lonas y otros deshechos. De inmediato llam\u00f3 al servicio de emergencias 911 y la polic\u00eda acudi\u00f3 al lugar. NECOCHEA -\u00a0 El hombre, sorprendido por el hallazgo, alert\u00f3 de inmediato al servicio\u2026","rel":"","context":"En \u00abPOLICIALES\u00bb","block_context":{"text":"POLICIALES","link":"https:\/\/larevistadigital.com.ar\/blog\/category\/policiales\/"},"img":{"alt_text":"","src":"https:\/\/i0.wp.com\/larevistadigital.com.ar\/blog\/wp-content\/uploads\/20230827164349_craneo-neochea.jpg?fit=880%2C512&ssl=1&resize=350%2C200","width":350,"height":200,"srcset":"https:\/\/i0.wp.com\/larevistadigital.com.ar\/blog\/wp-content\/uploads\/20230827164349_craneo-neochea.jpg?fit=880%2C512&ssl=1&resize=350%2C200 1x, https:\/\/i0.wp.com\/larevistadigital.com.ar\/blog\/wp-content\/uploads\/20230827164349_craneo-neochea.jpg?fit=880%2C512&ssl=1&resize=525%2C300 1.5x, https:\/\/i0.wp.com\/larevistadigital.com.ar\/blog\/wp-content\/uploads\/20230827164349_craneo-neochea.jpg?fit=880%2C512&ssl=1&resize=700%2C400 2x"},"classes":[]}],"_links":{"self":[{"href":"https:\/\/larevistadigital.com.ar\/blog\/wp-json\/wp\/v2\/posts\/31089","targetHints":{"allow":["GET"]}}],"collection":[{"href":"https:\/\/larevistadigital.com.ar\/blog\/wp-json\/wp\/v2\/posts"}],"about":[{"href":"https:\/\/larevistadigital.com.ar\/blog\/wp-json\/wp\/v2\/types\/post"}],"author":[{"embeddable":true,"href":"https:\/\/larevistadigital.com.ar\/blog\/wp-json\/wp\/v2\/users\/3"}],"replies":[{"embeddable":true,"href":"https:\/\/larevistadigital.com.ar\/blog\/wp-json\/wp\/v2\/comments?post=31089"}],"version-history":[{"count":1,"href":"https:\/\/larevistadigital.com.ar\/blog\/wp-json\/wp\/v2\/posts\/31089\/revisions"}],"predecessor-version":[{"id":31091,"href":"https:\/\/larevistadigital.com.ar\/blog\/wp-json\/wp\/v2\/posts\/31089\/revisions\/31091"}],"wp:featuredmedia":[{"embeddable":true,"href":"https:\/\/larevistadigital.com.ar\/blog\/wp-json\/wp\/v2\/media\/31090"}],"wp:attachment":[{"href":"https:\/\/larevistadigital.com.ar\/blog\/wp-json\/wp\/v2\/media?parent=31089"}],"wp:term":[{"taxonomy":"category","embeddable":true,"href":"https:\/\/larevistadigital.com.ar\/blog\/wp-json\/wp\/v2\/categories?post=31089"},{"taxonomy":"post_tag","embeddable":true,"href":"https:\/\/larevistadigital.com.ar\/blog\/wp-json\/wp\/v2\/tags?post=31089"}],"curies":[{"name":"wp","href":"https:\/\/api.w.org\/{rel}","templated":true}]}}