{"id":31092,"date":"2023-04-18T00:47:27","date_gmt":"2023-04-18T00:47:27","guid":{"rendered":"https:\/\/larevistadigital.com.ar\/blog\/?p=31092"},"modified":"2023-04-18T00:47:27","modified_gmt":"2023-04-18T00:47:27","slug":"confirmado-el-mundial-de-futbol-sub-20-se-jugara-en-la-argentina","status":"publish","type":"post","link":"https:\/\/larevistadigital.com.ar\/blog\/confirmado-el-mundial-de-futbol-sub-20-se-jugara-en-la-argentina\/","title":{"rendered":"CONFIRMADO: EL MUNDIAL DE F\u00daTBOL SUB-20 SE JUGAR\u00c1 EN LA ARGENTINA"},"content":{"rendered":"<h2 class=\"intro\">Mediante un comunicado, la FIFA oficializ\u00f3 lo que se sab\u00eda desde hace algunos d\u00edas. No s\u00f3lo es la sede, sino que se logra la clasificaci\u00f3n autom\u00e1tica de la Selecci\u00f3n.<\/h2>\n<p>17 de abril de 2023<\/p>\n<p>El presidente de la la FIFA, <strong>Gianni Infantino<\/strong>, confirm\u00f3 a la Argentina como pa\u00eds anfitri\u00f3n de la Copa Mundial Sub 20 que se realizar\u00e1 entre el 20 de mayo y el 11 de junio pr\u00f3ximos, mientras el sorteo correspondiente se realizar\u00e1 el viernes en Zurich.<\/p>\n<p>De inmediato, el Presidente <strong>Alberto Fern\u00e1ndez<\/strong> afirm\u00f3 en su cuenta de Twitter que <em><strong>\u00abes una gran alegr\u00eda saber que la Argentina ser\u00e1 anfitriona del Mundial Sub-20 este a\u00f1o\u00bb. \u00abTendremos el honor de recibir a las Selecciones en nuestro pa\u00eds y de poder compartir nuestra cultura y pasi\u00f3n por el f\u00fatbol con hinchas de todo el mundo. \u00a1Vamos Argentina!\u00bb<\/strong><\/em>, expres\u00f3 el mandatario.<\/p>\n<p><em><strong>\u201cLa FIFA tiene el placer de anunciar que la edici\u00f3n de este a\u00f1o de la Copa Mundial Sub-20 tendr\u00e1 lugar en Argentina, por lo que el pa\u00eds de los actuales campeones del mundo abrir\u00e1 sus puertas a las grandes estrellas del f\u00fatbol mundial del ma\u00f1ana\u201d<\/strong><\/em>, se\u00f1al\u00f3 Infantino en el comunicado oficial de la entidad. <em><strong>\u201cDeseo dar las gracias a la AFA y en particular a su presidente, Claudio Tapia, as\u00ed como a las autoridades gubernamentales, por su compromiso para albergar este gran certamen con tan poca antelaci\u00f3n\u201d<\/strong><\/em>, agreg\u00f3 <strong>Infantino.<\/strong><\/p>\n<p>La decisi\u00f3n se produce despu\u00e9s de que la FIFA decidiese retirar al anfitri\u00f3n original, Indonesia, el derecho a organizar el certamen, frente a la negativa del pa\u00eds asi\u00e1tico a recibir a la delegaci\u00f3n de Israel. Tras conocerse ese episodio, Argentina present\u00f3 su candidatura a trav\u00e9s de la AFA.<\/p>\n<div class=\"publiamp\" data-tipo=\"tipo_desktop \" data-pos=\"AMP_P1_cuerpo\"><\/div>\n","protected":false},"excerpt":{"rendered":"<div class=\"mh-excerpt\"><p>Mediante un comunicado, la FIFA oficializ\u00f3 lo que se sab\u00eda desde hace algunos d\u00edas. No s\u00f3lo es la sede, sino que se logra la clasificaci\u00f3n autom\u00e1tica de la Selecci\u00f3n. 17 de abril de 2023 El <a class=\"mh-excerpt-more\" href=\"https:\/\/larevistadigital.com.ar\/blog\/confirmado-el-mundial-de-futbol-sub-20-se-jugara-en-la-argentina\/\" title=\"CONFIRMADO: EL MUNDIAL DE F\u00daTBOL SUB-20 SE JUGAR\u00c1 EN LA ARGENTINA\">[Leer M\u00e1s]<\/a><\/p>\n<\/div>","protected":false},"author":3,"featured_media":31093,"comment_status":"open","ping_status":"open","sticky":false,"template":"","format":"standard","meta":{"_jetpack_memberships_contains_paid_content":false,"footnotes":"","jetpack_publicize_message":"","jetpack_publicize_feature_enabled":true,"jetpack_social_post_already_shared":true,"jetpack_social_options":{"image_generator_settings":{"template":"highway","default_image_id":0,"font":"","enabled":false},"version":2}},"categories":[8,50],"tags":[],"class_list":{"0":"post-31092","1":"post","2":"type-post","3":"status-publish","4":"format-standard","5":"has-post-thumbnail","7":"category-deportes","8":"category-interes-general"},"jetpack_publicize_connections":[],"jetpack_featured_media_url":"https:\/\/i0.wp.com\/larevistadigital.com.ar\/blog\/wp-content\/uploads\/Captura-de-pantalla-2023-04-17-205245.png?fit=816%2C446&ssl=1","jetpack_sharing_enabled":true,"jetpack_shortlink":"https:\/\/wp.me\/p8qtrQ-85u","jetpack-related-posts":[{"id":30781,"url":"https:\/\/larevistadigital.com.ar\/blog\/la-fifa-le-saco-la-sede-del-mundial-sub-20-a-indonesia-y-argentina-tiene-chances-de-organizarlo\/","url_meta":{"origin":31092,"position":0},"title":"LA FIFA LE SAC\u00d3 LA SEDE DEL MUNDIAL SUB 20 A INDONESIA Y ARGENTINA TIENE CHANCES DE ORGANIZARLO","author":"Alejandro Sosa Ruda","date":"29 marzo, 2023","format":false,"excerpt":"\u00abLa FIFA ha decidido retirar a Indonesia como pa\u00eds anfitri\u00f3n de la Copa Mundial Sub-20 de la FIFA 2023\u2122 debido a las circunstancias actuales\u00bb,\u00a0inform\u00f3 la entidad madre del f\u00fatbol en un comunicado. 29 DE MARZO DE 2023 El pr\u00f3ximo viernes deb\u00eda realizarse el sorteo,\u00a0pero finalmente la FIFA lo pospuso luego\u2026","rel":"","context":"En \u00abDEPORTES\u00bb","block_context":{"text":"DEPORTES","link":"https:\/\/larevistadigital.com.ar\/blog\/category\/deportes\/"},"img":{"alt_text":"","src":"https:\/\/i0.wp.com\/larevistadigital.com.ar\/blog\/wp-content\/uploads\/Captura-de-pantalla-2023-03-29-143836.png?fit=739%2C417&ssl=1&resize=350%2C200","width":350,"height":200,"srcset":"https:\/\/i0.wp.com\/larevistadigital.com.ar\/blog\/wp-content\/uploads\/Captura-de-pantalla-2023-03-29-143836.png?fit=739%2C417&ssl=1&resize=350%2C200 1x, https:\/\/i0.wp.com\/larevistadigital.com.ar\/blog\/wp-content\/uploads\/Captura-de-pantalla-2023-03-29-143836.png?fit=739%2C417&ssl=1&resize=525%2C300 1.5x, https:\/\/i0.wp.com\/larevistadigital.com.ar\/blog\/wp-content\/uploads\/Captura-de-pantalla-2023-03-29-143836.png?fit=739%2C417&ssl=1&resize=700%2C400 2x"},"classes":[]},{"id":34311,"url":"https:\/\/larevistadigital.com.ar\/blog\/el-presidente-de-la-fifa-lo-confirmo-arabia-saudita-organizara-el-mundial-2034\/","url_meta":{"origin":31092,"position":1},"title":"EL PRESIDENTE DE LA FIFA LO CONFIRM\u00d3: ARABIA SAUDITA ORGANIZAR\u00c1 EL MUNDIAL 2034","author":"Alejandro Sosa Ruda","date":"31 octubre, 2023","format":false,"excerpt":"Gianni Infantino oficializ\u00f3 la elecci\u00f3n del pa\u00eds asi\u00e1tico despu\u00e9s de que haya sido el \u00fanico candidato para quedarse con esa edici\u00f3n. 31 de Octubre de 2023 El presidente de la\u00a0FIFA,\u00a0Gianni Infantino, confirm\u00f3 que\u00a0Arabia Saudita ser\u00e1 el organizador del Mundial 2034. El pa\u00eds \u00e1rabe hab\u00eda quedado como el \u00fanico candidato para\u2026","rel":"","context":"En \u00abINTERES GENERAL\u00bb","block_context":{"text":"INTERES GENERAL","link":"https:\/\/larevistadigital.com.ar\/blog\/category\/interes-general\/"},"img":{"alt_text":"","src":"https:\/\/i0.wp.com\/larevistadigital.com.ar\/blog\/wp-content\/uploads\/Captura-de-pantalla-2023-10-31-173124.png?fit=738%2C438&ssl=1&resize=350%2C200","width":350,"height":200,"srcset":"https:\/\/i0.wp.com\/larevistadigital.com.ar\/blog\/wp-content\/uploads\/Captura-de-pantalla-2023-10-31-173124.png?fit=738%2C438&ssl=1&resize=350%2C200 1x, https:\/\/i0.wp.com\/larevistadigital.com.ar\/blog\/wp-content\/uploads\/Captura-de-pantalla-2023-10-31-173124.png?fit=738%2C438&ssl=1&resize=525%2C300 1.5x, https:\/\/i0.wp.com\/larevistadigital.com.ar\/blog\/wp-content\/uploads\/Captura-de-pantalla-2023-10-31-173124.png?fit=738%2C438&ssl=1&resize=700%2C400 2x"},"classes":[]},{"id":5731,"url":"https:\/\/larevistadigital.com.ar\/blog\/el-banco-central-presento-la-moneda-del-mundial\/","url_meta":{"origin":31092,"position":2},"title":"EL BANCO CENTRAL PRESENT\u00d3 LA MONEDA DEL MUNDIAL","author":"Alejandro Sosa Ruda","date":"9 junio, 2018","format":false,"excerpt":"El Banco Central de la Rep\u00fablica Argentina \u00a0present\u00f3 el pasado viernes\u00a0la moneda conmemorativa de la Copa Mundial de F\u00fatbol Rusia 2018 en la exposici\u00f3n\u00a0\"F\u00fatbol, pasi\u00f3n de multitudes, selecci\u00f3n de monedas conmemorativas de la Copa Mundial\"\u00a0que se puede visitar en el Museo Hist\u00f3rico y Numism\u00e1tico H\u00e9ctor Carlos Janson. La moneda, acu\u00f1ada\u2026","rel":"","context":"En \u00abPOLITICA\u00bb","block_context":{"text":"POLITICA","link":"https:\/\/larevistadigital.com.ar\/blog\/category\/politica\/"},"img":{"alt_text":"","src":"https:\/\/i0.wp.com\/larevistadigital.com.ar\/blog\/wp-content\/uploads\/2018\/06\/moneda_del_mundial.jpg_338582033.jpg?fit=745%2C428&ssl=1&resize=350%2C200","width":350,"height":200,"srcset":"https:\/\/i0.wp.com\/larevistadigital.com.ar\/blog\/wp-content\/uploads\/2018\/06\/moneda_del_mundial.jpg_338582033.jpg?fit=745%2C428&ssl=1&resize=350%2C200 1x, https:\/\/i0.wp.com\/larevistadigital.com.ar\/blog\/wp-content\/uploads\/2018\/06\/moneda_del_mundial.jpg_338582033.jpg?fit=745%2C428&ssl=1&resize=525%2C300 1.5x, https:\/\/i0.wp.com\/larevistadigital.com.ar\/blog\/wp-content\/uploads\/2018\/06\/moneda_del_mundial.jpg_338582033.jpg?fit=745%2C428&ssl=1&resize=700%2C400 2x"},"classes":[]},{"id":25178,"url":"https:\/\/larevistadigital.com.ar\/blog\/argentina-primer-campeon-en-un-mundial-femenino-de-polo\/","url_meta":{"origin":31092,"position":3},"title":"ARGENTINA: PRIMER CAMPE\u00d3N EN UN MUNDIAL FEMENINO DE POLO","author":"Alejandro Sosa Ruda","date":"20 abril, 2022","format":false,"excerpt":"Ganaron la final 6 a 2 sobre Estados Unidos. El partido se disput\u00f3 en el Campo de Polo que abri\u00f3 sus puertas en forma gratuita al p\u00fablico para promocionar este deporte. Delf\u00edn Uranga presidente de la Asociaci\u00f3n Argentina de Polo (AAP) defini\u00f3 la jornada final como \u201cun d\u00eda muy positivo\u2026","rel":"","context":"En \u00abDEPORTES\u00bb","block_context":{"text":"DEPORTES","link":"https:\/\/larevistadigital.com.ar\/blog\/category\/deportes\/"},"img":{"alt_text":"","src":"https:\/\/i0.wp.com\/larevistadigital.com.ar\/blog\/wp-content\/uploads\/20220419120843_polo.jpg?fit=880%2C512&ssl=1&resize=350%2C200","width":350,"height":200,"srcset":"https:\/\/i0.wp.com\/larevistadigital.com.ar\/blog\/wp-content\/uploads\/20220419120843_polo.jpg?fit=880%2C512&ssl=1&resize=350%2C200 1x, https:\/\/i0.wp.com\/larevistadigital.com.ar\/blog\/wp-content\/uploads\/20220419120843_polo.jpg?fit=880%2C512&ssl=1&resize=525%2C300 1.5x, https:\/\/i0.wp.com\/larevistadigital.com.ar\/blog\/wp-content\/uploads\/20220419120843_polo.jpg?fit=880%2C512&ssl=1&resize=700%2C400 2x"},"classes":[]},{"id":42352,"url":"https:\/\/larevistadigital.com.ar\/blog\/la-sub-17-se-prepara-para-el-debut-en-el-mundial-de-qatar\/","url_meta":{"origin":31092,"position":4},"title":"La Sub 17 se prepara para el debut en el Mundial de Qatar","author":"Alejandro Sosa Ruda","date":"1 noviembre, 2025","format":false,"excerpt":"El seleccionado juvenil dirigido por Diego Placente ya entrena en Doha de cara a su debut mundialista ante B\u00e9lgica. Tras un extenso viaje, el plantel realiz\u00f3 trabajos livianos. La Selecci\u00f3n Argentina Sub 17, comandada por\u00a0Diego Placente, ya pisa fuerte en Doha. El plantel juvenil realiz\u00f3 su primera pr\u00e1ctica en suelo\u2026","rel":"","context":"En \u00abDEPORTES\u00bb","block_context":{"text":"DEPORTES","link":"https:\/\/larevistadigital.com.ar\/blog\/category\/deportes\/"},"img":{"alt_text":"","src":"https:\/\/i0.wp.com\/larevistadigital.com.ar\/blog\/wp-content\/uploads\/Captura-de-pantalla-2025-11-01-223533.jpg?fit=649%2C413&ssl=1&resize=350%2C200","width":350,"height":200,"srcset":"https:\/\/i0.wp.com\/larevistadigital.com.ar\/blog\/wp-content\/uploads\/Captura-de-pantalla-2025-11-01-223533.jpg?fit=649%2C413&ssl=1&resize=350%2C200 1x, https:\/\/i0.wp.com\/larevistadigital.com.ar\/blog\/wp-content\/uploads\/Captura-de-pantalla-2025-11-01-223533.jpg?fit=649%2C413&ssl=1&resize=525%2C300 1.5x"},"classes":[]},{"id":35053,"url":"https:\/\/larevistadigital.com.ar\/blog\/manana-arranca-el-sueno-del-sub-23-con-la-mira-en-los-juegos-olimpicos\/","url_meta":{"origin":31092,"position":5},"title":"MA\u00d1ANA ARRANCA EL SUE\u00d1O DEL SUB-23 CON LA MIRA EN LOS JUEGOS OL\u00cdMPICOS","author":"Alejandro Sosa Ruda","date":"20 enero, 2024","format":false,"excerpt":"El equipo de Javier Mascherano enfrenta a Paraguay en el debut. 20 de enero de 2023 El Seleccionado Argentino Sub-23 de f\u00fatbol, con\u00a0Javier Mascherano\u00a0como entrenador,\u00a0debutar\u00e1 este domingo ante Paraguay\u00a0en un partido de\u00a0la primera fecha del Grupo B del Torneo Preol\u00edmpico Sudamericano, que se juega en\u00a0Venezuela\u00a0y otorga dos plazas para los\u2026","rel":"","context":"En \u00abINTERES GENERAL\u00bb","block_context":{"text":"INTERES GENERAL","link":"https:\/\/larevistadigital.com.ar\/blog\/category\/interes-general\/"},"img":{"alt_text":"","src":"https:\/\/i0.wp.com\/larevistadigital.com.ar\/blog\/wp-content\/uploads\/Captura-de-pantalla-2024-01-20-133402.png?fit=895%2C508&ssl=1&resize=350%2C200","width":350,"height":200,"srcset":"https:\/\/i0.wp.com\/larevistadigital.com.ar\/blog\/wp-content\/uploads\/Captura-de-pantalla-2024-01-20-133402.png?fit=895%2C508&ssl=1&resize=350%2C200 1x, https:\/\/i0.wp.com\/larevistadigital.com.ar\/blog\/wp-content\/uploads\/Captura-de-pantalla-2024-01-20-133402.png?fit=895%2C508&ssl=1&resize=525%2C300 1.5x, https:\/\/i0.wp.com\/larevistadigital.com.ar\/blog\/wp-content\/uploads\/Captura-de-pantalla-2024-01-20-133402.png?fit=895%2C508&ssl=1&resize=700%2C400 2x"},"classes":[]}],"_links":{"self":[{"href":"https:\/\/larevistadigital.com.ar\/blog\/wp-json\/wp\/v2\/posts\/31092","targetHints":{"allow":["GET"]}}],"collection":[{"href":"https:\/\/larevistadigital.com.ar\/blog\/wp-json\/wp\/v2\/posts"}],"about":[{"href":"https:\/\/larevistadigital.com.ar\/blog\/wp-json\/wp\/v2\/types\/post"}],"author":[{"embeddable":true,"href":"https:\/\/larevistadigital.com.ar\/blog\/wp-json\/wp\/v2\/users\/3"}],"replies":[{"embeddable":true,"href":"https:\/\/larevistadigital.com.ar\/blog\/wp-json\/wp\/v2\/comments?post=31092"}],"version-history":[{"count":1,"href":"https:\/\/larevistadigital.com.ar\/blog\/wp-json\/wp\/v2\/posts\/31092\/revisions"}],"predecessor-version":[{"id":31094,"href":"https:\/\/larevistadigital.com.ar\/blog\/wp-json\/wp\/v2\/posts\/31092\/revisions\/31094"}],"wp:featuredmedia":[{"embeddable":true,"href":"https:\/\/larevistadigital.com.ar\/blog\/wp-json\/wp\/v2\/media\/31093"}],"wp:attachment":[{"href":"https:\/\/larevistadigital.com.ar\/blog\/wp-json\/wp\/v2\/media?parent=31092"}],"wp:term":[{"taxonomy":"category","embeddable":true,"href":"https:\/\/larevistadigital.com.ar\/blog\/wp-json\/wp\/v2\/categories?post=31092"},{"taxonomy":"post_tag","embeddable":true,"href":"https:\/\/larevistadigital.com.ar\/blog\/wp-json\/wp\/v2\/tags?post=31092"}],"curies":[{"name":"wp","href":"https:\/\/api.w.org\/{rel}","templated":true}]}}