{"id":31101,"date":"2023-04-19T14:54:08","date_gmt":"2023-04-19T14:54:08","guid":{"rendered":"https:\/\/larevistadigital.com.ar\/blog\/?p=31101"},"modified":"2023-04-19T14:54:38","modified_gmt":"2023-04-19T14:54:38","slug":"esto-paso-un-dia-como-hoy-19-de-abril","status":"publish","type":"post","link":"https:\/\/larevistadigital.com.ar\/blog\/esto-paso-un-dia-como-hoy-19-de-abril\/","title":{"rendered":"ESTO PAS\u00d3 UN D\u00cdA COMO HOY, 19 DE ABRIL&#8230;"},"content":{"rendered":"<p class=\"paragraph\" data-mrf-recirculation=\"Links inline\">El 19 de abril de 1998, hace 25 a\u00f1os, fallece Octavio Paz, poeta y ensayista mexicano, premio Nobel de Literatura en 1990. Dej\u00f3 poemas como \u00abPiedra de sol\u00bb o \u00abNocturno de San Ildefonso\u00bb, e hizo una radiograf\u00eda del mexicano en su ensayo \u00abEl laberinto de la soledad\u00bb.<\/p>\n<p class=\"paragraph\" data-mrf-recirculation=\"Links inline\"><span style=\"color: #ff0000\"><strong>OTRAS EFEM\u00c9RIDES<\/strong><\/span><\/p>\n<p class=\"paragraph\" data-mrf-recirculation=\"Links inline\">1713.- Carlos VI de Alemania promulga la Pragm\u00e1tica Sanci\u00f3n que asegura la sucesi\u00f3n femenina al trono en los pa\u00edses hereditarios de los Habsburgo.<\/p>\n<p class=\"paragraph\" data-mrf-recirculation=\"Links inline\">1775.- Batalla de Lexington, el primer choque militar entre fuerzas inglesas y americanas en la guerra de independencia de EEUU.<\/p>\n<p class=\"paragraph\" data-mrf-recirculation=\"Links inline\">1810.- El Cabildo de Caracas destituye al capit\u00e1n general Vicente Empar\u00e1n y forma una Junta de patriotas (presidida por Francisco Miranda), con lo que se inicia la lucha por la independencia de Venezuela.<\/p>\n<p class=\"paragraph\" data-mrf-recirculation=\"Links inline\">1850.- Gran Breta\u00f1a y EE. UU. firman el tratado Clayton-Bulwer, por el que ambas naciones se comprometen a no mantener control alguno sobre el futuro canal de Panam\u00e1.<\/p>\n<p class=\"paragraph\" data-mrf-recirculation=\"Links inline\">1890.- Finaliza la primera Conferencia Panamericana con el establecimiento en Washington de una Oficina de Rep\u00fablicas Americanas.<\/p>\n<p class=\"paragraph\" data-mrf-recirculation=\"Links inline\">1919.- Leslie Irvin realiza el primer salto en paraca\u00eddas.<\/p>\n<p class=\"paragraph\" data-mrf-recirculation=\"Links inline\">1928.- El buque-escuela Juan Sebasti\u00e1n Elcano emprende su primer crucero de instrucci\u00f3n, que desde entonces realizar\u00e1 casi sin interrupci\u00f3n cada a\u00f1o.<\/p>\n<p class=\"paragraph\" data-mrf-recirculation=\"Links inline\">1940.- El Primer Congreso Indigenista Interamericano celebrado en en P\u00e1tzcuaro (M\u00e9xico) instituye el 19 de abril como D\u00eda del Aborigen Americano.<\/p>\n<p class=\"paragraph\" data-mrf-recirculation=\"Links inline\">1941.- Se crea en Madrid el Museo de Am\u00e9rica, con el fin de reunir las colecciones de arqueolog\u00eda y etnolog\u00eda americanas.<\/p>\n<p class=\"paragraph\" data-mrf-recirculation=\"Links inline\">1956.- Boda del pr\u00edncipe Rainiero de M\u00f3naco con la actriz estadounidense Grace Kelly. El d\u00eda anterior se hab\u00eda celebrado la ceremonia civil.<\/p>\n<p class=\"paragraph\" data-mrf-recirculation=\"Links inline\">1960.- Se disputa el primer partido de la Copa Libertadores de F\u00fatbol.<\/p>\n<p class=\"paragraph\" data-mrf-recirculation=\"Links inline\">1961.- Tropas cubanas derrotan a un ej\u00e9rcito de m\u00e1s de 1.300 mercenarios y exiliados anticastristas que pretend\u00edan invadir Playa Gir\u00f3n y Playa Larga (Bah\u00eda de Cochinos).<\/p>\n<p class=\"paragraph\" data-mrf-recirculation=\"Links inline\">1970.- Nace en Colombia el grupo revolucionario Movimiento 19 de Abril, M-19.<\/p>\n<p class=\"paragraph\" data-mrf-recirculation=\"Links inline\">1971.- La Uni\u00f3n Sovi\u00e9tica lanza la Salyut 1, primera estaci\u00f3n espacial controlada por el hombre.<\/p>\n<p class=\"paragraph\" data-mrf-recirculation=\"Links inline\">1987.- Aparece por primera vez en Estados Unidos el primer corto de televisi\u00f3n de &#8216;Los Simpson&#8217;.<\/p>\n<p class=\"paragraph\" data-mrf-recirculation=\"Links inline\">.- El presidente argentino Ra\u00fal Alfons\u00edn pone fin a la insurrecci\u00f3n militar iniciada el 14 de abril en C\u00f3rdoba.<\/p>\n<p class=\"paragraph\" data-mrf-recirculation=\"Links inline\">1990.- El Gobierno de Nicaragua y los rebeldes antisandinistas firman un alto el fuego definitivo.<\/p>\n<p class=\"paragraph\" data-mrf-recirculation=\"Links inline\">1991.- El pueblo de Puerto Rico es galardonado con el premio Pr\u00edncipe de Asturias de las Letras por su \u0093defensaejemplar del espa\u00f1ol que ha sido declarado \u00fanico idioma oficial del pa\u00eds\u0094.<\/p>\n<p class=\"paragraph\" data-mrf-recirculation=\"Links inline\">1992.- Los Reyes de Espa\u00f1a presiden en la localidad granadina de Santa Fe los actos del quinto centenario de la firma de las Capitulaciones.<\/p>\n<p class=\"paragraph\" data-mrf-recirculation=\"Links inline\">1993.- David Koresch y otras 85 personas, entre ellas 17 ni\u00f1os de la secta por \u00e9l fundada, mueren en el incendio del rancho \u00abMonte Carmelo\u00bb, de Waco (Texas, EEUU).<\/p>\n<p class=\"paragraph\" data-mrf-recirculation=\"Links inline\">1995.- Un cami\u00f3n cargado con explosivos estalla frente a un edificio gubernamental de Oklahoma City y deja 168 muertos, el acto terrorista m\u00e1s mort\u00edfero en suelo estadounidense hasta entonces.<\/p>\n<p class=\"paragraph\" data-mrf-recirculation=\"Links inline\">1999.- Berl\u00edn recupera su tradicional protagonismo pol\u00edtico con la apertura del primer pleno del Parlamento alem\u00e1n en el renovado edificio del Reichstag.<\/p>\n<p class=\"paragraph\" data-mrf-recirculation=\"Links inline\">2005.- El cardenal alem\u00e1n Joseph Ratzinger sucede a Juan Pablo II con el nombre de Benedicto XVI.<\/p>\n<p class=\"paragraph\" data-mrf-recirculation=\"Links inline\">.- La Justicia espa\u00f1ola condena al exmilitar argentino Adolfo Scilingo a 640 a\u00f1os de c\u00e1rcel por detenci\u00f3n ilegal y torturas durante la dictadura argentina (1976-1983), en la primera resoluci\u00f3n que por lesa humanidad se dicta en Espa\u00f1a.<\/p>\n<p class=\"paragraph\" data-mrf-recirculation=\"Links inline\">2006.- Han Myung-sook, primera mujer en la historia de Corea del Sur que ocupa la jefatura del Gobierno.<\/p>\n<p class=\"paragraph\" data-mrf-recirculation=\"Links inline\">2008.- Victoria del ex obispo cat\u00f3lico Fernando Lugo en las presidenciales de Paraguay.<\/p>\n<p class=\"paragraph\" data-mrf-recirculation=\"Links inline\">2011.- Fidel Castro renuncia como primer secretario del Partido Comunista de Cuba y es elegido su hermano Ra\u00fal.<\/p>\n<p class=\"paragraph\" data-mrf-recirculation=\"Links inline\">2015.- Alrededor de 850 inmigrantes desaparecen en aguas del Canal de Sicilia cuando intentaban alcanzar las costas de Italia.<\/p>\n<p class=\"paragraph\" data-mrf-recirculation=\"Links inline\">2021.- El helic\u00f3ptero Ingenuity de la NASA hace historia al realizar el primer vuelo controlado y con motor de una aeronave en otro planeta, Marte.<\/p>\n<p class=\"paragraph\" data-mrf-recirculation=\"Links inline\">.- El presidente de Cuba, Miguel D\u00edaz-Canel, reemplaza a Ra\u00fal Castro como primer secretario del Partido Comunista de Cuba.<\/p>\n<p class=\"paragraph\" data-mrf-recirculation=\"Links inline\"><span style=\"color: #ff0000\"><strong>NACIMIENTOS<\/strong><\/span><\/p>\n<p class=\"paragraph\" data-mrf-recirculation=\"Links inline\">1832.- Jos\u00e9 Echegaray, pol\u00edtico, primer espa\u00f1ol en obtener el Nobel de Literatura.<\/p>\n<p class=\"paragraph\" data-mrf-recirculation=\"Links inline\">1932.- Fernando Botero, pintor y escultor colombiano.<\/p>\n<p class=\"paragraph\" data-mrf-recirculation=\"Links inline\">1936.- Wildfried Martens, pol\u00edtico belga.<\/p>\n<p class=\"paragraph\" data-mrf-recirculation=\"Links inline\">1941.- Roberto Carlos, cantante y compositor brasile\u00f1o.<\/p>\n<p class=\"paragraph\" data-mrf-recirculation=\"Links inline\">1955.- Jos\u00e9 Merc\u00e9, cantaor espa\u00f1ol.<\/p>\n<p class=\"paragraph\" data-mrf-recirculation=\"Links inline\">1960.- Gustavo Petro, pol\u00edtico colombiano.<\/p>\n<p class=\"paragraph\" data-mrf-recirculation=\"Links inline\">1970.- Luis Miguel Gallego Basteri cantante mexicano.<\/p>\n<p class=\"paragraph\" data-mrf-recirculation=\"Links inline\">1972.- Vitor Barbosa Ferreira, \u00abRivaldo\u00bb, exfutbolista brasile\u00f1o.<\/p>\n<p class=\"paragraph\" data-mrf-recirculation=\"Links inline\">1978.- James Franco, actor estadounidense.<\/p>\n<p class=\"paragraph\" data-mrf-recirculation=\"Links inline\">1979.- Kate Hudson, actriz estadounidense.<\/p>\n<p class=\"paragraph\" data-mrf-recirculation=\"Links inline\">1987.- Mar\u00eda Sharapova, tenista rusa.<\/p>\n<p class=\"paragraph\" data-mrf-recirculation=\"Links inline\"><strong><span style=\"color: #ff0000\">DEFUNCIONES<\/span><\/strong><\/p>\n<p class=\"paragraph\" data-mrf-recirculation=\"Links inline\">1588.- Paolo Veronese, pintor italiano.<\/p>\n<p class=\"paragraph\" data-mrf-recirculation=\"Links inline\">1824.- George Gordon, lord Byron, escritor rom\u00e1ntico ingl\u00e9s.<\/p>\n<p class=\"paragraph\" data-mrf-recirculation=\"Links inline\">1882.- Charles Darwin, naturalista brit\u00e1nico.<\/p>\n<p class=\"paragraph\" data-mrf-recirculation=\"Links inline\">1906.- Pierre Curie, cient\u00edfico franc\u00e9s, Nobel de F\u00edsica 1903.<\/p>\n<p class=\"paragraph\" data-mrf-recirculation=\"Links inline\">1967.- Konrad Adenauer, pol\u00edtico alem\u00e1n.<\/p>\n<p class=\"paragraph\" data-mrf-recirculation=\"Links inline\">1989.- Daphne du Maurier, escritora brit\u00e1nica.<\/p>\n<p class=\"paragraph\" data-mrf-recirculation=\"Links inline\">2004.- Norris McWhirter, brit\u00e1nico, cofundador del Libro Guinness de los R\u00e9cords.<\/p>\n<p class=\"paragraph\" data-mrf-recirculation=\"Links inline\">2015.- Raymond Carr, hispanista brit\u00e1nico.<\/p>\n<p class=\"paragraph\" data-mrf-recirculation=\"Links inline\">2016.- Patricio Aylwin, expresidente chileno<\/p>\n<p class=\"paragraph\" data-mrf-recirculation=\"Links inline\">2021.- Walter Mondale, pol\u00edtico estadounidense<\/p>\n","protected":false},"excerpt":{"rendered":"<div class=\"mh-excerpt\"><p>El 19 de abril de 1998, hace 25 a\u00f1os, fallece Octavio Paz, poeta y ensayista mexicano, premio Nobel de Literatura en 1990. Dej\u00f3 poemas como \u00abPiedra de sol\u00bb o \u00abNocturno de San Ildefonso\u00bb, e hizo <a class=\"mh-excerpt-more\" href=\"https:\/\/larevistadigital.com.ar\/blog\/esto-paso-un-dia-como-hoy-19-de-abril\/\" title=\"ESTO PAS\u00d3 UN D\u00cdA COMO HOY, 19 DE ABRIL&#8230;\">[Leer M\u00e1s]<\/a><\/p>\n<\/div>","protected":false},"author":3,"featured_media":16747,"comment_status":"open","ping_status":"open","sticky":false,"template":"","format":"standard","meta":{"_jetpack_memberships_contains_paid_content":false,"footnotes":"","jetpack_publicize_message":"","jetpack_publicize_feature_enabled":true,"jetpack_social_post_already_shared":true,"jetpack_social_options":{"image_generator_settings":{"template":"highway","default_image_id":0,"font":"","enabled":false},"version":2}},"categories":[15],"tags":[],"class_list":{"0":"post-31101","1":"post","2":"type-post","3":"status-publish","4":"format-standard","5":"has-post-thumbnail","7":"category-cultura"},"jetpack_publicize_connections":[],"jetpack_featured_media_url":"https:\/\/i0.wp.com\/larevistadigital.com.ar\/blog\/wp-content\/uploads\/LOGO-EFEMERIDES.jpg?fit=1268%2C664&ssl=1","jetpack_sharing_enabled":true,"jetpack_shortlink":"https:\/\/wp.me\/p8qtrQ-85D","jetpack-related-posts":[{"id":31139,"url":"https:\/\/larevistadigital.com.ar\/blog\/esto-paso-un-dia-como-hoy-19-de-abril-2\/","url_meta":{"origin":31101,"position":0},"title":"ESTO PAS\u00d3 UN D\u00cdA COMO HOY, 19 DE ABRIL&#8230;","author":"Alejandro Sosa Ruda","date":"20 abril, 2023","format":false,"excerpt":"En un 20 de abril, pero de 1999, dos estudiantes de 17 y 18 a\u00f1os armados matan a 13 personas y se quitan la vida tras dejar heridas a otras 23 en la escuela de Columbine, en Littleton (Colorado). Otras efem\u00e9rides: 1741.- El militar espa\u00f1ol Blas de Lezo derrota a\u2026","rel":"","context":"En \u00abCULTURA\u00bb","block_context":{"text":"CULTURA","link":"https:\/\/larevistadigital.com.ar\/blog\/category\/cultura\/"},"img":{"alt_text":"","src":"https:\/\/i0.wp.com\/larevistadigital.com.ar\/blog\/wp-content\/uploads\/LOGO-EFEMERIDES.jpg?fit=1200%2C628&ssl=1&resize=350%2C200","width":350,"height":200,"srcset":"https:\/\/i0.wp.com\/larevistadigital.com.ar\/blog\/wp-content\/uploads\/LOGO-EFEMERIDES.jpg?fit=1200%2C628&ssl=1&resize=350%2C200 1x, https:\/\/i0.wp.com\/larevistadigital.com.ar\/blog\/wp-content\/uploads\/LOGO-EFEMERIDES.jpg?fit=1200%2C628&ssl=1&resize=525%2C300 1.5x, https:\/\/i0.wp.com\/larevistadigital.com.ar\/blog\/wp-content\/uploads\/LOGO-EFEMERIDES.jpg?fit=1200%2C628&ssl=1&resize=700%2C400 2x, https:\/\/i0.wp.com\/larevistadigital.com.ar\/blog\/wp-content\/uploads\/LOGO-EFEMERIDES.jpg?fit=1200%2C628&ssl=1&resize=1050%2C600 3x"},"classes":[]},{"id":35531,"url":"https:\/\/larevistadigital.com.ar\/blog\/se-inicia-el-cronograma-anual-de-vacunacion-antirrabica-gratuita\/","url_meta":{"origin":31101,"position":1},"title":"SE INICIA EL CRONOGRAMA ANUAL DE VACUNACI\u00d3N ANTIRR\u00c1BICA GRATUITA","author":"Alejandro Sosa Ruda","date":"13 marzo, 2024","format":false,"excerpt":"El pr\u00f3ximo lunes se inicia el calendario de inmunizaci\u00f3n contra la rabia para animales dom\u00e9sticos que lleva adelante cada a\u00f1o la Municipalidad de Chascom\u00fas. 13 de marzo de 2024 CHASCOM\u00daS -\u00a0 Como es habitual, el equipo de la Direcci\u00f3n de Bromatolog\u00eda y Zoonosis recorre los barrios para aplicar las vacunas\u2026","rel":"","context":"En \u00abSin categor\u00eda\u00bb","block_context":{"text":"Sin categor\u00eda","link":"https:\/\/larevistadigital.com.ar\/blog\/category\/sin-categoria\/"},"img":{"alt_text":"","src":"https:\/\/i0.wp.com\/larevistadigital.com.ar\/blog\/wp-content\/uploads\/VACUNACION.jpg?fit=700%2C466&ssl=1&resize=350%2C200","width":350,"height":200,"srcset":"https:\/\/i0.wp.com\/larevistadigital.com.ar\/blog\/wp-content\/uploads\/VACUNACION.jpg?fit=700%2C466&ssl=1&resize=350%2C200 1x, https:\/\/i0.wp.com\/larevistadigital.com.ar\/blog\/wp-content\/uploads\/VACUNACION.jpg?fit=700%2C466&ssl=1&resize=525%2C300 1.5x, https:\/\/i0.wp.com\/larevistadigital.com.ar\/blog\/wp-content\/uploads\/VACUNACION.jpg?fit=700%2C466&ssl=1&resize=700%2C400 2x"},"classes":[]},{"id":21928,"url":"https:\/\/larevistadigital.com.ar\/blog\/sismo-de-magnitud-7-1-sorprendio-a-la-ciudad-de-mexico\/","url_meta":{"origin":31101,"position":2},"title":"SISMO DE MAGNITUD 7.1 SORPRENDI\u00d3 A LA CIUDAD DE M\u00c9XICO","author":"Alejandro Sosa Ruda","date":"8 septiembre, 2021","format":false,"excerpt":"El epicentro del movimiento tel\u00farico fue detectado en la costa de Acapulco, Guerrero; el sistema de alerta s\u00edsmica en la Ciudad de M\u00e9xico alert\u00f3 a tiempo a los capitalinos para evacuar los inmuebles CIUDAD DE MEXICO - Alrededor de las 20:49 horas (tiempo del Centro de M\u00e9xico) del martes 7\u2026","rel":"","context":"En \u00abDESTACADAS\u00bb","block_context":{"text":"DESTACADAS","link":"https:\/\/larevistadigital.com.ar\/blog\/category\/destacadas\/"},"img":{"alt_text":"","src":"https:\/\/i0.wp.com\/larevistadigital.com.ar\/blog\/wp-content\/uploads\/61381c3374c4f.jpeg?fit=640%2C428&ssl=1&resize=350%2C200","width":350,"height":200,"srcset":"https:\/\/i0.wp.com\/larevistadigital.com.ar\/blog\/wp-content\/uploads\/61381c3374c4f.jpeg?fit=640%2C428&ssl=1&resize=350%2C200 1x, https:\/\/i0.wp.com\/larevistadigital.com.ar\/blog\/wp-content\/uploads\/61381c3374c4f.jpeg?fit=640%2C428&ssl=1&resize=525%2C300 1.5x"},"classes":[]},{"id":45097,"url":"https:\/\/larevistadigital.com.ar\/blog\/kicillof-se-reunio-con-autoridades-del-area-de-salud-de-brasil-y-mexico\/","url_meta":{"origin":31101,"position":3},"title":"Kicillof se reuni\u00f3 con autoridades del \u00e1rea de Salud de Brasil y M\u00e9xico","author":"Alejandro Sosa Ruda","date":"14 abril, 2026","format":false,"excerpt":"En la previa del Congreso Provincial de Salud (COSAPRO) 2026, el gobernador Axel Kicillof recibi\u00f3 este martes al secretario ejecutivo del Ministerio de Salud de Brasil, Adriano Massuda; al director del departamento de Gesti\u00f3n Interfederativa y Participativa del organismo, Andr\u00e9 Luis Bonif\u00e1cio de Carvalho; y al coordinador del IMSS-Bienestar del\u2026","rel":"","context":"En \u00abDESTACADAS\u00bb","block_context":{"text":"DESTACADAS","link":"https:\/\/larevistadigital.com.ar\/blog\/category\/destacadas\/"},"img":{"alt_text":"","src":"https:\/\/i0.wp.com\/larevistadigital.com.ar\/blog\/wp-content\/uploads\/DON_8316-scaled.jpg?fit=1200%2C800&ssl=1&resize=350%2C200","width":350,"height":200,"srcset":"https:\/\/i0.wp.com\/larevistadigital.com.ar\/blog\/wp-content\/uploads\/DON_8316-scaled.jpg?fit=1200%2C800&ssl=1&resize=350%2C200 1x, https:\/\/i0.wp.com\/larevistadigital.com.ar\/blog\/wp-content\/uploads\/DON_8316-scaled.jpg?fit=1200%2C800&ssl=1&resize=525%2C300 1.5x, https:\/\/i0.wp.com\/larevistadigital.com.ar\/blog\/wp-content\/uploads\/DON_8316-scaled.jpg?fit=1200%2C800&ssl=1&resize=700%2C400 2x, https:\/\/i0.wp.com\/larevistadigital.com.ar\/blog\/wp-content\/uploads\/DON_8316-scaled.jpg?fit=1200%2C800&ssl=1&resize=1050%2C600 3x"},"classes":[]},{"id":30260,"url":"https:\/\/larevistadigital.com.ar\/blog\/esto-paso-un-dia-como-hoy-28-de-febrero\/","url_meta":{"origin":31101,"position":4},"title":"ESTO PAS\u00d3 UN D\u00cdA COMO HOY, 28 DE FEBRERO&#8230;","author":"Alejandro Sosa Ruda","date":"28 febrero, 2023","format":false,"excerpt":"En un 28 de febrero, pero de 1811, se produce \"El grito de Asencio\", la primera proclama a favor de la independencia de Uruguay por un grupo de revolucionarios liderados por Pedro Jos\u00e9 Viera y Venancio Benav\u00eddez. OTRAS EFEM\u00c9RIDES 1848.- Se proclama oficialmente la segunda Rep\u00fablica francesa, en la que\u2026","rel":"","context":"En \u00abCULTURA\u00bb","block_context":{"text":"CULTURA","link":"https:\/\/larevistadigital.com.ar\/blog\/category\/cultura\/"},"img":{"alt_text":"","src":"https:\/\/i0.wp.com\/larevistadigital.com.ar\/blog\/wp-content\/uploads\/LOGO-EFEMERIDES.jpg?fit=1200%2C628&ssl=1&resize=350%2C200","width":350,"height":200,"srcset":"https:\/\/i0.wp.com\/larevistadigital.com.ar\/blog\/wp-content\/uploads\/LOGO-EFEMERIDES.jpg?fit=1200%2C628&ssl=1&resize=350%2C200 1x, https:\/\/i0.wp.com\/larevistadigital.com.ar\/blog\/wp-content\/uploads\/LOGO-EFEMERIDES.jpg?fit=1200%2C628&ssl=1&resize=525%2C300 1.5x, https:\/\/i0.wp.com\/larevistadigital.com.ar\/blog\/wp-content\/uploads\/LOGO-EFEMERIDES.jpg?fit=1200%2C628&ssl=1&resize=700%2C400 2x, https:\/\/i0.wp.com\/larevistadigital.com.ar\/blog\/wp-content\/uploads\/LOGO-EFEMERIDES.jpg?fit=1200%2C628&ssl=1&resize=1050%2C600 3x"},"classes":[]},{"id":30969,"url":"https:\/\/larevistadigital.com.ar\/blog\/esto-paso-un-dia-como-hoy-10-de-abril\/","url_meta":{"origin":31101,"position":5},"title":"ESTO PAS\u00d3 UN D\u00cdA COMO HOY, 10 DE ABRIL&#8230;","author":"Alejandro Sosa Ruda","date":"10 abril, 2023","format":false,"excerpt":"Estos acontecimientos est\u00e1n marcados en los calendarios con el prop\u00f3sito de mantener vivos los recuerdos de c\u00f3mo evoluciona el mundo y qu\u00e9 ha pasado para que sea como hasta la fecha lo conocemos, al tiempo que el ser humano comprenda su propia historia. Para que no olvides los hechos m\u00e1s\u2026","rel":"","context":"En \u00abCULTURA\u00bb","block_context":{"text":"CULTURA","link":"https:\/\/larevistadigital.com.ar\/blog\/category\/cultura\/"},"img":{"alt_text":"","src":"https:\/\/i0.wp.com\/larevistadigital.com.ar\/blog\/wp-content\/uploads\/LOGO-EFEMERIDES.jpg?fit=1200%2C628&ssl=1&resize=350%2C200","width":350,"height":200,"srcset":"https:\/\/i0.wp.com\/larevistadigital.com.ar\/blog\/wp-content\/uploads\/LOGO-EFEMERIDES.jpg?fit=1200%2C628&ssl=1&resize=350%2C200 1x, https:\/\/i0.wp.com\/larevistadigital.com.ar\/blog\/wp-content\/uploads\/LOGO-EFEMERIDES.jpg?fit=1200%2C628&ssl=1&resize=525%2C300 1.5x, https:\/\/i0.wp.com\/larevistadigital.com.ar\/blog\/wp-content\/uploads\/LOGO-EFEMERIDES.jpg?fit=1200%2C628&ssl=1&resize=700%2C400 2x, https:\/\/i0.wp.com\/larevistadigital.com.ar\/blog\/wp-content\/uploads\/LOGO-EFEMERIDES.jpg?fit=1200%2C628&ssl=1&resize=1050%2C600 3x"},"classes":[]}],"_links":{"self":[{"href":"https:\/\/larevistadigital.com.ar\/blog\/wp-json\/wp\/v2\/posts\/31101","targetHints":{"allow":["GET"]}}],"collection":[{"href":"https:\/\/larevistadigital.com.ar\/blog\/wp-json\/wp\/v2\/posts"}],"about":[{"href":"https:\/\/larevistadigital.com.ar\/blog\/wp-json\/wp\/v2\/types\/post"}],"author":[{"embeddable":true,"href":"https:\/\/larevistadigital.com.ar\/blog\/wp-json\/wp\/v2\/users\/3"}],"replies":[{"embeddable":true,"href":"https:\/\/larevistadigital.com.ar\/blog\/wp-json\/wp\/v2\/comments?post=31101"}],"version-history":[{"count":1,"href":"https:\/\/larevistadigital.com.ar\/blog\/wp-json\/wp\/v2\/posts\/31101\/revisions"}],"predecessor-version":[{"id":31102,"href":"https:\/\/larevistadigital.com.ar\/blog\/wp-json\/wp\/v2\/posts\/31101\/revisions\/31102"}],"wp:featuredmedia":[{"embeddable":true,"href":"https:\/\/larevistadigital.com.ar\/blog\/wp-json\/wp\/v2\/media\/16747"}],"wp:attachment":[{"href":"https:\/\/larevistadigital.com.ar\/blog\/wp-json\/wp\/v2\/media?parent=31101"}],"wp:term":[{"taxonomy":"category","embeddable":true,"href":"https:\/\/larevistadigital.com.ar\/blog\/wp-json\/wp\/v2\/categories?post=31101"},{"taxonomy":"post_tag","embeddable":true,"href":"https:\/\/larevistadigital.com.ar\/blog\/wp-json\/wp\/v2\/tags?post=31101"}],"curies":[{"name":"wp","href":"https:\/\/api.w.org\/{rel}","templated":true}]}}