{"id":31105,"date":"2023-04-19T20:58:42","date_gmt":"2023-04-19T20:58:42","guid":{"rendered":"https:\/\/larevistadigital.com.ar\/blog\/?p=31105"},"modified":"2023-04-19T20:59:02","modified_gmt":"2023-04-19T20:59:02","slug":"silvia-saravia-candidata-a-gobernadora-por-el-partido-libres-del-sur","status":"publish","type":"post","link":"https:\/\/larevistadigital.com.ar\/blog\/silvia-saravia-candidata-a-gobernadora-por-el-partido-libres-del-sur\/","title":{"rendered":"SILVIA SARAVIA, CANDIDATA A GOBERNADORA POR EL PARTIDO LIBRES DEL SUR"},"content":{"rendered":"<h2>Es referente nacional e hist\u00f3rica militante de Libres del Sur, cuya postulaci\u00f3n se reafirm\u00f3 en las internas de marzo pasado.<\/h2>\n<p>19 de abril de 2023<\/p>\n<p><strong>BUENOS AIRES &#8211;<\/strong>\u00a0 La conducci\u00f3n nacional del Movimiento Libres del Sur presentar\u00e1 ma\u00f1ana en Quilmes la precandidatura a gobernadora de la Provincia de la dirigente <strong>Silvia Saravia<\/strong>, con vistas a competir en las pr\u00f3ximas elecciones.<\/p>\n<p>Voceros de esta agrupaci\u00f3n informaron que en este encuentro estar\u00e1 presente <strong>Jes\u00fas Escobar<\/strong>, precandidato a presidente por esta fuerza pol\u00edtica.<\/p>\n<p>La candidatura de Saravia, referente nacional de Libres del Sur e hist\u00f3rica militante del movimiento, se reafirm\u00f3 en el proceso de elecciones internas del partido que tuvo lugar el 11 de marzo pasado.<\/p>\n<p><em><strong>\u00abEn el acto de ma\u00f1ana, la compa\u00f1era Saravia ser\u00e1 reconocida por su trayectoria social y su experiencia en la gesti\u00f3n gubernamental\u00bb, destacaron allegados a la precandidata, al tiempo que anticiparon que \u00abser\u00e1 el primero de una serie de actos en el conurbano\u00bb<\/strong> <\/em>bonaerense.<\/p>\n<p>En el anuncio de su postulaci\u00f3n provincial,<strong> Saravia<\/strong> afirm\u00f3 que <strong><em>\u00abdesde el regreso de la democracia, la dirigencia pol\u00edtica no supo resolver los problemas de la provincia de Buenos Aires\u00bb.<\/em><\/strong><\/p>\n<p><em><strong>\u00abLa inseguridad, la falta de trabajo genuino, la pobreza, la imposibilidad de acceso a la vivienda, el deterioro de la educaci\u00f3n p\u00fablica, el empeoramiento del sistema p\u00fablico de salud. Es hora de proponer algo nuevo, y por eso desde Libres del Sur venimos a ofrecer toda nuestra experiencia en la soluci\u00f3n cotidiana de los problemas de las vecinas y vecinos\u00bb<\/strong><\/em>, enumer\u00f3.<\/p>\n<p>En declaraciones a T\u00e9lam, <strong>Saravia<\/strong> apunt\u00f3 que <em><strong>\u00abpor todos estos motivos, proponemos hacer pol\u00edtica en serio para que surja desde el pueblo y sus organizaciones una alternativa electoral poderosa y dispuesta a defender los intereses de las mayor\u00edas y no agacharse frente a los poderosos\u00bb<\/strong><\/em>.<\/p>\n<p>publicado en latecla<\/p>\n","protected":false},"excerpt":{"rendered":"<div class=\"mh-excerpt\"><p>Es referente nacional e hist\u00f3rica militante de Libres del Sur, cuya postulaci\u00f3n se reafirm\u00f3 en las internas de marzo pasado. 19 de abril de 2023 BUENOS AIRES &#8211;\u00a0 La conducci\u00f3n nacional del Movimiento Libres del <a class=\"mh-excerpt-more\" href=\"https:\/\/larevistadigital.com.ar\/blog\/silvia-saravia-candidata-a-gobernadora-por-el-partido-libres-del-sur\/\" title=\"SILVIA SARAVIA, CANDIDATA A GOBERNADORA POR EL PARTIDO LIBRES DEL SUR\">[Leer M\u00e1s]<\/a><\/p>\n<\/div>","protected":false},"author":3,"featured_media":31106,"comment_status":"open","ping_status":"open","sticky":false,"template":"","format":"standard","meta":{"_jetpack_memberships_contains_paid_content":false,"footnotes":"","jetpack_publicize_message":"","jetpack_publicize_feature_enabled":true,"jetpack_social_post_already_shared":true,"jetpack_social_options":{"image_generator_settings":{"template":"highway","default_image_id":0,"font":"","enabled":false},"version":2}},"categories":[24,51],"tags":[],"class_list":{"0":"post-31105","1":"post","2":"type-post","3":"status-publish","4":"format-standard","5":"has-post-thumbnail","7":"category-politica-provincial","8":"category-regionales"},"jetpack_publicize_connections":[],"jetpack_featured_media_url":"https:\/\/i0.wp.com\/larevistadigital.com.ar\/blog\/wp-content\/uploads\/Captura-de-pantalla-2023-04-19-175103.png?fit=853%2C460&ssl=1","jetpack_sharing_enabled":true,"jetpack_shortlink":"https:\/\/wp.me\/p8qtrQ-85H","jetpack-related-posts":[{"id":32493,"url":"https:\/\/larevistadigital.com.ar\/blog\/chascomus-partido-libres-del-sur-beatriz-de-leon-lanza-su-candidatura-con-la-presencia-y-apoyo-de-la-candidata-a-gobernadora-silvia-saravia\/","url_meta":{"origin":31105,"position":0},"title":"CHASCOM\u00daS, PARTIDO LIBRES DEL SUR: BEATRIZ DE LE\u00d3N LANZA SU CANDIDATURA CON LA PRESENCIA Y APOYO DE LA CANDIDATA A GOBERNADORA, SILVIA SARAVIA","author":"Alejandro Sosa Ruda","date":"19 julio, 2023","format":false,"excerpt":"La referente del Partido Libres del sur, Mar\u00eda Beatriz de Le\u00f3n logr\u00f3 un muy interesante apoyo de la candidata a gobernadora, Silvia Saravia, que visitar\u00e1 Chascom\u00fas y estar\u00e1 en la presentaci\u00f3n de la lista local. 19 de julio de 2023 CHASCOM\u00daS -\u00a0 Mar\u00eda Beatriz De Le\u00f3n presentar\u00e1 la lista que\u2026","rel":"","context":"En \u00abPOLITICA LOCAL\u00bb","block_context":{"text":"POLITICA LOCAL","link":"https:\/\/larevistadigital.com.ar\/blog\/category\/politica\/politica-local\/"},"img":{"alt_text":"","src":"https:\/\/i0.wp.com\/larevistadigital.com.ar\/blog\/wp-content\/uploads\/WhatsApp-Image-2023-07-03-at-16.33.12.jpeg?fit=1200%2C905&ssl=1&resize=350%2C200","width":350,"height":200,"srcset":"https:\/\/i0.wp.com\/larevistadigital.com.ar\/blog\/wp-content\/uploads\/WhatsApp-Image-2023-07-03-at-16.33.12.jpeg?fit=1200%2C905&ssl=1&resize=350%2C200 1x, https:\/\/i0.wp.com\/larevistadigital.com.ar\/blog\/wp-content\/uploads\/WhatsApp-Image-2023-07-03-at-16.33.12.jpeg?fit=1200%2C905&ssl=1&resize=525%2C300 1.5x, https:\/\/i0.wp.com\/larevistadigital.com.ar\/blog\/wp-content\/uploads\/WhatsApp-Image-2023-07-03-at-16.33.12.jpeg?fit=1200%2C905&ssl=1&resize=700%2C400 2x, https:\/\/i0.wp.com\/larevistadigital.com.ar\/blog\/wp-content\/uploads\/WhatsApp-Image-2023-07-03-at-16.33.12.jpeg?fit=1200%2C905&ssl=1&resize=1050%2C600 3x"},"classes":[]},{"id":32500,"url":"https:\/\/larevistadigital.com.ar\/blog\/chascomus-el-partido-libres-del-sur-beatriz-de-leon-lanza-su-candidatura-con-la-presencia-y-apoyo-de-la-candidata-a-gobernadora-silvia-saravia\/","url_meta":{"origin":31105,"position":1},"title":"CHASCOM\u00daS, EL PARTIDO LIBRES DEL SUR: BEATRIZ DE LE\u00d3N LANZA SU CANDIDATURA CON LA PRESENCIA Y APOYO DE LA CANDIDATA A GOBERNADORA, SILVIA SARAVIA","author":"Alejandro Sosa Ruda","date":"20 julio, 2023","format":false,"excerpt":"La referente del Partido Libres del sur, Mar\u00eda Beatriz de Le\u00f3n logr\u00f3 un muy interesante apoyo de la candidata a gobernadora, Silvia Saravia, que visitar\u00e1 Chascom\u00fas y estar\u00e1 en la presentaci\u00f3n de la lista local. 20 de julio de 2023 CHASCOM\u00daS -\u00a0 Mar\u00eda Beatriz De Le\u00f3n presentar\u00e1 la lista que\u2026","rel":"","context":"En \u00abPOLITICA LOCAL\u00bb","block_context":{"text":"POLITICA LOCAL","link":"https:\/\/larevistadigital.com.ar\/blog\/category\/politica\/politica-local\/"},"img":{"alt_text":"","src":"https:\/\/i0.wp.com\/larevistadigital.com.ar\/blog\/wp-content\/uploads\/LIBRES-DEL-SUR.jpg?fit=1200%2C900&ssl=1&resize=350%2C200","width":350,"height":200,"srcset":"https:\/\/i0.wp.com\/larevistadigital.com.ar\/blog\/wp-content\/uploads\/LIBRES-DEL-SUR.jpg?fit=1200%2C900&ssl=1&resize=350%2C200 1x, https:\/\/i0.wp.com\/larevistadigital.com.ar\/blog\/wp-content\/uploads\/LIBRES-DEL-SUR.jpg?fit=1200%2C900&ssl=1&resize=525%2C300 1.5x, https:\/\/i0.wp.com\/larevistadigital.com.ar\/blog\/wp-content\/uploads\/LIBRES-DEL-SUR.jpg?fit=1200%2C900&ssl=1&resize=700%2C400 2x, https:\/\/i0.wp.com\/larevistadigital.com.ar\/blog\/wp-content\/uploads\/LIBRES-DEL-SUR.jpg?fit=1200%2C900&ssl=1&resize=1050%2C600 3x"},"classes":[]},{"id":29689,"url":"https:\/\/larevistadigital.com.ar\/blog\/el-partido-libres-del-sur-pidio-alimentos-en-supermercados-y-municipios\/","url_meta":{"origin":31105,"position":2},"title":"EL PARTIDO LIBRES DEL SUR, PIDI\u00d3 ALIMENTOS EN SUPERMERCADOS Y MUNICIPIOS","author":"Alejandro Sosa Ruda","date":"29 diciembre, 2022","format":false,"excerpt":"Libres del Sur pidi\u00f3 alimentos en supermercados y municipios. La idea es brindar ayuda a quienes m\u00e1s lo necesitan en este fin de a\u00f1o. 29 de diciembre de 2022 La organizaci\u00f3n se manifest\u00f3 este jueves 29\/12, desde las 11 hs, frente a supermercados y municipios, para solicitar alimentos este fin\u2026","rel":"","context":"En \u00abINTERES GENERAL\u00bb","block_context":{"text":"INTERES GENERAL","link":"https:\/\/larevistadigital.com.ar\/blog\/category\/interes-general\/"},"img":{"alt_text":"","src":"https:\/\/i0.wp.com\/larevistadigital.com.ar\/blog\/wp-content\/uploads\/20221229154828_libres_del_sur.jpg?fit=880%2C586&ssl=1&resize=350%2C200","width":350,"height":200,"srcset":"https:\/\/i0.wp.com\/larevistadigital.com.ar\/blog\/wp-content\/uploads\/20221229154828_libres_del_sur.jpg?fit=880%2C586&ssl=1&resize=350%2C200 1x, https:\/\/i0.wp.com\/larevistadigital.com.ar\/blog\/wp-content\/uploads\/20221229154828_libres_del_sur.jpg?fit=880%2C586&ssl=1&resize=525%2C300 1.5x, https:\/\/i0.wp.com\/larevistadigital.com.ar\/blog\/wp-content\/uploads\/20221229154828_libres_del_sur.jpg?fit=880%2C586&ssl=1&resize=700%2C400 2x"},"classes":[]},{"id":32554,"url":"https:\/\/larevistadigital.com.ar\/blog\/beatriz-de-leon-presento-a-sus-candidatos-con-la-visita-de-la-candidata-a-gobernadora-de-la-lista-del-partido-libres-del-sur\/","url_meta":{"origin":31105,"position":3},"title":"BEATRIZ DE LE\u00d3N PRESENTO A SUS CANDIDATOS CON LA VISITA DE LA CANDIDATA A GOBERNADORA DE LA LISTA DEL PARTIDO LIBRES DEL SUR","author":"Alejandro Sosa Ruda","date":"24 julio, 2023","format":false,"excerpt":"El acto se realiz\u00f3 el d\u00eda s\u00e1bado a las 17 hs. en el local partidario de calle Libres del Sur 615, donde se reunieron muchos militantes y vecinos. 24 de agosto de 2023 CHASCOM\u00daS\u00a0 -\u00a0 Finalmente se hizo la presentaci\u00f3n formal de la lista que encabeza Mar\u00eda Beatriz De Le\u00f3n\u2026","rel":"","context":"En \u00abINTERES GENERAL\u00bb","block_context":{"text":"INTERES GENERAL","link":"https:\/\/larevistadigital.com.ar\/blog\/category\/interes-general\/"},"img":{"alt_text":"","src":"https:\/\/i0.wp.com\/larevistadigital.com.ar\/blog\/wp-content\/uploads\/WhatsApp-Image-2023-07-24-at-12.09.18.jpeg?fit=1200%2C675&ssl=1&resize=350%2C200","width":350,"height":200,"srcset":"https:\/\/i0.wp.com\/larevistadigital.com.ar\/blog\/wp-content\/uploads\/WhatsApp-Image-2023-07-24-at-12.09.18.jpeg?fit=1200%2C675&ssl=1&resize=350%2C200 1x, https:\/\/i0.wp.com\/larevistadigital.com.ar\/blog\/wp-content\/uploads\/WhatsApp-Image-2023-07-24-at-12.09.18.jpeg?fit=1200%2C675&ssl=1&resize=525%2C300 1.5x, https:\/\/i0.wp.com\/larevistadigital.com.ar\/blog\/wp-content\/uploads\/WhatsApp-Image-2023-07-24-at-12.09.18.jpeg?fit=1200%2C675&ssl=1&resize=700%2C400 2x, https:\/\/i0.wp.com\/larevistadigital.com.ar\/blog\/wp-content\/uploads\/WhatsApp-Image-2023-07-24-at-12.09.18.jpeg?fit=1200%2C675&ssl=1&resize=1050%2C600 3x"},"classes":[]},{"id":28025,"url":"https:\/\/larevistadigital.com.ar\/blog\/comunicado-de-prensa-del-partido-libres-del-sur-e-informacion-de-la-campana-de-junta-de-firmas-por-la-congelacion-de-precios-y-servicios-durante-un-ano\/","url_meta":{"origin":31105,"position":4},"title":"COMUNICADO DE PRENSA DEL PARTIDO LIBRES DEL SUR E INFORMACI\u00d3N DE LA CAMPA\u00d1A DE JUNTA DE FIRMAS POR LA CONGELACI\u00d3N DE PRECIOS Y SERVICIOS DURANTE UN A\u00d1O","author":"Alejandro Sosa Ruda","date":"23 septiembre, 2022","format":false,"excerpt":"Comunicado de prensa 23 de diciembre de 2022 Jes\u00fas: \u201cParen la inflaci\u00f3n. Eso le est\u00e1 exigiendo la ciudadan\u00eda a este gobierno insensible\u201d \u201cCongelen los precios, paren la inflaci\u00f3n eso le est\u00e1 exigiendo la ciudadan\u00eda a este gobierno insensible frente al drama de millones. Los bolsillos de las familias argentinas no\u2026","rel":"","context":"En \u00abINTERES GENERAL\u00bb","block_context":{"text":"INTERES GENERAL","link":"https:\/\/larevistadigital.com.ar\/blog\/category\/interes-general\/"},"img":{"alt_text":"","src":"https:\/\/i0.wp.com\/larevistadigital.com.ar\/blog\/wp-content\/uploads\/WhatsApp-Image-2022-09-23-at-10.19.07.jpeg?fit=724%2C1200&ssl=1&resize=350%2C200","width":350,"height":200,"srcset":"https:\/\/i0.wp.com\/larevistadigital.com.ar\/blog\/wp-content\/uploads\/WhatsApp-Image-2022-09-23-at-10.19.07.jpeg?fit=724%2C1200&ssl=1&resize=350%2C200 1x, https:\/\/i0.wp.com\/larevistadigital.com.ar\/blog\/wp-content\/uploads\/WhatsApp-Image-2022-09-23-at-10.19.07.jpeg?fit=724%2C1200&ssl=1&resize=525%2C300 1.5x, https:\/\/i0.wp.com\/larevistadigital.com.ar\/blog\/wp-content\/uploads\/WhatsApp-Image-2022-09-23-at-10.19.07.jpeg?fit=724%2C1200&ssl=1&resize=700%2C400 2x"},"classes":[]},{"id":30241,"url":"https:\/\/larevistadigital.com.ar\/blog\/chascomus-beatriz-de-leon-encabeza-la-lista-unica-para-las-internas-del-partido-libres-del-sur\/","url_meta":{"origin":31105,"position":5},"title":"CHASCOM\u00daS: BEATRIZ DE LE\u00d3N ENCABEZA LA LISTA \u00daNICA PARA LAS INTERNAS DEL PARTIDO LIBRES DEL SUR","author":"Alejandro Sosa Ruda","date":"25 febrero, 2023","format":false,"excerpt":"Se realizaran el pr\u00f3ximo 11 de marzo, en toda la provincia de Buenos Aires. 25 de febrero de 2023 CHASCOM\u00daS -\u00a0 En el marco de la elecci\u00f3n interna que realizar\u00e1 el Movimiento Libres del Sur, en toda la provincia de Buenos Aires el pr\u00f3ximo 11 de marzo; en nuestra ciudad,\u2026","rel":"","context":"En \u00abCHASCOM\u00daS\u00bb","block_context":{"text":"CHASCOM\u00daS","link":"https:\/\/larevistadigital.com.ar\/blog\/category\/chascomus\/"},"img":{"alt_text":"","src":"https:\/\/i0.wp.com\/larevistadigital.com.ar\/blog\/wp-content\/uploads\/333162920_1258483558431162_7998417187376837282_n.jpg?fit=843%2C843&ssl=1&resize=350%2C200","width":350,"height":200,"srcset":"https:\/\/i0.wp.com\/larevistadigital.com.ar\/blog\/wp-content\/uploads\/333162920_1258483558431162_7998417187376837282_n.jpg?fit=843%2C843&ssl=1&resize=350%2C200 1x, https:\/\/i0.wp.com\/larevistadigital.com.ar\/blog\/wp-content\/uploads\/333162920_1258483558431162_7998417187376837282_n.jpg?fit=843%2C843&ssl=1&resize=525%2C300 1.5x, https:\/\/i0.wp.com\/larevistadigital.com.ar\/blog\/wp-content\/uploads\/333162920_1258483558431162_7998417187376837282_n.jpg?fit=843%2C843&ssl=1&resize=700%2C400 2x"},"classes":[]}],"_links":{"self":[{"href":"https:\/\/larevistadigital.com.ar\/blog\/wp-json\/wp\/v2\/posts\/31105","targetHints":{"allow":["GET"]}}],"collection":[{"href":"https:\/\/larevistadigital.com.ar\/blog\/wp-json\/wp\/v2\/posts"}],"about":[{"href":"https:\/\/larevistadigital.com.ar\/blog\/wp-json\/wp\/v2\/types\/post"}],"author":[{"embeddable":true,"href":"https:\/\/larevistadigital.com.ar\/blog\/wp-json\/wp\/v2\/users\/3"}],"replies":[{"embeddable":true,"href":"https:\/\/larevistadigital.com.ar\/blog\/wp-json\/wp\/v2\/comments?post=31105"}],"version-history":[{"count":1,"href":"https:\/\/larevistadigital.com.ar\/blog\/wp-json\/wp\/v2\/posts\/31105\/revisions"}],"predecessor-version":[{"id":31107,"href":"https:\/\/larevistadigital.com.ar\/blog\/wp-json\/wp\/v2\/posts\/31105\/revisions\/31107"}],"wp:featuredmedia":[{"embeddable":true,"href":"https:\/\/larevistadigital.com.ar\/blog\/wp-json\/wp\/v2\/media\/31106"}],"wp:attachment":[{"href":"https:\/\/larevistadigital.com.ar\/blog\/wp-json\/wp\/v2\/media?parent=31105"}],"wp:term":[{"taxonomy":"category","embeddable":true,"href":"https:\/\/larevistadigital.com.ar\/blog\/wp-json\/wp\/v2\/categories?post=31105"},{"taxonomy":"post_tag","embeddable":true,"href":"https:\/\/larevistadigital.com.ar\/blog\/wp-json\/wp\/v2\/tags?post=31105"}],"curies":[{"name":"wp","href":"https:\/\/api.w.org\/{rel}","templated":true}]}}