{"id":31116,"date":"2023-04-19T21:59:29","date_gmt":"2023-04-19T21:59:29","guid":{"rendered":"https:\/\/larevistadigital.com.ar\/blog\/?p=31116"},"modified":"2023-04-19T21:59:29","modified_gmt":"2023-04-19T21:59:29","slug":"chascomus-detienen-al-autor-de-un-robo-a-una-mujer-en-juarez-y-escribano","status":"publish","type":"post","link":"https:\/\/larevistadigital.com.ar\/blog\/chascomus-detienen-al-autor-de-un-robo-a-una-mujer-en-juarez-y-escribano\/","title":{"rendered":"CHASCOM\u00daS: DETIENEN AL AUTOR DE UN ROBO A UNA MUJER EN JUAREZ Y ESCRIBANO"},"content":{"rendered":"<h2>El sujeto detenido fue identificado como autor del robo de una cartera a una se\u00f1ora el lunes 17\/4 pasado.<\/h2>\n<p>19 de abril de 2023<\/p>\n<p><strong>CHASCOM\u00daS &#8211;<\/strong>\u00a0 En horas de la tarde del d\u00eda de hoy, se llev\u00f3 a cabo una detenci\u00f3n en la v\u00eda p\u00fablica por personal del Gabinete T\u00e9cnico Operativo de la Polic\u00eda Comunal, requerida por el <strong>Dr. Jonatan Robert<\/strong>, titular de UFI 10.<\/p>\n<blockquote>\n<h3>Luego de\u00a0 arduas tareas investigativas y encubiertas reuniendo pruebas suficientes, se pudo establecer que el detenido en la fecha, fue el autor de un hecho ilicito ocurrido el d\u00eda Lunes 17 del corriente.<\/h3>\n<\/blockquote>\n<p>El hecho, fue en las inmediaciones de Juarez y Escribano, donde el delincuente abord\u00f3 a una mujer mayor de edad por la espalda y mediante intimidaci\u00f3n de arma blanca logro sustraerle su cartera, la que fue recuperada por personal policial.<\/p>\n<p>El detenido en la fecha fue imputado por el delito de <strong>ROBO AGRAVADO POR EL USO DE ARMA<\/strong> y se encuentra alojado en el asiento de la Estaci\u00f3n de Polic\u00eda Comunal de Chascomus.<\/p>\n","protected":false},"excerpt":{"rendered":"<div class=\"mh-excerpt\"><p>El sujeto detenido fue identificado como autor del robo de una cartera a una se\u00f1ora el lunes 17\/4 pasado. 19 de abril de 2023 CHASCOM\u00daS &#8211;\u00a0 En horas de la tarde del d\u00eda de hoy, <a class=\"mh-excerpt-more\" href=\"https:\/\/larevistadigital.com.ar\/blog\/chascomus-detienen-al-autor-de-un-robo-a-una-mujer-en-juarez-y-escribano\/\" title=\"CHASCOM\u00daS: DETIENEN AL AUTOR DE UN ROBO A UNA MUJER EN JUAREZ Y ESCRIBANO\">[Leer M\u00e1s]<\/a><\/p>\n<\/div>","protected":false},"author":3,"featured_media":31117,"comment_status":"open","ping_status":"open","sticky":false,"template":"","format":"standard","meta":{"_jetpack_memberships_contains_paid_content":false,"footnotes":"","jetpack_publicize_message":"","jetpack_publicize_feature_enabled":true,"jetpack_social_post_already_shared":true,"jetpack_social_options":{"image_generator_settings":{"template":"highway","default_image_id":0,"font":"","enabled":false},"version":2}},"categories":[41],"tags":[],"class_list":{"0":"post-31116","1":"post","2":"type-post","3":"status-publish","4":"format-standard","5":"has-post-thumbnail","7":"category-destacadas"},"jetpack_publicize_connections":[],"jetpack_featured_media_url":"https:\/\/i0.wp.com\/larevistadigital.com.ar\/blog\/wp-content\/uploads\/WhatsApp-Image-2023-04-19-at-18.23.58-e1681941378946.jpeg?fit=899%2C952&ssl=1","jetpack_sharing_enabled":true,"jetpack_shortlink":"https:\/\/wp.me\/p8qtrQ-85S","jetpack-related-posts":[{"id":35259,"url":"https:\/\/larevistadigital.com.ar\/blog\/chascomus-fue-liberado-hace-dos-semanas-ayer-lastimo-y-robo-a-una-mujer-de-77-anos-y-la-policia-volvio-a-apresarlo\/","url_meta":{"origin":31116,"position":0},"title":"CHASCOM\u00daS: FUE LIBERADO HACE DOS SEMANAS, AYER LASTIM\u00d3 Y ROB\u00d3 A UNA MUJER DE 77 A\u00d1OS Y LA POLIC\u00cdA VOLVI\u00d3 A APRESARLO","author":"Alejandro Sosa Ruda","date":"14 febrero, 2024","format":false,"excerpt":"El detenido viv\u00eda en el Barrio 30 de Mayo y estuvo encarcelado hasta hace dos semanas. Ahora volvi\u00f3 a delinquir y nuevamente se encuentra detenido. 14 de febrero de 2024 CHASCOM\u00daS -\u00a0 \u00a0En horas de la tarde del dia de ayer, la polic\u00eda recibio una denuncia de una mujer de\u2026","rel":"","context":"En \u00abCHASCOM\u00daS\u00bb","block_context":{"text":"CHASCOM\u00daS","link":"https:\/\/larevistadigital.com.ar\/blog\/category\/chascomus\/"},"img":{"alt_text":"","src":"https:\/\/i0.wp.com\/larevistadigital.com.ar\/blog\/wp-content\/uploads\/detenido-2-e1707954251403.jpg?fit=699%2C401&ssl=1&resize=350%2C200","width":350,"height":200,"srcset":"https:\/\/i0.wp.com\/larevistadigital.com.ar\/blog\/wp-content\/uploads\/detenido-2-e1707954251403.jpg?fit=699%2C401&ssl=1&resize=350%2C200 1x, https:\/\/i0.wp.com\/larevistadigital.com.ar\/blog\/wp-content\/uploads\/detenido-2-e1707954251403.jpg?fit=699%2C401&ssl=1&resize=525%2C300 1.5x"},"classes":[]},{"id":8185,"url":"https:\/\/larevistadigital.com.ar\/blog\/chascomus-la-policia-comunal-detiene-otro-motochorro\/","url_meta":{"origin":31116,"position":1},"title":"CHASCOM\u00daS: LA POLIC\u00cdA COMUNAL IDENTIFICA OTRO MOTOCHORRO","author":"Alejandro Sosa Ruda","date":"6 febrero, 2019","format":false,"excerpt":"A ra\u00edz de un hecho de Hurto en modalidad arrebato acaecido el d\u00eda 04\/02\/19 en perjuicio de una mujer que circulaba en la fecha aludida alrededor de las 17:00 horas en Av. Presidente Alfons\u00edn y Bah\u00eda Blanca donde dos sujetos a bordo de una moto le sustraen una cartera con\u2026","rel":"","context":"En \u00abCHASCOM\u00daS\u00bb","block_context":{"text":"CHASCOM\u00daS","link":"https:\/\/larevistadigital.com.ar\/blog\/category\/chascomus\/"},"img":{"alt_text":"","src":"https:\/\/i0.wp.com\/larevistadigital.com.ar\/blog\/wp-content\/uploads\/2019\/02\/5322.jpg?fit=1200%2C667&ssl=1&resize=350%2C200","width":350,"height":200,"srcset":"https:\/\/i0.wp.com\/larevistadigital.com.ar\/blog\/wp-content\/uploads\/2019\/02\/5322.jpg?fit=1200%2C667&ssl=1&resize=350%2C200 1x, https:\/\/i0.wp.com\/larevistadigital.com.ar\/blog\/wp-content\/uploads\/2019\/02\/5322.jpg?fit=1200%2C667&ssl=1&resize=525%2C300 1.5x, https:\/\/i0.wp.com\/larevistadigital.com.ar\/blog\/wp-content\/uploads\/2019\/02\/5322.jpg?fit=1200%2C667&ssl=1&resize=700%2C400 2x, https:\/\/i0.wp.com\/larevistadigital.com.ar\/blog\/wp-content\/uploads\/2019\/02\/5322.jpg?fit=1200%2C667&ssl=1&resize=1050%2C600 3x"},"classes":[]},{"id":8439,"url":"https:\/\/larevistadigital.com.ar\/blog\/chascomus-luego-de-procedimiento-de-la-policia-comunal-se-detuvo-al-autor-de-un-robo\/","url_meta":{"origin":31116,"position":2},"title":"CHASCOM\u00daS: LUEGO DE PROCEDIMIENTO DE LA POLIC\u00cdA COMUNAL, SE DETUVO AL AUTOR DE UN ROBO","author":"Alejandro Sosa Ruda","date":"14 febrero, 2019","format":false,"excerpt":"En referencia al allanamiento positivo en el cual se secuestr\u00f3 un ventilador,\u00a0 en la fecha, y gracias a los elementos de prueba reunidos en dicha causa, el Juzgado de Garant\u00edas 5 a cargo del Dr Christian Gasquet libr\u00f3 orden de detenci\u00f3n para el autor del mentado Robo el cual fue\u2026","rel":"","context":"En \u00abPOLICIALES\u00bb","block_context":{"text":"POLICIALES","link":"https:\/\/larevistadigital.com.ar\/blog\/category\/policiales\/"},"img":{"alt_text":"","src":"https:\/\/i0.wp.com\/larevistadigital.com.ar\/blog\/wp-content\/uploads\/2019\/01\/bbx_755050019_comisaria_chasco_01.jpg?fit=800%2C579&ssl=1&resize=350%2C200","width":350,"height":200,"srcset":"https:\/\/i0.wp.com\/larevistadigital.com.ar\/blog\/wp-content\/uploads\/2019\/01\/bbx_755050019_comisaria_chasco_01.jpg?fit=800%2C579&ssl=1&resize=350%2C200 1x, https:\/\/i0.wp.com\/larevistadigital.com.ar\/blog\/wp-content\/uploads\/2019\/01\/bbx_755050019_comisaria_chasco_01.jpg?fit=800%2C579&ssl=1&resize=525%2C300 1.5x, https:\/\/i0.wp.com\/larevistadigital.com.ar\/blog\/wp-content\/uploads\/2019\/01\/bbx_755050019_comisaria_chasco_01.jpg?fit=800%2C579&ssl=1&resize=700%2C400 2x"},"classes":[]},{"id":42405,"url":"https:\/\/larevistadigital.com.ar\/blog\/chascomus-allanamiento-en-el-barrio-escribano-tras-el-robo-de-dos-bicicletas\/","url_meta":{"origin":31116,"position":3},"title":"Chascom\u00fas: Allanamiento en el Barrio Escribano, tras el robo de dos bicicletas","author":"Alejandro Sosa Ruda","date":"5 noviembre, 2025","format":false,"excerpt":"La Polic\u00eda de Chascom\u00fas realiz\u00f3 un allanamiento en una vivienda de calle Estrada y notific\u00f3 al presunto autor del robo de dos bicicletas sustra\u00eddas del patio de una casa del barrio Escribano. 05 de Noviembre de 2025 CHASCOM\u00daS -\u00a0 \u00a0Autoridades policiales informaron que, a ra\u00edz de una denuncia radicada el\u2026","rel":"","context":"En \u00abINTERES GENERAL\u00bb","block_context":{"text":"INTERES GENERAL","link":"https:\/\/larevistadigital.com.ar\/blog\/category\/interes-general\/"},"img":{"alt_text":"","src":"https:\/\/i0.wp.com\/larevistadigital.com.ar\/blog\/wp-content\/uploads\/Patrullero-La-Plata-Berisso-Policia.jpg?fit=882%2C492&ssl=1&resize=350%2C200","width":350,"height":200,"srcset":"https:\/\/i0.wp.com\/larevistadigital.com.ar\/blog\/wp-content\/uploads\/Patrullero-La-Plata-Berisso-Policia.jpg?fit=882%2C492&ssl=1&resize=350%2C200 1x, https:\/\/i0.wp.com\/larevistadigital.com.ar\/blog\/wp-content\/uploads\/Patrullero-La-Plata-Berisso-Policia.jpg?fit=882%2C492&ssl=1&resize=525%2C300 1.5x, https:\/\/i0.wp.com\/larevistadigital.com.ar\/blog\/wp-content\/uploads\/Patrullero-La-Plata-Berisso-Policia.jpg?fit=882%2C492&ssl=1&resize=700%2C400 2x"},"classes":[]},{"id":38659,"url":"https:\/\/larevistadigital.com.ar\/blog\/chascomus-allanan-y-detienen-a-menor-de-14-anos-autor-de-distintos-robos\/","url_meta":{"origin":31116,"position":4},"title":"Chascom\u00fas: Allanan y detienen a menor de 14 a\u00f1os, autor de distintos robos","author":"Alejandro Sosa Ruda","date":"10 febrero, 2025","format":false,"excerpt":"El menor est\u00e1 sindicado como el responsable del robo en el Club de Pelotas; distintas motos y robos en el barrio El Tambor. 10 de Febrero de 2025 CHASCOM\u00daS -\u00a0 En horas de la ma\u00f1ana personal de E.P.C. Chascomus 1ra. hizo efectivo un allanamiento en un domicilio de calle Belbeze.\u2026","rel":"","context":"En \u00abDESTACADAS\u00bb","block_context":{"text":"DESTACADAS","link":"https:\/\/larevistadigital.com.ar\/blog\/category\/destacadas\/"},"img":{"alt_text":"","src":"https:\/\/i0.wp.com\/larevistadigital.com.ar\/blog\/wp-content\/uploads\/menor-detenido.jpg?fit=850%2C479&ssl=1&resize=350%2C200","width":350,"height":200,"srcset":"https:\/\/i0.wp.com\/larevistadigital.com.ar\/blog\/wp-content\/uploads\/menor-detenido.jpg?fit=850%2C479&ssl=1&resize=350%2C200 1x, https:\/\/i0.wp.com\/larevistadigital.com.ar\/blog\/wp-content\/uploads\/menor-detenido.jpg?fit=850%2C479&ssl=1&resize=525%2C300 1.5x, https:\/\/i0.wp.com\/larevistadigital.com.ar\/blog\/wp-content\/uploads\/menor-detenido.jpg?fit=850%2C479&ssl=1&resize=700%2C400 2x"},"classes":[]},{"id":35437,"url":"https:\/\/larevistadigital.com.ar\/blog\/chascomus-robo-en-un-corralon-y-fue-detenido-por-la-policia\/","url_meta":{"origin":31116,"position":5},"title":"CHASCOM\u00daS: ROB\u00d3 EN UN CORRAL\u00d3N Y FUE DETENIDO POR LA POLIC\u00cdA","author":"Alejandro Sosa Ruda","date":"9 marzo, 2024","format":false,"excerpt":"El sujeto oriundo de Dolores, intent\u00f3 escapar, pero fue aprehendido a pocas cuadras del lugar, con todos los elementos robados. 9 de marzo de 2024 CHASCOM\u00daS -\u00a0 Durante las primeras horas de la madrugada del dia de la fecha, personal policial de E.P.C. Chascomus 1ra., procedi\u00f3 a la aprehensi\u00f3n de\u2026","rel":"","context":"En \u00abCHASCOM\u00daS\u00bb","block_context":{"text":"CHASCOM\u00daS","link":"https:\/\/larevistadigital.com.ar\/blog\/category\/chascomus\/"},"img":{"alt_text":"","src":"https:\/\/i0.wp.com\/larevistadigital.com.ar\/blog\/wp-content\/uploads\/1620734311775.jpg?fit=1200%2C777&ssl=1&resize=350%2C200","width":350,"height":200,"srcset":"https:\/\/i0.wp.com\/larevistadigital.com.ar\/blog\/wp-content\/uploads\/1620734311775.jpg?fit=1200%2C777&ssl=1&resize=350%2C200 1x, https:\/\/i0.wp.com\/larevistadigital.com.ar\/blog\/wp-content\/uploads\/1620734311775.jpg?fit=1200%2C777&ssl=1&resize=525%2C300 1.5x, https:\/\/i0.wp.com\/larevistadigital.com.ar\/blog\/wp-content\/uploads\/1620734311775.jpg?fit=1200%2C777&ssl=1&resize=700%2C400 2x, https:\/\/i0.wp.com\/larevistadigital.com.ar\/blog\/wp-content\/uploads\/1620734311775.jpg?fit=1200%2C777&ssl=1&resize=1050%2C600 3x"},"classes":[]}],"_links":{"self":[{"href":"https:\/\/larevistadigital.com.ar\/blog\/wp-json\/wp\/v2\/posts\/31116","targetHints":{"allow":["GET"]}}],"collection":[{"href":"https:\/\/larevistadigital.com.ar\/blog\/wp-json\/wp\/v2\/posts"}],"about":[{"href":"https:\/\/larevistadigital.com.ar\/blog\/wp-json\/wp\/v2\/types\/post"}],"author":[{"embeddable":true,"href":"https:\/\/larevistadigital.com.ar\/blog\/wp-json\/wp\/v2\/users\/3"}],"replies":[{"embeddable":true,"href":"https:\/\/larevistadigital.com.ar\/blog\/wp-json\/wp\/v2\/comments?post=31116"}],"version-history":[{"count":1,"href":"https:\/\/larevistadigital.com.ar\/blog\/wp-json\/wp\/v2\/posts\/31116\/revisions"}],"predecessor-version":[{"id":31118,"href":"https:\/\/larevistadigital.com.ar\/blog\/wp-json\/wp\/v2\/posts\/31116\/revisions\/31118"}],"wp:featuredmedia":[{"embeddable":true,"href":"https:\/\/larevistadigital.com.ar\/blog\/wp-json\/wp\/v2\/media\/31117"}],"wp:attachment":[{"href":"https:\/\/larevistadigital.com.ar\/blog\/wp-json\/wp\/v2\/media?parent=31116"}],"wp:term":[{"taxonomy":"category","embeddable":true,"href":"https:\/\/larevistadigital.com.ar\/blog\/wp-json\/wp\/v2\/categories?post=31116"},{"taxonomy":"post_tag","embeddable":true,"href":"https:\/\/larevistadigital.com.ar\/blog\/wp-json\/wp\/v2\/tags?post=31116"}],"curies":[{"name":"wp","href":"https:\/\/api.w.org\/{rel}","templated":true}]}}