{"id":31127,"date":"2023-04-19T22:44:35","date_gmt":"2023-04-19T22:44:35","guid":{"rendered":"https:\/\/larevistadigital.com.ar\/blog\/?p=31127"},"modified":"2023-04-19T22:44:35","modified_gmt":"2023-04-19T22:44:35","slug":"el-agua-debera-ser-libre-y-gratuita-en-todos-los-bares-y-boliches-del-territorio-bonaerense","status":"publish","type":"post","link":"https:\/\/larevistadigital.com.ar\/blog\/el-agua-debera-ser-libre-y-gratuita-en-todos-los-bares-y-boliches-del-territorio-bonaerense\/","title":{"rendered":"EL AGUA DEBER\u00c1 SER LIBRE Y GRATUITA EN TODOS LOS BARES Y BOLICHES DEL TERRITORIO BONAERENSE"},"content":{"rendered":"<h2 class=\"fparrafo ctext fz18 lh25\">Se trata de una iniciativa impulsada por el Ministerio de Salud de la provincia, que sostiene que el acceso al agua es un derecho y, adem\u00e1s, es una de las principales estrategias para mitigar la intoxicaci\u00f3n alcoh\u00f3lica.<\/h2>\n<p>19 De abril de 2023<\/p>\n<p class=\"selectionShareable\"><strong>BUENOS AIRES &#8211;\u00a0<\/strong> \u00a0Los bares y boliches, y todos aquellos establecimientos que se encuentren habilitados para la venta de bebidas alcoh\u00f3licas deber\u00e1n proveer el acceso al agua de manera libre y gratuita, a partir de una ley aprobada recientemente en la Legislatura bonaerense.<\/p>\n<p class=\"selectionShareable\">Se trata de una iniciativa impulsada por el Ministerio de Salud de la provincia, que sostiene que el acceso al agua es un derecho y, adem\u00e1s, es una de las principales estrategias para mitigar la intoxicaci\u00f3n alcoh\u00f3lica.<\/p>\n<p class=\"selectionShareable\">Por este motivo, el proyecto propone que todo establecimiento o lugar, fijo o m\u00f3vil, que se encuentre habilitado para la venta o expendio a cualquier t\u00edtulo de bebidas alcoh\u00f3licas deber\u00e1 proveer y garantizar el acceso gratuito a agua potable suficiente y sin l\u00edmite alguno.<\/p>\n<p class=\"selectionShareable\">A su vez, los establecimientos que brinden servicio de mesa o barra (bares, restaurantes, cantinas, etc.) deber\u00e1n garantizar en la mesa de sus clientes una jarra o botella de al menos doscientos cincuenta cent\u00edmetros c\u00fabicos (250 cc) y tambi\u00e9n deber\u00e1n colocar se\u00f1al\u00e9tica clara donde se comunique e informe sobre la gratuidad del acceso al agua, e incentivar su consumo, como pr\u00e1ctica de reducci\u00f3n de da\u00f1os y riesgos ante el consumo de alcohol. (<b>InfoGEI<\/b>) Mg<\/p>\n","protected":false},"excerpt":{"rendered":"<div class=\"mh-excerpt\"><p>Se trata de una iniciativa impulsada por el Ministerio de Salud de la provincia, que sostiene que el acceso al agua es un derecho y, adem\u00e1s, es una de las principales estrategias para mitigar la <a class=\"mh-excerpt-more\" href=\"https:\/\/larevistadigital.com.ar\/blog\/el-agua-debera-ser-libre-y-gratuita-en-todos-los-bares-y-boliches-del-territorio-bonaerense\/\" title=\"EL AGUA DEBER\u00c1 SER LIBRE Y GRATUITA EN TODOS LOS BARES Y BOLICHES DEL TERRITORIO BONAERENSE\">[Leer M\u00e1s]<\/a><\/p>\n<\/div>","protected":false},"author":3,"featured_media":31128,"comment_status":"open","ping_status":"open","sticky":false,"template":"","format":"standard","meta":{"_jetpack_memberships_contains_paid_content":false,"footnotes":"","jetpack_publicize_message":"","jetpack_publicize_feature_enabled":true,"jetpack_social_post_already_shared":true,"jetpack_social_options":{"image_generator_settings":{"template":"highway","default_image_id":0,"font":"","enabled":false},"version":2}},"categories":[50],"tags":[],"class_list":{"0":"post-31127","1":"post","2":"type-post","3":"status-publish","4":"format-standard","5":"has-post-thumbnail","7":"category-interes-general"},"jetpack_publicize_connections":[],"jetpack_featured_media_url":"https:\/\/i0.wp.com\/larevistadigital.com.ar\/blog\/wp-content\/uploads\/20230419163156_agu.jpg?fit=880%2C512&ssl=1","jetpack_sharing_enabled":true,"jetpack_shortlink":"https:\/\/wp.me\/p8qtrQ-863","jetpack-related-posts":[{"id":24261,"url":"https:\/\/larevistadigital.com.ar\/blog\/peligro-de-intoxicacion-con-cianobacterias-en-la-laguna-de-gomez-en-junin\/","url_meta":{"origin":31127,"position":0},"title":"PEL\u00cdGRO DE INTOXICACI\u00d3N CON CIANOBACTERIAS EN LA LAGUNA DE G\u00d3MEZ EN JUNIN","author":"Alejandro Sosa Ruda","date":"28 febrero, 2022","format":false,"excerpt":"Los ministerios de Salud, Infraestructura, Seguridad y Ambiente de la Provincia de Buenos Aires, en conjunto con la Mesa Interinstitucional de Cianobacterias, alertaron a la comunidad, que en las \u00faltimas horas se detectaron cianobacterias en las aguas de la Laguna de G\u00f3mez- Bajada \u201cMar\u00eda Mar\u00eda\u201d, ubicada en el distrito de\u2026","rel":"","context":"En \u00abINTERES GENERAL\u00bb","block_context":{"text":"INTERES GENERAL","link":"https:\/\/larevistadigital.com.ar\/blog\/category\/interes-general\/"},"img":{"alt_text":"","src":"https:\/\/i0.wp.com\/larevistadigital.com.ar\/blog\/wp-content\/uploads\/20220227064939_laguna-gomez-cianobacterias-junin.jpg?fit=880%2C512&ssl=1&resize=350%2C200","width":350,"height":200,"srcset":"https:\/\/i0.wp.com\/larevistadigital.com.ar\/blog\/wp-content\/uploads\/20220227064939_laguna-gomez-cianobacterias-junin.jpg?fit=880%2C512&ssl=1&resize=350%2C200 1x, https:\/\/i0.wp.com\/larevistadigital.com.ar\/blog\/wp-content\/uploads\/20220227064939_laguna-gomez-cianobacterias-junin.jpg?fit=880%2C512&ssl=1&resize=525%2C300 1.5x, https:\/\/i0.wp.com\/larevistadigital.com.ar\/blog\/wp-content\/uploads\/20220227064939_laguna-gomez-cianobacterias-junin.jpg?fit=880%2C512&ssl=1&resize=700%2C400 2x"},"classes":[]},{"id":22206,"url":"https:\/\/larevistadigital.com.ar\/blog\/presentaron-el-primer-mapa-de-la-red-de-acceso-al-aborto-en-la-provincia-de-buenos-aires\/","url_meta":{"origin":31127,"position":1},"title":"PRESENTARON EL PRIMER MAPA DE LA RED DE ACCESO AL ABORTO EN LA PROVINCIA DE BUENOS AIRES","author":"Alejandro Sosa Ruda","date":"30 septiembre, 2021","format":false,"excerpt":"Est\u00e1 disponible desde ayer en la web del Ministerio de Salud, donde adem\u00e1s de los hospitales y centros de salud de la red, hay informaci\u00f3n importante para el acceso a interrupciones voluntarias y legales, seguras y gratuitas. El Ministerio de Salud de la Provincia dispone en su p\u00e1gina web www.ms.gba.gov.ar\u2026","rel":"","context":"En \u00abPOLITICA\u00bb","block_context":{"text":"POLITICA","link":"https:\/\/larevistadigital.com.ar\/blog\/category\/politica\/"},"img":{"alt_text":"","src":"https:\/\/i0.wp.com\/larevistadigital.com.ar\/blog\/wp-content\/uploads\/Captura-de-pantalla-2021-09-30-203939.jpg?fit=988%2C520&ssl=1&resize=350%2C200","width":350,"height":200,"srcset":"https:\/\/i0.wp.com\/larevistadigital.com.ar\/blog\/wp-content\/uploads\/Captura-de-pantalla-2021-09-30-203939.jpg?fit=988%2C520&ssl=1&resize=350%2C200 1x, https:\/\/i0.wp.com\/larevistadigital.com.ar\/blog\/wp-content\/uploads\/Captura-de-pantalla-2021-09-30-203939.jpg?fit=988%2C520&ssl=1&resize=525%2C300 1.5x, https:\/\/i0.wp.com\/larevistadigital.com.ar\/blog\/wp-content\/uploads\/Captura-de-pantalla-2021-09-30-203939.jpg?fit=988%2C520&ssl=1&resize=700%2C400 2x"},"classes":[]},{"id":44370,"url":"https:\/\/larevistadigital.com.ar\/blog\/la-provincia-firmo-un-acuerdo-con-la-ops-para-fortalecer-el-sistema-de-salud\/","url_meta":{"origin":31127,"position":2},"title":"La Provincia firm\u00f3 un acuerdo con la OPS para fortalecer el sistema de salud","author":"Alejandro Sosa Ruda","date":"6 marzo, 2026","format":false,"excerpt":"Se trata de un convenio marco de cooperaci\u00f3n t\u00e9cnica entre el Gobierno de la provincia de Buenos Aires y la Organizaci\u00f3n Panamericana de la Salud (OPS). 06 De Marzo de 2026 El gobernador de la provincia de Buenos Aires, Axel Kicillof, encabez\u00f3 este viernes la firma del Acuerdo Marco de\u2026","rel":"","context":"En \u00abPOLITICA PROVINCIAL\u00bb","block_context":{"text":"POLITICA PROVINCIAL","link":"https:\/\/larevistadigital.com.ar\/blog\/category\/politica\/politica-provincial\/"},"img":{"alt_text":"","src":"https:\/\/i0.wp.com\/larevistadigital.com.ar\/blog\/wp-content\/uploads\/DON_1984-scaled.jpg?fit=1200%2C800&ssl=1&resize=350%2C200","width":350,"height":200,"srcset":"https:\/\/i0.wp.com\/larevistadigital.com.ar\/blog\/wp-content\/uploads\/DON_1984-scaled.jpg?fit=1200%2C800&ssl=1&resize=350%2C200 1x, https:\/\/i0.wp.com\/larevistadigital.com.ar\/blog\/wp-content\/uploads\/DON_1984-scaled.jpg?fit=1200%2C800&ssl=1&resize=525%2C300 1.5x, https:\/\/i0.wp.com\/larevistadigital.com.ar\/blog\/wp-content\/uploads\/DON_1984-scaled.jpg?fit=1200%2C800&ssl=1&resize=700%2C400 2x, https:\/\/i0.wp.com\/larevistadigital.com.ar\/blog\/wp-content\/uploads\/DON_1984-scaled.jpg?fit=1200%2C800&ssl=1&resize=1050%2C600 3x"},"classes":[]},{"id":22986,"url":"https:\/\/larevistadigital.com.ar\/blog\/provincia-de-buenos-aires-multas-millonarias-a-quienes-organicen-eventos-sin-controlar-el-pase-sanitario\/","url_meta":{"origin":31127,"position":3},"title":"PROVINCIA DE BUENOS AIRES: MULTAS MILLONARIAS A QUIENES ORGANICEN EVENTOS SIN CONTROLAR EL \u00abPASE SANITARIO\u00bb","author":"Alejandro Sosa Ruda","date":"22 diciembre, 2021","format":false,"excerpt":"El Gobierno bonaerense inform\u00f3 que har\u00e1n operativos aleatorios de fiscalizaci\u00f3n, para controlar que todos los comercios e instituciones cumplan con la norma. El pasado martes comenz\u00f3 a regir en toda\u00a0la provincia de Buenos Aires el pase sanitario y, seg\u00fan inform\u00f3 ahora el Gobierno bonaerense, se llevar\u00e1n a cabo\u00a0operativos para controlar\u2026","rel":"","context":"En \u00abDESTACADAS\u00bb","block_context":{"text":"DESTACADAS","link":"https:\/\/larevistadigital.com.ar\/blog\/category\/destacadas\/"},"img":{"alt_text":"","src":"https:\/\/i0.wp.com\/larevistadigital.com.ar\/blog\/wp-content\/uploads\/app-cuidar.png?fit=1200%2C675&ssl=1&resize=350%2C200","width":350,"height":200,"srcset":"https:\/\/i0.wp.com\/larevistadigital.com.ar\/blog\/wp-content\/uploads\/app-cuidar.png?fit=1200%2C675&ssl=1&resize=350%2C200 1x, https:\/\/i0.wp.com\/larevistadigital.com.ar\/blog\/wp-content\/uploads\/app-cuidar.png?fit=1200%2C675&ssl=1&resize=525%2C300 1.5x, https:\/\/i0.wp.com\/larevistadigital.com.ar\/blog\/wp-content\/uploads\/app-cuidar.png?fit=1200%2C675&ssl=1&resize=700%2C400 2x, https:\/\/i0.wp.com\/larevistadigital.com.ar\/blog\/wp-content\/uploads\/app-cuidar.png?fit=1200%2C675&ssl=1&resize=1050%2C600 3x"},"classes":[]},{"id":36760,"url":"https:\/\/larevistadigital.com.ar\/blog\/brandsen-la-provincia-entrego-una-ambulancia-y-equipamiento-para-el-hospital-municipal\/","url_meta":{"origin":31127,"position":4},"title":"BRANDSEN: LA PROVINCIA ENTREG\u00d3 UNA AMBULANCIA Y EQUIPAMIENTO PARA EL HOSPITAL MUNICIPAL","author":"Alejandro Sosa Ruda","date":"22 julio, 2024","format":false,"excerpt":"Se inaugur\u00f3 tambi\u00e9n la Oficina de Acceso y Derecho a la Salud (OADS) del hospital para atender a personas con discapacidades. 22 de Julio de 2024 BRANDSEN -\u00a0 El gobernador de la provincia de Buenos Aires, Axel Kicillof, visit\u00f3 este mi\u00e9rcoles el partido de Brandsen, donde puso en funcionamiento una\u2026","rel":"","context":"En \u00abDESTACADAS\u00bb","block_context":{"text":"DESTACADAS","link":"https:\/\/larevistadigital.com.ar\/blog\/category\/destacadas\/"},"img":{"alt_text":"","src":"https:\/\/i0.wp.com\/larevistadigital.com.ar\/blog\/wp-content\/uploads\/Axel-Kicillof_35.jpg?fit=743%2C530&ssl=1&resize=350%2C200","width":350,"height":200,"srcset":"https:\/\/i0.wp.com\/larevistadigital.com.ar\/blog\/wp-content\/uploads\/Axel-Kicillof_35.jpg?fit=743%2C530&ssl=1&resize=350%2C200 1x, https:\/\/i0.wp.com\/larevistadigital.com.ar\/blog\/wp-content\/uploads\/Axel-Kicillof_35.jpg?fit=743%2C530&ssl=1&resize=525%2C300 1.5x, https:\/\/i0.wp.com\/larevistadigital.com.ar\/blog\/wp-content\/uploads\/Axel-Kicillof_35.jpg?fit=743%2C530&ssl=1&resize=700%2C400 2x"},"classes":[]},{"id":22915,"url":"https:\/\/larevistadigital.com.ar\/blog\/habra-centros-de-vacunacion-libre-contra-el-covid-en-la-costa-bonaerense\/","url_meta":{"origin":31127,"position":5},"title":"HABR\u00c1 CENTROS DE VACUNACI\u00d3N LIBRE CONTRA EL COVID EN LA COSTA BONAERENSE","author":"Alejandro Sosa Ruda","date":"8 diciembre, 2021","format":false,"excerpt":"As\u00ed lo anunci\u00f3 el Gobierno bonaerense. Se habilitar\u00e1n a partir del 21 de diciembre. \"Si al turista le falta alguna de las vacunas, se podr\u00e1 vacunar la provincia Buenos Aires. El objetivo no es obstaculizar y por eso habr\u00e1 vacunaci\u00f3n itinerante\", seg\u00fan desde el Ministerio de Salud bonaerense. Desde el\u2026","rel":"","context":"En \u00abREGIONALES\u00bb","block_context":{"text":"REGIONALES","link":"https:\/\/larevistadigital.com.ar\/blog\/category\/regionales\/"},"img":{"alt_text":"","src":"https:\/\/i0.wp.com\/larevistadigital.com.ar\/blog\/wp-content\/uploads\/20211208161600_covid.jpg?fit=880%2C512&ssl=1&resize=350%2C200","width":350,"height":200,"srcset":"https:\/\/i0.wp.com\/larevistadigital.com.ar\/blog\/wp-content\/uploads\/20211208161600_covid.jpg?fit=880%2C512&ssl=1&resize=350%2C200 1x, https:\/\/i0.wp.com\/larevistadigital.com.ar\/blog\/wp-content\/uploads\/20211208161600_covid.jpg?fit=880%2C512&ssl=1&resize=525%2C300 1.5x, https:\/\/i0.wp.com\/larevistadigital.com.ar\/blog\/wp-content\/uploads\/20211208161600_covid.jpg?fit=880%2C512&ssl=1&resize=700%2C400 2x"},"classes":[]}],"_links":{"self":[{"href":"https:\/\/larevistadigital.com.ar\/blog\/wp-json\/wp\/v2\/posts\/31127","targetHints":{"allow":["GET"]}}],"collection":[{"href":"https:\/\/larevistadigital.com.ar\/blog\/wp-json\/wp\/v2\/posts"}],"about":[{"href":"https:\/\/larevistadigital.com.ar\/blog\/wp-json\/wp\/v2\/types\/post"}],"author":[{"embeddable":true,"href":"https:\/\/larevistadigital.com.ar\/blog\/wp-json\/wp\/v2\/users\/3"}],"replies":[{"embeddable":true,"href":"https:\/\/larevistadigital.com.ar\/blog\/wp-json\/wp\/v2\/comments?post=31127"}],"version-history":[{"count":1,"href":"https:\/\/larevistadigital.com.ar\/blog\/wp-json\/wp\/v2\/posts\/31127\/revisions"}],"predecessor-version":[{"id":31129,"href":"https:\/\/larevistadigital.com.ar\/blog\/wp-json\/wp\/v2\/posts\/31127\/revisions\/31129"}],"wp:featuredmedia":[{"embeddable":true,"href":"https:\/\/larevistadigital.com.ar\/blog\/wp-json\/wp\/v2\/media\/31128"}],"wp:attachment":[{"href":"https:\/\/larevistadigital.com.ar\/blog\/wp-json\/wp\/v2\/media?parent=31127"}],"wp:term":[{"taxonomy":"category","embeddable":true,"href":"https:\/\/larevistadigital.com.ar\/blog\/wp-json\/wp\/v2\/categories?post=31127"},{"taxonomy":"post_tag","embeddable":true,"href":"https:\/\/larevistadigital.com.ar\/blog\/wp-json\/wp\/v2\/tags?post=31127"}],"curies":[{"name":"wp","href":"https:\/\/api.w.org\/{rel}","templated":true}]}}