{"id":3113,"date":"2017-08-15T02:58:36","date_gmt":"2017-08-15T02:58:36","guid":{"rendered":"https:\/\/larevistadigital.com.ar\/blog\/?p=3113"},"modified":"2017-08-15T02:58:36","modified_gmt":"2017-08-15T02:58:36","slug":"chascomus-vecinos-lamentan-el-estado-de-abandono-al-que-los-somete-el-municipio","status":"publish","type":"post","link":"https:\/\/larevistadigital.com.ar\/blog\/chascomus-vecinos-lamentan-el-estado-de-abandono-al-que-los-somete-el-municipio\/","title":{"rendered":"CHASCOM\u00daS: VECINOS LAMENTAN EL ESTADO DE ABANDONO AL QUE LOS SOMETE EL MUNICIPIO"},"content":{"rendered":"<p>En la red social Facebook, una vecina de la ciudad de Chascom\u00fas dio a conocer una situaci\u00f3n que realmente muestra la desidia que a veces queda de manifiesto por parte de las autoridades locales.<\/p>\n<blockquote>\n<h3>Resulta muy dif\u00edcil de comprender, como un partido vecinalista que durante a\u00f1os se mostr\u00f3 como la panacea de la forma de hacer pol\u00edtica, que pontificaba acerca de las necesidades de los vecinos, de la insensibilidad de quienes en aquel momento ocupaban el ejecutivo, del aprovechamiento de los partidos tradicionales y de los valores que los movilizaban, hoy, cuando el azar los coloc\u00f3 en el lugar que tanto buscaron, cuando tienen la posibilidad de cumplir y realizar todas aquellas cosas que prometieron durante a\u00f1os, en lugar de hacerlo, y disfrutar de haber llegado a conducir los destinos del municipio, se han convertido en un verdadero compendio de actitudes desbordantes de soberbia, que se manifiesta en hechos y actitudes como la que a continuaci\u00f3n transcribimos de manera textual:<\/h3>\n<\/blockquote>\n<p><strong>\u201cAs\u00ed estamos en el barrio de la Cooperativa x un techo propio, q se encuentra entre el country y el barrio 30 de mayo. La respuesta del municipio hace unos meses fue q falta un plano para que seamos un barrio constituido, por eso no nos cobran los impuestos pero tampoco merecemos q nos recolecten la basura ni q nos arreglen las calles. Por ah\u00ed ahora que ya pasaron las elecciones Paso&#8230;.Y necesitan seguir trabajando para ganar en octubre alguien nos puede ayudar a ser escuchados y dejar de estar privados de un servicio imprescindible como la recolecci\u00f3n de residuos y un camino digno para salir a trabajar todos los d\u00edas, porque aclaro, as\u00ed y todo, todos los d\u00edas lleg\u00f3 a horario a mi trabajo&#8230;Por ah\u00ed alguien nos escucha&#8230;Por ah\u00ed alg\u00fan partido pol\u00edtico nos puede ayudar&#8230;Por ah\u00ed&#8230;.Porque en definitiva, con plano o sin\u2026 somos parte de Chascom\u00fas\u201d<\/strong>.<\/p>\n<blockquote>\n<h3>Este texto, es acompa\u00f1ado por las fotograf\u00edas que adjuntamos, lo que demuestra que a las autoridades poco les importa la suerte de los vecinos, y que mientras antes, se mostraban como los m\u00e1s preocupados por las necesidades de la gente, hoy que deber\u00edan hacerlo, solo han tomado la postura de no hacer nada, y justificarlo con un lamentable <strong><em>\u201cfalta un plano para considerarlos un barrio constituido\u201d<\/em><\/strong>.<\/h3>\n<\/blockquote>\n<h2><\/h2>\n<h2><a href=\"https:\/\/i0.wp.com\/larevistadigital.com.ar\/blog\/wp-content\/uploads\/2017\/08\/20767996_1497556966969609_8137168253347454640_n.jpg?ssl=1\"><img data-recalc-dims=\"1\" loading=\"lazy\" decoding=\"async\" class=\"alignnone  wp-image-3120\" src=\"https:\/\/i0.wp.com\/larevistadigital.com.ar\/blog\/wp-content\/uploads\/2017\/08\/20767996_1497556966969609_8137168253347454640_n.jpg?resize=385%2C684&#038;ssl=1\" alt=\"\" width=\"385\" height=\"684\" srcset=\"https:\/\/i0.wp.com\/larevistadigital.com.ar\/blog\/wp-content\/uploads\/2017\/08\/20767996_1497556966969609_8137168253347454640_n.jpg?w=650&amp;ssl=1 650w, https:\/\/i0.wp.com\/larevistadigital.com.ar\/blog\/wp-content\/uploads\/2017\/08\/20767996_1497556966969609_8137168253347454640_n.jpg?resize=169%2C300&amp;ssl=1 169w, https:\/\/i0.wp.com\/larevistadigital.com.ar\/blog\/wp-content\/uploads\/2017\/08\/20767996_1497556966969609_8137168253347454640_n.jpg?resize=576%2C1024&amp;ssl=1 576w\" sizes=\"auto, (max-width: 385px) 100vw, 385px\" \/><\/a><a href=\"https:\/\/i0.wp.com\/larevistadigital.com.ar\/blog\/wp-content\/uploads\/2017\/08\/20799057_1497557190302920_8806089715377826165_n.jpg?ssl=1\"><img data-recalc-dims=\"1\" loading=\"lazy\" decoding=\"async\" class=\"alignnone  wp-image-3121\" src=\"https:\/\/i0.wp.com\/larevistadigital.com.ar\/blog\/wp-content\/uploads\/2017\/08\/20799057_1497557190302920_8806089715377826165_n.jpg?resize=414%2C736&#038;ssl=1\" alt=\"\" width=\"414\" height=\"736\" srcset=\"https:\/\/i0.wp.com\/larevistadigital.com.ar\/blog\/wp-content\/uploads\/2017\/08\/20799057_1497557190302920_8806089715377826165_n.jpg?w=650&amp;ssl=1 650w, https:\/\/i0.wp.com\/larevistadigital.com.ar\/blog\/wp-content\/uploads\/2017\/08\/20799057_1497557190302920_8806089715377826165_n.jpg?resize=169%2C300&amp;ssl=1 169w, https:\/\/i0.wp.com\/larevistadigital.com.ar\/blog\/wp-content\/uploads\/2017\/08\/20799057_1497557190302920_8806089715377826165_n.jpg?resize=576%2C1024&amp;ssl=1 576w\" sizes=\"auto, (max-width: 414px) 100vw, 414px\" \/><\/a><\/h2>\n<h2>Seguramente estas cosas son las que deber\u00e1n tener en cuenta, cuando se pregunten el porqu\u00e9 del magro resultado en la elecci\u00f3n del 13\/8 que los ubic\u00f3 en el cuarto lugar, devolvi\u00e9ndolos a la realidad.<\/h2>\n<p>&nbsp;<\/p>\n","protected":false},"excerpt":{"rendered":"<div class=\"mh-excerpt\"><p>En la red social Facebook, una vecina de la ciudad de Chascom\u00fas dio a conocer una situaci\u00f3n que realmente muestra la desidia que a veces queda de manifiesto por parte de las autoridades locales. Resulta <a class=\"mh-excerpt-more\" href=\"https:\/\/larevistadigital.com.ar\/blog\/chascomus-vecinos-lamentan-el-estado-de-abandono-al-que-los-somete-el-municipio\/\" title=\"CHASCOM\u00daS: VECINOS LAMENTAN EL ESTADO DE ABANDONO AL QUE LOS SOMETE EL MUNICIPIO\">[Leer M\u00e1s]<\/a><\/p>\n<\/div>","protected":false},"author":3,"featured_media":3115,"comment_status":"open","ping_status":"open","sticky":false,"template":"","format":"standard","meta":{"_jetpack_memberships_contains_paid_content":false,"footnotes":"","jetpack_publicize_message":"","jetpack_publicize_feature_enabled":true,"jetpack_social_post_already_shared":true,"jetpack_social_options":{"image_generator_settings":{"template":"highway","default_image_id":0,"font":"","enabled":false},"version":2}},"categories":[6,41,12,23],"tags":[],"class_list":{"0":"post-3113","1":"post","2":"type-post","3":"status-publish","4":"format-standard","5":"has-post-thumbnail","7":"category-chascomus","8":"category-destacadas","9":"category-politica","10":"category-politica-local"},"jetpack_publicize_connections":[],"jetpack_featured_media_url":"https:\/\/i0.wp.com\/larevistadigital.com.ar\/blog\/wp-content\/uploads\/2017\/08\/20800166_1497557013636271_3296712570175045864_n.jpg?fit=960%2C540&ssl=1","jetpack_sharing_enabled":true,"jetpack_shortlink":"https:\/\/wp.me\/p8qtrQ-Od","jetpack-related-posts":[{"id":3028,"url":"https:\/\/larevistadigital.com.ar\/blog\/chascomus-alexa-oyhamburu-se-reunio-con-vecinos-de-san-cayetano\/","url_meta":{"origin":3113,"position":0},"title":"CHASCOM\u00daS: ALEXA OYHAMBURU SE REUNI\u00d3 CON VECINOS DE SAN CAYETANO","author":"Alejandro Sosa Ruda","date":"9 agosto, 2017","format":false,"excerpt":"Alexa Oyhamburu, \u00a0pre candidata a concejal por el espacio que conduce Florencio Randazzo, fue calurosamente recibida por vecinos del barrio San Cayetano, en donde un grupo de vecinos le expres\u00f3 su afecto, adem\u00e1s de pedir ayuda en diversos temas en los que se sienten olvidados lamentablemente postergados por la desidia\u2026","rel":"","context":"En \u00abCHASCOM\u00daS\u00bb","block_context":{"text":"CHASCOM\u00daS","link":"https:\/\/larevistadigital.com.ar\/blog\/category\/chascomus\/"},"img":{"alt_text":"","src":"https:\/\/i0.wp.com\/larevistadigital.com.ar\/blog\/wp-content\/uploads\/2017\/08\/IMG-20170806-WA0012.jpg?fit=1200%2C676&ssl=1&resize=350%2C200","width":350,"height":200,"srcset":"https:\/\/i0.wp.com\/larevistadigital.com.ar\/blog\/wp-content\/uploads\/2017\/08\/IMG-20170806-WA0012.jpg?fit=1200%2C676&ssl=1&resize=350%2C200 1x, https:\/\/i0.wp.com\/larevistadigital.com.ar\/blog\/wp-content\/uploads\/2017\/08\/IMG-20170806-WA0012.jpg?fit=1200%2C676&ssl=1&resize=525%2C300 1.5x, https:\/\/i0.wp.com\/larevistadigital.com.ar\/blog\/wp-content\/uploads\/2017\/08\/IMG-20170806-WA0012.jpg?fit=1200%2C676&ssl=1&resize=700%2C400 2x, https:\/\/i0.wp.com\/larevistadigital.com.ar\/blog\/wp-content\/uploads\/2017\/08\/IMG-20170806-WA0012.jpg?fit=1200%2C676&ssl=1&resize=1050%2C600 3x"},"classes":[]},{"id":7863,"url":"https:\/\/larevistadigital.com.ar\/blog\/chascomus-ante-la-falta-de-respuestas-algunos-vecinos-tienen-que-arreglar-las-calles-como-pueden\/","url_meta":{"origin":3113,"position":1},"title":"CHASCOM\u00daS: ANTE LA FALTA DE RESPUESTAS, ALGUNOS VECINOS TIENEN QUE ARREGLAR LAS CALLES COMO PUEDEN","author":"Alejandro Sosa Ruda","date":"22 enero, 2019","format":false,"excerpt":"D\u00edas atr\u00e1s, para ser m\u00e1s exactos el \u00faltimo s\u00e1bado cuando ingresamos al barrio 30 de Mayo, notamos que en el Boulevard 6 hab\u00eda una camioneta detenida, con un hombre trabajando en el lugar. Al detenernos, observamos que se trataba de una persona que con un tr\u00e1iler hab\u00eda tra\u00eddo escombros, y\u2026","rel":"","context":"En \u00abCHASCOM\u00daS\u00bb","block_context":{"text":"CHASCOM\u00daS","link":"https:\/\/larevistadigital.com.ar\/blog\/category\/chascomus\/"},"img":{"alt_text":"","src":"https:\/\/i0.wp.com\/larevistadigital.com.ar\/blog\/wp-content\/uploads\/2019\/01\/50299928_571833703331375_1895344139734614016_n.jpg?fit=1200%2C842&ssl=1&resize=350%2C200","width":350,"height":200,"srcset":"https:\/\/i0.wp.com\/larevistadigital.com.ar\/blog\/wp-content\/uploads\/2019\/01\/50299928_571833703331375_1895344139734614016_n.jpg?fit=1200%2C842&ssl=1&resize=350%2C200 1x, https:\/\/i0.wp.com\/larevistadigital.com.ar\/blog\/wp-content\/uploads\/2019\/01\/50299928_571833703331375_1895344139734614016_n.jpg?fit=1200%2C842&ssl=1&resize=525%2C300 1.5x, https:\/\/i0.wp.com\/larevistadigital.com.ar\/blog\/wp-content\/uploads\/2019\/01\/50299928_571833703331375_1895344139734614016_n.jpg?fit=1200%2C842&ssl=1&resize=700%2C400 2x, https:\/\/i0.wp.com\/larevistadigital.com.ar\/blog\/wp-content\/uploads\/2019\/01\/50299928_571833703331375_1895344139734614016_n.jpg?fit=1200%2C842&ssl=1&resize=1050%2C600 3x"},"classes":[]},{"id":25205,"url":"https:\/\/larevistadigital.com.ar\/blog\/chascomus-magdalena-brandsen-cuando-la-politica-le-da-la-espalda-a-los-vecinos-incluye-galeria-de-fotos\/","url_meta":{"origin":3113,"position":2},"title":"\u00bfCHASCOM\u00daS&#8230;? \u00bfMAGDALENA?&#8230; \u00bfBRANDSEN?&#8230; CUANDO LA POL\u00cdTICA LE DA LA ESPALDA A LOS VECINOS&#8230; (INCLUYE GALER\u00cdA DE FOTOS)","author":"Alejandro Sosa Ruda","date":"21 abril, 2022","format":false,"excerpt":"\"All\u00e1 lejos y hace tiempo\"... Los vecinos de Vergara siguen esperando respuestas con respecto a la reparaci\u00f3n del \"Puente de los Ca\u00f1os\", mientras tanto Chascom\u00fas como Magdalena y Brandsen miran hacia otro lado y no hacen nada, pese a que une ambos distritos. \u00bfLa Provincia? Bien... gracias. \u00bfEsperan una desgracia?\u2026","rel":"","context":"En \u00abDESTACADAS\u00bb","block_context":{"text":"DESTACADAS","link":"https:\/\/larevistadigital.com.ar\/blog\/category\/destacadas\/"},"img":{"alt_text":"","src":"https:\/\/i0.wp.com\/larevistadigital.com.ar\/blog\/wp-content\/uploads\/echo-mierda.jpg?fit=960%2C720&ssl=1&resize=350%2C200","width":350,"height":200,"srcset":"https:\/\/i0.wp.com\/larevistadigital.com.ar\/blog\/wp-content\/uploads\/echo-mierda.jpg?fit=960%2C720&ssl=1&resize=350%2C200 1x, https:\/\/i0.wp.com\/larevistadigital.com.ar\/blog\/wp-content\/uploads\/echo-mierda.jpg?fit=960%2C720&ssl=1&resize=525%2C300 1.5x, https:\/\/i0.wp.com\/larevistadigital.com.ar\/blog\/wp-content\/uploads\/echo-mierda.jpg?fit=960%2C720&ssl=1&resize=700%2C400 2x"},"classes":[]},{"id":4090,"url":"https:\/\/larevistadigital.com.ar\/blog\/chascomus-finalmente-las-autoridades-municipales-le-entraron-las-balas\/","url_meta":{"origin":3113,"position":3},"title":"CHASCOM\u00daS: FINALMENTE A LAS AUTORIDADES MUNICIPALES \u201cLE ENTRARON LAS BALAS\u201d","author":"Alejandro Sosa Ruda","date":"1 diciembre, 2017","format":false,"excerpt":"Luego de los reiterados reclamos de los vecinos del barrio Lomas Altas, parece que el Municipio tom\u00f3 nota de la situaci\u00f3n, y envi\u00f3 personal a dar soluci\u00f3n a los problemas. Luego de una gran cantidad de reclamos por v\u00eda telef\u00f3nica, escrita y personalmente en la Secretar\u00eda de Obras y Servicios,\u2026","rel":"","context":"En \u00abCHASCOM\u00daS\u00bb","block_context":{"text":"CHASCOM\u00daS","link":"https:\/\/larevistadigital.com.ar\/blog\/category\/chascomus\/"},"img":{"alt_text":"","src":"https:\/\/i0.wp.com\/larevistadigital.com.ar\/blog\/wp-content\/uploads\/2017\/12\/24172973_1701686596518885_6670751717988241050_o.jpg?fit=1200%2C800&ssl=1&resize=350%2C200","width":350,"height":200,"srcset":"https:\/\/i0.wp.com\/larevistadigital.com.ar\/blog\/wp-content\/uploads\/2017\/12\/24172973_1701686596518885_6670751717988241050_o.jpg?fit=1200%2C800&ssl=1&resize=350%2C200 1x, https:\/\/i0.wp.com\/larevistadigital.com.ar\/blog\/wp-content\/uploads\/2017\/12\/24172973_1701686596518885_6670751717988241050_o.jpg?fit=1200%2C800&ssl=1&resize=525%2C300 1.5x, https:\/\/i0.wp.com\/larevistadigital.com.ar\/blog\/wp-content\/uploads\/2017\/12\/24172973_1701686596518885_6670751717988241050_o.jpg?fit=1200%2C800&ssl=1&resize=700%2C400 2x, https:\/\/i0.wp.com\/larevistadigital.com.ar\/blog\/wp-content\/uploads\/2017\/12\/24172973_1701686596518885_6670751717988241050_o.jpg?fit=1200%2C800&ssl=1&resize=1050%2C600 3x"},"classes":[]},{"id":3536,"url":"https:\/\/larevistadigital.com.ar\/blog\/chascomus-molesto-actitudes-competidores-ramiro-ferrante-emitio-comunicado-la-sociedad\/","url_meta":{"origin":3113,"position":4},"title":"CHASCOM\u00daS: MOLESTO CON ACTITUDES DE SUS COMPETIDORES, RAMIRO FERRANTE EMITI\u00d3 UN COMUNICADO A LA SOCIEDAD","author":"Alejandro Sosa Ruda","date":"20 octubre, 2017","format":false,"excerpt":"Notablemente molesto por algunas situaciones que tienen que ver con los repartos de boletas a los vecinos, el candidato que encabeza la lista de Cambiemos en Chascom\u00fas, Ramiro Ferrante, hizo p\u00fablico un comunicado en el que apunta al oficialismo y al partido vecinalista \"Juntos por Chascom\u00fas\". AQU\u00cd EL TEXTO COMPLETO\u2026","rel":"","context":"En \u00abCHASCOM\u00daS\u00bb","block_context":{"text":"CHASCOM\u00daS","link":"https:\/\/larevistadigital.com.ar\/blog\/category\/chascomus\/"},"img":{"alt_text":"","src":"https:\/\/i0.wp.com\/larevistadigital.com.ar\/blog\/wp-content\/uploads\/2017\/10\/d509ce0e-2c7a-4de7-bcb9-8b09cb3b31f4-1.jpg?fit=359%2C405&ssl=1&resize=350%2C200","width":350,"height":200},"classes":[]},{"id":3022,"url":"https:\/\/larevistadigital.com.ar\/blog\/chascomus-ramiro-ferrante-escribio-una-carta-abierta-a-los-vecinos-de-la-ciudad\/","url_meta":{"origin":3113,"position":5},"title":"CHASCOM\u00daS: RAMIRO FERRANTE ESCRIBI\u00d3 UNA CARTA ABIERTA A LOS VECINOS DE LA CIUDAD","author":"Alejandro Sosa Ruda","date":"6 agosto, 2017","format":false,"excerpt":"El precandidato a concejal de Cambiemos, Ramiro Ferrante, hizo llegar a los medios una carta abierta a la sociedad de Chascom\u00fas en la que explica entre otras cosas los motivos que lo han llevado a incursionar en pol\u00edtica, adem\u00e1s de agradecer el cari\u00f1o y apoyo de sus seres queridos. CARTA\u2026","rel":"","context":"En \u00abCHASCOM\u00daS\u00bb","block_context":{"text":"CHASCOM\u00daS","link":"https:\/\/larevistadigital.com.ar\/blog\/category\/chascomus\/"},"img":{"alt_text":"","src":"https:\/\/i0.wp.com\/larevistadigital.com.ar\/blog\/wp-content\/uploads\/2017\/08\/DSC_0452-1.jpg?fit=1200%2C795&ssl=1&resize=350%2C200","width":350,"height":200,"srcset":"https:\/\/i0.wp.com\/larevistadigital.com.ar\/blog\/wp-content\/uploads\/2017\/08\/DSC_0452-1.jpg?fit=1200%2C795&ssl=1&resize=350%2C200 1x, https:\/\/i0.wp.com\/larevistadigital.com.ar\/blog\/wp-content\/uploads\/2017\/08\/DSC_0452-1.jpg?fit=1200%2C795&ssl=1&resize=525%2C300 1.5x, https:\/\/i0.wp.com\/larevistadigital.com.ar\/blog\/wp-content\/uploads\/2017\/08\/DSC_0452-1.jpg?fit=1200%2C795&ssl=1&resize=700%2C400 2x, https:\/\/i0.wp.com\/larevistadigital.com.ar\/blog\/wp-content\/uploads\/2017\/08\/DSC_0452-1.jpg?fit=1200%2C795&ssl=1&resize=1050%2C600 3x"},"classes":[]}],"_links":{"self":[{"href":"https:\/\/larevistadigital.com.ar\/blog\/wp-json\/wp\/v2\/posts\/3113","targetHints":{"allow":["GET"]}}],"collection":[{"href":"https:\/\/larevistadigital.com.ar\/blog\/wp-json\/wp\/v2\/posts"}],"about":[{"href":"https:\/\/larevistadigital.com.ar\/blog\/wp-json\/wp\/v2\/types\/post"}],"author":[{"embeddable":true,"href":"https:\/\/larevistadigital.com.ar\/blog\/wp-json\/wp\/v2\/users\/3"}],"replies":[{"embeddable":true,"href":"https:\/\/larevistadigital.com.ar\/blog\/wp-json\/wp\/v2\/comments?post=3113"}],"version-history":[{"count":2,"href":"https:\/\/larevistadigital.com.ar\/blog\/wp-json\/wp\/v2\/posts\/3113\/revisions"}],"predecessor-version":[{"id":3123,"href":"https:\/\/larevistadigital.com.ar\/blog\/wp-json\/wp\/v2\/posts\/3113\/revisions\/3123"}],"wp:featuredmedia":[{"embeddable":true,"href":"https:\/\/larevistadigital.com.ar\/blog\/wp-json\/wp\/v2\/media\/3115"}],"wp:attachment":[{"href":"https:\/\/larevistadigital.com.ar\/blog\/wp-json\/wp\/v2\/media?parent=3113"}],"wp:term":[{"taxonomy":"category","embeddable":true,"href":"https:\/\/larevistadigital.com.ar\/blog\/wp-json\/wp\/v2\/categories?post=3113"},{"taxonomy":"post_tag","embeddable":true,"href":"https:\/\/larevistadigital.com.ar\/blog\/wp-json\/wp\/v2\/tags?post=3113"}],"curies":[{"name":"wp","href":"https:\/\/api.w.org\/{rel}","templated":true}]}}