{"id":31130,"date":"2023-04-19T23:04:13","date_gmt":"2023-04-19T23:04:13","guid":{"rendered":"https:\/\/larevistadigital.com.ar\/blog\/?p=31130"},"modified":"2023-04-19T23:04:13","modified_gmt":"2023-04-19T23:04:13","slug":"mar-del-plata-vecinos-de-zona-norte-denuncian-que-la-comisaria-de-la-zona-cierra-de-noche-y-es-tierra-de-nadie","status":"publish","type":"post","link":"https:\/\/larevistadigital.com.ar\/blog\/mar-del-plata-vecinos-de-zona-norte-denuncian-que-la-comisaria-de-la-zona-cierra-de-noche-y-es-tierra-de-nadie\/","title":{"rendered":"MAR DEL PLATA: VECINOS DE ZONA NORTE DENUNCIAN QUE \u00abLA COMISAR\u00cdA DE LA ZONA CIERRA DE NOCHE, Y ES TIERRA DE NADIE\u00bb"},"content":{"rendered":"<h2 class=\"intro\">Son habitantes de Alto Camet y Las Dalias que aseguran que pr\u00e1cticamente no hay patrullaje de los efectivos de la comisar\u00eda decimoquinta. \u00abEst\u00e1n robando con una facilidad enorme\u00bb, confiaron.<\/h2>\n<p>19 de abril de 2023<\/p>\n<p><strong>MAR DEL PLATA &#8211;\u00a0<\/strong> Vecinos de los barrios Alto Camet y Las Dalias, en la zona norte de Mar del Plata, han denunciado sucesivos hechos de inseguridad y apuntan contra las autoridades policiales. Aseguran que los delincuentes roban con una \u00abfacilidad enorme\u00bb debido a la falta de patrullajes y a que la comisar\u00eda de la zona cierra durante la noche.<\/p>\n<p><strong>Adriana<\/strong>, una vecina del lugar, describi\u00f3 visiblemente angustiada la situaci\u00f3n que est\u00e1n viviendo. <em><strong>\u00abPasan d\u00edas en los que no vemos un solo patrullero en ning\u00fan momento del d\u00eda\u00bb<\/strong><\/em>, le cont\u00f3 al portal 0223.<\/p>\n<blockquote>\n<h3>Adem\u00e1s, la vecina relat\u00f3 que un m\u00f3vil policial fue incapaz de acercarse a un domicilio tras un llamado al 911, acusando que la direcci\u00f3n no exist\u00eda. <em><strong>\u00abDesconocen el barrio. Indudablemente no pueden cuidarnos\u00bb<\/strong><\/em>, asegur\u00f3.<\/h3>\n<\/blockquote>\n<p>Por su parte, <strong>Gustavo<\/strong>, otro vecino, afirm\u00f3 que los efectivos policiales <em><strong>\u00abno patrullan, no andan ni caminando\u00bb. \u00abNo hay nada de seguridad en la zona. De tarde el barrio es tierra de nadie. Est\u00e1n robando con una facilidad enorme\u00bb<\/strong><\/em>, lament\u00f3. Adem\u00e1s, el hombre apunt\u00f3 contra el secretario de Seguridad de la Municipalidad de General Pueyrredon, <strong>Mart\u00edn Ferlauto<\/strong>, y el Foro de Seguridad, por no haber cumplido con las promesas de actuar.<\/p>\n<blockquote>\n<h3><strong>Horacio<\/strong>, un tercer vecino, se\u00f1al\u00f3 que en la zona se registran a cualquier hora del d\u00eda mayormente hurtos de automotores y entraderas. <em><strong>\u00abLa gente est\u00e1 harta del tema. Ya no hay medida de seguridad que alcance: ni c\u00e1maras, ni perros ni rejas\u00bb<\/strong><\/em>, exclam\u00f3.<\/h3>\n<\/blockquote>\n<p>Los vecinos exigen soluciones de la Justicia y de la Polic\u00eda para poder vivir tranquilos. La comisar\u00eda en cuesti\u00f3n se encuentra en el interior del Parque Camet y fue reubicada all\u00ed en septiembre de 2021, a pesar de la oposici\u00f3n de los vecinos que hoy se ven en la necesidad de alzar la voz ante la situaci\u00f3n de inseguridad que est\u00e1n padeciendo.<\/p>\n","protected":false},"excerpt":{"rendered":"<div class=\"mh-excerpt\"><p>Son habitantes de Alto Camet y Las Dalias que aseguran que pr\u00e1cticamente no hay patrullaje de los efectivos de la comisar\u00eda decimoquinta. \u00abEst\u00e1n robando con una facilidad enorme\u00bb, confiaron. 19 de abril de 2023 MAR <a class=\"mh-excerpt-more\" href=\"https:\/\/larevistadigital.com.ar\/blog\/mar-del-plata-vecinos-de-zona-norte-denuncian-que-la-comisaria-de-la-zona-cierra-de-noche-y-es-tierra-de-nadie\/\" title=\"MAR DEL PLATA: VECINOS DE ZONA NORTE DENUNCIAN QUE \u00abLA COMISAR\u00cdA DE LA ZONA CIERRA DE NOCHE, Y ES TIERRA DE NADIE\u00bb\">[Leer M\u00e1s]<\/a><\/p>\n<\/div>","protected":false},"author":3,"featured_media":31131,"comment_status":"open","ping_status":"open","sticky":false,"template":"","format":"standard","meta":{"_jetpack_memberships_contains_paid_content":false,"footnotes":"","jetpack_publicize_message":"","jetpack_publicize_feature_enabled":true,"jetpack_social_post_already_shared":true,"jetpack_social_options":{"image_generator_settings":{"template":"highway","default_image_id":0,"font":"","enabled":false},"version":2}},"categories":[44,51],"tags":[],"class_list":{"0":"post-31130","1":"post","2":"type-post","3":"status-publish","4":"format-standard","5":"has-post-thumbnail","7":"category-policiales","8":"category-regionales"},"jetpack_publicize_connections":[],"jetpack_featured_media_url":"https:\/\/i0.wp.com\/larevistadigital.com.ar\/blog\/wp-content\/uploads\/Captura-de-pantalla-2023-04-19-195753.png?fit=781%2C395&ssl=1","jetpack_sharing_enabled":true,"jetpack_shortlink":"https:\/\/wp.me\/p8qtrQ-866","jetpack-related-posts":[{"id":44741,"url":"https:\/\/larevistadigital.com.ar\/blog\/choque-en-cadena-y-caos-total-en-la-ruta-11-transito-colapsado-a-la-salida-de-mar-del-plata\/","url_meta":{"origin":31130,"position":0},"title":"Choque en cadena y caos total en la Ruta 11: tr\u00e1nsito colapsado a la salida de Mar del Plata","author":"Alejandro Sosa Ruda","date":"26 marzo, 2026","format":false,"excerpt":"Un siniestro con al menos cinco veh\u00edculos gener\u00f3 demoras, desv\u00edos y una postal de alto impacto en plena hora pico. 26 de marzo de 2026 Una escena de tensi\u00f3n y largas filas de autos marc\u00f3 la tarde de este jueves en la Ruta 11, a la altura del ingreso al\u2026","rel":"","context":"En \u00abPOLICIALES\u00bb","block_context":{"text":"POLICIALES","link":"https:\/\/larevistadigital.com.ar\/blog\/category\/policiales\/"},"img":{"alt_text":"","src":"https:\/\/i0.wp.com\/larevistadigital.com.ar\/blog\/wp-content\/uploads\/Captura-de-pantalla-2026-03-26-235541.jpg?fit=808%2C240&ssl=1&resize=350%2C200","width":350,"height":200,"srcset":"https:\/\/i0.wp.com\/larevistadigital.com.ar\/blog\/wp-content\/uploads\/Captura-de-pantalla-2026-03-26-235541.jpg?fit=808%2C240&ssl=1&resize=350%2C200 1x, https:\/\/i0.wp.com\/larevistadigital.com.ar\/blog\/wp-content\/uploads\/Captura-de-pantalla-2026-03-26-235541.jpg?fit=808%2C240&ssl=1&resize=525%2C300 1.5x, https:\/\/i0.wp.com\/larevistadigital.com.ar\/blog\/wp-content\/uploads\/Captura-de-pantalla-2026-03-26-235541.jpg?fit=808%2C240&ssl=1&resize=700%2C400 2x"},"classes":[]},{"id":29992,"url":"https:\/\/larevistadigital.com.ar\/blog\/mar-del-plata-muere-un-motociclista-al-chocar-contra-un-auto-en-el-paseo-costero-norte\/","url_meta":{"origin":31130,"position":1},"title":"MAR DEL PLATA: MUERE UN MOTOCICLISTA AL CHOCAR CONTRA UN AUTO EN EL PASEO COSTERO NORTE","author":"Alejandro Sosa Ruda","date":"6 febrero, 2023","format":false,"excerpt":"Ocurri\u00f3 en la noche del domingo en el cruce de F\u00e9lix U. Camet y Mansilla. La v\u00edctima fue trasladada al Higa, donde finalmente falleci\u00f3. 6 de febrero de 2023 MAR DEL PLATA -\u00a0 Una\u00a0persona\u00a0muerta\u00a0fue el saldo que dej\u00f3 un accidente fatal que tuvo lugar este domingo por la noche entre\u2026","rel":"","context":"En \u00abPOLICIALES\u00bb","block_context":{"text":"POLICIALES","link":"https:\/\/larevistadigital.com.ar\/blog\/category\/policiales\/"},"img":{"alt_text":"","src":"https:\/\/i0.wp.com\/larevistadigital.com.ar\/blog\/wp-content\/uploads\/Captura-de-pantalla-2023-02-05-235009.jpg?fit=790%2C441&ssl=1&resize=350%2C200","width":350,"height":200,"srcset":"https:\/\/i0.wp.com\/larevistadigital.com.ar\/blog\/wp-content\/uploads\/Captura-de-pantalla-2023-02-05-235009.jpg?fit=790%2C441&ssl=1&resize=350%2C200 1x, https:\/\/i0.wp.com\/larevistadigital.com.ar\/blog\/wp-content\/uploads\/Captura-de-pantalla-2023-02-05-235009.jpg?fit=790%2C441&ssl=1&resize=525%2C300 1.5x, https:\/\/i0.wp.com\/larevistadigital.com.ar\/blog\/wp-content\/uploads\/Captura-de-pantalla-2023-02-05-235009.jpg?fit=790%2C441&ssl=1&resize=700%2C400 2x"},"classes":[]},{"id":26200,"url":"https:\/\/larevistadigital.com.ar\/blog\/mar-del-plata-vecinos-aseguran-que-la-vieja-terminal-es-tierra-de-nadie-y-piden-el-cambio-del-jefe-de-la-departamental\/","url_meta":{"origin":31130,"position":2},"title":"MAR DEL PLATA: VECINOS ASEGURAN QUE \u00abLA VIEJA TERMINAL ES TIERRA DE NADIE\u00bb Y PIDEN EL CAMBIO DEL JEFE DE LA DEPARTAMENTAL","author":"Alejandro Sosa Ruda","date":"29 junio, 2022","format":false,"excerpt":"As\u00ed lo indicaron los vecinos de la zona el \"supuesto\" operativo cerrojo que dispuso Jos\u00e9 Segovia para el fin de semana. \"No nos quiere atender, esto es zona liberada. Dimos todas las pruebas con filmaciones, fotograf\u00edas, marcamos el corredor narco y no pasa nada\", aseguraron. MAR DEL PLATA -\u00a0 Como\u2026","rel":"","context":"En \u00abPOLICIALES\u00bb","block_context":{"text":"POLICIALES","link":"https:\/\/larevistadigital.com.ar\/blog\/category\/policiales\/"},"img":{"alt_text":"","src":"https:\/\/i0.wp.com\/larevistadigital.com.ar\/blog\/wp-content\/uploads\/WhatsApp-Image-2022-03-05-at-20.17.21.jpg?fit=850%2C560&ssl=1&resize=350%2C200","width":350,"height":200,"srcset":"https:\/\/i0.wp.com\/larevistadigital.com.ar\/blog\/wp-content\/uploads\/WhatsApp-Image-2022-03-05-at-20.17.21.jpg?fit=850%2C560&ssl=1&resize=350%2C200 1x, https:\/\/i0.wp.com\/larevistadigital.com.ar\/blog\/wp-content\/uploads\/WhatsApp-Image-2022-03-05-at-20.17.21.jpg?fit=850%2C560&ssl=1&resize=525%2C300 1.5x, https:\/\/i0.wp.com\/larevistadigital.com.ar\/blog\/wp-content\/uploads\/WhatsApp-Image-2022-03-05-at-20.17.21.jpg?fit=850%2C560&ssl=1&resize=700%2C400 2x"},"classes":[]},{"id":12065,"url":"https:\/\/larevistadigital.com.ar\/blog\/siete-orcas-quedaron-varadas-entre-camet-norte-y-la-caleta\/","url_meta":{"origin":31130,"position":3},"title":"SIETE ORCAS QUEDARON VARADAS ENTRE CAMET NORTE Y LA CALETA","author":"Alejandro Sosa Ruda","date":"15 septiembre, 2019","format":false,"excerpt":"Los animales aparecieron esta ma\u00f1ana sobre la costa y se acercaron demasiado a la playa. Fauna Argentina, Bomberos, Guardaparques y personal municipal de Mar Chiquita despliegan un operativo para cercar la playa e intentar devolverlas al mar Las costas de La Caleta recibieron esta ma\u00f1ana la visita de\u00a0siete orcas,\u00a0pero el\u2026","rel":"","context":"En \u00abREGIONALES\u00bb","block_context":{"text":"REGIONALES","link":"https:\/\/larevistadigital.com.ar\/blog\/category\/regionales\/"},"img":{"alt_text":"","src":"https:\/\/i0.wp.com\/larevistadigital.com.ar\/blog\/wp-content\/uploads\/Screenshot_3-14.jpg?fit=996%2C598&ssl=1&resize=350%2C200","width":350,"height":200,"srcset":"https:\/\/i0.wp.com\/larevistadigital.com.ar\/blog\/wp-content\/uploads\/Screenshot_3-14.jpg?fit=996%2C598&ssl=1&resize=350%2C200 1x, https:\/\/i0.wp.com\/larevistadigital.com.ar\/blog\/wp-content\/uploads\/Screenshot_3-14.jpg?fit=996%2C598&ssl=1&resize=525%2C300 1.5x, https:\/\/i0.wp.com\/larevistadigital.com.ar\/blog\/wp-content\/uploads\/Screenshot_3-14.jpg?fit=996%2C598&ssl=1&resize=700%2C400 2x"},"classes":[]},{"id":19663,"url":"https:\/\/larevistadigital.com.ar\/blog\/mar-del-plata-insolita-lluvia-de-aranas-en-parque-camet\/","url_meta":{"origin":31130,"position":4},"title":"MAR DEL PLATA: INS\u00d3LITA \u00abLLUVIA DE ARA\u00d1AS\u00bb EN PARQUE CAMET","author":"Alejandro Sosa Ruda","date":"15 abril, 2021","format":false,"excerpt":"El hecho ocurri\u00f3 en el Parque Camet de la ciudad balnearia. Seg\u00fan los especialistas el fen\u00f3meno se denomina \"lluvia de cabello de \u00e1ngel\", y es casi imperceptible para el ojo humano. MAR DEL PLATA - Una impresionante lluvia de ara\u00f1as sorprendi\u00f3 el martes a Mar del Plata, un fen\u00f3meno que\u2026","rel":"","context":"En \u00abCURIOSAS\u00bb","block_context":{"text":"CURIOSAS","link":"https:\/\/larevistadigital.com.ar\/blog\/category\/curiosas\/"},"img":{"alt_text":"","src":"https:\/\/i0.wp.com\/larevistadigital.com.ar\/blog\/wp-content\/uploads\/86d7a28271760932cd445cb6f4e713da50d1e5ce.jpg?fit=1140%2C641&ssl=1&resize=350%2C200","width":350,"height":200,"srcset":"https:\/\/i0.wp.com\/larevistadigital.com.ar\/blog\/wp-content\/uploads\/86d7a28271760932cd445cb6f4e713da50d1e5ce.jpg?fit=1140%2C641&ssl=1&resize=350%2C200 1x, https:\/\/i0.wp.com\/larevistadigital.com.ar\/blog\/wp-content\/uploads\/86d7a28271760932cd445cb6f4e713da50d1e5ce.jpg?fit=1140%2C641&ssl=1&resize=525%2C300 1.5x, https:\/\/i0.wp.com\/larevistadigital.com.ar\/blog\/wp-content\/uploads\/86d7a28271760932cd445cb6f4e713da50d1e5ce.jpg?fit=1140%2C641&ssl=1&resize=700%2C400 2x, https:\/\/i0.wp.com\/larevistadigital.com.ar\/blog\/wp-content\/uploads\/86d7a28271760932cd445cb6f4e713da50d1e5ce.jpg?fit=1140%2C641&ssl=1&resize=1050%2C600 3x"},"classes":[]},{"id":14216,"url":"https:\/\/larevistadigital.com.ar\/blog\/policia-mato-a-uno-de-los-delincuentes-que-intentaron-asaltarlo\/","url_meta":{"origin":31130,"position":5},"title":"POLIC\u00cdA MAT\u00d3 A UNO DE LOS DELINCUENTES QUE INTENTARON ASALTARLO","author":"Alejandro Sosa Ruda","date":"15 enero, 2020","format":false,"excerpt":"Sucedi\u00f3 despu\u00e9s de las diez de la noche en el interior de Parque Camet. Personal de Asesor\u00eda Pericial trabaja bajo las \u00f3rdenes del fiscal Juan Pablo L\u00f3dola. MAR DEL PLATA- Un efectivo policial que estaba con su novia en el interior de Parque Camet mat\u00f3 el mi\u00e9rcoles por la noche\u2026","rel":"","context":"En \u00abPOLICIALES\u00bb","block_context":{"text":"POLICIALES","link":"https:\/\/larevistadigital.com.ar\/blog\/category\/policiales\/"},"img":{"alt_text":"","src":"https:\/\/i0.wp.com\/larevistadigital.com.ar\/blog\/wp-content\/uploads\/2018\/03\/Policia-allanamiento-noche.jpg?fit=777%2C498&ssl=1&resize=350%2C200","width":350,"height":200,"srcset":"https:\/\/i0.wp.com\/larevistadigital.com.ar\/blog\/wp-content\/uploads\/2018\/03\/Policia-allanamiento-noche.jpg?fit=777%2C498&ssl=1&resize=350%2C200 1x, https:\/\/i0.wp.com\/larevistadigital.com.ar\/blog\/wp-content\/uploads\/2018\/03\/Policia-allanamiento-noche.jpg?fit=777%2C498&ssl=1&resize=525%2C300 1.5x, https:\/\/i0.wp.com\/larevistadigital.com.ar\/blog\/wp-content\/uploads\/2018\/03\/Policia-allanamiento-noche.jpg?fit=777%2C498&ssl=1&resize=700%2C400 2x"},"classes":[]}],"_links":{"self":[{"href":"https:\/\/larevistadigital.com.ar\/blog\/wp-json\/wp\/v2\/posts\/31130","targetHints":{"allow":["GET"]}}],"collection":[{"href":"https:\/\/larevistadigital.com.ar\/blog\/wp-json\/wp\/v2\/posts"}],"about":[{"href":"https:\/\/larevistadigital.com.ar\/blog\/wp-json\/wp\/v2\/types\/post"}],"author":[{"embeddable":true,"href":"https:\/\/larevistadigital.com.ar\/blog\/wp-json\/wp\/v2\/users\/3"}],"replies":[{"embeddable":true,"href":"https:\/\/larevistadigital.com.ar\/blog\/wp-json\/wp\/v2\/comments?post=31130"}],"version-history":[{"count":1,"href":"https:\/\/larevistadigital.com.ar\/blog\/wp-json\/wp\/v2\/posts\/31130\/revisions"}],"predecessor-version":[{"id":31132,"href":"https:\/\/larevistadigital.com.ar\/blog\/wp-json\/wp\/v2\/posts\/31130\/revisions\/31132"}],"wp:featuredmedia":[{"embeddable":true,"href":"https:\/\/larevistadigital.com.ar\/blog\/wp-json\/wp\/v2\/media\/31131"}],"wp:attachment":[{"href":"https:\/\/larevistadigital.com.ar\/blog\/wp-json\/wp\/v2\/media?parent=31130"}],"wp:term":[{"taxonomy":"category","embeddable":true,"href":"https:\/\/larevistadigital.com.ar\/blog\/wp-json\/wp\/v2\/categories?post=31130"},{"taxonomy":"post_tag","embeddable":true,"href":"https:\/\/larevistadigital.com.ar\/blog\/wp-json\/wp\/v2\/tags?post=31130"}],"curies":[{"name":"wp","href":"https:\/\/api.w.org\/{rel}","templated":true}]}}