{"id":31133,"date":"2023-04-19T23:28:46","date_gmt":"2023-04-19T23:28:46","guid":{"rendered":"https:\/\/larevistadigital.com.ar\/blog\/?p=31133"},"modified":"2023-04-19T23:28:46","modified_gmt":"2023-04-19T23:28:46","slug":"madariaga-perdio-el-control-de-su-automovil-y-volco","status":"publish","type":"post","link":"https:\/\/larevistadigital.com.ar\/blog\/madariaga-perdio-el-control-de-su-automovil-y-volco\/","title":{"rendered":"MADARIAGA: PERDI\u00d3 EL CONTROL DE SU AUTOM\u00d3VIL Y VOLC\u00d3"},"content":{"rendered":"<h2>La persona que conduc\u00eda el veh\u00edculo result\u00f3 con heridas y traumatismos.<\/h2>\n<p>19 de abril de 2023<\/p>\n<p><strong>MADARIAGA &#8211;\u00a0<\/strong> El siniestro ocurri\u00f3 en horas del mediod\u00eda, cuando un autom\u00f3vil Fiat Palio protagoniz\u00f3 un vuelco.<\/p>\n<blockquote>\n<h3>Todo sucedi\u00f3 en el tramo que lleva desde la avenida Catamarca hasta la autov\u00eda 56 (en cercan\u00edas de el circuito El Rebelde), donde el veh\u00edculo sufri\u00f3 da\u00f1os en su carrocer\u00eda y el parabrisas.<\/h3>\n<\/blockquote>\n<p>Como saldo del accidente, una persona result\u00f3 herida y fue atendida por \u00abtraumatismos\u00bb.<\/p>\n<p>&nbsp;<\/p>\n","protected":false},"excerpt":{"rendered":"<div class=\"mh-excerpt\"><p>La persona que conduc\u00eda el veh\u00edculo result\u00f3 con heridas y traumatismos. 19 de abril de 2023 MADARIAGA &#8211;\u00a0 El siniestro ocurri\u00f3 en horas del mediod\u00eda, cuando un autom\u00f3vil Fiat Palio protagoniz\u00f3 un vuelco. Todo sucedi\u00f3 <a class=\"mh-excerpt-more\" href=\"https:\/\/larevistadigital.com.ar\/blog\/madariaga-perdio-el-control-de-su-automovil-y-volco\/\" title=\"MADARIAGA: PERDI\u00d3 EL CONTROL DE SU AUTOM\u00d3VIL Y VOLC\u00d3\">[Leer M\u00e1s]<\/a><\/p>\n<\/div>","protected":false},"author":3,"featured_media":31134,"comment_status":"open","ping_status":"open","sticky":false,"template":"","format":"standard","meta":{"_jetpack_memberships_contains_paid_content":false,"footnotes":"","jetpack_publicize_message":"","jetpack_publicize_feature_enabled":true,"jetpack_social_post_already_shared":true,"jetpack_social_options":{"image_generator_settings":{"template":"highway","default_image_id":0,"font":"","enabled":false},"version":2}},"categories":[44,51],"tags":[],"class_list":{"0":"post-31133","1":"post","2":"type-post","3":"status-publish","4":"format-standard","5":"has-post-thumbnail","7":"category-policiales","8":"category-regionales"},"jetpack_publicize_connections":[],"jetpack_featured_media_url":"https:\/\/i0.wp.com\/larevistadigital.com.ar\/blog\/wp-content\/uploads\/Copia-de-Copia-de-PISADA-NUEVA-7.png?fit=1920%2C1080&ssl=1","jetpack_sharing_enabled":true,"jetpack_shortlink":"https:\/\/wp.me\/p8qtrQ-869","jetpack-related-posts":[{"id":38789,"url":"https:\/\/larevistadigital.com.ar\/blog\/38789-2\/","url_meta":{"origin":31133,"position":0},"title":"Violento accidente en la ruta","author":"Alejandro Sosa Ruda","date":"23 febrero, 2025","format":false,"excerpt":"Un impactante accidente ocurri\u00f3 esta tarde en el kil\u00f3metro 33 de la Ruta 56, en jurisdicci\u00f3n de General Madariaga. 23 de Febrero de 2025 GRAL. MADARIAGA -\u00a0 Por motivos que a\u00fan se investigan, el conductor de un veh\u00edculo perdi\u00f3 el control, despist\u00f3 y termin\u00f3 volcando. A pesar de la violencia\u2026","rel":"","context":"En \u00abPOLICIALES\u00bb","block_context":{"text":"POLICIALES","link":"https:\/\/larevistadigital.com.ar\/blog\/category\/policiales\/"},"img":{"alt_text":"","src":"https:\/\/i0.wp.com\/larevistadigital.com.ar\/blog\/wp-content\/uploads\/8fbc56a1501b492bdb4c4b76cde98e5e3ce7f180.jpg?fit=900%2C900&ssl=1&resize=350%2C200","width":350,"height":200,"srcset":"https:\/\/i0.wp.com\/larevistadigital.com.ar\/blog\/wp-content\/uploads\/8fbc56a1501b492bdb4c4b76cde98e5e3ce7f180.jpg?fit=900%2C900&ssl=1&resize=350%2C200 1x, https:\/\/i0.wp.com\/larevistadigital.com.ar\/blog\/wp-content\/uploads\/8fbc56a1501b492bdb4c4b76cde98e5e3ce7f180.jpg?fit=900%2C900&ssl=1&resize=525%2C300 1.5x, https:\/\/i0.wp.com\/larevistadigital.com.ar\/blog\/wp-content\/uploads\/8fbc56a1501b492bdb4c4b76cde98e5e3ce7f180.jpg?fit=900%2C900&ssl=1&resize=700%2C400 2x"},"classes":[]},{"id":30383,"url":"https:\/\/larevistadigital.com.ar\/blog\/madariaga-terrible-vuelco-en-la-ruta-56\/","url_meta":{"origin":31133,"position":1},"title":"MADARIAGA: TERRIBLE VUELCO EN LA RUTA 56","author":"Alejandro Sosa Ruda","date":"5 marzo, 2023","format":false,"excerpt":"Uno de los ocupantes del veh\u00edculo tuvo que ser rescatado por los Bomberos. 5 de marzo de 2023 GENERAL MADARIAGA -\u00a0 El impactante accidente de tr\u00e1nsito ocurri\u00f3 ayer por la ma\u00f1ana, cuando a la altura del\u00a0kil\u00f3metro 32 de la ruta 56 y por cuestiones que se tratan de establecer, quien\u2026","rel":"","context":"En \u00abPOLICIALES\u00bb","block_context":{"text":"POLICIALES","link":"https:\/\/larevistadigital.com.ar\/blog\/category\/policiales\/"},"img":{"alt_text":"","src":"https:\/\/i0.wp.com\/larevistadigital.com.ar\/blog\/wp-content\/uploads\/2f79f4e4c51c98c7044272d88ab96232d586400c.jpg?fit=1140%2C855&ssl=1&resize=350%2C200","width":350,"height":200,"srcset":"https:\/\/i0.wp.com\/larevistadigital.com.ar\/blog\/wp-content\/uploads\/2f79f4e4c51c98c7044272d88ab96232d586400c.jpg?fit=1140%2C855&ssl=1&resize=350%2C200 1x, https:\/\/i0.wp.com\/larevistadigital.com.ar\/blog\/wp-content\/uploads\/2f79f4e4c51c98c7044272d88ab96232d586400c.jpg?fit=1140%2C855&ssl=1&resize=525%2C300 1.5x, https:\/\/i0.wp.com\/larevistadigital.com.ar\/blog\/wp-content\/uploads\/2f79f4e4c51c98c7044272d88ab96232d586400c.jpg?fit=1140%2C855&ssl=1&resize=700%2C400 2x, https:\/\/i0.wp.com\/larevistadigital.com.ar\/blog\/wp-content\/uploads\/2f79f4e4c51c98c7044272d88ab96232d586400c.jpg?fit=1140%2C855&ssl=1&resize=1050%2C600 3x"},"classes":[]},{"id":42088,"url":"https:\/\/larevistadigital.com.ar\/blog\/violento-vuelco-en-la-ruta-74-un-hombre-fue-rescatado-por-los-bomberos-en-general-madariaga\/","url_meta":{"origin":31133,"position":2},"title":"Violento vuelco en la Ruta 74: un hombre fue rescatado por los bomberos en General Madariaga","author":"Alejandro Sosa Ruda","date":"19 octubre, 2025","format":false,"excerpt":"El accidente ocurri\u00f3 este s\u00e1bado a la altura del kil\u00f3metro 12, en direcci\u00f3n a Pinamar. El conductor del veh\u00edculo perdi\u00f3 el control y termin\u00f3 volcando. Fue trasladado al hospital con heridas. 19 de Octubre de 2025 BUENOS AIRES\u00a0 -\u00a0 \u00a0Un fuerte accidente de tr\u00e1nsito se registr\u00f3 este s\u00e1bado en el\u2026","rel":"","context":"En \u00abPOLICIALES\u00bb","block_context":{"text":"POLICIALES","link":"https:\/\/larevistadigital.com.ar\/blog\/category\/policiales\/"},"img":{"alt_text":"","src":"https:\/\/i0.wp.com\/larevistadigital.com.ar\/blog\/wp-content\/uploads\/70d730c690df241f6cecf68fe30a0e13dfa6a0ba.jpg?fit=900%2C900&ssl=1&resize=350%2C200","width":350,"height":200,"srcset":"https:\/\/i0.wp.com\/larevistadigital.com.ar\/blog\/wp-content\/uploads\/70d730c690df241f6cecf68fe30a0e13dfa6a0ba.jpg?fit=900%2C900&ssl=1&resize=350%2C200 1x, https:\/\/i0.wp.com\/larevistadigital.com.ar\/blog\/wp-content\/uploads\/70d730c690df241f6cecf68fe30a0e13dfa6a0ba.jpg?fit=900%2C900&ssl=1&resize=525%2C300 1.5x, https:\/\/i0.wp.com\/larevistadigital.com.ar\/blog\/wp-content\/uploads\/70d730c690df241f6cecf68fe30a0e13dfa6a0ba.jpg?fit=900%2C900&ssl=1&resize=700%2C400 2x"},"classes":[]},{"id":24056,"url":"https:\/\/larevistadigital.com.ar\/blog\/rauch-vuelco-en-la-ruta-30\/","url_meta":{"origin":31133,"position":3},"title":"RAUCH: VUELCO EN LA RUTA 30","author":"Alejandro Sosa Ruda","date":"17 febrero, 2022","format":false,"excerpt":"Un autom\u00f3vil que se dirig\u00eda hacia Tandil volc\u00f3 en la Ruta 30, a cercan\u00edas a la rotonda que une con la Ruta 50. La conductora, domiciliada en CABA, result\u00f3 ilesa. En la ma\u00f1ana del mi\u00e9rcoles, aproximadamente a las\u00a09 horas, los Bomberos Voluntarios de Rauch acudieron por un llamado telef\u00f3nico a\u2026","rel":"","context":"En \u00abREGIONALES\u00bb","block_context":{"text":"REGIONALES","link":"https:\/\/larevistadigital.com.ar\/blog\/category\/regionales\/"},"img":{"alt_text":"","src":"https:\/\/i0.wp.com\/larevistadigital.com.ar\/blog\/wp-content\/uploads\/vuelco-sandero-rauch-16-2-2022.jpg?fit=800%2C600&ssl=1&resize=350%2C200","width":350,"height":200,"srcset":"https:\/\/i0.wp.com\/larevistadigital.com.ar\/blog\/wp-content\/uploads\/vuelco-sandero-rauch-16-2-2022.jpg?fit=800%2C600&ssl=1&resize=350%2C200 1x, https:\/\/i0.wp.com\/larevistadigital.com.ar\/blog\/wp-content\/uploads\/vuelco-sandero-rauch-16-2-2022.jpg?fit=800%2C600&ssl=1&resize=525%2C300 1.5x, https:\/\/i0.wp.com\/larevistadigital.com.ar\/blog\/wp-content\/uploads\/vuelco-sandero-rauch-16-2-2022.jpg?fit=800%2C600&ssl=1&resize=700%2C400 2x"},"classes":[]},{"id":19702,"url":"https:\/\/larevistadigital.com.ar\/blog\/cayo-con-su-auto-al-canal-15-y-se-salvo-de-milagro\/","url_meta":{"origin":31133,"position":4},"title":"CAY\u00d3 CON SU AUTO AL CANAL 15, Y SE SALV\u00d3 DE MILAGRO","author":"Alejandro Sosa Ruda","date":"16 abril, 2021","format":false,"excerpt":"CASTELLI -\u00a0 Un autom\u00f3vil cay\u00f3 a las aguas del canal 15 y debi\u00f3 ser rescatado por pescadores, que se encontraban en ese momento en el lugar. Luego de sacarlo del veh\u00edculo y brindarle asistencia, pudo comprobarse que afortunadamente el hombre result\u00f3 ileso.","rel":"","context":"En \u00abCASTELLI\u00bb","block_context":{"text":"CASTELLI","link":"https:\/\/larevistadigital.com.ar\/blog\/category\/castelli\/"},"img":{"alt_text":"","src":"https:\/\/i0.wp.com\/larevistadigital.com.ar\/blog\/wp-content\/uploads\/canal-15.jpg?fit=900%2C472&ssl=1&resize=350%2C200","width":350,"height":200,"srcset":"https:\/\/i0.wp.com\/larevistadigital.com.ar\/blog\/wp-content\/uploads\/canal-15.jpg?fit=900%2C472&ssl=1&resize=350%2C200 1x, https:\/\/i0.wp.com\/larevistadigital.com.ar\/blog\/wp-content\/uploads\/canal-15.jpg?fit=900%2C472&ssl=1&resize=525%2C300 1.5x, https:\/\/i0.wp.com\/larevistadigital.com.ar\/blog\/wp-content\/uploads\/canal-15.jpg?fit=900%2C472&ssl=1&resize=700%2C400 2x"},"classes":[]},{"id":25967,"url":"https:\/\/larevistadigital.com.ar\/blog\/dos-accidentes-en-la-ruta-56-a-causa-de-la-niebla\/","url_meta":{"origin":31133,"position":5},"title":"DOS ACCIDENTES EN LA RUTA 56 A CAUSA DE LA NIEBLA","author":"Alejandro Sosa Ruda","date":"17 junio, 2022","format":false,"excerpt":"La intensa niebla que se registra en la zona provoc\u00f3 dos accidentes. Recomendaciones para conducir. La\u00a0espesa niebla\u00a0que cubre toda la regi\u00f3n est\u00e1 provocando inconvenientes en las rutas de la zona.\u00a0 En la ma\u00f1ana de hoy, jueves,\u00a0se produjeron dos accidentes\u00a0que, afortunadamente, no arrojaron resultados fatales. El primero de ellos se registr\u00f3\u2026","rel":"","context":"En \u00abPOLICIALES\u00bb","block_context":{"text":"POLICIALES","link":"https:\/\/larevistadigital.com.ar\/blog\/category\/policiales\/"},"img":{"alt_text":"","src":"https:\/\/i0.wp.com\/larevistadigital.com.ar\/blog\/wp-content\/uploads\/15ff2b5de36ad2ba5b3246c33c54d44b1a9071f6.jpeg?fit=1140%2C867&ssl=1&resize=350%2C200","width":350,"height":200,"srcset":"https:\/\/i0.wp.com\/larevistadigital.com.ar\/blog\/wp-content\/uploads\/15ff2b5de36ad2ba5b3246c33c54d44b1a9071f6.jpeg?fit=1140%2C867&ssl=1&resize=350%2C200 1x, https:\/\/i0.wp.com\/larevistadigital.com.ar\/blog\/wp-content\/uploads\/15ff2b5de36ad2ba5b3246c33c54d44b1a9071f6.jpeg?fit=1140%2C867&ssl=1&resize=525%2C300 1.5x, https:\/\/i0.wp.com\/larevistadigital.com.ar\/blog\/wp-content\/uploads\/15ff2b5de36ad2ba5b3246c33c54d44b1a9071f6.jpeg?fit=1140%2C867&ssl=1&resize=700%2C400 2x, https:\/\/i0.wp.com\/larevistadigital.com.ar\/blog\/wp-content\/uploads\/15ff2b5de36ad2ba5b3246c33c54d44b1a9071f6.jpeg?fit=1140%2C867&ssl=1&resize=1050%2C600 3x"},"classes":[]}],"_links":{"self":[{"href":"https:\/\/larevistadigital.com.ar\/blog\/wp-json\/wp\/v2\/posts\/31133","targetHints":{"allow":["GET"]}}],"collection":[{"href":"https:\/\/larevistadigital.com.ar\/blog\/wp-json\/wp\/v2\/posts"}],"about":[{"href":"https:\/\/larevistadigital.com.ar\/blog\/wp-json\/wp\/v2\/types\/post"}],"author":[{"embeddable":true,"href":"https:\/\/larevistadigital.com.ar\/blog\/wp-json\/wp\/v2\/users\/3"}],"replies":[{"embeddable":true,"href":"https:\/\/larevistadigital.com.ar\/blog\/wp-json\/wp\/v2\/comments?post=31133"}],"version-history":[{"count":1,"href":"https:\/\/larevistadigital.com.ar\/blog\/wp-json\/wp\/v2\/posts\/31133\/revisions"}],"predecessor-version":[{"id":31135,"href":"https:\/\/larevistadigital.com.ar\/blog\/wp-json\/wp\/v2\/posts\/31133\/revisions\/31135"}],"wp:featuredmedia":[{"embeddable":true,"href":"https:\/\/larevistadigital.com.ar\/blog\/wp-json\/wp\/v2\/media\/31134"}],"wp:attachment":[{"href":"https:\/\/larevistadigital.com.ar\/blog\/wp-json\/wp\/v2\/media?parent=31133"}],"wp:term":[{"taxonomy":"category","embeddable":true,"href":"https:\/\/larevistadigital.com.ar\/blog\/wp-json\/wp\/v2\/categories?post=31133"},{"taxonomy":"post_tag","embeddable":true,"href":"https:\/\/larevistadigital.com.ar\/blog\/wp-json\/wp\/v2\/tags?post=31133"}],"curies":[{"name":"wp","href":"https:\/\/api.w.org\/{rel}","templated":true}]}}