{"id":31136,"date":"2023-04-20T00:04:41","date_gmt":"2023-04-20T00:04:41","guid":{"rendered":"https:\/\/larevistadigital.com.ar\/blog\/?p=31136"},"modified":"2023-04-20T00:04:41","modified_gmt":"2023-04-20T00:04:41","slug":"chascomus-un-hombre-murio-en-la-calle-de-un-ataque-cardiaco","status":"publish","type":"post","link":"https:\/\/larevistadigital.com.ar\/blog\/chascomus-un-hombre-murio-en-la-calle-de-un-ataque-cardiaco\/","title":{"rendered":"CHASCOM\u00daS: UN HOMBRE MURI\u00d3 EN LA CALLE DE UN ATAQUE CARD\u00cdACO"},"content":{"rendered":"<h2>Sucedi\u00f3 hoy, fue fulminante.<\/h2>\n<p>19 de abril de 2023<\/p>\n<p><strong>CHASCOM\u00daS &#8211;<\/strong>\u00a0 Durante el d\u00eda de hoy, aproximadamente a las 14 horas una persona de sexo masculino falleci\u00f3 v\u00edctima de un paro card\u00edaco en plena calle en el barrio Jard\u00edn.<\/p>\n<blockquote>\n<h3><strong>Pudimos averiguar que se trataba de un adulto de 81 a\u00f1os de edad, que sufri\u00f3 el paro card\u00edaco segun lo pudo establecer su m\u00e9dico de cabecera que fue quien firm\u00f3 el acta de defunci\u00f3n.<\/strong><\/h3>\n<\/blockquote>\n<p>Trascendi\u00f3 que el hombre sufr\u00eda graves problemas de salud.<\/p>\n<p>&nbsp;<\/p>\n","protected":false},"excerpt":{"rendered":"<div class=\"mh-excerpt\"><p>Sucedi\u00f3 hoy, fue fulminante. 19 de abril de 2023 CHASCOM\u00daS &#8211;\u00a0 Durante el d\u00eda de hoy, aproximadamente a las 14 horas una persona de sexo masculino falleci\u00f3 v\u00edctima de un paro card\u00edaco en plena calle <a class=\"mh-excerpt-more\" href=\"https:\/\/larevistadigital.com.ar\/blog\/chascomus-un-hombre-murio-en-la-calle-de-un-ataque-cardiaco\/\" title=\"CHASCOM\u00daS: UN HOMBRE MURI\u00d3 EN LA CALLE DE UN ATAQUE CARD\u00cdACO\">[Leer M\u00e1s]<\/a><\/p>\n<\/div>","protected":false},"author":3,"featured_media":31137,"comment_status":"open","ping_status":"open","sticky":false,"template":"","format":"standard","meta":{"_jetpack_memberships_contains_paid_content":false,"footnotes":"","jetpack_publicize_message":"","jetpack_publicize_feature_enabled":true,"jetpack_social_post_already_shared":true,"jetpack_social_options":{"image_generator_settings":{"template":"highway","default_image_id":0,"font":"","enabled":false},"version":2}},"categories":[50],"tags":[],"class_list":{"0":"post-31136","1":"post","2":"type-post","3":"status-publish","4":"format-standard","5":"has-post-thumbnail","7":"category-interes-general"},"jetpack_publicize_connections":[],"jetpack_featured_media_url":"https:\/\/i0.wp.com\/larevistadigital.com.ar\/blog\/wp-content\/uploads\/WhatsApp-Image-2023-04-19-at-14.16.03-e1681948223529.jpeg?fit=720%2C720&ssl=1","jetpack_sharing_enabled":true,"jetpack_shortlink":"https:\/\/wp.me\/p8qtrQ-86c","jetpack-related-posts":[{"id":32632,"url":"https:\/\/larevistadigital.com.ar\/blog\/hecho-macabro-en-bahia-blanca-un-hombre-murio-de-un-paro-cardiaco-y-fue-mutilado-por-sus-propios-perros\/","url_meta":{"origin":31136,"position":0},"title":"HECHO MACABRO EN BAH\u00cdA BLANCA: UN HOMBRE MURI\u00d3 DE UN PARO CARD\u00cdACO Y FUE MUTILADO POR SUS PROPIOS PERROS","author":"Alejandro Sosa Ruda","date":"28 julio, 2023","format":false,"excerpt":"La v\u00edctima, de 76 a\u00f1os, fue hallada por un vecino. Al parecer como los animales se quedaron sin alimento, le comieron parte de sus brazos y la cabeza a su due\u00f1o. 27 de julio de 2023 BAH\u00cdA BLANCA\u00a0 -\u00a0 \u00a0En las \u00faltimas horas, ocurri\u00f3 un aberrante hecho en una casa\u2026","rel":"","context":"En \u00abPOLICIALES\u00bb","block_context":{"text":"POLICIALES","link":"https:\/\/larevistadigital.com.ar\/blog\/category\/policiales\/"},"img":{"alt_text":"","src":"https:\/\/i0.wp.com\/larevistadigital.com.ar\/blog\/wp-content\/uploads\/20230726175858_pol.jpg?fit=880%2C512&ssl=1&resize=350%2C200","width":350,"height":200,"srcset":"https:\/\/i0.wp.com\/larevistadigital.com.ar\/blog\/wp-content\/uploads\/20230726175858_pol.jpg?fit=880%2C512&ssl=1&resize=350%2C200 1x, https:\/\/i0.wp.com\/larevistadigital.com.ar\/blog\/wp-content\/uploads\/20230726175858_pol.jpg?fit=880%2C512&ssl=1&resize=525%2C300 1.5x, https:\/\/i0.wp.com\/larevistadigital.com.ar\/blog\/wp-content\/uploads\/20230726175858_pol.jpg?fit=880%2C512&ssl=1&resize=700%2C400 2x"},"classes":[]},{"id":37793,"url":"https:\/\/larevistadigital.com.ar\/blog\/chascomus-seguridad-lacustre-debio-rescatar-a-una-persona-que-tras-perder-el-equilibrio-cayo-al-agua-frente-al-howard-johnson\/","url_meta":{"origin":31136,"position":1},"title":"Chascom\u00fas: Seguridad Lacustre debi\u00f3 rescatar a una persona que tras perder el equilibrio cay\u00f3 al agua frente al Howard Johnson","author":"Alejandro Sosa Ruda","date":"8 noviembre, 2024","format":false,"excerpt":"Se trat\u00f3 de un hombre que fue internado porque trag\u00f3 agua. 8 de Noviembre de 2024 CHASCOM\u00daS -\u00a0 El Subcomisario Gerardo Ferreyra en di\u00e1logo con Alejandro \u201cEl Tano\u201d Sosa durante el programa \u201cAtaque de Radio\u201d que se emite por la FM 102.7 cont\u00f3 una situaci\u00f3n ocurrida el d\u00eda jueves donde\u2026","rel":"","context":"En \u00abSin categor\u00eda\u00bb","block_context":{"text":"Sin categor\u00eda","link":"https:\/\/larevistadigital.com.ar\/blog\/category\/sin-categoria\/"},"img":{"alt_text":"","src":"https:\/\/i0.wp.com\/larevistadigital.com.ar\/blog\/wp-content\/uploads\/Policia-Local-Dolores-678x381.jpg?fit=678%2C381&ssl=1&resize=350%2C200","width":350,"height":200,"srcset":"https:\/\/i0.wp.com\/larevistadigital.com.ar\/blog\/wp-content\/uploads\/Policia-Local-Dolores-678x381.jpg?fit=678%2C381&ssl=1&resize=350%2C200 1x, https:\/\/i0.wp.com\/larevistadigital.com.ar\/blog\/wp-content\/uploads\/Policia-Local-Dolores-678x381.jpg?fit=678%2C381&ssl=1&resize=525%2C300 1.5x"},"classes":[]},{"id":28679,"url":"https:\/\/larevistadigital.com.ar\/blog\/chacabuco-asesinan-a-un-hombre-y-detuvieron-a-dos-sospechosos\/","url_meta":{"origin":31136,"position":2},"title":"CHACABUCO: ASESINAN A UN HOMBRE Y DETUVIERON A DOS SOSPECHOSOS","author":"Alejandro Sosa Ruda","date":"30 octubre, 2022","format":false,"excerpt":"Daniel Osvaldo Su\u00e1rez fue encontrado muerto en el comedor de su domicilio con un cuchillo clavado en el pecho. Felipe Nery B\u00e1ez Ch\u00e1vez y Fredy Miranda Mart\u00ednez quedaron imputados por el homicidio. 30 de octubre de 2022 CHACABUCO -\u00a0 Un hombre fue hallado asesinado con un cuchillo clavado en el\u2026","rel":"","context":"En \u00abPOLICIALES\u00bb","block_context":{"text":"POLICIALES","link":"https:\/\/larevistadigital.com.ar\/blog\/category\/policiales\/"},"img":{"alt_text":"","src":"https:\/\/i0.wp.com\/larevistadigital.com.ar\/blog\/wp-content\/uploads\/20221030120250_chaca.jpg?fit=880%2C512&ssl=1&resize=350%2C200","width":350,"height":200,"srcset":"https:\/\/i0.wp.com\/larevistadigital.com.ar\/blog\/wp-content\/uploads\/20221030120250_chaca.jpg?fit=880%2C512&ssl=1&resize=350%2C200 1x, https:\/\/i0.wp.com\/larevistadigital.com.ar\/blog\/wp-content\/uploads\/20221030120250_chaca.jpg?fit=880%2C512&ssl=1&resize=525%2C300 1.5x, https:\/\/i0.wp.com\/larevistadigital.com.ar\/blog\/wp-content\/uploads\/20221030120250_chaca.jpg?fit=880%2C512&ssl=1&resize=700%2C400 2x"},"classes":[]},{"id":34660,"url":"https:\/\/larevistadigital.com.ar\/blog\/intendente-bonaerense-fue-a-capital-por-un-chequeo-lo-internaron-y-fue-operado-de-urgencia-por-un-problema-cardiaco\/","url_meta":{"origin":31136,"position":3},"title":"INTENDENTE BONAERENSE FUE A CAPITAL POR UN CHEQUEO, LO INTERNARON Y FUE OPERADO DE URGENCIA POR UN PROBLEMA CARD\u00cdACO","author":"Alejandro Sosa Ruda","date":"27 noviembre, 2023","format":false,"excerpt":"El jefe comunal fue sometido a una intervenci\u00f3n card\u00edaca luego de que le detectaran una arritmia. \u201cGracias a Dios evolucion\u00e9 favorablemente y hoy recib\u00ed el alta m\u00e9dica\u201d, agradeci\u00f3. 27 de Noviembre de 2023 BUENOS AIRES -\u00a0 El intendente de Ituzaing\u00f3, Alberto Descalzo, fue sometido a una card\u00edaca despu\u00e9s de que\u2026","rel":"","context":"En \u00abPOLITICA\u00bb","block_context":{"text":"POLITICA","link":"https:\/\/larevistadigital.com.ar\/blog\/category\/politica\/"},"img":{"alt_text":"","src":"https:\/\/i0.wp.com\/larevistadigital.com.ar\/blog\/wp-content\/uploads\/20231127152734_beto.jpg?fit=880%2C512&ssl=1&resize=350%2C200","width":350,"height":200,"srcset":"https:\/\/i0.wp.com\/larevistadigital.com.ar\/blog\/wp-content\/uploads\/20231127152734_beto.jpg?fit=880%2C512&ssl=1&resize=350%2C200 1x, https:\/\/i0.wp.com\/larevistadigital.com.ar\/blog\/wp-content\/uploads\/20231127152734_beto.jpg?fit=880%2C512&ssl=1&resize=525%2C300 1.5x, https:\/\/i0.wp.com\/larevistadigital.com.ar\/blog\/wp-content\/uploads\/20231127152734_beto.jpg?fit=880%2C512&ssl=1&resize=700%2C400 2x"},"classes":[]},{"id":25120,"url":"https:\/\/larevistadigital.com.ar\/blog\/chascomus-encuentran-un-hombre-fallecido-en-su-casa\/","url_meta":{"origin":31136,"position":4},"title":"CHASCOM\u00daS: ENCUENTRAN UN HOMBRE FALLECIDO EN SU CASA","author":"Alejandro Sosa Ruda","date":"17 abril, 2022","format":false,"excerpt":"Fue en la ma\u00f1ana de ayer. El hombre estaba muerto dentro de su domicilio y lo descubrieron los vecinos. CHASCOM\u00daS -\u00a0 Durante la ma\u00f1ana del s\u00e1bado 16\/4, y luego de un llamado de vecinos, un patrullero se hizo presente en calle Scalabrini Ortiz, entre Gardel e Yrigoyen, donde los mismos\u2026","rel":"","context":"En \u00abCHASCOM\u00daS\u00bb","block_context":{"text":"CHASCOM\u00daS","link":"https:\/\/larevistadigital.com.ar\/blog\/category\/chascomus\/"},"img":{"alt_text":"","src":"https:\/\/i0.wp.com\/larevistadigital.com.ar\/blog\/wp-content\/uploads\/policia-mardelplata.jpg?fit=1200%2C800&ssl=1&resize=350%2C200","width":350,"height":200,"srcset":"https:\/\/i0.wp.com\/larevistadigital.com.ar\/blog\/wp-content\/uploads\/policia-mardelplata.jpg?fit=1200%2C800&ssl=1&resize=350%2C200 1x, https:\/\/i0.wp.com\/larevistadigital.com.ar\/blog\/wp-content\/uploads\/policia-mardelplata.jpg?fit=1200%2C800&ssl=1&resize=525%2C300 1.5x, https:\/\/i0.wp.com\/larevistadigital.com.ar\/blog\/wp-content\/uploads\/policia-mardelplata.jpg?fit=1200%2C800&ssl=1&resize=700%2C400 2x, https:\/\/i0.wp.com\/larevistadigital.com.ar\/blog\/wp-content\/uploads\/policia-mardelplata.jpg?fit=1200%2C800&ssl=1&resize=1050%2C600 3x"},"classes":[]},{"id":15333,"url":"https:\/\/larevistadigital.com.ar\/blog\/murio-ricardo-barreda-tristemente-celebre-por-asesinar-a-su-mujer-suegra-y-dos-hijas\/","url_meta":{"origin":31136,"position":5},"title":"MURI\u00d3 RICARDO BARREDA. TRISTEMENTE C\u00c9LEBRE POR ASESINAR A SU MUJER, SUEGRA Y DOS HIJAS","author":"Alejandro Sosa Ruda","date":"25 mayo, 2020","format":false,"excerpt":"El cu\u00e1druple femicida platense Ricardo Barreda muri\u00f3 hoy de un paro card\u00edaco a los 83 a\u00f1os en un geri\u00e1trico del partido de San Mart\u00edn en el que se hallaba alojado desde hac\u00eda varios meses, informaron fuentes policiales. En la noche de este lunes, se confirm\u00f3 la muerte del femicida Ricardo\u2026","rel":"","context":"En \u00abINTERES GENERAL\u00bb","block_context":{"text":"INTERES GENERAL","link":"https:\/\/larevistadigital.com.ar\/blog\/category\/interes-general\/"},"img":{"alt_text":"","src":"https:\/\/i0.wp.com\/larevistadigital.com.ar\/blog\/wp-content\/uploads\/720.jpeg?fit=1200%2C673&ssl=1&resize=350%2C200","width":350,"height":200,"srcset":"https:\/\/i0.wp.com\/larevistadigital.com.ar\/blog\/wp-content\/uploads\/720.jpeg?fit=1200%2C673&ssl=1&resize=350%2C200 1x, https:\/\/i0.wp.com\/larevistadigital.com.ar\/blog\/wp-content\/uploads\/720.jpeg?fit=1200%2C673&ssl=1&resize=525%2C300 1.5x, https:\/\/i0.wp.com\/larevistadigital.com.ar\/blog\/wp-content\/uploads\/720.jpeg?fit=1200%2C673&ssl=1&resize=700%2C400 2x, https:\/\/i0.wp.com\/larevistadigital.com.ar\/blog\/wp-content\/uploads\/720.jpeg?fit=1200%2C673&ssl=1&resize=1050%2C600 3x"},"classes":[]}],"_links":{"self":[{"href":"https:\/\/larevistadigital.com.ar\/blog\/wp-json\/wp\/v2\/posts\/31136","targetHints":{"allow":["GET"]}}],"collection":[{"href":"https:\/\/larevistadigital.com.ar\/blog\/wp-json\/wp\/v2\/posts"}],"about":[{"href":"https:\/\/larevistadigital.com.ar\/blog\/wp-json\/wp\/v2\/types\/post"}],"author":[{"embeddable":true,"href":"https:\/\/larevistadigital.com.ar\/blog\/wp-json\/wp\/v2\/users\/3"}],"replies":[{"embeddable":true,"href":"https:\/\/larevistadigital.com.ar\/blog\/wp-json\/wp\/v2\/comments?post=31136"}],"version-history":[{"count":1,"href":"https:\/\/larevistadigital.com.ar\/blog\/wp-json\/wp\/v2\/posts\/31136\/revisions"}],"predecessor-version":[{"id":31138,"href":"https:\/\/larevistadigital.com.ar\/blog\/wp-json\/wp\/v2\/posts\/31136\/revisions\/31138"}],"wp:featuredmedia":[{"embeddable":true,"href":"https:\/\/larevistadigital.com.ar\/blog\/wp-json\/wp\/v2\/media\/31137"}],"wp:attachment":[{"href":"https:\/\/larevistadigital.com.ar\/blog\/wp-json\/wp\/v2\/media?parent=31136"}],"wp:term":[{"taxonomy":"category","embeddable":true,"href":"https:\/\/larevistadigital.com.ar\/blog\/wp-json\/wp\/v2\/categories?post=31136"},{"taxonomy":"post_tag","embeddable":true,"href":"https:\/\/larevistadigital.com.ar\/blog\/wp-json\/wp\/v2\/tags?post=31136"}],"curies":[{"name":"wp","href":"https:\/\/api.w.org\/{rel}","templated":true}]}}