{"id":31139,"date":"2023-04-20T13:33:35","date_gmt":"2023-04-20T13:33:35","guid":{"rendered":"https:\/\/larevistadigital.com.ar\/blog\/?p=31139"},"modified":"2023-04-20T13:33:35","modified_gmt":"2023-04-20T13:33:35","slug":"esto-paso-un-dia-como-hoy-19-de-abril-2","status":"publish","type":"post","link":"https:\/\/larevistadigital.com.ar\/blog\/esto-paso-un-dia-como-hoy-19-de-abril-2\/","title":{"rendered":"ESTO PAS\u00d3 UN D\u00cdA COMO HOY, 19 DE ABRIL&#8230;"},"content":{"rendered":"<p class=\"paragraph\" data-mrf-recirculation=\"Links inline\">En un 20 de abril, pero de 1999, dos estudiantes de 17 y 18 a\u00f1os armados matan a 13 personas y se quitan la vida tras dejar heridas a otras 23 en la escuela de Columbine, en Littleton (Colorado).<\/p>\n<h3 class=\"paragraph\" data-mrf-recirculation=\"Links inline\"><span style=\"color: #ff0000\">Otras efem\u00e9rides:<\/span><\/h3>\n<p class=\"paragraph\" data-mrf-recirculation=\"Links inline\">1741.- El militar espa\u00f1ol Blas de Lezo derrota a la poderosa flota inglesa al mando del almirante Edward Vernon que asediaba Cartagena de Indias (Colombia).<\/p>\n<p class=\"paragraph\" data-mrf-recirculation=\"Links inline\">1810.- La Junta de Gobierno de Caracas proclama una soberan\u00eda nacional desligada de Espa\u00f1a.<\/p>\n<p class=\"paragraph\" data-mrf-recirculation=\"Links inline\">1843.- Sancionada la Constituci\u00f3n Pol\u00edtica de la Nueva Granada.<\/p>\n<p class=\"paragraph\" data-mrf-recirculation=\"Links inline\">1851.- Jos\u00e9 Rufino Echenique es elegido presidente de Per\u00fa.<\/p>\n<p class=\"paragraph\" data-mrf-recirculation=\"Links inline\">1853.- El general L\u00f3pez de Santa Anna ocupa de nuevo la presidencia de M\u00e9xico.<\/p>\n<p class=\"paragraph\" data-mrf-recirculation=\"Links inline\">1871.- Una ley declara suprimida la asociaci\u00f3n secreta \u00abKu-Klux-Klan\u00bb en EEUU.<\/p>\n<p class=\"paragraph\" data-mrf-recirculation=\"Links inline\">1920.- Inaugurados en Amberes (B\u00e9lgica) loss VI Juegos Ol\u00edmpicos de la Era Moderna, primeros tras la I Guerra Mundial.<\/p>\n<p class=\"paragraph\" data-mrf-recirculation=\"Links inline\">1961.- El desembarco de fuerzas contrarrevolucionarias, apoyadas por la estadounidense CIA, en Bah\u00eda Cochinos (Cuba) resulta un completo fracaso.<\/p>\n<p class=\"paragraph\" data-mrf-recirculation=\"Links inline\">1964.- Se muestra en p\u00fablico la primera videoconferencia durante la Feria Mundial en Queens, Nueva York.<\/p>\n<p class=\"paragraph\" data-mrf-recirculation=\"Links inline\">1983.- Comienza en Panam\u00e1 la Conferencia de paz para Centroam\u00e9rica.<\/p>\n<p class=\"paragraph\" data-mrf-recirculation=\"Links inline\">1986.- Revienta una presa en Kantalai (Sri Lanka): mueren cien personas y 18.000 quedan sin hogar.<\/p>\n<p class=\"paragraph\" data-mrf-recirculation=\"Links inline\">1990.- El escritor venezolano Arturo Uslar Pietri es galardonado con el Premio Pr\u00edncipe de Asturias de las Letras.<\/p>\n<p class=\"paragraph\" data-mrf-recirculation=\"Links inline\">1992.- El Rey Juan Carlos inaugura la Exposici\u00f3n Universal de Sevilla.<\/p>\n<p class=\"paragraph\" data-mrf-recirculation=\"Links inline\">1995.- La codescubridora del radio, Marie Curie, de origen polaco, se convierte en la primera mujer que, por m\u00e9ritos propios, reposa en el Pante\u00f3n de Par\u00eds.<\/p>\n<p class=\"paragraph\" data-mrf-recirculation=\"Links inline\">1998.- El presidente de Microsoft, Bill Gates, presenta en Chicago (EEUU) su nuevo sistema operativo Windows 98.<\/p>\n<p class=\"paragraph\" data-mrf-recirculation=\"Links inline\">2000.- El presidente Hugo Banzer levanta el estado de sitio en Bolivia, decretado para sofocar el estallido social debido a la subida de la tarifa del agua en Cochabamba.<\/p>\n<p class=\"paragraph\" data-mrf-recirculation=\"Links inline\">2004.- Rep\u00fablica Dominicana ordena la retirada de sus tropas de Irak.<\/p>\n<p class=\"paragraph\" data-mrf-recirculation=\"Links inline\">2005.- El presidente de Ecuador Lucio Guti\u00e9rrez es destituido por el Parlamento por las protestas sociales contra su Gobierno.<\/p>\n<p class=\"paragraph\" data-mrf-recirculation=\"Links inline\">2008.- Victoria del ex obispo cat\u00f3lico Fernando Lugo en las presidenciales de Paraguay.<\/p>\n<p class=\"paragraph\" data-mrf-recirculation=\"Links inline\">2010.- Un tribunal de Buenos Aires condena a 25 a\u00f1os de prisi\u00f3n al dictador argentino Reynaldo Bignone por delitos de lesa humanidad.<\/p>\n<p class=\"paragraph\" data-mrf-recirculation=\"Links inline\">2013.- Al menos 186 muertos y m\u00e1s de 11.000 heridos durante un terremoto en la provincia china de Sichuan.<\/p>\n<p class=\"paragraph\" data-mrf-recirculation=\"Links inline\">2016.- Una explosi\u00f3n en un centro petroqu\u00edmico en el estado mexicano de Veracruz deja 32 muertos.<\/p>\n<p class=\"paragraph\" data-mrf-recirculation=\"Links inline\">2017.- Un polic\u00eda muerto y dos heridos en un tiroteo terrorista en los Campos El\u00edseos de Par\u00eds.<\/p>\n<p class=\"paragraph\" data-mrf-recirculation=\"Links inline\"><strong><span style=\"color: #ff0000\">NACIMIENTOS<\/span><\/strong><\/p>\n<p class=\"paragraph\" data-mrf-recirculation=\"Links inline\">1586.- Isabel Flores, Santa Rosa de Lima.<\/p>\n<p class=\"paragraph\" data-mrf-recirculation=\"Links inline\">1808.- Carlos Luis Bonaparte, Napole\u00f3n III de Francia.<\/p>\n<p class=\"paragraph\" data-mrf-recirculation=\"Links inline\">1889.- Adolfo Hitler, l\u00edder de la Alemania nazi.<\/p>\n<p class=\"paragraph\" data-mrf-recirculation=\"Links inline\">1893.- Joan Mir\u00f3, pintor espa\u00f1ol.<\/p>\n<p class=\"paragraph\" data-mrf-recirculation=\"Links inline\">1908.- Lionel Hampton, m\u00fasico estadounidense de jazz.<\/p>\n<p class=\"paragraph\" data-mrf-recirculation=\"Links inline\">1923.- Ernesto Antonio Puente \u00abTito Puente\u00bb, m\u00fasico puertorrique\u00f1o.<\/p>\n<p class=\"paragraph\" data-mrf-recirculation=\"Links inline\">1935.- Mario Camus, director espa\u00f1ol de cine.<\/p>\n<p class=\"paragraph\" data-mrf-recirculation=\"Links inline\">1939.- Gro Harlem Brundtland, pol\u00edtica noruega.<\/p>\n<p class=\"paragraph\" data-mrf-recirculation=\"Links inline\">1940.- Pilar Mir\u00f3, realizadora de cine y televisi\u00f3n espa\u00f1ola.<\/p>\n<p class=\"paragraph\" data-mrf-recirculation=\"Links inline\">1941.- Ryan O&#8217;Neal, actor estadounidense.<\/p>\n<p class=\"paragraph\" data-mrf-recirculation=\"Links inline\">1949.- Jessica Lange, actriz estadounidense.<\/p>\n<p class=\"paragraph\" data-mrf-recirculation=\"Links inline\">1960.- Miguel D\u00edaz Canel, pol\u00edtico cubano.<\/p>\n<p class=\"paragraph\" data-mrf-recirculation=\"Links inline\">1997.- Alexander Zverev, tenista alem\u00e1n.<\/p>\n<p class=\"paragraph\" data-mrf-recirculation=\"Links inline\"><strong><span style=\"color: #ff0000\">DEFUNCIONES<\/span><\/strong><\/p>\n<p class=\"paragraph\" data-mrf-recirculation=\"Links inline\">1693.- Claudio Coello, pintor de C\u00e1mara de Carlos II.<\/p>\n<p class=\"paragraph\" data-mrf-recirculation=\"Links inline\">1912.- Bram Stoker, escritor irland\u00e9s.<\/p>\n<p class=\"paragraph\" data-mrf-recirculation=\"Links inline\">1947.- Cristian X, rey de Dinamarca.<\/p>\n<p class=\"paragraph\" data-mrf-recirculation=\"Links inline\">1991.- Donald (Don) Siegel, cineasta estadounidense.<\/p>\n<p class=\"paragraph\" data-mrf-recirculation=\"Links inline\">1992.- Benny Hill, actor c\u00f3mico brit\u00e1nico.<\/p>\n<p class=\"paragraph\" data-mrf-recirculation=\"Links inline\">1993.- Mario Moreno \u00abCantinflas\u00bb, actor c\u00f3mico mexicano.<\/p>\n<p class=\"paragraph\" data-mrf-recirculation=\"Links inline\">2018.- Tim Bergling, Avicii, DJ sueco.<\/p>\n<p class=\"paragraph\" data-mrf-recirculation=\"Links inline\">2021.- Monte Hellman, director de cine estadounidense.<\/p>\n","protected":false},"excerpt":{"rendered":"<div class=\"mh-excerpt\"><p>En un 20 de abril, pero de 1999, dos estudiantes de 17 y 18 a\u00f1os armados matan a 13 personas y se quitan la vida tras dejar heridas a otras 23 en la escuela de <a class=\"mh-excerpt-more\" href=\"https:\/\/larevistadigital.com.ar\/blog\/esto-paso-un-dia-como-hoy-19-de-abril-2\/\" title=\"ESTO PAS\u00d3 UN D\u00cdA COMO HOY, 19 DE ABRIL&#8230;\">[Leer M\u00e1s]<\/a><\/p>\n<\/div>","protected":false},"author":3,"featured_media":16747,"comment_status":"open","ping_status":"open","sticky":false,"template":"","format":"standard","meta":{"_jetpack_memberships_contains_paid_content":false,"footnotes":"","jetpack_publicize_message":"","jetpack_publicize_feature_enabled":true,"jetpack_social_post_already_shared":true,"jetpack_social_options":{"image_generator_settings":{"template":"highway","default_image_id":0,"font":"","enabled":false},"version":2}},"categories":[15],"tags":[],"class_list":{"0":"post-31139","1":"post","2":"type-post","3":"status-publish","4":"format-standard","5":"has-post-thumbnail","7":"category-cultura"},"jetpack_publicize_connections":[],"jetpack_featured_media_url":"https:\/\/i0.wp.com\/larevistadigital.com.ar\/blog\/wp-content\/uploads\/LOGO-EFEMERIDES.jpg?fit=1268%2C664&ssl=1","jetpack_sharing_enabled":true,"jetpack_shortlink":"https:\/\/wp.me\/p8qtrQ-86f","jetpack-related-posts":[{"id":35732,"url":"https:\/\/larevistadigital.com.ar\/blog\/chascomus-durante-abril-continuara-la-campana-de-vacunacion-antirabica\/","url_meta":{"origin":31139,"position":0},"title":"CHASCOM\u00daS: DURANTE ABRIL CONTINUAR\u00c1 LA CAMPA\u00d1A DE VACUNACI\u00d3N ANTIR\u00c1BICA","author":"Alejandro Sosa Ruda","date":"3 abril, 2024","format":false,"excerpt":"La vacuna debe aplicarse de manera obligatoria a animales dom\u00e9sticos, a partir de los 3 meses de vida, y debe repetirse a\u00f1o tras a\u00f1o. 3 de abril de 2024 CHASCOM\u00daS -\u00a0 El equipo de la Direcci\u00f3n de Bromatolog\u00eda y Zoonosis contin\u00faa recorriendo barrios para aplicar las vacunas a perros y\u2026","rel":"","context":"En \u00abSin categor\u00eda\u00bb","block_context":{"text":"Sin categor\u00eda","link":"https:\/\/larevistadigital.com.ar\/blog\/category\/sin-categoria\/"},"img":{"alt_text":"","src":"https:\/\/i0.wp.com\/larevistadigital.com.ar\/blog\/wp-content\/uploads\/2024_04_04_00_56_33_9131175.jpg?fit=600%2C401&ssl=1&resize=350%2C200","width":350,"height":200,"srcset":"https:\/\/i0.wp.com\/larevistadigital.com.ar\/blog\/wp-content\/uploads\/2024_04_04_00_56_33_9131175.jpg?fit=600%2C401&ssl=1&resize=350%2C200 1x, https:\/\/i0.wp.com\/larevistadigital.com.ar\/blog\/wp-content\/uploads\/2024_04_04_00_56_33_9131175.jpg?fit=600%2C401&ssl=1&resize=525%2C300 1.5x"},"classes":[]},{"id":35531,"url":"https:\/\/larevistadigital.com.ar\/blog\/se-inicia-el-cronograma-anual-de-vacunacion-antirrabica-gratuita\/","url_meta":{"origin":31139,"position":1},"title":"SE INICIA EL CRONOGRAMA ANUAL DE VACUNACI\u00d3N ANTIRR\u00c1BICA GRATUITA","author":"Alejandro Sosa Ruda","date":"13 marzo, 2024","format":false,"excerpt":"El pr\u00f3ximo lunes se inicia el calendario de inmunizaci\u00f3n contra la rabia para animales dom\u00e9sticos que lleva adelante cada a\u00f1o la Municipalidad de Chascom\u00fas. 13 de marzo de 2024 CHASCOM\u00daS -\u00a0 Como es habitual, el equipo de la Direcci\u00f3n de Bromatolog\u00eda y Zoonosis recorre los barrios para aplicar las vacunas\u2026","rel":"","context":"En \u00abSin categor\u00eda\u00bb","block_context":{"text":"Sin categor\u00eda","link":"https:\/\/larevistadigital.com.ar\/blog\/category\/sin-categoria\/"},"img":{"alt_text":"","src":"https:\/\/i0.wp.com\/larevistadigital.com.ar\/blog\/wp-content\/uploads\/VACUNACION.jpg?fit=700%2C466&ssl=1&resize=350%2C200","width":350,"height":200,"srcset":"https:\/\/i0.wp.com\/larevistadigital.com.ar\/blog\/wp-content\/uploads\/VACUNACION.jpg?fit=700%2C466&ssl=1&resize=350%2C200 1x, https:\/\/i0.wp.com\/larevistadigital.com.ar\/blog\/wp-content\/uploads\/VACUNACION.jpg?fit=700%2C466&ssl=1&resize=525%2C300 1.5x, https:\/\/i0.wp.com\/larevistadigital.com.ar\/blog\/wp-content\/uploads\/VACUNACION.jpg?fit=700%2C466&ssl=1&resize=700%2C400 2x"},"classes":[]},{"id":44563,"url":"https:\/\/larevistadigital.com.ar\/blog\/en-abril-se-viene-un-nuevo-trail-running-chascomus\/","url_meta":{"origin":31139,"position":2},"title":"En abril se viene un nuevo Trail Running Chascom\u00fas","author":"Alejandro Sosa Ruda","date":"17 marzo, 2026","format":false,"excerpt":"Ya se encuentra abierta la inscripci\u00f3n para la competencia organizada por la Municipalidad de Chascom\u00fas. 17 de marzo de 2026 CHASCOM\u00daS -\u00a0 \u00a0El pr\u00f3ximo 12 de abril nuestra ciudad recibir\u00e1 a deportistas de distintas localidades que llegar\u00e1n para participar de una nueva edici\u00f3n del Trail Running Chascom\u00fas. La carrera se\u2026","rel":"","context":"En \u00abCHASCOM\u00daS\u00bb","block_context":{"text":"CHASCOM\u00daS","link":"https:\/\/larevistadigital.com.ar\/blog\/category\/chascomus\/"},"img":{"alt_text":"","src":"https:\/\/i0.wp.com\/larevistadigital.com.ar\/blog\/wp-content\/uploads\/69b97e3f079b8.png?fit=668%2C445&ssl=1&resize=350%2C200","width":350,"height":200,"srcset":"https:\/\/i0.wp.com\/larevistadigital.com.ar\/blog\/wp-content\/uploads\/69b97e3f079b8.png?fit=668%2C445&ssl=1&resize=350%2C200 1x, https:\/\/i0.wp.com\/larevistadigital.com.ar\/blog\/wp-content\/uploads\/69b97e3f079b8.png?fit=668%2C445&ssl=1&resize=525%2C300 1.5x"},"classes":[]},{"id":31101,"url":"https:\/\/larevistadigital.com.ar\/blog\/esto-paso-un-dia-como-hoy-19-de-abril\/","url_meta":{"origin":31139,"position":3},"title":"ESTO PAS\u00d3 UN D\u00cdA COMO HOY, 19 DE ABRIL&#8230;","author":"Alejandro Sosa Ruda","date":"19 abril, 2023","format":false,"excerpt":"El 19 de abril de 1998, hace 25 a\u00f1os, fallece Octavio Paz, poeta y ensayista mexicano, premio Nobel de Literatura en 1990. Dej\u00f3 poemas como \"Piedra de sol\" o \"Nocturno de San Ildefonso\", e hizo una radiograf\u00eda del mexicano en su ensayo \"El laberinto de la soledad\". OTRAS EFEM\u00c9RIDES 1713.-\u2026","rel":"","context":"En \u00abCULTURA\u00bb","block_context":{"text":"CULTURA","link":"https:\/\/larevistadigital.com.ar\/blog\/category\/cultura\/"},"img":{"alt_text":"","src":"https:\/\/i0.wp.com\/larevistadigital.com.ar\/blog\/wp-content\/uploads\/LOGO-EFEMERIDES.jpg?fit=1200%2C628&ssl=1&resize=350%2C200","width":350,"height":200,"srcset":"https:\/\/i0.wp.com\/larevistadigital.com.ar\/blog\/wp-content\/uploads\/LOGO-EFEMERIDES.jpg?fit=1200%2C628&ssl=1&resize=350%2C200 1x, https:\/\/i0.wp.com\/larevistadigital.com.ar\/blog\/wp-content\/uploads\/LOGO-EFEMERIDES.jpg?fit=1200%2C628&ssl=1&resize=525%2C300 1.5x, https:\/\/i0.wp.com\/larevistadigital.com.ar\/blog\/wp-content\/uploads\/LOGO-EFEMERIDES.jpg?fit=1200%2C628&ssl=1&resize=700%2C400 2x, https:\/\/i0.wp.com\/larevistadigital.com.ar\/blog\/wp-content\/uploads\/LOGO-EFEMERIDES.jpg?fit=1200%2C628&ssl=1&resize=1050%2C600 3x"},"classes":[]},{"id":30867,"url":"https:\/\/larevistadigital.com.ar\/blog\/pidio-dinero-en-una-casa-y-como-no-le-dieron-rompio-los-vidrios-a-piedrazos\/","url_meta":{"origin":31139,"position":4},"title":"PIDI\u00d3 DINERO EN UNA CASA, Y COMO NO LE DIERON, ROMPI\u00d3 LOS VIDRIOS A PIEDRAZOS","author":"Alejandro Sosa Ruda","date":"3 abril, 2023","format":false,"excerpt":"Sucedi\u00f3 en el barrio Cerrito Sur. El denunciantes la hab\u00eda ayudado en otras ocasiones. La imputada es una joven de 24 a\u00f1os que registra antecedentes penales. 3 de abril de 2023 MAR DEL PLATA -\u00a0 Sucedi\u00f3 durante la madrugada de este l\u00fanes, cuando una mujer de 24 a\u00f1os de edad,\u2026","rel":"","context":"En \u00abPOLICIALES\u00bb","block_context":{"text":"POLICIALES","link":"https:\/\/larevistadigital.com.ar\/blog\/category\/policiales\/"},"img":{"alt_text":"","src":"https:\/\/i0.wp.com\/larevistadigital.com.ar\/blog\/wp-content\/uploads\/Captura-de-pantalla-2023-04-03-192356.png?fit=788%2C393&ssl=1&resize=350%2C200","width":350,"height":200,"srcset":"https:\/\/i0.wp.com\/larevistadigital.com.ar\/blog\/wp-content\/uploads\/Captura-de-pantalla-2023-04-03-192356.png?fit=788%2C393&ssl=1&resize=350%2C200 1x, https:\/\/i0.wp.com\/larevistadigital.com.ar\/blog\/wp-content\/uploads\/Captura-de-pantalla-2023-04-03-192356.png?fit=788%2C393&ssl=1&resize=525%2C300 1.5x, https:\/\/i0.wp.com\/larevistadigital.com.ar\/blog\/wp-content\/uploads\/Captura-de-pantalla-2023-04-03-192356.png?fit=788%2C393&ssl=1&resize=700%2C400 2x"},"classes":[]},{"id":30940,"url":"https:\/\/larevistadigital.com.ar\/blog\/chascomus-se-reprogramo-la-fecha-para-el-desafio-mtb-chascomus\/","url_meta":{"origin":31139,"position":5},"title":"CHASCOM\u00daS: SE REPROGRAM\u00d3 LA FECHA PARA EL #DESAF\u00cdO MTB CHASCOM\u00daS","author":"Alejandro Sosa Ruda","date":"7 abril, 2023","format":false,"excerpt":"Se hab\u00eda suspendido por razones clim\u00e1ticas y ahora se dispuso una nueva fecha, para un imperdible evento que promete repetirse. 6 de abril de 2023 CHASCOM\u00daS -\u00a0 Un evento que fue suspendido hace poco tiempo por las lluvias, ahora ha sido reprogramado para llevarse a cabo el pr\u00f3ximo 23 de\u2026","rel":"","context":"En \u00abCHASCOM\u00daS\u00bb","block_context":{"text":"CHASCOM\u00daS","link":"https:\/\/larevistadigital.com.ar\/blog\/category\/chascomus\/"},"img":{"alt_text":"","src":"https:\/\/i0.wp.com\/larevistadigital.com.ar\/blog\/wp-content\/uploads\/339820172_993021305016311_9189302290776049363_n.jpg?fit=716%2C716&ssl=1&resize=350%2C200","width":350,"height":200,"srcset":"https:\/\/i0.wp.com\/larevistadigital.com.ar\/blog\/wp-content\/uploads\/339820172_993021305016311_9189302290776049363_n.jpg?fit=716%2C716&ssl=1&resize=350%2C200 1x, https:\/\/i0.wp.com\/larevistadigital.com.ar\/blog\/wp-content\/uploads\/339820172_993021305016311_9189302290776049363_n.jpg?fit=716%2C716&ssl=1&resize=525%2C300 1.5x, https:\/\/i0.wp.com\/larevistadigital.com.ar\/blog\/wp-content\/uploads\/339820172_993021305016311_9189302290776049363_n.jpg?fit=716%2C716&ssl=1&resize=700%2C400 2x"},"classes":[]}],"_links":{"self":[{"href":"https:\/\/larevistadigital.com.ar\/blog\/wp-json\/wp\/v2\/posts\/31139","targetHints":{"allow":["GET"]}}],"collection":[{"href":"https:\/\/larevistadigital.com.ar\/blog\/wp-json\/wp\/v2\/posts"}],"about":[{"href":"https:\/\/larevistadigital.com.ar\/blog\/wp-json\/wp\/v2\/types\/post"}],"author":[{"embeddable":true,"href":"https:\/\/larevistadigital.com.ar\/blog\/wp-json\/wp\/v2\/users\/3"}],"replies":[{"embeddable":true,"href":"https:\/\/larevistadigital.com.ar\/blog\/wp-json\/wp\/v2\/comments?post=31139"}],"version-history":[{"count":1,"href":"https:\/\/larevistadigital.com.ar\/blog\/wp-json\/wp\/v2\/posts\/31139\/revisions"}],"predecessor-version":[{"id":31140,"href":"https:\/\/larevistadigital.com.ar\/blog\/wp-json\/wp\/v2\/posts\/31139\/revisions\/31140"}],"wp:featuredmedia":[{"embeddable":true,"href":"https:\/\/larevistadigital.com.ar\/blog\/wp-json\/wp\/v2\/media\/16747"}],"wp:attachment":[{"href":"https:\/\/larevistadigital.com.ar\/blog\/wp-json\/wp\/v2\/media?parent=31139"}],"wp:term":[{"taxonomy":"category","embeddable":true,"href":"https:\/\/larevistadigital.com.ar\/blog\/wp-json\/wp\/v2\/categories?post=31139"},{"taxonomy":"post_tag","embeddable":true,"href":"https:\/\/larevistadigital.com.ar\/blog\/wp-json\/wp\/v2\/tags?post=31139"}],"curies":[{"name":"wp","href":"https:\/\/api.w.org\/{rel}","templated":true}]}}