{"id":31141,"date":"2023-04-20T14:13:23","date_gmt":"2023-04-20T14:13:23","guid":{"rendered":"https:\/\/larevistadigital.com.ar\/blog\/?p=31141"},"modified":"2023-04-20T14:17:07","modified_gmt":"2023-04-20T14:17:07","slug":"ruta-2-despiste-vuelco-y-milagro-un-hombre-en-grave-estado-quedo-internado","status":"publish","type":"post","link":"https:\/\/larevistadigital.com.ar\/blog\/ruta-2-despiste-vuelco-y-milagro-un-hombre-en-grave-estado-quedo-internado\/","title":{"rendered":"RUTA 2: DESPISTE, VUELCO Y MILAGRO. UN HOMBRE EN GRAVE ESTADO QUED\u00d3 INTERNADO"},"content":{"rendered":"<h2 class=\"negrita\">El conductor de una camioneta perdi\u00f3 el control y sufri\u00f3 un grav\u00edsimo vuelco en la banquina de la autov\u00eda. Fue internado y se encuentra en estado cr\u00edtico.<\/h2>\n<p class=\"fecha\">20 de abril de 2023<\/p>\n<div class=\"texto\">\n<p><strong>LEZAMA &#8211;<\/strong>\u00a0 Un brutal accidente de tr\u00e1nsito estuvo a punto de terminar en tragedia en las primeras horas de este jueves, cuando <strong>un hombre a bordo de una Volkswagen Amarok perdi\u00f3 el control mientras circulaba a gran velocidad por la Ruta 2, volc\u00f3 en la banquina y termin\u00f3 gravemente herido<\/strong>.<\/p>\n<blockquote>\n<h3>Aunque todav\u00eda no est\u00e1 del todo claro qu\u00e9 fue lo que desencaden\u00f3 el impactante choque, fuentes policiales confirmaron que la v\u00edctima tuvo que ser rescatada de entre restos del veh\u00edculo destrozado en el kil\u00f3metro 63 del sentido descendente de la autov\u00eda, a la altura de la localidad bonaerense de\u00a0<strong>Lezama<\/strong>.<\/h3>\n<\/blockquote>\n<p><a class=\"link\" href=\"https:\/\/i0.wp.com\/pxb.cdn.0221.com.ar\/0221\/042021\/1618511694646.jpg?ssl=1\" target=\"_blank\" rel=\"noopener\"><img data-recalc-dims=\"1\" decoding=\"async\" src=\"https:\/\/i0.wp.com\/pxb.cdn.0221.com.ar\/0221\/042021\/1618511694646.jpg?ssl=1\" alt=\"\" \/><\/a><\/p>\n<p>De acuerdo con las primeras precisiones del caso,\u00a0<strong>el hombre fue trasladado de urgencia al Hospital de Melchor Romero y qued\u00f3 internado en un grave estado<\/strong>. El lugar del hecho, en tanto, fue balizado y por estas horas la circulaci\u00f3n se realiza de manera asistida por personal de AUBASA, mientras se llevan a cabo las pericias de rigor.<\/p>\n<p>&nbsp;<\/p>\n<\/div>\n","protected":false},"excerpt":{"rendered":"<div class=\"mh-excerpt\"><p>El conductor de una camioneta perdi\u00f3 el control y sufri\u00f3 un grav\u00edsimo vuelco en la banquina de la autov\u00eda. Fue internado y se encuentra en estado cr\u00edtico. 20 de abril de 2023 LEZAMA &#8211;\u00a0 Un <a class=\"mh-excerpt-more\" href=\"https:\/\/larevistadigital.com.ar\/blog\/ruta-2-despiste-vuelco-y-milagro-un-hombre-en-grave-estado-quedo-internado\/\" title=\"RUTA 2: DESPISTE, VUELCO Y MILAGRO. UN HOMBRE EN GRAVE ESTADO QUED\u00d3 INTERNADO\">[Leer M\u00e1s]<\/a><\/p>\n<\/div>","protected":false},"author":3,"featured_media":31142,"comment_status":"open","ping_status":"open","sticky":false,"template":"","format":"standard","meta":{"_jetpack_memberships_contains_paid_content":false,"footnotes":"","jetpack_publicize_message":"","jetpack_publicize_feature_enabled":true,"jetpack_social_post_already_shared":true,"jetpack_social_options":{"image_generator_settings":{"template":"highway","default_image_id":0,"font":"","enabled":false},"version":2}},"categories":[50,7],"tags":[],"class_list":{"0":"post-31141","1":"post","2":"type-post","3":"status-publish","4":"format-standard","5":"has-post-thumbnail","7":"category-interes-general","8":"category-lezama"},"jetpack_publicize_connections":[],"jetpack_featured_media_url":"https:\/\/i0.wp.com\/larevistadigital.com.ar\/blog\/wp-content\/uploads\/1681997589303.jpeg?fit=1920%2C950&ssl=1","jetpack_sharing_enabled":true,"jetpack_shortlink":"https:\/\/wp.me\/p8qtrQ-86h","jetpack-related-posts":[{"id":41433,"url":"https:\/\/larevistadigital.com.ar\/blog\/ruta-226-conductor-hospitalizado-tras-un-vuelco\/","url_meta":{"origin":31141,"position":0},"title":"RUTA 226: Conductor hospitalizado tras un vuelco","author":"Alejandro Sosa Ruda","date":"12 septiembre, 2025","format":false,"excerpt":"Un Peugeot 307 perdi\u00f3 el control durante la madrugada y cay\u00f3 a un desnivel de tres metros. El conductor, de 37 a\u00f1os, fue trasladado de urgencia al Hospital Municipal Ram\u00f3n Santamarina. 12 de septiembre de 2025 BUENOS AIRES\u00a0 \u00a0-\u00a0 \u00a0En la madrugada de este mi\u00e9rcoles, cerca de las 3:30, un\u2026","rel":"","context":"En \u00abPOLICIALES\u00bb","block_context":{"text":"POLICIALES","link":"https:\/\/larevistadigital.com.ar\/blog\/category\/policiales\/"},"img":{"alt_text":"","src":"https:\/\/i0.wp.com\/larevistadigital.com.ar\/blog\/wp-content\/uploads\/1620734310362.jpg?fit=1200%2C798&ssl=1&resize=350%2C200","width":350,"height":200,"srcset":"https:\/\/i0.wp.com\/larevistadigital.com.ar\/blog\/wp-content\/uploads\/1620734310362.jpg?fit=1200%2C798&ssl=1&resize=350%2C200 1x, https:\/\/i0.wp.com\/larevistadigital.com.ar\/blog\/wp-content\/uploads\/1620734310362.jpg?fit=1200%2C798&ssl=1&resize=525%2C300 1.5x, https:\/\/i0.wp.com\/larevistadigital.com.ar\/blog\/wp-content\/uploads\/1620734310362.jpg?fit=1200%2C798&ssl=1&resize=700%2C400 2x, https:\/\/i0.wp.com\/larevistadigital.com.ar\/blog\/wp-content\/uploads\/1620734310362.jpg?fit=1200%2C798&ssl=1&resize=1050%2C600 3x"},"classes":[]},{"id":26346,"url":"https:\/\/larevistadigital.com.ar\/blog\/castelli-vuelco-en-la-autovia-una-pareja-y-su-bebe-heridos\/","url_meta":{"origin":31141,"position":1},"title":"CASTELLI: VUELCO EN LA AUTOV\u00cdA. UNA PAREJA Y SU BEB\u00c9 HERIDOS.","author":"Alejandro Sosa Ruda","date":"5 julio, 2022","format":false,"excerpt":"CASTELLI -\u00a0 Una familia, incluyendo un beb\u00e9, result\u00f3 herida a ra\u00edz de un vuelco producido en la autov\u00eda\u00a0en cercan\u00edas de la localidad de\u00a0Castelli. El accidente se produjo en el\u00a0kil\u00f3metro 194 de la ruta 2, en mano hacia Mar del Plata. En ese sitio y por causas que a\u00fan se investigan,\u2026","rel":"","context":"En \u00abCASTELLI\u00bb","block_context":{"text":"CASTELLI","link":"https:\/\/larevistadigital.com.ar\/blog\/category\/castelli\/"},"img":{"alt_text":"","src":"https:\/\/i0.wp.com\/larevistadigital.com.ar\/blog\/wp-content\/uploads\/69eb415c5f239a55bee1784a3db00db72a35061f.jpeg?fit=1140%2C841&ssl=1&resize=350%2C200","width":350,"height":200,"srcset":"https:\/\/i0.wp.com\/larevistadigital.com.ar\/blog\/wp-content\/uploads\/69eb415c5f239a55bee1784a3db00db72a35061f.jpeg?fit=1140%2C841&ssl=1&resize=350%2C200 1x, https:\/\/i0.wp.com\/larevistadigital.com.ar\/blog\/wp-content\/uploads\/69eb415c5f239a55bee1784a3db00db72a35061f.jpeg?fit=1140%2C841&ssl=1&resize=525%2C300 1.5x, https:\/\/i0.wp.com\/larevistadigital.com.ar\/blog\/wp-content\/uploads\/69eb415c5f239a55bee1784a3db00db72a35061f.jpeg?fit=1140%2C841&ssl=1&resize=700%2C400 2x, https:\/\/i0.wp.com\/larevistadigital.com.ar\/blog\/wp-content\/uploads\/69eb415c5f239a55bee1784a3db00db72a35061f.jpeg?fit=1140%2C841&ssl=1&resize=1050%2C600 3x"},"classes":[]},{"id":13357,"url":"https:\/\/larevistadigital.com.ar\/blog\/vuelco-de-micro-en-lezama-el-chofer-dijo-pise-la-banquina-y-se-me-fue-se-encuentra-detenido\/","url_meta":{"origin":31141,"position":2},"title":"VUELCO DE MICRO EN LEZAMA: EL CHOFER DIJO \u00abPIS\u00c9 LA BANQUINA Y SE ME FUE\u00bb. SE ENCUENTRA DETENIDO","author":"Alejandro Sosa Ruda","date":"28 noviembre, 2019","format":false,"excerpt":"\u201cSe me fue, se me fue\u201d. Esa fue la primera explicaci\u00f3n que dio el conductor del micro que volc\u00f3 esta ma\u00f1ana en ruta 2. En ese \u00f3mnibus, viajaban chicos de 11 y 12 a\u00f1os que hab\u00edan partido de una escuela de Benav\u00eddez y ten\u00edan previsto visitar Mundo Marino, en San\u2026","rel":"","context":"En \u00abINTERES GENERAL\u00bb","block_context":{"text":"INTERES GENERAL","link":"https:\/\/larevistadigital.com.ar\/blog\/category\/interes-general\/"},"img":{"alt_text":"","src":"https:\/\/i0.wp.com\/larevistadigital.com.ar\/blog\/wp-content\/uploads\/Screenshot_3-28.jpg?fit=943%2C617&ssl=1&resize=350%2C200","width":350,"height":200,"srcset":"https:\/\/i0.wp.com\/larevistadigital.com.ar\/blog\/wp-content\/uploads\/Screenshot_3-28.jpg?fit=943%2C617&ssl=1&resize=350%2C200 1x, https:\/\/i0.wp.com\/larevistadigital.com.ar\/blog\/wp-content\/uploads\/Screenshot_3-28.jpg?fit=943%2C617&ssl=1&resize=525%2C300 1.5x, https:\/\/i0.wp.com\/larevistadigital.com.ar\/blog\/wp-content\/uploads\/Screenshot_3-28.jpg?fit=943%2C617&ssl=1&resize=700%2C400 2x"},"classes":[]},{"id":19225,"url":"https:\/\/larevistadigital.com.ar\/blog\/impactante-vuelco-por-esquivar-un-animal-en-la-ruta-29\/","url_meta":{"origin":31141,"position":3},"title":"IMPACTANTE VUELCO POR ESQUIVAR UN ANIMAL EN LA RUTA 29","author":"Alejandro Sosa Ruda","date":"15 marzo, 2021","format":false,"excerpt":"Fue este fin de semana y el conductor result\u00f3 ileso. Un veh\u00edculo despist\u00f3 y posteriormente volc\u00f3 en la Ruta N\u00ba 29, a casi 1000 metros del acceso a Udaquiola. Seg\u00fan se pudo saber, el conductor intent\u00f3 esquivar un animal, perdi\u00f3 el control, peg\u00f3 varios tumbos y termin\u00f3 sobre la banquina.\u2026","rel":"","context":"En \u00abREGIONALES\u00bb","block_context":{"text":"REGIONALES","link":"https:\/\/larevistadigital.com.ar\/blog\/category\/regionales\/"},"img":{"alt_text":"","src":"https:\/\/i0.wp.com\/larevistadigital.com.ar\/blog\/wp-content\/uploads\/vuelco-ayacuchenses-13-3-2021.jpg?fit=1140%2C729&ssl=1&resize=350%2C200","width":350,"height":200,"srcset":"https:\/\/i0.wp.com\/larevistadigital.com.ar\/blog\/wp-content\/uploads\/vuelco-ayacuchenses-13-3-2021.jpg?fit=1140%2C729&ssl=1&resize=350%2C200 1x, https:\/\/i0.wp.com\/larevistadigital.com.ar\/blog\/wp-content\/uploads\/vuelco-ayacuchenses-13-3-2021.jpg?fit=1140%2C729&ssl=1&resize=525%2C300 1.5x, https:\/\/i0.wp.com\/larevistadigital.com.ar\/blog\/wp-content\/uploads\/vuelco-ayacuchenses-13-3-2021.jpg?fit=1140%2C729&ssl=1&resize=700%2C400 2x, https:\/\/i0.wp.com\/larevistadigital.com.ar\/blog\/wp-content\/uploads\/vuelco-ayacuchenses-13-3-2021.jpg?fit=1140%2C729&ssl=1&resize=1050%2C600 3x"},"classes":[]},{"id":195,"url":"https:\/\/larevistadigital.com.ar\/blog\/vecino-lezama-fue-hospitalizado-tras-despiste-la-autovia-2\/","url_meta":{"origin":31141,"position":4},"title":"Vecino de Lezama fue hospitalizado tras despiste en la Autov\u00eda 2","author":"editor","date":"10 febrero, 2017","format":false,"excerpt":"Ayer cerca de las 9 de la ma\u00f1ana, se produjo el despiste de una camioneta en la Autov\u00eda, a la altura del cruce con Avenida Presidente Alfons\u00edn. Por causa que se tratan de establecer, el veh\u00edculo marca Chevrolet S10 que era conducido por un vecino de Lezama, pero que pertenec\u00eda\u2026","rel":"","context":"En \u00abLEZAMA\u00bb","block_context":{"text":"LEZAMA","link":"https:\/\/larevistadigital.com.ar\/blog\/category\/lezama\/"},"img":{"alt_text":"","src":"https:\/\/i0.wp.com\/larevistadigital.com.ar\/blog\/wp-content\/uploads\/2017\/02\/vuelco_10defebrerode2017_elfuerte.jpg?fit=703%2C572&ssl=1&resize=350%2C200","width":350,"height":200,"srcset":"https:\/\/i0.wp.com\/larevistadigital.com.ar\/blog\/wp-content\/uploads\/2017\/02\/vuelco_10defebrerode2017_elfuerte.jpg?fit=703%2C572&ssl=1&resize=350%2C200 1x, https:\/\/i0.wp.com\/larevistadigital.com.ar\/blog\/wp-content\/uploads\/2017\/02\/vuelco_10defebrerode2017_elfuerte.jpg?fit=703%2C572&ssl=1&resize=525%2C300 1.5x, https:\/\/i0.wp.com\/larevistadigital.com.ar\/blog\/wp-content\/uploads\/2017\/02\/vuelco_10defebrerode2017_elfuerte.jpg?fit=703%2C572&ssl=1&resize=700%2C400 2x"},"classes":[]},{"id":5880,"url":"https:\/\/larevistadigital.com.ar\/blog\/una-persona-hospitalizada-tras-despistar-en-la-ruta-2\/","url_meta":{"origin":31141,"position":5},"title":"Una persona hospitalizada tras despistar en la ruta 2","author":"admin","date":"25 junio, 2018","format":false,"excerpt":"En la ma\u00f1ana de este domingo 24, fueron requeridos los Servicios de Emergencias M\u00e9dicas y Bomberos Voluntarios de Lezama por la producci\u00f3n de un accidente automovil\u00edstico a la altura del kil\u00f3metro 142 de la autov\u00eda 2 en en el carril con sentido de direcci\u00f3n hacia la Capital Federal. Bajo alarma\u2026","rel":"","context":"En \u00abLEZAMA\u00bb","block_context":{"text":"LEZAMA","link":"https:\/\/larevistadigital.com.ar\/blog\/category\/lezama\/"},"img":{"alt_text":"","src":"https:\/\/i0.wp.com\/larevistadigital.com.ar\/blog\/wp-content\/uploads\/2018\/06\/VUELCO-LEZAMA-Copiar.jpg?fit=1024%2C598&ssl=1&resize=350%2C200","width":350,"height":200,"srcset":"https:\/\/i0.wp.com\/larevistadigital.com.ar\/blog\/wp-content\/uploads\/2018\/06\/VUELCO-LEZAMA-Copiar.jpg?fit=1024%2C598&ssl=1&resize=350%2C200 1x, https:\/\/i0.wp.com\/larevistadigital.com.ar\/blog\/wp-content\/uploads\/2018\/06\/VUELCO-LEZAMA-Copiar.jpg?fit=1024%2C598&ssl=1&resize=525%2C300 1.5x, https:\/\/i0.wp.com\/larevistadigital.com.ar\/blog\/wp-content\/uploads\/2018\/06\/VUELCO-LEZAMA-Copiar.jpg?fit=1024%2C598&ssl=1&resize=700%2C400 2x"},"classes":[]}],"_links":{"self":[{"href":"https:\/\/larevistadigital.com.ar\/blog\/wp-json\/wp\/v2\/posts\/31141","targetHints":{"allow":["GET"]}}],"collection":[{"href":"https:\/\/larevistadigital.com.ar\/blog\/wp-json\/wp\/v2\/posts"}],"about":[{"href":"https:\/\/larevistadigital.com.ar\/blog\/wp-json\/wp\/v2\/types\/post"}],"author":[{"embeddable":true,"href":"https:\/\/larevistadigital.com.ar\/blog\/wp-json\/wp\/v2\/users\/3"}],"replies":[{"embeddable":true,"href":"https:\/\/larevistadigital.com.ar\/blog\/wp-json\/wp\/v2\/comments?post=31141"}],"version-history":[{"count":2,"href":"https:\/\/larevistadigital.com.ar\/blog\/wp-json\/wp\/v2\/posts\/31141\/revisions"}],"predecessor-version":[{"id":31144,"href":"https:\/\/larevistadigital.com.ar\/blog\/wp-json\/wp\/v2\/posts\/31141\/revisions\/31144"}],"wp:featuredmedia":[{"embeddable":true,"href":"https:\/\/larevistadigital.com.ar\/blog\/wp-json\/wp\/v2\/media\/31142"}],"wp:attachment":[{"href":"https:\/\/larevistadigital.com.ar\/blog\/wp-json\/wp\/v2\/media?parent=31141"}],"wp:term":[{"taxonomy":"category","embeddable":true,"href":"https:\/\/larevistadigital.com.ar\/blog\/wp-json\/wp\/v2\/categories?post=31141"},{"taxonomy":"post_tag","embeddable":true,"href":"https:\/\/larevistadigital.com.ar\/blog\/wp-json\/wp\/v2\/tags?post=31141"}],"curies":[{"name":"wp","href":"https:\/\/api.w.org\/{rel}","templated":true}]}}