{"id":31151,"date":"2023-04-21T01:45:37","date_gmt":"2023-04-21T01:45:37","guid":{"rendered":"https:\/\/larevistadigital.com.ar\/blog\/?p=31151"},"modified":"2023-04-21T01:53:10","modified_gmt":"2023-04-21T01:53:10","slug":"prevencion-que-da-resultados-el-cpr-intercepto-e-infracciono-a-cazadores-furtivos-con-perros-galgos","status":"publish","type":"post","link":"https:\/\/larevistadigital.com.ar\/blog\/prevencion-que-da-resultados-el-cpr-intercepto-e-infracciono-a-cazadores-furtivos-con-perros-galgos\/","title":{"rendered":"PREVENCI\u00d3N QUE DA RESULTADOS: EL CPR INTERCEPT\u00d3 E INFRACCION\u00d3 A CAZADORES FURTIVOS CON PERROS GALGOS."},"content":{"rendered":"<h2>Fue durante la jornada, y ten\u00edan piezas de \u00f1and\u00faes. Eran tres individuos. En la foto, los galgos en la canilela del Destacamento del CPR en G\u00e1ndara<\/h2>\n<p>20 de abril de 2023<\/p>\n<p><strong>CHASCOM\u00daS &#8211;<\/strong>\u00a0 Durante la jornada de hoy, y mientras personal del Comando de Patrulla Rural se encontraba de recorrida preventiva como suele hacer, descubrieron a tres individuos, procediendo inmediatamente a su identificaci\u00f3n.<\/p>\n<blockquote>\n<h3>Los infraccionados, fueron tres personas de sexo masculino, mayores de edad que estaban realizando caza de animales, ayud\u00e1ndose de seis perros simil galgos, de distinto sexo, pelaje y edad.<\/h3>\n<\/blockquote>\n<p>Los sujetos ten\u00edan en su poder el producto de dicha caza, que result\u00f3 la obtenci\u00f3n de DOS (02) cuartos de \u00d1ANDU, por lo que se le labr\u00f3 la infracci\u00f3n correspondiente con intervenci\u00f3n del Ministerio de Desarrollo Agrario y Juzgado de Faltas Chascomus.<\/p>\n","protected":false},"excerpt":{"rendered":"<div class=\"mh-excerpt\"><p>Fue durante la jornada, y ten\u00edan piezas de \u00f1and\u00faes. Eran tres individuos. En la foto, los galgos en la canilela del Destacamento del CPR en G\u00e1ndara 20 de abril de 2023 CHASCOM\u00daS &#8211;\u00a0 Durante la <a class=\"mh-excerpt-more\" href=\"https:\/\/larevistadigital.com.ar\/blog\/prevencion-que-da-resultados-el-cpr-intercepto-e-infracciono-a-cazadores-furtivos-con-perros-galgos\/\" title=\"PREVENCI\u00d3N QUE DA RESULTADOS: EL CPR INTERCEPT\u00d3 E INFRACCION\u00d3 A CAZADORES FURTIVOS CON PERROS GALGOS.\">[Leer M\u00e1s]<\/a><\/p>\n<\/div>","protected":false},"author":3,"featured_media":31152,"comment_status":"open","ping_status":"open","sticky":false,"template":"","format":"standard","meta":{"_jetpack_memberships_contains_paid_content":false,"footnotes":"","jetpack_publicize_message":"","jetpack_publicize_feature_enabled":true,"jetpack_social_post_already_shared":true,"jetpack_social_options":{"image_generator_settings":{"template":"highway","default_image_id":0,"font":"","enabled":false},"version":2}},"categories":[41,44],"tags":[],"class_list":{"0":"post-31151","1":"post","2":"type-post","3":"status-publish","4":"format-standard","5":"has-post-thumbnail","7":"category-destacadas","8":"category-policiales"},"jetpack_publicize_connections":[],"jetpack_featured_media_url":"https:\/\/i0.wp.com\/larevistadigital.com.ar\/blog\/wp-content\/uploads\/CANILES.jpg?fit=1280%2C621&ssl=1","jetpack_sharing_enabled":true,"jetpack_shortlink":"https:\/\/wp.me\/p8qtrQ-86r","jetpack-related-posts":[{"id":32378,"url":"https:\/\/larevistadigital.com.ar\/blog\/chascomus-en-rapido-accionar-la-patrulla-rural-intercepto-galgueros-que-habian-intrusado-un-campo-y-realizaban-caza-furtiva\/","url_meta":{"origin":31151,"position":0},"title":"CHASCOM\u00daS: EN R\u00c1PIDO ACCIONAR LA PATRULLA RURAL INTERCEPT\u00d3 GALGUEROS QUE HAB\u00cdAN INTRUSADO UN CAMPO Y REALIZABAN CAZA FURTIVA","author":"Alejandro Sosa Ruda","date":"12 julio, 2023","format":false,"excerpt":"Gracias a la r\u00e1pida intervenci\u00f3n del CPR local, se logr\u00f3 interceptar a los individuos, cumpliendo con el vecino que hab\u00eda pedido ayuda. 11 de julio de 2023 CHASCOM\u00daS -\u00a0\u00a0El CPR local (Comando de Prevenci\u00f3n Rural) recibi\u00f3 una alerta de un productor rural del CUARTEL VI\u00a0 de Giribone, que denunci\u00f3 la\u2026","rel":"","context":"En \u00abINTERES GENERAL\u00bb","block_context":{"text":"INTERES GENERAL","link":"https:\/\/larevistadigital.com.ar\/blog\/category\/interes-general\/"},"img":{"alt_text":"","src":"https:\/\/i0.wp.com\/larevistadigital.com.ar\/blog\/wp-content\/uploads\/WhatsApp-Image-2023-07-11-at-20.20.52.jpeg?fit=960%2C1200&ssl=1&resize=350%2C200","width":350,"height":200,"srcset":"https:\/\/i0.wp.com\/larevistadigital.com.ar\/blog\/wp-content\/uploads\/WhatsApp-Image-2023-07-11-at-20.20.52.jpeg?fit=960%2C1200&ssl=1&resize=350%2C200 1x, https:\/\/i0.wp.com\/larevistadigital.com.ar\/blog\/wp-content\/uploads\/WhatsApp-Image-2023-07-11-at-20.20.52.jpeg?fit=960%2C1200&ssl=1&resize=525%2C300 1.5x, https:\/\/i0.wp.com\/larevistadigital.com.ar\/blog\/wp-content\/uploads\/WhatsApp-Image-2023-07-11-at-20.20.52.jpeg?fit=960%2C1200&ssl=1&resize=700%2C400 2x"},"classes":[]},{"id":36936,"url":"https:\/\/larevistadigital.com.ar\/blog\/chascomus-la-patrulla-rural-logro-interceptar-a-distintos-sujetos-que-realizaban-caza-con-galgos\/","url_meta":{"origin":31151,"position":1},"title":"CHASCOM\u00daS: LA PATRULLA RURAL LOGR\u00d3 INTERCEPTAR A DISTINTOS SUJETOS QUE REALIZABAN \u00abCAZA CON GALGOS\u00bb","author":"Alejandro Sosa Ruda","date":"11 agosto, 2024","format":false,"excerpt":"En la primera intervenci\u00f3n infraccionaron a dos sujetos mayores de edad, y en la segunda a otro. Todos de sexo masculino y en flagrancia. 11 de Agosto de 2024 CHASCOM\u00daS -\u00a0 Personal de la Patrulla Rural, SS Rural, Coord Dolores y CPR Chascom\u00fas lograron identificar a dos hombres mayores de\u2026","rel":"","context":"En \u00abINTERES GENERAL\u00bb","block_context":{"text":"INTERES GENERAL","link":"https:\/\/larevistadigital.com.ar\/blog\/category\/interes-general\/"},"img":{"alt_text":"","src":"https:\/\/i0.wp.com\/larevistadigital.com.ar\/blog\/wp-content\/uploads\/WhatsApp-Image-2024-08-11-at-12.21.02-e1723391218677.jpeg?fit=718%2C998&ssl=1&resize=350%2C200","width":350,"height":200,"srcset":"https:\/\/i0.wp.com\/larevistadigital.com.ar\/blog\/wp-content\/uploads\/WhatsApp-Image-2024-08-11-at-12.21.02-e1723391218677.jpeg?fit=718%2C998&ssl=1&resize=350%2C200 1x, https:\/\/i0.wp.com\/larevistadigital.com.ar\/blog\/wp-content\/uploads\/WhatsApp-Image-2024-08-11-at-12.21.02-e1723391218677.jpeg?fit=718%2C998&ssl=1&resize=525%2C300 1.5x, https:\/\/i0.wp.com\/larevistadigital.com.ar\/blog\/wp-content\/uploads\/WhatsApp-Image-2024-08-11-at-12.21.02-e1723391218677.jpeg?fit=718%2C998&ssl=1&resize=700%2C400 2x"},"classes":[]},{"id":32078,"url":"https:\/\/larevistadigital.com.ar\/blog\/chascomus-interceptan-e-infraccionan-galgueros\/","url_meta":{"origin":31151,"position":2},"title":"CHASCOM\u00daS: INTERCEPTAN E INFRACCIONAN \u00abGALGUEROS\u00bb","author":"Alejandro Sosa Ruda","date":"19 junio, 2023","format":false,"excerpt":"Se trataba de individuos con gran cantidad de perros galgos. 19 de junio de 2023 CHASCOM\u00daS -\u00a0 Durante la jornada de hoy, se recibi\u00f3 un llamado telef\u00f3nico al CPR ( Comando de Prevenci\u00f3n Rural), dando cuenta de la existencia de cazadores con perros galgos sobre ruta 2 altura km 96.\u2026","rel":"","context":"En \u00abINTERES GENERAL\u00bb","block_context":{"text":"INTERES GENERAL","link":"https:\/\/larevistadigital.com.ar\/blog\/category\/interes-general\/"},"img":{"alt_text":"","src":"https:\/\/i0.wp.com\/larevistadigital.com.ar\/blog\/wp-content\/uploads\/caniles-1.jpg?fit=1200%2C716&ssl=1&resize=350%2C200","width":350,"height":200,"srcset":"https:\/\/i0.wp.com\/larevistadigital.com.ar\/blog\/wp-content\/uploads\/caniles-1.jpg?fit=1200%2C716&ssl=1&resize=350%2C200 1x, https:\/\/i0.wp.com\/larevistadigital.com.ar\/blog\/wp-content\/uploads\/caniles-1.jpg?fit=1200%2C716&ssl=1&resize=525%2C300 1.5x, https:\/\/i0.wp.com\/larevistadigital.com.ar\/blog\/wp-content\/uploads\/caniles-1.jpg?fit=1200%2C716&ssl=1&resize=700%2C400 2x, https:\/\/i0.wp.com\/larevistadigital.com.ar\/blog\/wp-content\/uploads\/caniles-1.jpg?fit=1200%2C716&ssl=1&resize=1050%2C600 3x"},"classes":[]},{"id":27099,"url":"https:\/\/larevistadigital.com.ar\/blog\/chascomus-personal-del-cpr-chascomus-intercepto-cazadores\/","url_meta":{"origin":31151,"position":3},"title":"CHASCOMUS: PERSONAL DEL CPR CHASCOM\u00daS INTERCEPT\u00d3 CAZADORES","author":"Alejandro Sosa Ruda","date":"16 agosto, 2022","format":false,"excerpt":"CHASCOM\u00daS -\u00a0 Durante la jornada de ayer, personal del Comando de Prevenci\u00f3n Rural de Chascom\u00fas, cuando se encontraban realizando Operativo de Interceptaci\u00f3n vehicular se intercept\u00f3 a 5 (cinco) sujetos de sexo masculino, que se encontraban \"cazando con perros galgos\". Pudo entonces constatarse que los individuos ten\u00edan en su poder dos\u2026","rel":"","context":"En \u00abCHASCOM\u00daS\u00bb","block_context":{"text":"CHASCOM\u00daS","link":"https:\/\/larevistadigital.com.ar\/blog\/category\/chascomus\/"},"img":{"alt_text":"","src":"https:\/\/i0.wp.com\/larevistadigital.com.ar\/blog\/wp-content\/uploads\/multimedia.normal.8c3cb5b0e07294b7.4350522d50617472756c6c65726f5f6e6f726d616c2e6a7067.jpg?fit=680%2C383&ssl=1&resize=350%2C200","width":350,"height":200,"srcset":"https:\/\/i0.wp.com\/larevistadigital.com.ar\/blog\/wp-content\/uploads\/multimedia.normal.8c3cb5b0e07294b7.4350522d50617472756c6c65726f5f6e6f726d616c2e6a7067.jpg?fit=680%2C383&ssl=1&resize=350%2C200 1x, https:\/\/i0.wp.com\/larevistadigital.com.ar\/blog\/wp-content\/uploads\/multimedia.normal.8c3cb5b0e07294b7.4350522d50617472756c6c65726f5f6e6f726d616c2e6a7067.jpg?fit=680%2C383&ssl=1&resize=525%2C300 1.5x"},"classes":[]},{"id":31897,"url":"https:\/\/larevistadigital.com.ar\/blog\/chascomus-existoso-procedimiento-del-cpr-en-zona-de-los-jagueles\/","url_meta":{"origin":31151,"position":4},"title":"CHASCOM\u00daS: EXISTOSO PROCEDIMIENTO DEL CPR EN ZONA DE \u00abLOS JAGUELES\u00bb","author":"Alejandro Sosa Ruda","date":"9 junio, 2023","format":false,"excerpt":"Nuevamente el CPR da respuestas a los requerimientos de los vecinos, que denuncian la presencia de \"galgueros\" en el \u00e1mbito rural. 9 de junio de 2023 CHASCOM\u00daS -\u00a0 Hace tiempo, que para quienes viven en zona rural la presencia de \"galgueros\" en sus propiedades,\u00a0 y que por distintas actitudes de\u2026","rel":"","context":"En \u00abCHASCOM\u00daS\u00bb","block_context":{"text":"CHASCOM\u00daS","link":"https:\/\/larevistadigital.com.ar\/blog\/category\/chascomus\/"},"img":{"alt_text":"","src":"https:\/\/i0.wp.com\/larevistadigital.com.ar\/blog\/wp-content\/uploads\/WhatsApp-Image-2023-06-08-at-19.41.25-e1686333306290.jpeg?fit=1200%2C948&ssl=1&resize=350%2C200","width":350,"height":200,"srcset":"https:\/\/i0.wp.com\/larevistadigital.com.ar\/blog\/wp-content\/uploads\/WhatsApp-Image-2023-06-08-at-19.41.25-e1686333306290.jpeg?fit=1200%2C948&ssl=1&resize=350%2C200 1x, https:\/\/i0.wp.com\/larevistadigital.com.ar\/blog\/wp-content\/uploads\/WhatsApp-Image-2023-06-08-at-19.41.25-e1686333306290.jpeg?fit=1200%2C948&ssl=1&resize=525%2C300 1.5x, https:\/\/i0.wp.com\/larevistadigital.com.ar\/blog\/wp-content\/uploads\/WhatsApp-Image-2023-06-08-at-19.41.25-e1686333306290.jpeg?fit=1200%2C948&ssl=1&resize=700%2C400 2x, https:\/\/i0.wp.com\/larevistadigital.com.ar\/blog\/wp-content\/uploads\/WhatsApp-Image-2023-06-08-at-19.41.25-e1686333306290.jpeg?fit=1200%2C948&ssl=1&resize=1050%2C600 3x"},"classes":[]},{"id":39879,"url":"https:\/\/larevistadigital.com.ar\/blog\/chascomus-infraccionan-a-tres-personas-por-caza-furtiva-con-galgos-en-un-campo-rural\/","url_meta":{"origin":31151,"position":5},"title":"Chascom\u00fas: infraccionan a tres personas por caza furtiva con galgos en un campo rural","author":"Alejandro Sosa Ruda","date":"25 mayo, 2025","format":false,"excerpt":"La intervenci\u00f3n del Comando de Prevenci\u00f3n Rural se enmarca en el compromiso de las autoridades para combatir el maltrato animal y preservar la fauna silvestre. 25 de Mayo de 2025 CHASCOM\u00daS\u00a0 -\u00a0 \u00a0En un nuevo operativo de control, personal del Comando de Prevenci\u00f3n Rural (CPR) de Chascom\u00fas infraccion\u00f3 a tres\u2026","rel":"","context":"En \u00abCHASCOM\u00daS\u00bb","block_context":{"text":"CHASCOM\u00daS","link":"https:\/\/larevistadigital.com.ar\/blog\/category\/chascomus\/"},"img":{"alt_text":"","src":"https:\/\/i0.wp.com\/larevistadigital.com.ar\/blog\/wp-content\/uploads\/WhatsApp-Image-2025-05-25-at-17.16.54-e1748205044793.jpeg?fit=1200%2C793&ssl=1&resize=350%2C200","width":350,"height":200,"srcset":"https:\/\/i0.wp.com\/larevistadigital.com.ar\/blog\/wp-content\/uploads\/WhatsApp-Image-2025-05-25-at-17.16.54-e1748205044793.jpeg?fit=1200%2C793&ssl=1&resize=350%2C200 1x, https:\/\/i0.wp.com\/larevistadigital.com.ar\/blog\/wp-content\/uploads\/WhatsApp-Image-2025-05-25-at-17.16.54-e1748205044793.jpeg?fit=1200%2C793&ssl=1&resize=525%2C300 1.5x, https:\/\/i0.wp.com\/larevistadigital.com.ar\/blog\/wp-content\/uploads\/WhatsApp-Image-2025-05-25-at-17.16.54-e1748205044793.jpeg?fit=1200%2C793&ssl=1&resize=700%2C400 2x, https:\/\/i0.wp.com\/larevistadigital.com.ar\/blog\/wp-content\/uploads\/WhatsApp-Image-2025-05-25-at-17.16.54-e1748205044793.jpeg?fit=1200%2C793&ssl=1&resize=1050%2C600 3x"},"classes":[]}],"_links":{"self":[{"href":"https:\/\/larevistadigital.com.ar\/blog\/wp-json\/wp\/v2\/posts\/31151","targetHints":{"allow":["GET"]}}],"collection":[{"href":"https:\/\/larevistadigital.com.ar\/blog\/wp-json\/wp\/v2\/posts"}],"about":[{"href":"https:\/\/larevistadigital.com.ar\/blog\/wp-json\/wp\/v2\/types\/post"}],"author":[{"embeddable":true,"href":"https:\/\/larevistadigital.com.ar\/blog\/wp-json\/wp\/v2\/users\/3"}],"replies":[{"embeddable":true,"href":"https:\/\/larevistadigital.com.ar\/blog\/wp-json\/wp\/v2\/comments?post=31151"}],"version-history":[{"count":3,"href":"https:\/\/larevistadigital.com.ar\/blog\/wp-json\/wp\/v2\/posts\/31151\/revisions"}],"predecessor-version":[{"id":31155,"href":"https:\/\/larevistadigital.com.ar\/blog\/wp-json\/wp\/v2\/posts\/31151\/revisions\/31155"}],"wp:featuredmedia":[{"embeddable":true,"href":"https:\/\/larevistadigital.com.ar\/blog\/wp-json\/wp\/v2\/media\/31152"}],"wp:attachment":[{"href":"https:\/\/larevistadigital.com.ar\/blog\/wp-json\/wp\/v2\/media?parent=31151"}],"wp:term":[{"taxonomy":"category","embeddable":true,"href":"https:\/\/larevistadigital.com.ar\/blog\/wp-json\/wp\/v2\/categories?post=31151"},{"taxonomy":"post_tag","embeddable":true,"href":"https:\/\/larevistadigital.com.ar\/blog\/wp-json\/wp\/v2\/tags?post=31151"}],"curies":[{"name":"wp","href":"https:\/\/api.w.org\/{rel}","templated":true}]}}