{"id":31157,"date":"2023-04-21T15:44:57","date_gmt":"2023-04-21T15:44:57","guid":{"rendered":"https:\/\/larevistadigital.com.ar\/blog\/?p=31157"},"modified":"2023-04-21T15:47:51","modified_gmt":"2023-04-21T15:47:51","slug":"31157-2","status":"publish","type":"post","link":"https:\/\/larevistadigital.com.ar\/blog\/31157-2\/","title":{"rendered":"CHASCOM\u00daS: LA POLIC\u00cdA DETUVO UN INDIVIDUO SOBRE EL QUE PESABA UNA ORDEN DE CAPTURA"},"content":{"rendered":"<h2>Fue durante una recorrida preventiva. Ten\u00eda pedido de captura y se logr\u00f3 aprehenderlo.<\/h2>\n<p>21 de abril de 2023<\/p>\n<p><strong>CHASCOM\u00daS &#8211;\u00a0 <\/strong>Durante la recorrida de anoche, un m\u00f3vil de la Polic\u00eda Comunal, realizando tareas de prevenci\u00f3n, logr\u00f3 identificar a una persona de sexo masculino, corroborando que sobre el mismo pesaba una orden de captura de abril de 2019.<\/p>\n<p>Por ese motivo, se procedi\u00f3 a capturarlo y trasladarlo a la Estaci\u00f3n de Polic\u00eda Comunal, elevando las actuaciones al juzgado interviniente.<\/p>\n<p>&nbsp;<\/p>\n","protected":false},"excerpt":{"rendered":"<div class=\"mh-excerpt\"><p>Fue durante una recorrida preventiva. Ten\u00eda pedido de captura y se logr\u00f3 aprehenderlo. 21 de abril de 2023 CHASCOM\u00daS &#8211;\u00a0 Durante la recorrida de anoche, un m\u00f3vil de la Polic\u00eda Comunal, realizando tareas de prevenci\u00f3n, <a class=\"mh-excerpt-more\" href=\"https:\/\/larevistadigital.com.ar\/blog\/31157-2\/\" title=\"CHASCOM\u00daS: LA POLIC\u00cdA DETUVO UN INDIVIDUO SOBRE EL QUE PESABA UNA ORDEN DE CAPTURA\">[Leer M\u00e1s]<\/a><\/p>\n<\/div>","protected":false},"author":3,"featured_media":31158,"comment_status":"open","ping_status":"open","sticky":false,"template":"","format":"standard","meta":{"_jetpack_memberships_contains_paid_content":false,"footnotes":"","jetpack_publicize_message":"","jetpack_publicize_feature_enabled":true,"jetpack_social_post_already_shared":true,"jetpack_social_options":{"image_generator_settings":{"template":"highway","default_image_id":0,"font":"","enabled":false},"version":2}},"categories":[50,44],"tags":[],"class_list":{"0":"post-31157","1":"post","2":"type-post","3":"status-publish","4":"format-standard","5":"has-post-thumbnail","7":"category-interes-general","8":"category-policiales"},"jetpack_publicize_connections":[],"jetpack_featured_media_url":"https:\/\/i0.wp.com\/larevistadigital.com.ar\/blog\/wp-content\/uploads\/WhatsApp-Image-2023-04-21-at-08.32.25-e1682091878405.jpeg?fit=720%2C777&ssl=1","jetpack_sharing_enabled":true,"jetpack_shortlink":"https:\/\/wp.me\/p8qtrQ-86x","jetpack-related-posts":[{"id":26040,"url":"https:\/\/larevistadigital.com.ar\/blog\/chascomus-la-policia-detuvo-a-un-individuo-que-poseia-pedido-de-captura-tras-reconocerlo-durante-la-recorrida\/","url_meta":{"origin":31157,"position":0},"title":"CHASCOM\u00daS: LA POLIC\u00cdA DETUVO A UN INDIVIDUO QUE POSE\u00cdA PEDIDO DE CAPTURA TRAS RECONOCERLO DURANTE LA RECORRIDA","author":"Alejandro Sosa Ruda","date":"22 junio, 2022","format":false,"excerpt":"La polic\u00eda se encontraba patrullando e identific\u00f3 a un hombre sobre el que pesaba un pedido de captura activo. Fue detenido, pero la justicia orden\u00f3 su libertad. CHASCOM\u00daS -\u00a0 El d\u00eda de ayer, la Polic\u00eda Comunal detect\u00f3 durante la recorrida la presencia de un hombre, sobre quien pesaba un pedido\u2026","rel":"","context":"En \u00abINTERES GENERAL\u00bb","block_context":{"text":"INTERES GENERAL","link":"https:\/\/larevistadigital.com.ar\/blog\/category\/interes-general\/"},"img":{"alt_text":"","src":"https:\/\/i0.wp.com\/larevistadigital.com.ar\/blog\/wp-content\/uploads\/detenido-esposado.jpg?fit=1024%2C683&ssl=1&resize=350%2C200","width":350,"height":200,"srcset":"https:\/\/i0.wp.com\/larevistadigital.com.ar\/blog\/wp-content\/uploads\/detenido-esposado.jpg?fit=1024%2C683&ssl=1&resize=350%2C200 1x, https:\/\/i0.wp.com\/larevistadigital.com.ar\/blog\/wp-content\/uploads\/detenido-esposado.jpg?fit=1024%2C683&ssl=1&resize=525%2C300 1.5x, https:\/\/i0.wp.com\/larevistadigital.com.ar\/blog\/wp-content\/uploads\/detenido-esposado.jpg?fit=1024%2C683&ssl=1&resize=700%2C400 2x"},"classes":[]},{"id":28054,"url":"https:\/\/larevistadigital.com.ar\/blog\/chascomus-aprehenden-a-un-individuo-que-tenia-pedido-de-captura-activo\/","url_meta":{"origin":31157,"position":1},"title":"CHASCOM\u00daS: APREHENDEN A UN INDIVIDUO QUE TEN\u00cdA \u00abPEDIDO DE CAPTURA\u00bb ACTIVO","author":"Alejandro Sosa Ruda","date":"25 septiembre, 2022","format":false,"excerpt":"Pesaba sobre el aprehendido, un pedido de captura desde Mayo pasado. 24 de septiembre de 2022 CHASCOM\u00daS -\u00a0\u00a0En el d\u00eda de hoy, personal de la Polic\u00eda Comunal logr\u00f3 aprehender a un sujeto sobre el cual pesaba un pedido de captura activo. La captura fue requerida por el Juzgado de Garant\u00edas\u2026","rel":"","context":"En \u00abCHASCOM\u00daS\u00bb","block_context":{"text":"CHASCOM\u00daS","link":"https:\/\/larevistadigital.com.ar\/blog\/category\/chascomus\/"},"img":{"alt_text":"","src":"https:\/\/i0.wp.com\/larevistadigital.com.ar\/blog\/wp-content\/uploads\/1620734311775.jpg?fit=1200%2C777&ssl=1&resize=350%2C200","width":350,"height":200,"srcset":"https:\/\/i0.wp.com\/larevistadigital.com.ar\/blog\/wp-content\/uploads\/1620734311775.jpg?fit=1200%2C777&ssl=1&resize=350%2C200 1x, https:\/\/i0.wp.com\/larevistadigital.com.ar\/blog\/wp-content\/uploads\/1620734311775.jpg?fit=1200%2C777&ssl=1&resize=525%2C300 1.5x, https:\/\/i0.wp.com\/larevistadigital.com.ar\/blog\/wp-content\/uploads\/1620734311775.jpg?fit=1200%2C777&ssl=1&resize=700%2C400 2x, https:\/\/i0.wp.com\/larevistadigital.com.ar\/blog\/wp-content\/uploads\/1620734311775.jpg?fit=1200%2C777&ssl=1&resize=1050%2C600 3x"},"classes":[]},{"id":30931,"url":"https:\/\/larevistadigital.com.ar\/blog\/chascomus-la-policia-comunal-logro-detener-a-un-individuo-buscado-desde-febrero\/","url_meta":{"origin":31157,"position":2},"title":"CHASCOM\u00daS: LA POLIC\u00cdA COMUNAL LOGR\u00d3 DETENER A UN INDIVIDUO BUSCADO DESDE FEBRERO","author":"Alejandro Sosa Ruda","date":"6 abril, 2023","format":false,"excerpt":"Hab\u00eda cometido un delito en febrero y pesaba sobre el un pedido de detenci\u00f3n. 6 de abril de 2023 CHASCOM\u00daS -\u00a0\u00a0Aproximadamente a las 18 horas, la polic\u00eda logr\u00f3 detener a un individuo que se encontraba en calidad de pr\u00f3fugo y con pedido de detenci\u00f3n por un hecho caratulado como ROBO\u2026","rel":"","context":"En \u00abINTERES GENERAL\u00bb","block_context":{"text":"INTERES GENERAL","link":"https:\/\/larevistadigital.com.ar\/blog\/category\/interes-general\/"},"img":{"alt_text":"","src":"https:\/\/i0.wp.com\/larevistadigital.com.ar\/blog\/wp-content\/uploads\/WhatsApp-Image-2023-04-06-at-18.23.32-e1680818315129.jpeg?fit=818%2C656&ssl=1&resize=350%2C200","width":350,"height":200,"srcset":"https:\/\/i0.wp.com\/larevistadigital.com.ar\/blog\/wp-content\/uploads\/WhatsApp-Image-2023-04-06-at-18.23.32-e1680818315129.jpeg?fit=818%2C656&ssl=1&resize=350%2C200 1x, https:\/\/i0.wp.com\/larevistadigital.com.ar\/blog\/wp-content\/uploads\/WhatsApp-Image-2023-04-06-at-18.23.32-e1680818315129.jpeg?fit=818%2C656&ssl=1&resize=525%2C300 1.5x, https:\/\/i0.wp.com\/larevistadigital.com.ar\/blog\/wp-content\/uploads\/WhatsApp-Image-2023-04-06-at-18.23.32-e1680818315129.jpeg?fit=818%2C656&ssl=1&resize=700%2C400 2x"},"classes":[]},{"id":32203,"url":"https:\/\/larevistadigital.com.ar\/blog\/chascomus-la-policia-en-tareas-preventivas-intercepto-y-detuvo-a-un-sujeto-con-frondosos-antecedentes-y-pedido-de-captura\/","url_meta":{"origin":31157,"position":3},"title":"CHASCOM\u00daS: LA POLIC\u00cdA EN TAREAS PREVENTIVAS INTERCEPT\u00d3 Y DETUVO A UN SUJETO CON FRONDOSOS ANTECEDENTES Y \u00abPEDIDO DE CAPTURA\u00bb","author":"Alejandro Sosa Ruda","date":"30 junio, 2023","format":false,"excerpt":"Lo destacable es que las tareas preventivas de la Polic\u00eda Comunal, van dando resultados. 30 de junio de 2023 CHASCOM\u00daS -\u00a0 Durante la madrugada, un m\u00f3vil de la Polic\u00eda Comunal se encontraba recorriendo la jurisdicci\u00f3n en tareas preventivas por la calle Jos\u00e9 Castilla, y al llegar a la calle Tamara\u2026","rel":"","context":"En \u00abINTERES GENERAL\u00bb","block_context":{"text":"INTERES GENERAL","link":"https:\/\/larevistadigital.com.ar\/blog\/category\/interes-general\/"},"img":{"alt_text":"","src":"https:\/\/i0.wp.com\/larevistadigital.com.ar\/blog\/wp-content\/uploads\/WhatsApp-Image-2023-06-30-at-20.30.12-e1688169500202.jpeg?fit=695%2C592&ssl=1&resize=350%2C200","width":350,"height":200,"srcset":"https:\/\/i0.wp.com\/larevistadigital.com.ar\/blog\/wp-content\/uploads\/WhatsApp-Image-2023-06-30-at-20.30.12-e1688169500202.jpeg?fit=695%2C592&ssl=1&resize=350%2C200 1x, https:\/\/i0.wp.com\/larevistadigital.com.ar\/blog\/wp-content\/uploads\/WhatsApp-Image-2023-06-30-at-20.30.12-e1688169500202.jpeg?fit=695%2C592&ssl=1&resize=525%2C300 1.5x"},"classes":[]},{"id":31428,"url":"https:\/\/larevistadigital.com.ar\/blog\/chascomus-la-policia-comunal-encontro-un-hombre-que-era-intensamente-buscado-por-su-familia-y-tenia-pendiente-una-averiguacion-de-paradero\/","url_meta":{"origin":31157,"position":4},"title":"CHASCOM\u00daS: LA POLIC\u00cdA COMUNAL ENCONTR\u00d3 UN HOMBRE QUE ERA INTENSAMENTE BUSCADO POR SU FAMILIA Y TEN\u00cdA PENDIENTE UNA \u00abAVERIGUACI\u00d3N DE PARADERO\u00bb","author":"Alejandro Sosa Ruda","date":"7 mayo, 2023","format":false,"excerpt":"CHASCOM\u00daS -\u00a0 \u00a0Durante la jornada de ayer, mientras la Polic\u00eda Comunal realizaba tareas de prevenci\u00f3n, descubre una persona de sexo masculino la que al ser identificada como Javier Omar Nu\u00f1ez, de 35 a\u00f1os de edad, y una vez cursada la consulta por sistema inform\u00e1tico, se logr\u00f3 constatar que pesaba sobre\u2026","rel":"","context":"En \u00abPOLICIALES\u00bb","block_context":{"text":"POLICIALES","link":"https:\/\/larevistadigital.com.ar\/blog\/category\/policiales\/"},"img":{"alt_text":"","src":"https:\/\/i0.wp.com\/larevistadigital.com.ar\/blog\/wp-content\/uploads\/2019\/01\/bbx_755050019_comisaria_chasco_01.jpg?fit=800%2C579&ssl=1&resize=350%2C200","width":350,"height":200,"srcset":"https:\/\/i0.wp.com\/larevistadigital.com.ar\/blog\/wp-content\/uploads\/2019\/01\/bbx_755050019_comisaria_chasco_01.jpg?fit=800%2C579&ssl=1&resize=350%2C200 1x, https:\/\/i0.wp.com\/larevistadigital.com.ar\/blog\/wp-content\/uploads\/2019\/01\/bbx_755050019_comisaria_chasco_01.jpg?fit=800%2C579&ssl=1&resize=525%2C300 1.5x, https:\/\/i0.wp.com\/larevistadigital.com.ar\/blog\/wp-content\/uploads\/2019\/01\/bbx_755050019_comisaria_chasco_01.jpg?fit=800%2C579&ssl=1&resize=700%2C400 2x"},"classes":[]},{"id":31111,"url":"https:\/\/larevistadigital.com.ar\/blog\/31111-2\/","url_meta":{"origin":31157,"position":5},"title":"CHASCOM\u00daS: LA POLIC\u00cdA COMUNAL CAPTUR\u00d3 Y DETUVO A UN HOMBRE QUE TEN\u00cdA ORDEN DE DETENCI\u00d3N Y UNA PENA DE CUMPLIMIENTO EFECTIVO","author":"Alejandro Sosa Ruda","date":"19 abril, 2023","format":false,"excerpt":"CHASCOM\u00daS -\u00a0 Durante el d\u00eda de ayer, personal del Grupo Tecnico Operativo de la Polic\u00eda Comunal, logr\u00f3 capturar y detener a una persona del sexo masculino sobre la que pesa una medida de coerci\u00f3n personal en su contra ordenada el 27 de Abril de 2022, dispuesta por el Juzgado Correccional\u2026","rel":"","context":"En \u00abCHASCOM\u00daS\u00bb","block_context":{"text":"CHASCOM\u00daS","link":"https:\/\/larevistadigital.com.ar\/blog\/category\/chascomus\/"},"img":{"alt_text":"","src":"https:\/\/i0.wp.com\/larevistadigital.com.ar\/blog\/wp-content\/uploads\/WhatsApp-Image-2023-04-18-at-23.11.10.jpeg?fit=1200%2C1200&ssl=1&resize=350%2C200","width":350,"height":200,"srcset":"https:\/\/i0.wp.com\/larevistadigital.com.ar\/blog\/wp-content\/uploads\/WhatsApp-Image-2023-04-18-at-23.11.10.jpeg?fit=1200%2C1200&ssl=1&resize=350%2C200 1x, https:\/\/i0.wp.com\/larevistadigital.com.ar\/blog\/wp-content\/uploads\/WhatsApp-Image-2023-04-18-at-23.11.10.jpeg?fit=1200%2C1200&ssl=1&resize=525%2C300 1.5x, https:\/\/i0.wp.com\/larevistadigital.com.ar\/blog\/wp-content\/uploads\/WhatsApp-Image-2023-04-18-at-23.11.10.jpeg?fit=1200%2C1200&ssl=1&resize=700%2C400 2x, https:\/\/i0.wp.com\/larevistadigital.com.ar\/blog\/wp-content\/uploads\/WhatsApp-Image-2023-04-18-at-23.11.10.jpeg?fit=1200%2C1200&ssl=1&resize=1050%2C600 3x"},"classes":[]}],"_links":{"self":[{"href":"https:\/\/larevistadigital.com.ar\/blog\/wp-json\/wp\/v2\/posts\/31157","targetHints":{"allow":["GET"]}}],"collection":[{"href":"https:\/\/larevistadigital.com.ar\/blog\/wp-json\/wp\/v2\/posts"}],"about":[{"href":"https:\/\/larevistadigital.com.ar\/blog\/wp-json\/wp\/v2\/types\/post"}],"author":[{"embeddable":true,"href":"https:\/\/larevistadigital.com.ar\/blog\/wp-json\/wp\/v2\/users\/3"}],"replies":[{"embeddable":true,"href":"https:\/\/larevistadigital.com.ar\/blog\/wp-json\/wp\/v2\/comments?post=31157"}],"version-history":[{"count":2,"href":"https:\/\/larevistadigital.com.ar\/blog\/wp-json\/wp\/v2\/posts\/31157\/revisions"}],"predecessor-version":[{"id":31160,"href":"https:\/\/larevistadigital.com.ar\/blog\/wp-json\/wp\/v2\/posts\/31157\/revisions\/31160"}],"wp:featuredmedia":[{"embeddable":true,"href":"https:\/\/larevistadigital.com.ar\/blog\/wp-json\/wp\/v2\/media\/31158"}],"wp:attachment":[{"href":"https:\/\/larevistadigital.com.ar\/blog\/wp-json\/wp\/v2\/media?parent=31157"}],"wp:term":[{"taxonomy":"category","embeddable":true,"href":"https:\/\/larevistadigital.com.ar\/blog\/wp-json\/wp\/v2\/categories?post=31157"},{"taxonomy":"post_tag","embeddable":true,"href":"https:\/\/larevistadigital.com.ar\/blog\/wp-json\/wp\/v2\/tags?post=31157"}],"curies":[{"name":"wp","href":"https:\/\/api.w.org\/{rel}","templated":true}]}}