{"id":31161,"date":"2023-04-21T16:11:40","date_gmt":"2023-04-21T16:11:40","guid":{"rendered":"https:\/\/larevistadigital.com.ar\/blog\/?p=31161"},"modified":"2023-04-21T16:11:40","modified_gmt":"2023-04-21T16:11:40","slug":"chascomus-la-policia-hallo-una-bicicleta-presuntamente-robada-que-no-fue-denunciada-se-busca-a-su-propietario-a-para-reintegrarsela","status":"publish","type":"post","link":"https:\/\/larevistadigital.com.ar\/blog\/chascomus-la-policia-hallo-una-bicicleta-presuntamente-robada-que-no-fue-denunciada-se-busca-a-su-propietario-a-para-reintegrarsela\/","title":{"rendered":"CHASCOM\u00daS: LA POLIC\u00cdA HALL\u00d3 UNA BICICLETA PRESUNTAMENTE ROBADA QUE NO FUE DENUNCIADA.SE BUSCA A SU PROPIETARIO\/A  PARA REINTEGR\u00c1RSELA."},"content":{"rendered":"<h2>Fue durante una recorrida de prevenci\u00f3n. El rodado no ten\u00eda denuncia por robo. Se busca a su propietario, para que le sea reintegrada.<\/h2>\n<p>21 de abril de 2023<\/p>\n<p><strong>CHASCOM\u00daS &#8211;\u00a0\u00a0<\/strong>Las recorridas preventivas que realiza la Polic\u00eda Comunal, son cada vez m\u00e1s frecuentes, y han comenzado a dar cada vez m\u00e1s frutos.<\/p>\n<blockquote>\n<h3>De esta manera y cerca del mediod\u00eda, un m\u00f3vil hall\u00f3 una bicicleta abandonada entre pastizales en Castelar entre las calles Malvinas Argentinas y Florencio Chapa.<\/h3>\n<\/blockquote>\n<p>Si bien hasta el momento no hay denuncia por el robo de la misma, la polic\u00eda pidi\u00f3 que esto se difunda para que pueda ser reintegrada a su leg\u00edtimo due\u00f1o.<\/p>\n","protected":false},"excerpt":{"rendered":"<div class=\"mh-excerpt\"><p>Fue durante una recorrida de prevenci\u00f3n. El rodado no ten\u00eda denuncia por robo. Se busca a su propietario, para que le sea reintegrada. 21 de abril de 2023 CHASCOM\u00daS &#8211;\u00a0\u00a0Las recorridas preventivas que realiza la <a class=\"mh-excerpt-more\" href=\"https:\/\/larevistadigital.com.ar\/blog\/chascomus-la-policia-hallo-una-bicicleta-presuntamente-robada-que-no-fue-denunciada-se-busca-a-su-propietario-a-para-reintegrarsela\/\" title=\"CHASCOM\u00daS: LA POLIC\u00cdA HALL\u00d3 UNA BICICLETA PRESUNTAMENTE ROBADA QUE NO FUE DENUNCIADA.SE BUSCA A SU PROPIETARIO\/A  PARA REINTEGR\u00c1RSELA.\">[Leer M\u00e1s]<\/a><\/p>\n<\/div>","protected":false},"author":3,"featured_media":31163,"comment_status":"open","ping_status":"open","sticky":false,"template":"","format":"standard","meta":{"_jetpack_memberships_contains_paid_content":false,"footnotes":"","jetpack_publicize_message":"","jetpack_publicize_feature_enabled":true,"jetpack_social_post_already_shared":true,"jetpack_social_options":{"image_generator_settings":{"template":"highway","default_image_id":0,"font":"","enabled":false},"version":2}},"categories":[41],"tags":[],"class_list":{"0":"post-31161","1":"post","2":"type-post","3":"status-publish","4":"format-standard","5":"has-post-thumbnail","7":"category-destacadas"},"jetpack_publicize_connections":[],"jetpack_featured_media_url":"https:\/\/i0.wp.com\/larevistadigital.com.ar\/blog\/wp-content\/uploads\/WhatsApp-Image-2023-04-21-at-12.22.13.jpeg?fit=1599%2C899&ssl=1","jetpack_sharing_enabled":true,"jetpack_shortlink":"https:\/\/wp.me\/p8qtrQ-86B","jetpack-related-posts":[{"id":31007,"url":"https:\/\/larevistadigital.com.ar\/blog\/chascomus-la-policia-recupero-y-devolvio-a-su-propietario-una-bicicleta-mountain-bike-robada-anoche\/","url_meta":{"origin":31161,"position":0},"title":"CHASCOM\u00daS: LA POLIC\u00cdA RECUPER\u00d3 Y DEVOLVI\u00d3 A SU PROPIETARIO UNA BICICLETA MOUNTAIN BIKE, ROBADA ANOCHE","author":"Alejandro Sosa Ruda","date":"12 abril, 2023","format":false,"excerpt":"La Polic\u00eda Comunal logr\u00f3 recuperar el rodado que fue robado ayer a la noche y se lo reintegr\u00f3 a su propietario. 12 de abril de 2023 CHASCOM\u00daS\u00a0 -\u00a0 Durante las \u00faltimas horas del d\u00eda de ayer, se recibi\u00f3 una denuncia por el robo de una bicicleta en calles 11 de\u2026","rel":"","context":"En \u00abCHASCOM\u00daS\u00bb","block_context":{"text":"CHASCOM\u00daS","link":"https:\/\/larevistadigital.com.ar\/blog\/category\/chascomus\/"},"img":{"alt_text":"","src":"https:\/\/i0.wp.com\/larevistadigital.com.ar\/blog\/wp-content\/uploads\/WhatsApp-Image-2023-04-12-at-17.04.41.jpeg?fit=675%2C1200&ssl=1&resize=350%2C200","width":350,"height":200,"srcset":"https:\/\/i0.wp.com\/larevistadigital.com.ar\/blog\/wp-content\/uploads\/WhatsApp-Image-2023-04-12-at-17.04.41.jpeg?fit=675%2C1200&ssl=1&resize=350%2C200 1x, https:\/\/i0.wp.com\/larevistadigital.com.ar\/blog\/wp-content\/uploads\/WhatsApp-Image-2023-04-12-at-17.04.41.jpeg?fit=675%2C1200&ssl=1&resize=525%2C300 1.5x"},"classes":[]},{"id":37066,"url":"https:\/\/larevistadigital.com.ar\/blog\/chascomus-la-policia-recupero-dos-bicicletas-robadas-y-busca-a-sus-duenos-para-reintegrarlas-hayan-o-no-hecho-denuncia\/","url_meta":{"origin":31161,"position":1},"title":"CHASCOM\u00daS: LA POLIC\u00cdA RECUPER\u00d3 DOS BICICLETAS ROBADAS, Y BUSCA A SUS DUE\u00d1OS PARA REINTEGR\u00c1RLAS, HAYAN O NO HECHO DENUNCIA.","author":"Alejandro Sosa Ruda","date":"28 agosto, 2024","format":false,"excerpt":"Los propietarios deberan pasar a reconocerlas por H. Yrigoyen N\u00b0 1209 con la boleta de compra. 28 de Agosto de 2024 CHASCOM\u00daS -\u00a0 \u00a0Durante la jornada de ayer, personal de la SUBDELEGACION CHASCOMUS DE INVESTIGACIONES DEL TRAFICO DE DROGAS ILICITAS, incaut\u00f3 dos bicicletas que se encontraron en un registro domiciliario\u2026","rel":"","context":"En \u00abINTERES GENERAL\u00bb","block_context":{"text":"INTERES GENERAL","link":"https:\/\/larevistadigital.com.ar\/blog\/category\/interes-general\/"},"img":{"alt_text":"","src":"https:\/\/i0.wp.com\/larevistadigital.com.ar\/blog\/wp-content\/uploads\/BICICLETAS-RECUPERADAS.jpg?fit=704%2C275&ssl=1&resize=350%2C200","width":350,"height":200,"srcset":"https:\/\/i0.wp.com\/larevistadigital.com.ar\/blog\/wp-content\/uploads\/BICICLETAS-RECUPERADAS.jpg?fit=704%2C275&ssl=1&resize=350%2C200 1x, https:\/\/i0.wp.com\/larevistadigital.com.ar\/blog\/wp-content\/uploads\/BICICLETAS-RECUPERADAS.jpg?fit=704%2C275&ssl=1&resize=525%2C300 1.5x, https:\/\/i0.wp.com\/larevistadigital.com.ar\/blog\/wp-content\/uploads\/BICICLETAS-RECUPERADAS.jpg?fit=704%2C275&ssl=1&resize=700%2C400 2x"},"classes":[]},{"id":32058,"url":"https:\/\/larevistadigital.com.ar\/blog\/chascomus-denuncio-un-robo-y-la-policia-descubrio-que-fue-un-familiar-que-a-su-vez-vendio-lo-robado-a-un-vecino-de-la-misma-cuadra\/","url_meta":{"origin":31161,"position":2},"title":"CHASCOM\u00daS: DENUNCI\u00d3 UN ROBO Y LA POLIC\u00cdA DESCUBRI\u00d3 QUE \u00a1FUE UN FAMILIAR, QUE A SU VEZ VENDI\u00d3 LO ROBADO A UN VECINO DE LA MISMA CUADRA!","author":"Alejandro Sosa Ruda","date":"17 junio, 2023","format":false,"excerpt":"No solo le rob\u00f3 un familiar, sino que luego vendi\u00f3 lo robado a un vecino. La polic\u00eda descubri\u00f3 los hechos. 17 de junio de 2023 CHASCOM\u00daS -\u00a0 D\u00edas pasados se hizo una denuncia en la Estaci\u00f3n de Polic\u00eda Comunal, por el faltante de algunos objetos en un domicilio ubicado en\u2026","rel":"","context":"En \u00abINTERES GENERAL\u00bb","block_context":{"text":"INTERES GENERAL","link":"https:\/\/larevistadigital.com.ar\/blog\/category\/interes-general\/"},"img":{"alt_text":"","src":"https:\/\/i0.wp.com\/larevistadigital.com.ar\/blog\/wp-content\/uploads\/WhatsApp-Image-2023-06-16-at-22.17.49.jpeg?fit=863%2C1200&ssl=1&resize=350%2C200","width":350,"height":200,"srcset":"https:\/\/i0.wp.com\/larevistadigital.com.ar\/blog\/wp-content\/uploads\/WhatsApp-Image-2023-06-16-at-22.17.49.jpeg?fit=863%2C1200&ssl=1&resize=350%2C200 1x, https:\/\/i0.wp.com\/larevistadigital.com.ar\/blog\/wp-content\/uploads\/WhatsApp-Image-2023-06-16-at-22.17.49.jpeg?fit=863%2C1200&ssl=1&resize=525%2C300 1.5x, https:\/\/i0.wp.com\/larevistadigital.com.ar\/blog\/wp-content\/uploads\/WhatsApp-Image-2023-06-16-at-22.17.49.jpeg?fit=863%2C1200&ssl=1&resize=700%2C400 2x"},"classes":[]},{"id":27974,"url":"https:\/\/larevistadigital.com.ar\/blog\/chascomus\/","url_meta":{"origin":31161,"position":3},"title":"CHASCOM\u00daS: DENUNCI\u00d3 UN ROBO Y LA POLIC\u00cdA PUDO DAR CON EL AUTOR Y RECUPERAR LO ROBADO","author":"Alejandro Sosa Ruda","date":"22 septiembre, 2022","format":false,"excerpt":"Le sustrajeron de su casa dos bicicletas, horas despu\u00e9s la Polic\u00eda Comunal, logr\u00f3 dar con el autor del hecho y recuperar lo robado. 22 de septiembre de 2022 CHASCOM\u00daS -\u00a0\u00a0Durante el d\u00eda de ayer, una mujer se present\u00f3 en la comisar\u00eda, haciendo la denuncia que le fueron sustra\u00eddas de su\u2026","rel":"","context":"En \u00abINTERES GENERAL\u00bb","block_context":{"text":"INTERES GENERAL","link":"https:\/\/larevistadigital.com.ar\/blog\/category\/interes-general\/"},"img":{"alt_text":"","src":"https:\/\/i0.wp.com\/larevistadigital.com.ar\/blog\/wp-content\/uploads\/2017\/08\/GEO_COMISARIA_1_CHASCOMUS-e1705762962297.jpg?fit=1200%2C548&ssl=1&resize=350%2C200","width":350,"height":200,"srcset":"https:\/\/i0.wp.com\/larevistadigital.com.ar\/blog\/wp-content\/uploads\/2017\/08\/GEO_COMISARIA_1_CHASCOMUS-e1705762962297.jpg?fit=1200%2C548&ssl=1&resize=350%2C200 1x, https:\/\/i0.wp.com\/larevistadigital.com.ar\/blog\/wp-content\/uploads\/2017\/08\/GEO_COMISARIA_1_CHASCOMUS-e1705762962297.jpg?fit=1200%2C548&ssl=1&resize=525%2C300 1.5x, https:\/\/i0.wp.com\/larevistadigital.com.ar\/blog\/wp-content\/uploads\/2017\/08\/GEO_COMISARIA_1_CHASCOMUS-e1705762962297.jpg?fit=1200%2C548&ssl=1&resize=700%2C400 2x, https:\/\/i0.wp.com\/larevistadigital.com.ar\/blog\/wp-content\/uploads\/2017\/08\/GEO_COMISARIA_1_CHASCOMUS-e1705762962297.jpg?fit=1200%2C548&ssl=1&resize=1050%2C600 3x"},"classes":[]},{"id":30390,"url":"https:\/\/larevistadigital.com.ar\/blog\/chascomus-robo-en-el-comercio-la-grulla-y-fue-aprehendido\/","url_meta":{"origin":31161,"position":4},"title":"CHASCOM\u00daS: ROB\u00d3 EN EL COMERCIO \u00abLA GRULLA\u00bb Y FUE APREHENDIDO","author":"Alejandro Sosa Ruda","date":"5 marzo, 2023","format":false,"excerpt":"Se hab\u00eda llevado una notebook y la polic\u00eda logr\u00f3 aprehenderlo. Era muy agresivo, de nacionalidad brasilera y se alojaba en un hotel. CHASCOM\u00daS -\u00a0 Luego de un llamado, la polic\u00eda acudi\u00f3 al comercio llamado \"La Grulla\", donde refieren que un sujeto muy agresivo de sexo masculino, hab\u00eda robado una computadora\u2026","rel":"","context":"En \u00abINTERES GENERAL\u00bb","block_context":{"text":"INTERES GENERAL","link":"https:\/\/larevistadigital.com.ar\/blog\/category\/interes-general\/"},"img":{"alt_text":"","src":"https:\/\/i0.wp.com\/larevistadigital.com.ar\/blog\/wp-content\/uploads\/WhatsApp-Image-2023-03-05-at-10.26.31-2-e1678030221345.jpeg?fit=899%2C832&ssl=1&resize=350%2C200","width":350,"height":200,"srcset":"https:\/\/i0.wp.com\/larevistadigital.com.ar\/blog\/wp-content\/uploads\/WhatsApp-Image-2023-03-05-at-10.26.31-2-e1678030221345.jpeg?fit=899%2C832&ssl=1&resize=350%2C200 1x, https:\/\/i0.wp.com\/larevistadigital.com.ar\/blog\/wp-content\/uploads\/WhatsApp-Image-2023-03-05-at-10.26.31-2-e1678030221345.jpeg?fit=899%2C832&ssl=1&resize=525%2C300 1.5x, https:\/\/i0.wp.com\/larevistadigital.com.ar\/blog\/wp-content\/uploads\/WhatsApp-Image-2023-03-05-at-10.26.31-2-e1678030221345.jpeg?fit=899%2C832&ssl=1&resize=700%2C400 2x"},"classes":[]},{"id":25795,"url":"https:\/\/larevistadigital.com.ar\/blog\/chascomus-insolito-fue-a-denunciar-el-robo-de-su-moto-y-la-policia-ya-la-habia-recuperado\/","url_meta":{"origin":31161,"position":5},"title":"CHASCOM\u00daS: INS\u00d3LITO! FUE A DENUNCIAR EL ROBO DE SU MOTO Y LA POLIC\u00cdA YA LA HAB\u00cdA RECUPERADO","author":"Alejandro Sosa Ruda","date":"12 junio, 2022","format":false,"excerpt":"Fue a denunciar el robo de su moto, y la polic\u00eda la hab\u00eda incautado preventivamente el d\u00eda anterior. CHASCOM\u00daS -\u00a0 Un hecho de singulares caracter\u00edsticas ocurri\u00f3 el d\u00eda viernes 10\/6 pr\u00f3ximo pasado, cuando la polic\u00eda secuestr\u00f3 una moto que hab\u00eda sido robada, antes que su due\u00f1o realizara la denuncia. Los\u2026","rel":"","context":"En \u00abINTERES GENERAL\u00bb","block_context":{"text":"INTERES GENERAL","link":"https:\/\/larevistadigital.com.ar\/blog\/category\/interes-general\/"},"img":{"alt_text":"","src":"https:\/\/i0.wp.com\/larevistadigital.com.ar\/blog\/wp-content\/uploads\/WhatsApp-Image-2022-06-10-at-1.09.58-PM.jpeg?fit=1200%2C900&ssl=1&resize=350%2C200","width":350,"height":200,"srcset":"https:\/\/i0.wp.com\/larevistadigital.com.ar\/blog\/wp-content\/uploads\/WhatsApp-Image-2022-06-10-at-1.09.58-PM.jpeg?fit=1200%2C900&ssl=1&resize=350%2C200 1x, https:\/\/i0.wp.com\/larevistadigital.com.ar\/blog\/wp-content\/uploads\/WhatsApp-Image-2022-06-10-at-1.09.58-PM.jpeg?fit=1200%2C900&ssl=1&resize=525%2C300 1.5x, https:\/\/i0.wp.com\/larevistadigital.com.ar\/blog\/wp-content\/uploads\/WhatsApp-Image-2022-06-10-at-1.09.58-PM.jpeg?fit=1200%2C900&ssl=1&resize=700%2C400 2x, https:\/\/i0.wp.com\/larevistadigital.com.ar\/blog\/wp-content\/uploads\/WhatsApp-Image-2022-06-10-at-1.09.58-PM.jpeg?fit=1200%2C900&ssl=1&resize=1050%2C600 3x"},"classes":[]}],"_links":{"self":[{"href":"https:\/\/larevistadigital.com.ar\/blog\/wp-json\/wp\/v2\/posts\/31161","targetHints":{"allow":["GET"]}}],"collection":[{"href":"https:\/\/larevistadigital.com.ar\/blog\/wp-json\/wp\/v2\/posts"}],"about":[{"href":"https:\/\/larevistadigital.com.ar\/blog\/wp-json\/wp\/v2\/types\/post"}],"author":[{"embeddable":true,"href":"https:\/\/larevistadigital.com.ar\/blog\/wp-json\/wp\/v2\/users\/3"}],"replies":[{"embeddable":true,"href":"https:\/\/larevistadigital.com.ar\/blog\/wp-json\/wp\/v2\/comments?post=31161"}],"version-history":[{"count":2,"href":"https:\/\/larevistadigital.com.ar\/blog\/wp-json\/wp\/v2\/posts\/31161\/revisions"}],"predecessor-version":[{"id":31164,"href":"https:\/\/larevistadigital.com.ar\/blog\/wp-json\/wp\/v2\/posts\/31161\/revisions\/31164"}],"wp:featuredmedia":[{"embeddable":true,"href":"https:\/\/larevistadigital.com.ar\/blog\/wp-json\/wp\/v2\/media\/31163"}],"wp:attachment":[{"href":"https:\/\/larevistadigital.com.ar\/blog\/wp-json\/wp\/v2\/media?parent=31161"}],"wp:term":[{"taxonomy":"category","embeddable":true,"href":"https:\/\/larevistadigital.com.ar\/blog\/wp-json\/wp\/v2\/categories?post=31161"},{"taxonomy":"post_tag","embeddable":true,"href":"https:\/\/larevistadigital.com.ar\/blog\/wp-json\/wp\/v2\/tags?post=31161"}],"curies":[{"name":"wp","href":"https:\/\/api.w.org\/{rel}","templated":true}]}}