{"id":31189,"date":"2023-04-22T18:42:58","date_gmt":"2023-04-22T18:42:58","guid":{"rendered":"https:\/\/larevistadigital.com.ar\/blog\/?p=31189"},"modified":"2023-04-22T18:42:58","modified_gmt":"2023-04-22T18:42:58","slug":"cristina-se-presentara-en-la-plata-expectativas-por-anuncios-en-el-fdt","status":"publish","type":"post","link":"https:\/\/larevistadigital.com.ar\/blog\/cristina-se-presentara-en-la-plata-expectativas-por-anuncios-en-el-fdt\/","title":{"rendered":"CRISTINA SE PRESENTAR\u00c1 EN LA PLATA: EXPECTATIVAS POR ANUNCIOS EN EL FDT"},"content":{"rendered":"<h2>Ser\u00e1 en un acto en el Teatro Argentino el pr\u00f3ximo jueves 27. Se celebrar\u00e1n los 20 a\u00f1os de la elecci\u00f3n que llev\u00f3 a N\u00e9stor Kirchner a la presidencia. Expectativas por el apoyo a la reelecci\u00f3n de Axel Kicillof en la Provincia.<\/h2>\n<p>22 de abril de 2023<\/p>\n<p><strong>LA PLATA &#8211;\u00a0<\/strong><\/p>\n<p>Luego del anuncio del presidente donde confirma que no competir\u00e1 en las pr\u00f3ximas elecciones, <strong>Cristina Fern\u00e1ndez<\/strong> eligi\u00f3 el Teatro Argentino de La Plata para presentarse p\u00fablicamente el pr\u00f3ximo jueves 27.<\/p>\n<p>Si bien el motivo oficial de la visita es una jornada en celebraci\u00f3n por los 20 a\u00f1os de la elecci\u00f3n que llev\u00f3 a N\u00e9stor Kirchner a la presidencia, cabe destacar que fue en esas salas que Cristina anunci\u00f3 su candidatura a senadora y lanz\u00f3 su campa\u00f1a a presidenta en 2007.<\/p>\n<blockquote>\n<h3>En este marco, la atenci\u00f3n del FdT estar\u00eda centrada en la postura de la vicepresidenta tras la renuncia de Alberto Fern\u00e1ndez a su postulaci\u00f3n. Adem\u00e1s, a\u00fan queda definir las listas el pr\u00f3ximo 16 de mayo, tema que no se resolvi\u00f3 en los 17 minutos que dur\u00f3 la reuni\u00f3n del PJ Nacional.<\/h3>\n<\/blockquote>\n<p>Entre las especulaciones, se espera que <strong>Cristina<\/strong> apoye la candidatura de<strong> Axel Kicillof<\/strong> en Provincia, aunque algunos rumores lo apuntan como su candidato a la presidencia. Sin embargo, el gobernador se meti\u00f3 de lleno en la campa\u00f1a para renovar su mandato.<\/p>\n<blockquote>\n<h3>Por otro lado, algunos sectores se\u00f1alan que Wado de Pedro podr\u00eda ser el candidato elegido por Cristina. De hecho, este viernes, el ministro del Interior particip\u00f3 del Congreso del PJ en Santiago del Estero y la vicepresidenta mand\u00f3 un mensaje de voz para que el funcionario reprodujera ante los presentes.<\/h3>\n<\/blockquote>\n<p><em><strong>\u201cHola Santiago del Estero, \u00bfc\u00f3mo est\u00e1n? S\u00e9 que bien. S\u00e9 que est\u00e1n ah\u00ed con Wado, con Gildo, junto a los compa\u00f1eros y compa\u00f1eras que van a asumir la conducci\u00f3n del Partido Justicialista de la Provincia. Un abrazo muy pero muy grande a todos y todas\u201d<\/strong><\/em>, dijo <strong>CFK<\/strong>.<\/p>\n<div class=\"twitter-tweet twitter-tweet-rendered\"><\/div>\n<p>La excusa es la visita a la sala m\u00e1s importante del Teatro Argentino: La Ginastera, que fue reinaugurada el jueves pasado tras concluirse los trabajos de puesta en valor del edificio, que llevaron una inversi\u00f3n de m\u00e1s de 350 millones.<\/p>\n","protected":false},"excerpt":{"rendered":"<div class=\"mh-excerpt\"><p>Ser\u00e1 en un acto en el Teatro Argentino el pr\u00f3ximo jueves 27. Se celebrar\u00e1n los 20 a\u00f1os de la elecci\u00f3n que llev\u00f3 a N\u00e9stor Kirchner a la presidencia. Expectativas por el apoyo a la reelecci\u00f3n <a class=\"mh-excerpt-more\" href=\"https:\/\/larevistadigital.com.ar\/blog\/cristina-se-presentara-en-la-plata-expectativas-por-anuncios-en-el-fdt\/\" title=\"CRISTINA SE PRESENTAR\u00c1 EN LA PLATA: EXPECTATIVAS POR ANUNCIOS EN EL FDT\">[Leer M\u00e1s]<\/a><\/p>\n<\/div>","protected":false},"author":3,"featured_media":31190,"comment_status":"open","ping_status":"open","sticky":false,"template":"","format":"standard","meta":{"_jetpack_memberships_contains_paid_content":false,"footnotes":"","jetpack_publicize_message":"","jetpack_publicize_feature_enabled":true,"jetpack_social_post_already_shared":true,"jetpack_social_options":{"image_generator_settings":{"template":"highway","default_image_id":0,"font":"","enabled":false},"version":2}},"categories":[50,12],"tags":[],"class_list":{"0":"post-31189","1":"post","2":"type-post","3":"status-publish","4":"format-standard","5":"has-post-thumbnail","7":"category-interes-general","8":"category-politica"},"jetpack_publicize_connections":[],"jetpack_featured_media_url":"https:\/\/i0.wp.com\/larevistadigital.com.ar\/blog\/wp-content\/uploads\/Cristina_Fernandez_de_Kirchner_2020.jpg?fit=844%2C1250&ssl=1","jetpack_sharing_enabled":true,"jetpack_shortlink":"https:\/\/wp.me\/p8qtrQ-873","jetpack-related-posts":[{"id":35912,"url":"https:\/\/larevistadigital.com.ar\/blog\/cristina-anuncio-que-dara-una-charla-para-analizar-el-anarco-capitalismo\/","url_meta":{"origin":31189,"position":0},"title":"CRISTINA ANUNCI\u00d3 QUE DAR\u00c1 UNA CHARLA PARA ANALIZAR EL \u00abANARCO CAPITALISMO\u00bb","author":"Alejandro Sosa Ruda","date":"25 abril, 2024","format":false,"excerpt":"La ex vicepresidenta, se har\u00e1 presente en la inauguraci\u00f3n del microestadio N\u00e9stor Kirchner en Quilmes. 25 de abril de 2024 BUENOS AIRES -\u00a0 Cristina Fern\u00e1ndez de Kirchner acapar\u00f3 la atenci\u00f3n durante toda la jornada de manifestaci\u00f3n en repudio al desfinanciamiento del gobierno de Javier Milei hacia las universidades p\u00fablicas. Su\u2026","rel":"","context":"En \u00abDESTACADAS\u00bb","block_context":{"text":"DESTACADAS","link":"https:\/\/larevistadigital.com.ar\/blog\/category\/destacadas\/"},"img":{"alt_text":"","src":"https:\/\/i0.wp.com\/larevistadigital.com.ar\/blog\/wp-content\/uploads\/Captura-de-pantalla-2024-04-25-084816.png?fit=909%2C491&ssl=1&resize=350%2C200","width":350,"height":200,"srcset":"https:\/\/i0.wp.com\/larevistadigital.com.ar\/blog\/wp-content\/uploads\/Captura-de-pantalla-2024-04-25-084816.png?fit=909%2C491&ssl=1&resize=350%2C200 1x, https:\/\/i0.wp.com\/larevistadigital.com.ar\/blog\/wp-content\/uploads\/Captura-de-pantalla-2024-04-25-084816.png?fit=909%2C491&ssl=1&resize=525%2C300 1.5x, https:\/\/i0.wp.com\/larevistadigital.com.ar\/blog\/wp-content\/uploads\/Captura-de-pantalla-2024-04-25-084816.png?fit=909%2C491&ssl=1&resize=700%2C400 2x"},"classes":[]},{"id":27373,"url":"https:\/\/larevistadigital.com.ar\/blog\/chascomus-manana-el-fdt-de-la-mano-de-cote-rossi-marcha-en-apoyo-a-cristina-al-parecer-habra-mucha-participacion\/","url_meta":{"origin":31189,"position":1},"title":"CHASCOM\u00daS: MA\u00d1ANA EL FDT DE LA MANO DE \u00abCOTE ROSSI\u00bb MARCHA EN APOYO A CRISTINA. AL PARECER HABR\u00c1 MUCHA PARTICIPACI\u00d3N","author":"Alejandro Sosa Ruda","date":"30 agosto, 2022","format":false,"excerpt":"Se organiz\u00f3 seg\u00fan nos informan por iniciativa del diputado Jos\u00e9 Ignacio \"Cote\" Rossi, y ser\u00e1n de la partida distintos dirigentes y espacios pol\u00edticos para apoyar a Cristina Fern\u00e1ndez de Kirchner. CHASCOM\u00daS -\u00a0 Para la jornada de ma\u00f1ana se ha planificado una marcha en apoyo a la vicepresidente Cristina Fern\u00e1ndez de\u2026","rel":"","context":"En \u00abDESTACADAS\u00bb","block_context":{"text":"DESTACADAS","link":"https:\/\/larevistadigital.com.ar\/blog\/category\/destacadas\/"},"img":{"alt_text":"","src":"https:\/\/i0.wp.com\/larevistadigital.com.ar\/blog\/wp-content\/uploads\/photo1659618642-36-750x420-1.jpeg?fit=750%2C420&ssl=1&resize=350%2C200","width":350,"height":200,"srcset":"https:\/\/i0.wp.com\/larevistadigital.com.ar\/blog\/wp-content\/uploads\/photo1659618642-36-750x420-1.jpeg?fit=750%2C420&ssl=1&resize=350%2C200 1x, https:\/\/i0.wp.com\/larevistadigital.com.ar\/blog\/wp-content\/uploads\/photo1659618642-36-750x420-1.jpeg?fit=750%2C420&ssl=1&resize=525%2C300 1.5x, https:\/\/i0.wp.com\/larevistadigital.com.ar\/blog\/wp-content\/uploads\/photo1659618642-36-750x420-1.jpeg?fit=750%2C420&ssl=1&resize=700%2C400 2x"},"classes":[]},{"id":22262,"url":"https:\/\/larevistadigital.com.ar\/blog\/el-muerto-se-rie-del-degollado-macri-anuncio-que-dara-clases-en-eeuu-y-cristina-kirchner-le-respondio\/","url_meta":{"origin":31189,"position":2},"title":"\u00abEL MUERTO SE R\u00cdE DEL DEGOLLADO\u00bb: MACRI ANUNCI\u00d3 QUE DAR\u00c1 CLASES EN EEUU Y CRISTINA KIRCHNER LE RESPONDI\u00d3","author":"Alejandro Sosa Ruda","date":"7 octubre, 2021","format":false,"excerpt":"El ex presidente se encuentra en Estados Unidos, pero este jueves debe presentarse para declarar en la Justicia por el supuesto espionaje ilegal a los familiars de las v\u00edctimas del hundimiento del submarino ARA San Juan. El ex presidente Mauricio Macri anunci\u00f3 este mi\u00e9rcoles desde Estados Unidos,\u00a0un d\u00eda antes de\u2026","rel":"","context":"En \u00abINTERES GENERAL\u00bb","block_context":{"text":"INTERES GENERAL","link":"https:\/\/larevistadigital.com.ar\/blog\/category\/interes-general\/"},"img":{"alt_text":"","src":"https:\/\/i0.wp.com\/larevistadigital.com.ar\/blog\/wp-content\/uploads\/S2PWL2C5LBH7FHXT5E4Y64PJQE.jpg?fit=768%2C512&ssl=1&resize=350%2C200","width":350,"height":200,"srcset":"https:\/\/i0.wp.com\/larevistadigital.com.ar\/blog\/wp-content\/uploads\/S2PWL2C5LBH7FHXT5E4Y64PJQE.jpg?fit=768%2C512&ssl=1&resize=350%2C200 1x, https:\/\/i0.wp.com\/larevistadigital.com.ar\/blog\/wp-content\/uploads\/S2PWL2C5LBH7FHXT5E4Y64PJQE.jpg?fit=768%2C512&ssl=1&resize=525%2C300 1.5x, https:\/\/i0.wp.com\/larevistadigital.com.ar\/blog\/wp-content\/uploads\/S2PWL2C5LBH7FHXT5E4Y64PJQE.jpg?fit=768%2C512&ssl=1&resize=700%2C400 2x"},"classes":[]},{"id":5124,"url":"https:\/\/larevistadigital.com.ar\/blog\/una-lamentable-decision-cristina-kirchner-no-asistira-la-asamblea-legislativa\/","url_meta":{"origin":31189,"position":3},"title":"Una lamentable decisi\u00f3n: Cristina Kirchner no asistir\u00e1 a la Asamblea Legislativa","author":"admin","date":"1 marzo, 2018","format":false,"excerpt":"Cristina Kirchner no asistir\u00e1 a la Asamblea Legislativa hoy. El motivo: no quiere escuchar el discurso del presidente Mauricio Macri y, como todos los a\u00f1os, se fue a Santa Cruz para estar en su provincia el d\u00eda del cumplea\u00f1os de N\u00e9stor Kirchner, que fue el domingo 25. Viaj\u00f3 al Sur\u2026","rel":"","context":"En \u00abDESTACADAS\u00bb","block_context":{"text":"DESTACADAS","link":"https:\/\/larevistadigital.com.ar\/blog\/category\/destacadas\/"},"img":{"alt_text":"","src":"https:\/\/i0.wp.com\/larevistadigital.com.ar\/blog\/wp-content\/uploads\/2018\/03\/cristina-admitio-que-los-fondos-de-santa-cruz-se-evaporaron.jpg?fit=640%2C369&ssl=1&resize=350%2C200","width":350,"height":200,"srcset":"https:\/\/i0.wp.com\/larevistadigital.com.ar\/blog\/wp-content\/uploads\/2018\/03\/cristina-admitio-que-los-fondos-de-santa-cruz-se-evaporaron.jpg?fit=640%2C369&ssl=1&resize=350%2C200 1x, https:\/\/i0.wp.com\/larevistadigital.com.ar\/blog\/wp-content\/uploads\/2018\/03\/cristina-admitio-que-los-fondos-de-santa-cruz-se-evaporaron.jpg?fit=640%2C369&ssl=1&resize=525%2C300 1.5x"},"classes":[]},{"id":3471,"url":"https:\/\/larevistadigital.com.ar\/blog\/dolores-el-viernes-visitara-la-ciudad-cristina-fernandez-de-kirchner\/","url_meta":{"origin":31189,"position":4},"title":"DOLORES: EL VIERNES VISITAR\u00c1 LA CIUDAD CRISTINA FERN\u00c1NDEZ DE KIRCHNER","author":"Alejandro Sosa Ruda","date":"12 octubre, 2017","format":false,"excerpt":"La ex presidente y candidata a senadora por Unidad Ciudadana, Cristina Fern\u00e1ndez de Kirchner, visitar\u00e1 el viernes la ciudad de Dolores. La cita ser\u00e1 a partir de las 19 horas en donde Cristina inaugurar\u00e1 una nueva sede de SMATA en la ciudad, en calle Buenos Aires, n\u00famero 1075. En un\u2026","rel":"","context":"En \u00abDOLORES\u00bb","block_context":{"text":"DOLORES","link":"https:\/\/larevistadigital.com.ar\/blog\/category\/dolores\/"},"img":{"alt_text":"","src":"https:\/\/i0.wp.com\/larevistadigital.com.ar\/blog\/wp-content\/uploads\/2017\/10\/cf.jpg?fit=600%2C600&ssl=1&resize=350%2C200","width":350,"height":200,"srcset":"https:\/\/i0.wp.com\/larevistadigital.com.ar\/blog\/wp-content\/uploads\/2017\/10\/cf.jpg?fit=600%2C600&ssl=1&resize=350%2C200 1x, https:\/\/i0.wp.com\/larevistadigital.com.ar\/blog\/wp-content\/uploads\/2017\/10\/cf.jpg?fit=600%2C600&ssl=1&resize=525%2C300 1.5x"},"classes":[]},{"id":625,"url":"https:\/\/larevistadigital.com.ar\/blog\/625-2\/","url_meta":{"origin":31189,"position":5},"title":"Con escritos pol\u00edticos, M\u00e1ximo y Florencia Kirchner fueron indagados en la causa \u00abLos Sauces\u00bb","author":"editor","date":"6 marzo, 2017","format":false,"excerpt":"Dijeron que hay una persecuci\u00f3n y hostigamiento a su familia. \u201cEst\u00e1n decididos a proscribir a la ex presidenta de la Naci\u00f3n\u201d, dijo M\u00e1ximo sobre Cristina Kirchner, que ser\u00e1 indagada ma\u00f1ana, y apunt\u00f3 a Macri por los \u201cPanam\u00e1 Papers\u201d, Avianca y el Correo Argentino Por Mart\u00edn Angulo 6 de marzo de\u2026","rel":"","context":"En \u00abDESTACADAS\u00bb","block_context":{"text":"DESTACADAS","link":"https:\/\/larevistadigital.com.ar\/blog\/category\/destacadas\/"},"img":{"alt_text":"","src":"https:\/\/i0.wp.com\/larevistadigital.com.ar\/blog\/wp-content\/uploads\/2017\/03\/Comodoro-Py-Maximo-Florencia-Kirchner-AE-1920-5.jpg?fit=600%2C338&ssl=1&resize=350%2C200","width":350,"height":200,"srcset":"https:\/\/i0.wp.com\/larevistadigital.com.ar\/blog\/wp-content\/uploads\/2017\/03\/Comodoro-Py-Maximo-Florencia-Kirchner-AE-1920-5.jpg?fit=600%2C338&ssl=1&resize=350%2C200 1x, https:\/\/i0.wp.com\/larevistadigital.com.ar\/blog\/wp-content\/uploads\/2017\/03\/Comodoro-Py-Maximo-Florencia-Kirchner-AE-1920-5.jpg?fit=600%2C338&ssl=1&resize=525%2C300 1.5x"},"classes":[]}],"_links":{"self":[{"href":"https:\/\/larevistadigital.com.ar\/blog\/wp-json\/wp\/v2\/posts\/31189","targetHints":{"allow":["GET"]}}],"collection":[{"href":"https:\/\/larevistadigital.com.ar\/blog\/wp-json\/wp\/v2\/posts"}],"about":[{"href":"https:\/\/larevistadigital.com.ar\/blog\/wp-json\/wp\/v2\/types\/post"}],"author":[{"embeddable":true,"href":"https:\/\/larevistadigital.com.ar\/blog\/wp-json\/wp\/v2\/users\/3"}],"replies":[{"embeddable":true,"href":"https:\/\/larevistadigital.com.ar\/blog\/wp-json\/wp\/v2\/comments?post=31189"}],"version-history":[{"count":2,"href":"https:\/\/larevistadigital.com.ar\/blog\/wp-json\/wp\/v2\/posts\/31189\/revisions"}],"predecessor-version":[{"id":31192,"href":"https:\/\/larevistadigital.com.ar\/blog\/wp-json\/wp\/v2\/posts\/31189\/revisions\/31192"}],"wp:featuredmedia":[{"embeddable":true,"href":"https:\/\/larevistadigital.com.ar\/blog\/wp-json\/wp\/v2\/media\/31190"}],"wp:attachment":[{"href":"https:\/\/larevistadigital.com.ar\/blog\/wp-json\/wp\/v2\/media?parent=31189"}],"wp:term":[{"taxonomy":"category","embeddable":true,"href":"https:\/\/larevistadigital.com.ar\/blog\/wp-json\/wp\/v2\/categories?post=31189"},{"taxonomy":"post_tag","embeddable":true,"href":"https:\/\/larevistadigital.com.ar\/blog\/wp-json\/wp\/v2\/tags?post=31189"}],"curies":[{"name":"wp","href":"https:\/\/api.w.org\/{rel}","templated":true}]}}