{"id":31200,"date":"2023-04-23T17:45:49","date_gmt":"2023-04-23T17:45:49","guid":{"rendered":"https:\/\/larevistadigital.com.ar\/blog\/?p=31200"},"modified":"2023-04-23T17:45:49","modified_gmt":"2023-04-23T17:45:49","slug":"monte-hermoso-300-familias-cumplieron-el-sueno-de-la-casa-propia","status":"publish","type":"post","link":"https:\/\/larevistadigital.com.ar\/blog\/monte-hermoso-300-familias-cumplieron-el-sueno-de-la-casa-propia\/","title":{"rendered":"MONTE HERMOSO: 300 FAMILIAS CUMPLIERON EL SUE\u00d1O DE LA CASA PROPIA"},"content":{"rendered":"<h2 class=\"fparrafo ctext fz18 lh25\">El administrador general del Instituto de la Vivienda, Diego Men\u00e9ndez, y el intendente local, Marcos Fern\u00e1ndez, entregaron este viernes, 30 viviendas, en Monte Hermoso, ciudad cabecera del distrito hom\u00f3nimo, ubicado en el sur de la Costa Atl\u00e1ntica bonaerense, durante un acto cargado de emociones. Tambi\u00e9n estuvo presente el diputado provincial, Alejandro Dichiara.<\/h2>\n<p>23 de abril de 2023<\/p>\n<p><strong>MONTE HERMOSO &#8211;\u00a0 <\/strong>El gobierno de la Provincia entreg\u00f3 nuevas viviendas en la ciudad de Monte Hermoso. Participaron del acto el administrador general del Instituto de la Vivienda, <strong>Diego Men\u00e9ndez<\/strong>, y el intendente local, <strong>Marcos Fern\u00e1ndez<\/strong>.<\/p>\n<p class=\"selectionShareable\">Durante la actividad, <strong>Men\u00e9ndez<\/strong> se refiri\u00f3 al trabajo que realiza la Provincia para garantizar el derecho al hogar: <em><strong>\u201cQuiz\u00e1s, quienes se anotaron con la esperanza de tener su casa y no salieron sorteados pensaron: \u2018Listo, se acab\u00f3 mi posibilidad\u2019. Pero no, hoy entregamos 30 viviendas y firmamos un convenio para poner en marcha otras 28. Esta es una rueda que constantemente est\u00e1 girando para generar nuevas oportunidades\u201d.<\/strong><\/em><\/p>\n<blockquote>\n<h3 class=\"selectionShareable\">En la misma l\u00ednea, el Intendente destac\u00f3 el trabajo mancomunado que se realiza entre la Provincia, la Naci\u00f3n y el Municipio. <em><strong>\u201cNada se puede lograr si no se trabaja con un Estado presente\u201d<\/strong><\/em>, expres\u00f3.<\/h3>\n<\/blockquote>\n<p class=\"selectionShareable\">Por su parte, el diputado <strong>Alejandro Dichiara<\/strong> hizo referencia a la importancia de darle continuidad a la construcci\u00f3n de viviendas como pol\u00edtica de Estado, frente a las pr\u00f3ximas elecciones: <strong><em>\u201cLes pido que nos sigan acompa\u00f1ando porque todos juntos podemos llegar a ser el Monte Hermoso que nosotros so\u00f1amos y queremos\u201d.<\/em><\/strong><\/p>\n<blockquote>\n<h3 class=\"selectionShareable\">Para este barrio, adem\u00e1s de la construcci\u00f3n de las viviendas, desde el Ministerio de H\u00e1bitat y Desarrollo Urbano, a cargo de Agust\u00edn Simone, tambi\u00e9n se financi\u00f3 la infraestructura el\u00e9ctrica. Para llevar adelante estas obras, la Provincia invirti\u00f3 m\u00e1s de $200 millones.<\/h3>\n<\/blockquote>\n<p class=\"selectionShareable\">Al igual que en cada entrega, el Instituto Cultural provincial y del Ministerio de Cultura nacional obsequi\u00f3 a cada familia libros de diversas editoriales bonaerenses y cuadros con r\u00e9plicas de distintas obras de arte, bajo la curadur\u00eda del Museo de Bellas Artes Emilio Petorutti.<\/p>\n<p class=\"selectionShareable\">Tambi\u00e9n participaron del acto la secretaria de Desarrollo Social, <strong>Rosana Sotelo;<\/strong> el secretario de Gobierno, <strong>Hern\u00e1n Arranz<\/strong>; el delegado del Instituto de la Vivienda de la ciudad de Bah\u00eda Blanca,\u00a0 <strong>Ricardo Kloster<\/strong>, junto a concejales, secretarios e integrantes del Gabinete Municipal<\/p>\n<h3 class=\"selectionShareable\"><span style=\"color: #ff0000\"><b>Visita a Coronel Dorrego<\/b><\/span><\/h3>\n<p class=\"selectionShareable\">Antes de la entrega de viviendas, el administrador del IVBA, <strong>Diego Men\u00e9ndez<\/strong> visit\u00f3 las ciudades de Coronel Pringles y Bah\u00eda Blanca para recorrer las obras que tiene en marcha la Provincia.<\/p>\n<p class=\"selectionShareable\">Acompa\u00f1ado por el intendente<strong> Lisandro Matzkin<\/strong> recorrieron los barrios de 40 viviendas que se construyen en Coronel Pringles. Adem\u00e1s, est\u00e1n pr\u00f3ximas a iniciarse otra obra de 76 casas a partir de los convenios firmados en marzo y diciembre \u00faltimos. El Intendente agradeci\u00f3 el trabajo que realizan el Administrador, el Ministro y el Gobernador para llevar adelante <em><strong>\u201cesta cantidad de viviendas hist\u00f3rica, que no se hab\u00eda dado antes en nuestra localidad\u201d.<\/strong><\/em><\/p>\n<h3 class=\"selectionShareable\"><span style=\"color: #ff0000\"><b>Recorrida por Bah\u00eda Blanca<\/b><\/span><\/h3>\n<p class=\"selectionShareable\">Por \u00faltimo, en su visita a Bah\u00eda Blanca, el administrador recorri\u00f3 la obra de 145 viviendas que se construye junto a la Cooperativa \u201c15 de diciembre\u201d, con una inversi\u00f3n de m\u00e1s de $994 millones. Lo hizo acompa\u00f1ado por la senadora <strong>Ayel\u00e9n Dur\u00e1n<\/strong>, los referentes locales <strong>Gabriel Godoy y Federico Susbielles<\/strong>,\u00a0 y el presidente de la cooperativa, <strong>Pablo L\u00f3pez<\/strong>.<\/p>\n<p class=\"selectionShareable\">Seg\u00fan inform\u00f3 una fuente del Instituto de la Vivienda, en la sexta secci\u00f3n electoral la Provincia tiene en marcha m\u00e1s de 1.300 viviendas, que son parte de las 12 mil que se est\u00e1n construyendo en todo el territorio bonaerense. (<b>InfoGEI<\/b>)Ac<\/p>\n","protected":false},"excerpt":{"rendered":"<div class=\"mh-excerpt\"><p>El administrador general del Instituto de la Vivienda, Diego Men\u00e9ndez, y el intendente local, Marcos Fern\u00e1ndez, entregaron este viernes, 30 viviendas, en Monte Hermoso, ciudad cabecera del distrito hom\u00f3nimo, ubicado en el sur de la <a class=\"mh-excerpt-more\" href=\"https:\/\/larevistadigital.com.ar\/blog\/monte-hermoso-300-familias-cumplieron-el-sueno-de-la-casa-propia\/\" title=\"MONTE HERMOSO: 300 FAMILIAS CUMPLIERON EL SUE\u00d1O DE LA CASA PROPIA\">[Leer M\u00e1s]<\/a><\/p>\n<\/div>","protected":false},"author":3,"featured_media":31201,"comment_status":"open","ping_status":"open","sticky":false,"template":"","format":"standard","meta":{"_jetpack_memberships_contains_paid_content":false,"footnotes":"","jetpack_publicize_message":"","jetpack_publicize_feature_enabled":true,"jetpack_social_post_already_shared":true,"jetpack_social_options":{"image_generator_settings":{"template":"highway","default_image_id":0,"font":"","enabled":false},"version":2}},"categories":[51,29],"tags":[],"class_list":{"0":"post-31200","1":"post","2":"type-post","3":"status-publish","4":"format-standard","5":"has-post-thumbnail","7":"category-regionales","8":"category-sociedad"},"jetpack_publicize_connections":[],"jetpack_featured_media_url":"https:\/\/i0.wp.com\/larevistadigital.com.ar\/blog\/wp-content\/uploads\/20230422094256_viviendas-monte-hermoso-complejo.jpg?fit=880%2C512&ssl=1","jetpack_sharing_enabled":true,"jetpack_shortlink":"https:\/\/wp.me\/p8qtrQ-87e","jetpack-related-posts":[{"id":42877,"url":"https:\/\/larevistadigital.com.ar\/blog\/monte-hermoso-kicillof-entrego-viviendas-e-inauguro-un-centro-universitario-puentes\/","url_meta":{"origin":31200,"position":0},"title":"Monte Hermoso: Kicillof entreg\u00f3 viviendas e inaugur\u00f3 un centro universitario Puentes","author":"Alejandro Sosa Ruda","date":"12 diciembre, 2025","format":false,"excerpt":"Adem\u00e1s, el Gobernador puso en funcionamiento la nueva planta de ox\u00edgeno medicinal y otorg\u00f3 una ambulancia de alta complejidad al Hospital Municipal Carrillo. 12 de Diciembre de 2025 CHASCOM\u00daS -\u00a0 \u00a0El gobernador de la provincia de Buenos Aires, Axel Kicillof, encabez\u00f3 este viernes el acto de entrega de 28 viviendas\u2026","rel":"","context":"En \u00abPOLITICA PROVINCIAL\u00bb","block_context":{"text":"POLITICA PROVINCIAL","link":"https:\/\/larevistadigital.com.ar\/blog\/category\/politica\/politica-provincial\/"},"img":{"alt_text":"","src":"https:\/\/i0.wp.com\/larevistadigital.com.ar\/blog\/wp-content\/uploads\/DSC2714-scaled.jpeg?fit=1200%2C801&ssl=1&resize=350%2C200","width":350,"height":200,"srcset":"https:\/\/i0.wp.com\/larevistadigital.com.ar\/blog\/wp-content\/uploads\/DSC2714-scaled.jpeg?fit=1200%2C801&ssl=1&resize=350%2C200 1x, https:\/\/i0.wp.com\/larevistadigital.com.ar\/blog\/wp-content\/uploads\/DSC2714-scaled.jpeg?fit=1200%2C801&ssl=1&resize=525%2C300 1.5x, https:\/\/i0.wp.com\/larevistadigital.com.ar\/blog\/wp-content\/uploads\/DSC2714-scaled.jpeg?fit=1200%2C801&ssl=1&resize=700%2C400 2x, https:\/\/i0.wp.com\/larevistadigital.com.ar\/blog\/wp-content\/uploads\/DSC2714-scaled.jpeg?fit=1200%2C801&ssl=1&resize=1050%2C600 3x"},"classes":[]},{"id":29248,"url":"https:\/\/larevistadigital.com.ar\/blog\/bahia-blanca-y-pringles-se-firman-convenios-para-la-construccion-de-casas\/","url_meta":{"origin":31200,"position":1},"title":"BAH\u00cdA BLANCA Y PRINGLES: SE FIRMAN CONVENIOS PARA LA CONSTRUCCI\u00d3N DE CASAS","author":"Alejandro Sosa Ruda","date":"4 diciembre, 2022","format":false,"excerpt":"El administrador general del Instituto de la Vivienda provincial, Diego Men\u00e9ndez, viaj\u00f3 hasta la delegaci\u00f3n de Bah\u00eda Blanca para recorrer las obras en marcha y firmar dos convenios que impulsan la construcci\u00f3n de 145 viviendas m\u00e1s en esa ciudad, y otras 40 en Coronel Pringles. 4 de diciembre de 2022\u2026","rel":"","context":"En \u00abREGIONALES\u00bb","block_context":{"text":"REGIONALES","link":"https:\/\/larevistadigital.com.ar\/blog\/category\/regionales\/"},"img":{"alt_text":"","src":"https:\/\/i0.wp.com\/larevistadigital.com.ar\/blog\/wp-content\/uploads\/20221203101220_viviendas-bahia-blanca-pringles.jpg?fit=880%2C512&ssl=1&resize=350%2C200","width":350,"height":200,"srcset":"https:\/\/i0.wp.com\/larevistadigital.com.ar\/blog\/wp-content\/uploads\/20221203101220_viviendas-bahia-blanca-pringles.jpg?fit=880%2C512&ssl=1&resize=350%2C200 1x, https:\/\/i0.wp.com\/larevistadigital.com.ar\/blog\/wp-content\/uploads\/20221203101220_viviendas-bahia-blanca-pringles.jpg?fit=880%2C512&ssl=1&resize=525%2C300 1.5x, https:\/\/i0.wp.com\/larevistadigital.com.ar\/blog\/wp-content\/uploads\/20221203101220_viviendas-bahia-blanca-pringles.jpg?fit=880%2C512&ssl=1&resize=700%2C400 2x"},"classes":[]},{"id":37284,"url":"https:\/\/larevistadigital.com.ar\/blog\/kicillof-las-politicas-de-acceso-a-la-vivienda-siguen-siendo-una-prioridad-en-nuestro-gobierno\/","url_meta":{"origin":31200,"position":2},"title":"Kicillof: \u00abLas pol\u00edticas de acceso a la vivienda siguen siendo una prioridad en nuestro gobierno\u201d","author":"Alejandro Sosa Ruda","date":"20 septiembre, 2024","format":false,"excerpt":"El Gobernador entreg\u00f3 llaves a familias del barrio Quinta 80 y distribuy\u00f3 computadoras del programa Conectar Igualdad Bonaerense. 20 de septiembre de 2024 BUENOS AIRES -\u00a0 \u201cLas pol\u00edticas de h\u00e1bitat ocupan un lugar central dentro de las prioridades de nuestro Gobierno: junto a las y los intendentes de los 135\u2026","rel":"","context":"En \u00abPOLICIALES\u00bb","block_context":{"text":"POLICIALES","link":"https:\/\/larevistadigital.com.ar\/blog\/category\/policiales\/"},"img":{"alt_text":"","src":"https:\/\/i0.wp.com\/larevistadigital.com.ar\/blog\/wp-content\/uploads\/kicillof_viviendas_pellegrini.jpg?fit=743%2C530&ssl=1&resize=350%2C200","width":350,"height":200,"srcset":"https:\/\/i0.wp.com\/larevistadigital.com.ar\/blog\/wp-content\/uploads\/kicillof_viviendas_pellegrini.jpg?fit=743%2C530&ssl=1&resize=350%2C200 1x, https:\/\/i0.wp.com\/larevistadigital.com.ar\/blog\/wp-content\/uploads\/kicillof_viviendas_pellegrini.jpg?fit=743%2C530&ssl=1&resize=525%2C300 1.5x, https:\/\/i0.wp.com\/larevistadigital.com.ar\/blog\/wp-content\/uploads\/kicillof_viviendas_pellegrini.jpg?fit=743%2C530&ssl=1&resize=700%2C400 2x"},"classes":[]},{"id":35249,"url":"https:\/\/larevistadigital.com.ar\/blog\/monte-hermoso-aparecio-el-cuerpo-del-joven-desaparecido-en-el-mar\/","url_meta":{"origin":31200,"position":3},"title":"MONTE HERMOSO: APARECI\u00d3 EL CUERPO DEL JOVEN DESAPARECIDO EN EL MAR","author":"Alejandro Sosa Ruda","date":"14 febrero, 2024","format":false,"excerpt":"Alex Malvar (21), hab\u00eda ingresado al agua durante el amanecer del lunes. Fue hallado en la costa a la altura del Complejo Americano. 14 de febrero de 2024 MONTE HERMOSO -\u00a0 El cuerpo de Alex Malvar, el joven de 21 a\u00f1os que hab\u00eda ingresado al mar en Monte Hermoso durante\u2026","rel":"","context":"En \u00abPOLICIALES\u00bb","block_context":{"text":"POLICIALES","link":"https:\/\/larevistadigital.com.ar\/blog\/category\/policiales\/"},"img":{"alt_text":"","src":"https:\/\/i0.wp.com\/larevistadigital.com.ar\/blog\/wp-content\/uploads\/MONTE-HERMOSO.jpg?fit=800%2C418&ssl=1&resize=350%2C200","width":350,"height":200,"srcset":"https:\/\/i0.wp.com\/larevistadigital.com.ar\/blog\/wp-content\/uploads\/MONTE-HERMOSO.jpg?fit=800%2C418&ssl=1&resize=350%2C200 1x, https:\/\/i0.wp.com\/larevistadigital.com.ar\/blog\/wp-content\/uploads\/MONTE-HERMOSO.jpg?fit=800%2C418&ssl=1&resize=525%2C300 1.5x, https:\/\/i0.wp.com\/larevistadigital.com.ar\/blog\/wp-content\/uploads\/MONTE-HERMOSO.jpg?fit=800%2C418&ssl=1&resize=700%2C400 2x"},"classes":[]},{"id":37281,"url":"https:\/\/larevistadigital.com.ar\/blog\/la-provincia-entrego-viviendas-a-familias-de-tres-lomas\/","url_meta":{"origin":31200,"position":4},"title":"La Provincia entreg\u00f3 viviendas a familias de Tres Lomas","author":"Alejandro Sosa Ruda","date":"20 septiembre, 2024","format":false,"excerpt":"Adem\u00e1s, el Gobernador distribuy\u00f3 netbooks en el marco del programa Conectar Igualdad Bonaerense y recorri\u00f3 la obra en ejecuci\u00f3n de la Casa de la Provincia. 20 de septiembre de 2024 \u00a0Tres Lomas. BUENOS AIRES -\u00a0 \u00a0El gobernador de la provincia de Buenos Aires, Axel Kicillof, encabez\u00f3 este jueves el acto\u2026","rel":"","context":"En \u00abPOLITICA PROVINCIAL\u00bb","block_context":{"text":"POLITICA PROVINCIAL","link":"https:\/\/larevistadigital.com.ar\/blog\/category\/politica\/politica-provincial\/"},"img":{"alt_text":"","src":"https:\/\/i0.wp.com\/larevistadigital.com.ar\/blog\/wp-content\/uploads\/DSC_1556.jpg?fit=743%2C530&ssl=1&resize=350%2C200","width":350,"height":200,"srcset":"https:\/\/i0.wp.com\/larevistadigital.com.ar\/blog\/wp-content\/uploads\/DSC_1556.jpg?fit=743%2C530&ssl=1&resize=350%2C200 1x, https:\/\/i0.wp.com\/larevistadigital.com.ar\/blog\/wp-content\/uploads\/DSC_1556.jpg?fit=743%2C530&ssl=1&resize=525%2C300 1.5x, https:\/\/i0.wp.com\/larevistadigital.com.ar\/blog\/wp-content\/uploads\/DSC_1556.jpg?fit=743%2C530&ssl=1&resize=700%2C400 2x"},"classes":[]},{"id":37039,"url":"https:\/\/larevistadigital.com.ar\/blog\/kicillof-entrego-viviendas-en-general-alvear\/","url_meta":{"origin":31200,"position":5},"title":"KICILLOF ENTREG\u00d3 VIVIENDAS EN GENERAL ALVEAR","author":"Alejandro Sosa Ruda","date":"23 agosto, 2024","format":false,"excerpt":"Adem\u00e1s, el gobernador Axel Kicillof puso en funcionamiento un veh\u00edculo para el traslado de alumnos de la Escuela Agraria N\u00b01. 23 de Agosto de 2024 BUENOS AIRES -\u00a0 El gobernador de la provincia de Buenos Aires, Axel Kicillof, encabez\u00f3 este mi\u00e9rcoles el acto de entrega de viviendas y escrituras sociales\u2026","rel":"","context":"En \u00abPOLITICA PROVINCIAL\u00bb","block_context":{"text":"POLITICA PROVINCIAL","link":"https:\/\/larevistadigital.com.ar\/blog\/category\/politica\/politica-provincial\/"},"img":{"alt_text":"","src":"https:\/\/i0.wp.com\/larevistadigital.com.ar\/blog\/wp-content\/uploads\/IMG_1413-1.jpg?fit=743%2C530&ssl=1&resize=350%2C200","width":350,"height":200,"srcset":"https:\/\/i0.wp.com\/larevistadigital.com.ar\/blog\/wp-content\/uploads\/IMG_1413-1.jpg?fit=743%2C530&ssl=1&resize=350%2C200 1x, https:\/\/i0.wp.com\/larevistadigital.com.ar\/blog\/wp-content\/uploads\/IMG_1413-1.jpg?fit=743%2C530&ssl=1&resize=525%2C300 1.5x, https:\/\/i0.wp.com\/larevistadigital.com.ar\/blog\/wp-content\/uploads\/IMG_1413-1.jpg?fit=743%2C530&ssl=1&resize=700%2C400 2x"},"classes":[]}],"_links":{"self":[{"href":"https:\/\/larevistadigital.com.ar\/blog\/wp-json\/wp\/v2\/posts\/31200","targetHints":{"allow":["GET"]}}],"collection":[{"href":"https:\/\/larevistadigital.com.ar\/blog\/wp-json\/wp\/v2\/posts"}],"about":[{"href":"https:\/\/larevistadigital.com.ar\/blog\/wp-json\/wp\/v2\/types\/post"}],"author":[{"embeddable":true,"href":"https:\/\/larevistadigital.com.ar\/blog\/wp-json\/wp\/v2\/users\/3"}],"replies":[{"embeddable":true,"href":"https:\/\/larevistadigital.com.ar\/blog\/wp-json\/wp\/v2\/comments?post=31200"}],"version-history":[{"count":1,"href":"https:\/\/larevistadigital.com.ar\/blog\/wp-json\/wp\/v2\/posts\/31200\/revisions"}],"predecessor-version":[{"id":31202,"href":"https:\/\/larevistadigital.com.ar\/blog\/wp-json\/wp\/v2\/posts\/31200\/revisions\/31202"}],"wp:featuredmedia":[{"embeddable":true,"href":"https:\/\/larevistadigital.com.ar\/blog\/wp-json\/wp\/v2\/media\/31201"}],"wp:attachment":[{"href":"https:\/\/larevistadigital.com.ar\/blog\/wp-json\/wp\/v2\/media?parent=31200"}],"wp:term":[{"taxonomy":"category","embeddable":true,"href":"https:\/\/larevistadigital.com.ar\/blog\/wp-json\/wp\/v2\/categories?post=31200"},{"taxonomy":"post_tag","embeddable":true,"href":"https:\/\/larevistadigital.com.ar\/blog\/wp-json\/wp\/v2\/tags?post=31200"}],"curies":[{"name":"wp","href":"https:\/\/api.w.org\/{rel}","templated":true}]}}