{"id":31214,"date":"2023-04-24T21:54:15","date_gmt":"2023-04-24T21:54:15","guid":{"rendered":"https:\/\/larevistadigital.com.ar\/blog\/?p=31214"},"modified":"2023-04-24T21:54:15","modified_gmt":"2023-04-24T21:54:15","slug":"dolores-fue-condenado-por-abusar-de-los-alumnos-particulares-de-su-esposa-la-mujer-fue-absuelta","status":"publish","type":"post","link":"https:\/\/larevistadigital.com.ar\/blog\/dolores-fue-condenado-por-abusar-de-los-alumnos-particulares-de-su-esposa-la-mujer-fue-absuelta\/","title":{"rendered":"DOLORES: FUE CONDENADO POR ABUSAR DE LOS ALUMNOS PARTICULARES DE SU ESPOSA. LA MUJER FUE ABSUELTA"},"content":{"rendered":"<h2 class=\"nota__hero__summary\">Esteban Sosa abus\u00f3 de ni\u00f1os que ten\u00edan entre 6 y 10 a\u00f1os y concurr\u00edan a su casa para tomar clases particulares con su esposa, no qued\u00f3 acreditada la participaci\u00f3n de la mujer.<\/h2>\n<p>24 de abril de 2023<\/p>\n<p><strong>DOLORES &#8211;<\/strong>\u00a0 El Tribunal Oral N\u00ba 1 dict\u00f3 la sentencia en el caso de abuso de menores que involucraba a la pareja de una maestra particular en Dolores. <strong>Esteban Enrique Sosa<\/strong>, conocido como <strong>\u201cPato\u201d<\/strong>, fue condenado a 6 a\u00f1os de prisi\u00f3n por tres casos de abuso sexual gravemente ultrajante, mientras que su esposa, <strong>Mar\u00eda Alejandra Gim\u00e9nez<\/strong>, fue absuelta.<\/p>\n<p>El Tribunal determin\u00f3 que <strong>Sosa<\/strong> se aprovechaba del hecho de que su mujer daba clases particulares a ni\u00f1os de escuela primaria en su domicilio, donde \u00e9l abusaba de ellos, y tambi\u00e9n en su taller mec\u00e1nico.<strong> Sosa<\/strong> amenazaba a los ni\u00f1os o les ofrec\u00eda dinero a cambio de su silencio sobre lo que all\u00ed ocurr\u00eda.<\/p>\n<p>A pesar de que se registraron varias denuncias contra <strong>Sosa<\/strong>, solo se probaron tres casos de ni\u00f1os de entre 6 y 10 a\u00f1os que sufrieron abuso, el cual tuvo lugar durante un per\u00edodo de tiempo que se extendi\u00f3 entre 2017 y 2018. El Tribunal consider\u00f3 que esa prolongaci\u00f3n en el tiempo era un agravante para la condena de <strong>Sosa<\/strong>.<\/p>\n<p>En cuanto a <strong>Gim\u00e9nez<\/strong>, el Tribunal afirm\u00f3 que exist\u00eda una \u00abduda insuperable\u00bb sobre su complicidad y conocimiento de los abusos que sus alumnos sufr\u00edan a manos de su marido. Seg\u00fan la sentencia, los hechos ocurrieron cuando <strong>Gim\u00e9nez<\/strong> se retiraba del lugar donde daba clases para buscar un libro u otro material de estudio, por lo que se consider\u00f3 que su participaci\u00f3n en los delitos de abuso no pudo ser probada de manera suficiente.<\/p>\n<p>En definitiva, el caso de abuso sexual de menores que involucr\u00f3 a la pareja de una maestra particular en Dolores lleg\u00f3 a su fin con la condena de<strong> Esteban Enrique Sos<\/strong>a y la absoluci\u00f3n de su esposa, <strong>Mar\u00eda Alejandra Gim\u00e9nez<\/strong>.<\/p>\n<p>fuente e imagen: entrel\u00edneas.info<\/p>\n","protected":false},"excerpt":{"rendered":"<div class=\"mh-excerpt\"><p>Esteban Sosa abus\u00f3 de ni\u00f1os que ten\u00edan entre 6 y 10 a\u00f1os y concurr\u00edan a su casa para tomar clases particulares con su esposa, no qued\u00f3 acreditada la participaci\u00f3n de la mujer. 24 de abril <a class=\"mh-excerpt-more\" href=\"https:\/\/larevistadigital.com.ar\/blog\/dolores-fue-condenado-por-abusar-de-los-alumnos-particulares-de-su-esposa-la-mujer-fue-absuelta\/\" title=\"DOLORES: FUE CONDENADO POR ABUSAR DE LOS ALUMNOS PARTICULARES DE SU ESPOSA. LA MUJER FUE ABSUELTA\">[Leer M\u00e1s]<\/a><\/p>\n<\/div>","protected":false},"author":3,"featured_media":31215,"comment_status":"open","ping_status":"open","sticky":false,"template":"","format":"standard","meta":{"_jetpack_memberships_contains_paid_content":false,"footnotes":"","jetpack_publicize_message":"","jetpack_publicize_feature_enabled":true,"jetpack_social_post_already_shared":true,"jetpack_social_options":{"image_generator_settings":{"template":"highway","default_image_id":0,"font":"","enabled":false},"version":2}},"categories":[43,44],"tags":[],"class_list":{"0":"post-31214","1":"post","2":"type-post","3":"status-publish","4":"format-standard","5":"has-post-thumbnail","7":"category-dolores","8":"category-policiales"},"jetpack_publicize_connections":[],"jetpack_featured_media_url":"https:\/\/i0.wp.com\/larevistadigital.com.ar\/blog\/wp-content\/uploads\/1a0f30622921843faa2c9781eb37b3e59202a671.jpg?fit=1140%2C684&ssl=1","jetpack_sharing_enabled":true,"jetpack_shortlink":"https:\/\/wp.me\/p8qtrQ-87s","jetpack-related-posts":[{"id":29187,"url":"https:\/\/larevistadigital.com.ar\/blog\/conocido-periodista-costero-fue-condenado-a-10-anos-de-prision-de-cumplimiento-efectivo-por-abuso-sexual\/","url_meta":{"origin":31214,"position":0},"title":"CONOCIDO PERIODISTA COSTERO FUE CONDENADO A 10 A\u00d1OS DE PRISI\u00d3N DE CUMPLIMIENTO EFECTIVO POR ABUSO SEXUAL","author":"Alejandro Sosa Ruda","date":"30 noviembre, 2022","format":false,"excerpt":"Despu\u00e9s de m\u00e1s de tres a\u00f1os de idas y venidas de la Justicia, finalmente este martes se confirm\u00f3 la condena al periodista costero Eduardo Arias, a quien el Tribunal en lo Criminal N\u00b0 1 de Dolores, lo conden\u00f3 a 10 a\u00f1os de prisi\u00f3n de cumplimiento efectivo, despu\u00e9s de haber sido\u2026","rel":"","context":"En \u00abDOLORES\u00bb","block_context":{"text":"DOLORES","link":"https:\/\/larevistadigital.com.ar\/blog\/category\/dolores\/"},"img":{"alt_text":"","src":"https:\/\/i0.wp.com\/larevistadigital.com.ar\/blog\/wp-content\/uploads\/20221130081057_eduardo-arias-condena.jpg?fit=880%2C512&ssl=1&resize=350%2C200","width":350,"height":200,"srcset":"https:\/\/i0.wp.com\/larevistadigital.com.ar\/blog\/wp-content\/uploads\/20221130081057_eduardo-arias-condena.jpg?fit=880%2C512&ssl=1&resize=350%2C200 1x, https:\/\/i0.wp.com\/larevistadigital.com.ar\/blog\/wp-content\/uploads\/20221130081057_eduardo-arias-condena.jpg?fit=880%2C512&ssl=1&resize=525%2C300 1.5x, https:\/\/i0.wp.com\/larevistadigital.com.ar\/blog\/wp-content\/uploads\/20221130081057_eduardo-arias-condena.jpg?fit=880%2C512&ssl=1&resize=700%2C400 2x"},"classes":[]},{"id":18933,"url":"https:\/\/larevistadigital.com.ar\/blog\/detienen-a-ex-funcionario-judicial-de-dolores-por-violacion-luego-de-permanecer-5-anos-profugo\/","url_meta":{"origin":31214,"position":1},"title":"DETIENEN A EX FUNCIONARIO JUDICIAL DE DOLORES POR VIOLACI\u00d3N, LUEGO DE PERMANECER 5 A\u00d1OS PR\u00d3FUGO","author":"Alejandro Sosa Ruda","date":"19 febrero, 2021","format":false,"excerpt":"Hab\u00eda sido sentenciado a 9 a\u00f1os en junio de 2015 por abuso sexual a dos ni\u00f1as. Fue detenido en Tandil. DOLORES - Un ex funcionario judicial de Dolores condenado por la violaci\u00f3n de dos menores que se encontraba pr\u00f3fugo desde hace cinco a\u00f1os fue detenido ayer en Tandil. Miguel \u00c1ngel\u2026","rel":"","context":"En \u00abDOLORES\u00bb","block_context":{"text":"DOLORES","link":"https:\/\/larevistadigital.com.ar\/blog\/category\/dolores\/"},"img":{"alt_text":"","src":"https:\/\/i0.wp.com\/larevistadigital.com.ar\/blog\/wp-content\/uploads\/9a797013a690a26831e1a1d38fb60d7e671b3072.jpeg?fit=1140%2C846&ssl=1&resize=350%2C200","width":350,"height":200,"srcset":"https:\/\/i0.wp.com\/larevistadigital.com.ar\/blog\/wp-content\/uploads\/9a797013a690a26831e1a1d38fb60d7e671b3072.jpeg?fit=1140%2C846&ssl=1&resize=350%2C200 1x, https:\/\/i0.wp.com\/larevistadigital.com.ar\/blog\/wp-content\/uploads\/9a797013a690a26831e1a1d38fb60d7e671b3072.jpeg?fit=1140%2C846&ssl=1&resize=525%2C300 1.5x, https:\/\/i0.wp.com\/larevistadigital.com.ar\/blog\/wp-content\/uploads\/9a797013a690a26831e1a1d38fb60d7e671b3072.jpeg?fit=1140%2C846&ssl=1&resize=700%2C400 2x, https:\/\/i0.wp.com\/larevistadigital.com.ar\/blog\/wp-content\/uploads\/9a797013a690a26831e1a1d38fb60d7e671b3072.jpeg?fit=1140%2C846&ssl=1&resize=1050%2C600 3x"},"classes":[]},{"id":34873,"url":"https:\/\/larevistadigital.com.ar\/blog\/pinamar-condenan-a-ex-concejal-por-abuso-agravado-contra-una-menor-a-16-anos-de-carcel\/","url_meta":{"origin":31214,"position":2},"title":"PINAMAR: CONDENAN A EX CONCEJAL POR ABUSO AGRAVADO CONTRA UNA MENOR A 16 A\u00d1OS DE CARCEL","author":"Alejandro Sosa Ruda","date":"18 diciembre, 2023","format":false,"excerpt":"Claudio Galarza estaba detenido desde 2018. Roc\u00edo Ayel\u00e9n Salazar, su pareja, fue sentenciada a 10 a\u00f1os de prisi\u00f3n por facilitar el abuso. 18 de diciembre de 2023 PINAMAR -\u00a0\u00a0Claudio Marcelo Galarza, ex concejal de Pinamar, fue condenado a 16 a\u00f1os de prisi\u00f3n por abuso sexual agravado en perjuicio de una\u2026","rel":"","context":"En \u00abPOLICIALES\u00bb","block_context":{"text":"POLICIALES","link":"https:\/\/larevistadigital.com.ar\/blog\/category\/policiales\/"},"img":{"alt_text":"","src":"https:\/\/i0.wp.com\/larevistadigital.com.ar\/blog\/wp-content\/uploads\/20231215150651_whatsapp-image-2023-12-15-at-15-04-30.jpg?fit=880%2C512&ssl=1&resize=350%2C200","width":350,"height":200,"srcset":"https:\/\/i0.wp.com\/larevistadigital.com.ar\/blog\/wp-content\/uploads\/20231215150651_whatsapp-image-2023-12-15-at-15-04-30.jpg?fit=880%2C512&ssl=1&resize=350%2C200 1x, https:\/\/i0.wp.com\/larevistadigital.com.ar\/blog\/wp-content\/uploads\/20231215150651_whatsapp-image-2023-12-15-at-15-04-30.jpg?fit=880%2C512&ssl=1&resize=525%2C300 1.5x, https:\/\/i0.wp.com\/larevistadigital.com.ar\/blog\/wp-content\/uploads\/20231215150651_whatsapp-image-2023-12-15-at-15-04-30.jpg?fit=880%2C512&ssl=1&resize=700%2C400 2x"},"classes":[]},{"id":34663,"url":"https:\/\/larevistadigital.com.ar\/blog\/chascomus-detienen-a-un-hombre-por-abuso-sexual-agravado\/","url_meta":{"origin":31214,"position":3},"title":"CHASCOM\u00daS: DETIENEN A UN HOMBRE POR ABUSO SEXUAL AGRAVADO","author":"Alejandro Sosa Ruda","date":"27 noviembre, 2023","format":false,"excerpt":"La Polic\u00eda se encarg\u00f3 de detener al degenerado. Cumplir\u00e1 una pena de ocho a\u00f1os. Se encuentra en la comisar\u00eda 1ra. a la espera de su traslado. 27 de Noviembre de 2023 CHASCOM\u00daS -\u00a0\u00a0 El d\u00eda martes de la semana pasada, personal del Grupo Tecnico Operativo de la Estaci\u00f3n de Polic\u00eda\u2026","rel":"","context":"En \u00abCHASCOM\u00daS\u00bb","block_context":{"text":"CHASCOM\u00daS","link":"https:\/\/larevistadigital.com.ar\/blog\/category\/chascomus\/"},"img":{"alt_text":"","src":"https:\/\/i0.wp.com\/larevistadigital.com.ar\/blog\/wp-content\/uploads\/WhatsApp-Image-2023-11-27-at-18.11.25-e1701119914217.jpeg?fit=695%2C634&ssl=1&resize=350%2C200","width":350,"height":200,"srcset":"https:\/\/i0.wp.com\/larevistadigital.com.ar\/blog\/wp-content\/uploads\/WhatsApp-Image-2023-11-27-at-18.11.25-e1701119914217.jpeg?fit=695%2C634&ssl=1&resize=350%2C200 1x, https:\/\/i0.wp.com\/larevistadigital.com.ar\/blog\/wp-content\/uploads\/WhatsApp-Image-2023-11-27-at-18.11.25-e1701119914217.jpeg?fit=695%2C634&ssl=1&resize=525%2C300 1.5x"},"classes":[]},{"id":25275,"url":"https:\/\/larevistadigital.com.ar\/blog\/mar-de-ajo-condenan-a-pastor-evangelico-a-22-anos-por-abuso-sexual\/","url_meta":{"origin":31214,"position":4},"title":"MAR DE AJ\u00d3: CONDENAN A PASTOR EVANG\u00c9LICO A 22 A\u00d1OS POR ABUSO SEXUAL","author":"Alejandro Sosa Ruda","date":"25 abril, 2022","format":false,"excerpt":"Uno de los hechos fue cometido en 2008 contra una ni\u00f1a que entonces ten\u00eda 8 a\u00f1os y se prolong\u00f3 hasta 2010. Los abusos se comet\u00edan en el templo, en una casa o durante viajes por la Provincia. El hombre tiene 72 a\u00f1os. MAR DE AJ\u00d3 -\u00a0Un pastor evang\u00e9lico de Mar\u2026","rel":"","context":"En \u00abPOLICIALES\u00bb","block_context":{"text":"POLICIALES","link":"https:\/\/larevistadigital.com.ar\/blog\/category\/policiales\/"},"img":{"alt_text":"","src":"https:\/\/i0.wp.com\/larevistadigital.com.ar\/blog\/wp-content\/uploads\/20220425171211_abuso.jpg?fit=880%2C512&ssl=1&resize=350%2C200","width":350,"height":200,"srcset":"https:\/\/i0.wp.com\/larevistadigital.com.ar\/blog\/wp-content\/uploads\/20220425171211_abuso.jpg?fit=880%2C512&ssl=1&resize=350%2C200 1x, https:\/\/i0.wp.com\/larevistadigital.com.ar\/blog\/wp-content\/uploads\/20220425171211_abuso.jpg?fit=880%2C512&ssl=1&resize=525%2C300 1.5x, https:\/\/i0.wp.com\/larevistadigital.com.ar\/blog\/wp-content\/uploads\/20220425171211_abuso.jpg?fit=880%2C512&ssl=1&resize=700%2C400 2x"},"classes":[]},{"id":40339,"url":"https:\/\/larevistadigital.com.ar\/blog\/mar-de-ajo-durante-9-anos-abuso-de-sus-hijos-e-hijastra-le-dieron-11-anos\/","url_meta":{"origin":31214,"position":5},"title":"Mar de Aj\u00f3: Durante 9 a\u00f1os, abus\u00f3 de sus hijos e hijastra. Le dieron 11 a\u00f1os.","author":"Alejandro Sosa Ruda","date":"5 julio, 2025","format":false,"excerpt":"El fallo fu\u00e9 un\u00e1nime y conden\u00f3 al acusado. \u00bfEs justo? 05 de Julio de 2025 MAR DE AJ\u00d3 -\u00a0 Un sujeto abus\u00f3 sexualmente de sus dos hijos, y una hijastra entre los a\u00f1os 2010 y 2019 en distintas viviendas de la ciudad de Mar de Aj\u00f3 en el Partido de\u2026","rel":"","context":"En \u00abPOLICIALES\u00bb","block_context":{"text":"POLICIALES","link":"https:\/\/larevistadigital.com.ar\/blog\/category\/policiales\/"},"img":{"alt_text":"","src":"https:\/\/i0.wp.com\/larevistadigital.com.ar\/blog\/wp-content\/uploads\/Abusador-de-Mar-de-Ajo.jpg?fit=1140%2C721&ssl=1&resize=350%2C200","width":350,"height":200,"srcset":"https:\/\/i0.wp.com\/larevistadigital.com.ar\/blog\/wp-content\/uploads\/Abusador-de-Mar-de-Ajo.jpg?fit=1140%2C721&ssl=1&resize=350%2C200 1x, https:\/\/i0.wp.com\/larevistadigital.com.ar\/blog\/wp-content\/uploads\/Abusador-de-Mar-de-Ajo.jpg?fit=1140%2C721&ssl=1&resize=525%2C300 1.5x, https:\/\/i0.wp.com\/larevistadigital.com.ar\/blog\/wp-content\/uploads\/Abusador-de-Mar-de-Ajo.jpg?fit=1140%2C721&ssl=1&resize=700%2C400 2x, https:\/\/i0.wp.com\/larevistadigital.com.ar\/blog\/wp-content\/uploads\/Abusador-de-Mar-de-Ajo.jpg?fit=1140%2C721&ssl=1&resize=1050%2C600 3x"},"classes":[]}],"_links":{"self":[{"href":"https:\/\/larevistadigital.com.ar\/blog\/wp-json\/wp\/v2\/posts\/31214","targetHints":{"allow":["GET"]}}],"collection":[{"href":"https:\/\/larevistadigital.com.ar\/blog\/wp-json\/wp\/v2\/posts"}],"about":[{"href":"https:\/\/larevistadigital.com.ar\/blog\/wp-json\/wp\/v2\/types\/post"}],"author":[{"embeddable":true,"href":"https:\/\/larevistadigital.com.ar\/blog\/wp-json\/wp\/v2\/users\/3"}],"replies":[{"embeddable":true,"href":"https:\/\/larevistadigital.com.ar\/blog\/wp-json\/wp\/v2\/comments?post=31214"}],"version-history":[{"count":1,"href":"https:\/\/larevistadigital.com.ar\/blog\/wp-json\/wp\/v2\/posts\/31214\/revisions"}],"predecessor-version":[{"id":31216,"href":"https:\/\/larevistadigital.com.ar\/blog\/wp-json\/wp\/v2\/posts\/31214\/revisions\/31216"}],"wp:featuredmedia":[{"embeddable":true,"href":"https:\/\/larevistadigital.com.ar\/blog\/wp-json\/wp\/v2\/media\/31215"}],"wp:attachment":[{"href":"https:\/\/larevistadigital.com.ar\/blog\/wp-json\/wp\/v2\/media?parent=31214"}],"wp:term":[{"taxonomy":"category","embeddable":true,"href":"https:\/\/larevistadigital.com.ar\/blog\/wp-json\/wp\/v2\/categories?post=31214"},{"taxonomy":"post_tag","embeddable":true,"href":"https:\/\/larevistadigital.com.ar\/blog\/wp-json\/wp\/v2\/tags?post=31214"}],"curies":[{"name":"wp","href":"https:\/\/api.w.org\/{rel}","templated":true}]}}