{"id":31217,"date":"2023-04-24T22:22:24","date_gmt":"2023-04-24T22:22:24","guid":{"rendered":"https:\/\/larevistadigital.com.ar\/blog\/?p=31217"},"modified":"2023-04-24T22:43:34","modified_gmt":"2023-04-24T22:43:34","slug":"el-dolar-blue-imparable-toco-los-462","status":"publish","type":"post","link":"https:\/\/larevistadigital.com.ar\/blog\/el-dolar-blue-imparable-toco-los-462\/","title":{"rendered":"EL DOLAR BLUE IMPARABLE: TOCO LOS $462.-"},"content":{"rendered":"<h2 class=\"intro\">En el arranque de la semana, el mercado volvi\u00f3 a mostrar signos de tensi\u00f3n en una jornada de alta volatilidad.<\/h2>\n<p>24 de abril de 2023<\/p>\n<p>El d\u00f3lar blue volvi\u00f3 a experimentar un importante aumento, cerrando este lunes a <span style=\"color: #ff0000\"><strong>462 pesos para la venta y a 457 pesos para la compra.<\/strong><\/span> Esta suba representa un incremento del 4,52 por ciento en comparaci\u00f3n al viernes pasado, lo que evidencia la volatilidad de la moneda extranjera en el mercado argentino.<\/p>\n<p>En contraste, el d\u00f3lar oficial cerr\u00f3 a 226 pesos para la venta y 218 para la compra. Sin embargo, es importante destacar que el Banco Central realiz\u00f3 compras por US$ 108 millones en la jornada, logrando as\u00ed finalizar en verde por tercera rueda consecutiva. Estas compras se realizaron en el marco del Programa de Incremento Exportador (PIE), el cual establece un tipo de cambio diferencial temporal de $ 300 por d\u00f3lar para el complejo sojero y econom\u00edas regionales.<\/p>\n<blockquote>\n<h3>A pesar de las compras realizadas por la autoridad monetaria, algunas cuevas decidieron frenar la venta de divisas. El mercado de cambio muestra una tensi\u00f3n similar a la registrada el viernes pasado, en medio de un clima de incertidumbre en el que se propagan todo tipo de versiones.<\/h3>\n<\/blockquote>\n<p>Cabe se\u00f1alar que la semana anterior, la sociedad de bolsa Max Capital hab\u00eda propagado un rumor sobre una supuesta devaluaci\u00f3n del 50% para este lunes, por lo que tuvo que pedir disculpas al ministro de Econom\u00eda, <strong>Sergio Massa<\/strong>. Sin embargo, esta situaci\u00f3n refleja la falta de confianza en la gesti\u00f3n pol\u00edtica econ\u00f3mica del gobierno actual, que a\u00fan no logra estabilizar la econom\u00eda argentina.<\/p>\n","protected":false},"excerpt":{"rendered":"<div class=\"mh-excerpt\"><p>En el arranque de la semana, el mercado volvi\u00f3 a mostrar signos de tensi\u00f3n en una jornada de alta volatilidad. 24 de abril de 2023 El d\u00f3lar blue volvi\u00f3 a experimentar un importante aumento, cerrando <a class=\"mh-excerpt-more\" href=\"https:\/\/larevistadigital.com.ar\/blog\/el-dolar-blue-imparable-toco-los-462\/\" title=\"EL DOLAR BLUE IMPARABLE: TOCO LOS $462.-\">[Leer M\u00e1s]<\/a><\/p>\n<\/div>","protected":false},"author":3,"featured_media":31218,"comment_status":"open","ping_status":"open","sticky":false,"template":"","format":"standard","meta":{"_jetpack_memberships_contains_paid_content":false,"footnotes":"","jetpack_publicize_message":"","jetpack_publicize_feature_enabled":true,"jetpack_social_post_already_shared":true,"jetpack_social_options":{"image_generator_settings":{"template":"highway","default_image_id":0,"font":"","enabled":false},"version":2}},"categories":[41,9],"tags":[],"class_list":{"0":"post-31217","1":"post","2":"type-post","3":"status-publish","4":"format-standard","5":"has-post-thumbnail","7":"category-destacadas","8":"category-economia"},"jetpack_publicize_connections":[],"jetpack_featured_media_url":"https:\/\/i0.wp.com\/larevistadigital.com.ar\/blog\/wp-content\/uploads\/dxlares_2_crop1654888469602.jpg_1572130063.jpg?fit=760%2C428&ssl=1","jetpack_sharing_enabled":true,"jetpack_shortlink":"https:\/\/wp.me\/p8qtrQ-87v","jetpack-related-posts":[{"id":34145,"url":"https:\/\/larevistadigital.com.ar\/blog\/el-dolar-blue-cerro-otra-jornada-a-la-baja\/","url_meta":{"origin":31217,"position":0},"title":"EL DOLAR BLUE CERR\u00d3 OTRA JORNADA A LA BAJA","author":"Alejandro Sosa Ruda","date":"19 octubre, 2023","format":false,"excerpt":"19 de octubre de 2023 A tres d\u00edas de las elecciones generales que consagrar\u00e1n al nuevo presidente de la naci\u00f3n, el\u00a0d\u00f3lar blue\u00a0tuvo un nuevo retroceso de $5 y este jueves cerr\u00f3 a $880 para la compra y $900 para la venta. Por su parte, el\u00a0d\u00f3lar\u00a0oficial permanece estable tras la disparada\u2026","rel":"","context":"En \u00abSin categor\u00eda\u00bb","block_context":{"text":"Sin categor\u00eda","link":"https:\/\/larevistadigital.com.ar\/blog\/category\/sin-categoria\/"},"img":{"alt_text":"","src":"https:\/\/i0.wp.com\/larevistadigital.com.ar\/blog\/wp-content\/uploads\/Captura-de-pantalla-2023-10-19-235435.png?fit=892%2C504&ssl=1&resize=350%2C200","width":350,"height":200,"srcset":"https:\/\/i0.wp.com\/larevistadigital.com.ar\/blog\/wp-content\/uploads\/Captura-de-pantalla-2023-10-19-235435.png?fit=892%2C504&ssl=1&resize=350%2C200 1x, https:\/\/i0.wp.com\/larevistadigital.com.ar\/blog\/wp-content\/uploads\/Captura-de-pantalla-2023-10-19-235435.png?fit=892%2C504&ssl=1&resize=525%2C300 1.5x, https:\/\/i0.wp.com\/larevistadigital.com.ar\/blog\/wp-content\/uploads\/Captura-de-pantalla-2023-10-19-235435.png?fit=892%2C504&ssl=1&resize=700%2C400 2x"},"classes":[]},{"id":29781,"url":"https:\/\/larevistadigital.com.ar\/blog\/nueva-suba-y-record-del-dolar-blue\/","url_meta":{"origin":31217,"position":1},"title":"NUEVA SUBA Y R\u00c9CORD DEL DOLAR BLUE","author":"Alejandro Sosa Ruda","date":"16 enero, 2023","format":false,"excerpt":"Blue, $370. Tarjeta \/ Turista, $331,57 y \"Qatar\" $378,94. El contado con liquidaci\u00f3n, cotiza a $355,36. El MEP a $344,03. 16 de enero de 2023 En el mercado formal, el\u00a0tarjeta \/ turista\u00a0(Imp. solidario + 45% a cuenta Ganancias) cotiza a $331,57 y el\u00a0oficial\u00a0a $189,47 este 16 de enero, lo que\u2026","rel":"","context":"En \u00abECONOMIA\u00bb","block_context":{"text":"ECONOMIA","link":"https:\/\/larevistadigital.com.ar\/blog\/category\/economia\/"},"img":{"alt_text":"","src":"https:\/\/i0.wp.com\/larevistadigital.com.ar\/blog\/wp-content\/uploads\/Dolarxlasnubes.jpg?fit=1000%2C1000&ssl=1&resize=350%2C200","width":350,"height":200,"srcset":"https:\/\/i0.wp.com\/larevistadigital.com.ar\/blog\/wp-content\/uploads\/Dolarxlasnubes.jpg?fit=1000%2C1000&ssl=1&resize=350%2C200 1x, https:\/\/i0.wp.com\/larevistadigital.com.ar\/blog\/wp-content\/uploads\/Dolarxlasnubes.jpg?fit=1000%2C1000&ssl=1&resize=525%2C300 1.5x, https:\/\/i0.wp.com\/larevistadigital.com.ar\/blog\/wp-content\/uploads\/Dolarxlasnubes.jpg?fit=1000%2C1000&ssl=1&resize=700%2C400 2x"},"classes":[]},{"id":26775,"url":"https:\/\/larevistadigital.com.ar\/blog\/record-historico-del-dolar-blue-cerro-en-317\/","url_meta":{"origin":31217,"position":2},"title":"R\u00c9CORD HIST\u00d3RICO DEL DOLAR BLUE: CERR\u00d3 EN $317.-","author":"Alejandro Sosa Ruda","date":"20 julio, 2022","format":false,"excerpt":"El d\u00f3lar del mercado informal marc\u00f3 un nuevo r\u00e9cord despu\u00e9s de haber superado la l\u00ednea de los $301 de la \u00faltima jornada. Tras haber dado un salto dr\u00e1stico en la jornada del martes, este mi\u00e9rcoles\u00a0el d\u00f3lar blue registr\u00f3 un aumento de 16 pesos\u00a0a un promedio de $317 por unidad, con\u2026","rel":"","context":"En \u00abECONOMIA\u00bb","block_context":{"text":"ECONOMIA","link":"https:\/\/larevistadigital.com.ar\/blog\/category\/economia\/"},"img":{"alt_text":"","src":"https:\/\/i0.wp.com\/larevistadigital.com.ar\/blog\/wp-content\/uploads\/1657015821563.jpg?fit=1200%2C594&ssl=1&resize=350%2C200","width":350,"height":200,"srcset":"https:\/\/i0.wp.com\/larevistadigital.com.ar\/blog\/wp-content\/uploads\/1657015821563.jpg?fit=1200%2C594&ssl=1&resize=350%2C200 1x, https:\/\/i0.wp.com\/larevistadigital.com.ar\/blog\/wp-content\/uploads\/1657015821563.jpg?fit=1200%2C594&ssl=1&resize=525%2C300 1.5x, https:\/\/i0.wp.com\/larevistadigital.com.ar\/blog\/wp-content\/uploads\/1657015821563.jpg?fit=1200%2C594&ssl=1&resize=700%2C400 2x, https:\/\/i0.wp.com\/larevistadigital.com.ar\/blog\/wp-content\/uploads\/1657015821563.jpg?fit=1200%2C594&ssl=1&resize=1050%2C600 3x"},"classes":[]},{"id":26188,"url":"https:\/\/larevistadigital.com.ar\/blog\/nuevo-record-del-dolar-blue-que-arana-los-240\/","url_meta":{"origin":31217,"position":3},"title":"NUEVO R\u00c9CORD DEL DOLAR BLUE QUE ARA\u00d1A LOS $240.-","author":"Alejandro Sosa Ruda","date":"28 junio, 2022","format":false,"excerpt":"La moneda estadounidense, por las nubes. El d\u00f3lar blue lleg\u00f3 a\u00a0un nuevo m\u00e1ximo hist\u00f3rico de $239\u00a0en la punta vendedora y los tipos de cambio financieros alcanzaron tambi\u00e9n a cotizaciones r\u00e9cords, seg\u00fan los principales indicadores del mercado cambiario. El d\u00f3lar paralelo mantuvo la tendencia alcista por tercera rueda consecutiva, aument\u00f3 seis\u2026","rel":"","context":"En \u00abINTERES GENERAL\u00bb","block_context":{"text":"INTERES GENERAL","link":"https:\/\/larevistadigital.com.ar\/blog\/category\/interes-general\/"},"img":{"alt_text":"","src":"https:\/\/i0.wp.com\/larevistadigital.com.ar\/blog\/wp-content\/uploads\/dolar-20220105-1293977.jpg?fit=900%2C900&ssl=1&resize=350%2C200","width":350,"height":200,"srcset":"https:\/\/i0.wp.com\/larevistadigital.com.ar\/blog\/wp-content\/uploads\/dolar-20220105-1293977.jpg?fit=900%2C900&ssl=1&resize=350%2C200 1x, https:\/\/i0.wp.com\/larevistadigital.com.ar\/blog\/wp-content\/uploads\/dolar-20220105-1293977.jpg?fit=900%2C900&ssl=1&resize=525%2C300 1.5x, https:\/\/i0.wp.com\/larevistadigital.com.ar\/blog\/wp-content\/uploads\/dolar-20220105-1293977.jpg?fit=900%2C900&ssl=1&resize=700%2C400 2x"},"classes":[]},{"id":37927,"url":"https:\/\/larevistadigital.com.ar\/blog\/el-dolar-ahorro-tendra-un-nuevo-cupo-de-cuanto-sera-y-desde-cuando\/","url_meta":{"origin":31217,"position":4},"title":"El d\u00f3lar ahorro tendr\u00e1 un nuevo cupo: de cu\u00e1nto ser\u00e1 y desde cu\u00e1ndo","author":"Alejandro Sosa Ruda","date":"21 noviembre, 2024","format":false,"excerpt":"El 24D ser\u00e1 una fecha clave, porque el d\u00eda antes de Navidad vence el impuesto PAIS, que no ser\u00e1 renovado, ni tampoco reemplazado por ning\u00fan otro concepto. 21 de noviembre de 2024 Lo cierto es que en el quinto piso del Palacio de Hacienda eval\u00faan aprovechar la brecha cambiaria en\u2026","rel":"","context":"En \u00abINTERES GENERAL\u00bb","block_context":{"text":"INTERES GENERAL","link":"https:\/\/larevistadigital.com.ar\/blog\/category\/interes-general\/"},"img":{"alt_text":"","src":"https:\/\/i0.wp.com\/larevistadigital.com.ar\/blog\/wp-content\/uploads\/20241121182459_dolar-que-viene.jpg?fit=880%2C512&ssl=1&resize=350%2C200","width":350,"height":200,"srcset":"https:\/\/i0.wp.com\/larevistadigital.com.ar\/blog\/wp-content\/uploads\/20241121182459_dolar-que-viene.jpg?fit=880%2C512&ssl=1&resize=350%2C200 1x, https:\/\/i0.wp.com\/larevistadigital.com.ar\/blog\/wp-content\/uploads\/20241121182459_dolar-que-viene.jpg?fit=880%2C512&ssl=1&resize=525%2C300 1.5x, https:\/\/i0.wp.com\/larevistadigital.com.ar\/blog\/wp-content\/uploads\/20241121182459_dolar-que-viene.jpg?fit=880%2C512&ssl=1&resize=700%2C400 2x"},"classes":[]},{"id":6566,"url":"https:\/\/larevistadigital.com.ar\/blog\/problemas-con-los-creditos-uva-una-casa-no-esta-compuesta-solo-en-dolares\/","url_meta":{"origin":31217,"position":5},"title":"PROBLEMAS CON LOS CR\u00c9DITOS UVA: \u00abUNA CASA NO EST\u00c1 COMPUESTA SOLO EN DOLARES\u00bb","author":"Alejandro Sosa Ruda","date":"21 septiembre, 2018","format":false,"excerpt":"Entrevistado en Radio UNO Dino Stella se refiri\u00f3 al impacto de la subida del d\u00f3lar en el mercado inmobiliario local y las caracter\u00edsticas particulares del mercado chascomunense. La corrida cambiara que ha vivido en las \u00faltimas semanas el pa\u00eds gener\u00f3 un fuerte impacto en el mercado inmobiliario, particularmente en nuestra\u2026","rel":"","context":"En \u00abCHASCOM\u00daS\u00bb","block_context":{"text":"CHASCOM\u00daS","link":"https:\/\/larevistadigital.com.ar\/blog\/category\/chascomus\/"},"img":{"alt_text":"","src":"https:\/\/i0.wp.com\/larevistadigital.com.ar\/blog\/wp-content\/uploads\/2018\/09\/fff0d1ff9f670f6010ebb15c7d54ba09.jpg?fit=1200%2C766&ssl=1&resize=350%2C200","width":350,"height":200,"srcset":"https:\/\/i0.wp.com\/larevistadigital.com.ar\/blog\/wp-content\/uploads\/2018\/09\/fff0d1ff9f670f6010ebb15c7d54ba09.jpg?fit=1200%2C766&ssl=1&resize=350%2C200 1x, https:\/\/i0.wp.com\/larevistadigital.com.ar\/blog\/wp-content\/uploads\/2018\/09\/fff0d1ff9f670f6010ebb15c7d54ba09.jpg?fit=1200%2C766&ssl=1&resize=525%2C300 1.5x, https:\/\/i0.wp.com\/larevistadigital.com.ar\/blog\/wp-content\/uploads\/2018\/09\/fff0d1ff9f670f6010ebb15c7d54ba09.jpg?fit=1200%2C766&ssl=1&resize=700%2C400 2x, https:\/\/i0.wp.com\/larevistadigital.com.ar\/blog\/wp-content\/uploads\/2018\/09\/fff0d1ff9f670f6010ebb15c7d54ba09.jpg?fit=1200%2C766&ssl=1&resize=1050%2C600 3x"},"classes":[]}],"_links":{"self":[{"href":"https:\/\/larevistadigital.com.ar\/blog\/wp-json\/wp\/v2\/posts\/31217","targetHints":{"allow":["GET"]}}],"collection":[{"href":"https:\/\/larevistadigital.com.ar\/blog\/wp-json\/wp\/v2\/posts"}],"about":[{"href":"https:\/\/larevistadigital.com.ar\/blog\/wp-json\/wp\/v2\/types\/post"}],"author":[{"embeddable":true,"href":"https:\/\/larevistadigital.com.ar\/blog\/wp-json\/wp\/v2\/users\/3"}],"replies":[{"embeddable":true,"href":"https:\/\/larevistadigital.com.ar\/blog\/wp-json\/wp\/v2\/comments?post=31217"}],"version-history":[{"count":1,"href":"https:\/\/larevistadigital.com.ar\/blog\/wp-json\/wp\/v2\/posts\/31217\/revisions"}],"predecessor-version":[{"id":31219,"href":"https:\/\/larevistadigital.com.ar\/blog\/wp-json\/wp\/v2\/posts\/31217\/revisions\/31219"}],"wp:featuredmedia":[{"embeddable":true,"href":"https:\/\/larevistadigital.com.ar\/blog\/wp-json\/wp\/v2\/media\/31218"}],"wp:attachment":[{"href":"https:\/\/larevistadigital.com.ar\/blog\/wp-json\/wp\/v2\/media?parent=31217"}],"wp:term":[{"taxonomy":"category","embeddable":true,"href":"https:\/\/larevistadigital.com.ar\/blog\/wp-json\/wp\/v2\/categories?post=31217"},{"taxonomy":"post_tag","embeddable":true,"href":"https:\/\/larevistadigital.com.ar\/blog\/wp-json\/wp\/v2\/tags?post=31217"}],"curies":[{"name":"wp","href":"https:\/\/api.w.org\/{rel}","templated":true}]}}