{"id":3169,"date":"2017-08-24T11:37:32","date_gmt":"2017-08-24T11:37:32","guid":{"rendered":"https:\/\/larevistadigital.com.ar\/blog\/?p=3169"},"modified":"2017-08-24T11:40:40","modified_gmt":"2017-08-24T11:40:40","slug":"chascomus-fue-encontrado-sin-vida-un-nino-de-4-anos-de-edad","status":"publish","type":"post","link":"https:\/\/larevistadigital.com.ar\/blog\/chascomus-fue-encontrado-sin-vida-un-nino-de-4-anos-de-edad\/","title":{"rendered":"CHASCOM\u00daS: FUE ENCONTRADO SIN VIDA UN NI\u00d1O DE 4 A\u00d1OS DE EDAD"},"content":{"rendered":"<p>Seg\u00fan inform\u00f3 la FM Por Siempre de Chascom\u00fas, el d\u00eda mi\u00e9rcoles y cerca del mediod\u00eda y en el Barrio San Luis, una criatura de tan solo 4 a\u00f1os de edad fue encontrada sin vida por su padre en un domicilio en calle Castillo.<\/p>\n<p>Una ambulancia del Hospital Municipal San Vicente de Paul, como as\u00ed tambi\u00e9n peritos policiales para efectuar las tareas correspondientes.<\/p>\n<p>Se conoci\u00f3 la causa de la muerte del peque\u00f1o, la que se debi\u00f3 a \u00abmuerte s\u00fabita\u00bb. \u00a0Esto, confirmado anoche por la polic\u00eda luego de las pericias correspondientes.<\/p>\n<p>&nbsp;<\/p>\n","protected":false},"excerpt":{"rendered":"<div class=\"mh-excerpt\"><p>Seg\u00fan inform\u00f3 la FM Por Siempre de Chascom\u00fas, el d\u00eda mi\u00e9rcoles y cerca del mediod\u00eda y en el Barrio San Luis, una criatura de tan solo 4 a\u00f1os de edad fue encontrada sin vida por <a class=\"mh-excerpt-more\" href=\"https:\/\/larevistadigital.com.ar\/blog\/chascomus-fue-encontrado-sin-vida-un-nino-de-4-anos-de-edad\/\" title=\"CHASCOM\u00daS: FUE ENCONTRADO SIN VIDA UN NI\u00d1O DE 4 A\u00d1OS DE EDAD\">[Leer M\u00e1s]<\/a><\/p>\n<\/div>","protected":false},"author":3,"featured_media":3171,"comment_status":"open","ping_status":"open","sticky":false,"template":"","format":"standard","meta":{"_jetpack_memberships_contains_paid_content":false,"footnotes":"","jetpack_publicize_message":"","jetpack_publicize_feature_enabled":true,"jetpack_social_post_already_shared":true,"jetpack_social_options":{"image_generator_settings":{"template":"highway","default_image_id":0,"font":"","enabled":false},"version":2}},"categories":[6,41],"tags":[],"class_list":{"0":"post-3169","1":"post","2":"type-post","3":"status-publish","4":"format-standard","5":"has-post-thumbnail","7":"category-chascomus","8":"category-destacadas"},"jetpack_publicize_connections":[],"jetpack_featured_media_url":"https:\/\/i0.wp.com\/larevistadigital.com.ar\/blog\/wp-content\/uploads\/2017\/08\/ambulancia-chascomus.jpg?fit=960%2C540&ssl=1","jetpack_sharing_enabled":true,"jetpack_shortlink":"https:\/\/wp.me\/p8qtrQ-P7","jetpack-related-posts":[{"id":5198,"url":"https:\/\/larevistadigital.com.ar\/blog\/chascomus-se-encontro-sin-vida-domicilio-vecino-74-anos\/","url_meta":{"origin":3169,"position":0},"title":"CHASCOMUS: SE ENCONTR\u00d3 SIN VIDA EN SU DOMICILIO A VECINO DE 74 A\u00d1OS","author":"Alejandro Sosa Ruda","date":"7 marzo, 2018","format":false,"excerpt":"Se tom\u00f3 conocimiento desde la Jefatura de Polic\u00eda Comunal, que se inici\u00f3 de una causa por \u201cAveriguaci\u00f3n causales de muerte\u201d, de un vecino apellidado\u00a0\u00a0M\u00e9ndez 74 a\u00f1os de edad, el cual fue hallado sin vida en el interior de su vivienda en calle Soler Nro. 24. La denuncia fue radicada por\u2026","rel":"","context":"En \u00abPOLICIALES\u00bb","block_context":{"text":"POLICIALES","link":"https:\/\/larevistadigital.com.ar\/blog\/category\/policiales\/"},"img":{"alt_text":"","src":"https:\/\/i0.wp.com\/larevistadigital.com.ar\/blog\/wp-content\/uploads\/2018\/03\/f999x666-374914_469979_0.jpg?fit=999%2C666&ssl=1&resize=350%2C200","width":350,"height":200,"srcset":"https:\/\/i0.wp.com\/larevistadigital.com.ar\/blog\/wp-content\/uploads\/2018\/03\/f999x666-374914_469979_0.jpg?fit=999%2C666&ssl=1&resize=350%2C200 1x, https:\/\/i0.wp.com\/larevistadigital.com.ar\/blog\/wp-content\/uploads\/2018\/03\/f999x666-374914_469979_0.jpg?fit=999%2C666&ssl=1&resize=525%2C300 1.5x, https:\/\/i0.wp.com\/larevistadigital.com.ar\/blog\/wp-content\/uploads\/2018\/03\/f999x666-374914_469979_0.jpg?fit=999%2C666&ssl=1&resize=700%2C400 2x"},"classes":[]},{"id":30178,"url":"https:\/\/larevistadigital.com.ar\/blog\/chascomus-estupor-y-pesar-por-el-fallecimiento-de-una-criatura-de-11-anos-de-edad\/","url_meta":{"origin":3169,"position":1},"title":"CHASCOM\u00daS: ESTUPOR Y PESAR POR EL FALLECIMIENTO DE UNA CRIATURA DE 11 A\u00d1OS DE EDAD","author":"Alejandro Sosa Ruda","date":"16 febrero, 2023","format":false,"excerpt":"Fue encontrada sin vida por su mam\u00e1. La causa est\u00e1 caratulada \"averiguaci\u00f3n de causales de muerte\". CHASCOM\u00daS -\u00a0 Profundo pesar sacudi\u00f3 ayer a toda la comunidad chascomunense ante la noticia del fallecimiento de una nena de 11 a\u00f1os de edad, aparentemente por un disparo de arma de fuego. Resulta imposible\u2026","rel":"","context":"En \u00abDESTACADAS\u00bb","block_context":{"text":"DESTACADAS","link":"https:\/\/larevistadigital.com.ar\/blog\/category\/destacadas\/"},"img":{"alt_text":"","src":"https:\/\/i0.wp.com\/larevistadigital.com.ar\/blog\/wp-content\/uploads\/2017\/10\/CRESP%C3%93N-NEGRO.jpg?fit=900%2C900&ssl=1&resize=350%2C200","width":350,"height":200,"srcset":"https:\/\/i0.wp.com\/larevistadigital.com.ar\/blog\/wp-content\/uploads\/2017\/10\/CRESP%C3%93N-NEGRO.jpg?fit=900%2C900&ssl=1&resize=350%2C200 1x, https:\/\/i0.wp.com\/larevistadigital.com.ar\/blog\/wp-content\/uploads\/2017\/10\/CRESP%C3%93N-NEGRO.jpg?fit=900%2C900&ssl=1&resize=525%2C300 1.5x, https:\/\/i0.wp.com\/larevistadigital.com.ar\/blog\/wp-content\/uploads\/2017\/10\/CRESP%C3%93N-NEGRO.jpg?fit=900%2C900&ssl=1&resize=700%2C400 2x"},"classes":[]},{"id":38445,"url":"https:\/\/larevistadigital.com.ar\/blog\/chascomus-murio-una-mujer-de-78-anos-en-el-complejo-laguna-camp\/","url_meta":{"origin":3169,"position":2},"title":"Chascom\u00fas: Muri\u00f3 una mujer de 78 a\u00f1os en el Complejo \u00abLaguna Camp\u00bb","author":"Alejandro Sosa Ruda","date":"8 enero, 2025","format":false,"excerpt":"Se trat\u00f3 de un accidente que le provoc\u00f3 la muerte. 08 De Enero de 2025 CHASCOM\u00daS -\u00a0 En las primeras horas de la madrugada del dia Domingo 5 del corriente, personal policial de EPC Chascomus 1ra, se traslado al complejo Laguna Camp ya que en uno de los bungalows del\u2026","rel":"","context":"En \u00abPOLICIALES\u00bb","block_context":{"text":"POLICIALES","link":"https:\/\/larevistadigital.com.ar\/blog\/category\/policiales\/"},"img":{"alt_text":"","src":"https:\/\/i0.wp.com\/larevistadigital.com.ar\/blog\/wp-content\/uploads\/Captura-de-pantalla-2021-12-29-203210.jpg?fit=1013%2C675&ssl=1&resize=350%2C200","width":350,"height":200,"srcset":"https:\/\/i0.wp.com\/larevistadigital.com.ar\/blog\/wp-content\/uploads\/Captura-de-pantalla-2021-12-29-203210.jpg?fit=1013%2C675&ssl=1&resize=350%2C200 1x, https:\/\/i0.wp.com\/larevistadigital.com.ar\/blog\/wp-content\/uploads\/Captura-de-pantalla-2021-12-29-203210.jpg?fit=1013%2C675&ssl=1&resize=525%2C300 1.5x, https:\/\/i0.wp.com\/larevistadigital.com.ar\/blog\/wp-content\/uploads\/Captura-de-pantalla-2021-12-29-203210.jpg?fit=1013%2C675&ssl=1&resize=700%2C400 2x"},"classes":[]},{"id":8693,"url":"https:\/\/larevistadigital.com.ar\/blog\/chascomus-un-hombre-fallecido-hace-dias-fue-encontrado-por-su-hijo-se-averiguan-las-causas-del-deceso\/","url_meta":{"origin":3169,"position":3},"title":"CHASCOM\u00daS: UN HOMBRE FALLECIDO HACE D\u00cdAS FUE ENCONTRADO POR SU HIJO. SE AVERIGUAN LAS CAUSAS DEL DECESO","author":"Alejandro Sosa Ruda","date":"24 febrero, 2019","format":false,"excerpt":"Se recibi\u00f3 un llamado al 911 por parte del hijo de Rub\u00e9n Ismael Fontana de 65 a\u00f1os de edad ya que lo hab\u00eda encontrado sin vida. Por\u00a0 ese motivo, acude al lugar Ocio de cuadr\u00edcula y una ambulancia de hospital certificando el deceso el cual llevaba unos d\u00edas por el\u2026","rel":"","context":"En \u00abPOLICIALES\u00bb","block_context":{"text":"POLICIALES","link":"https:\/\/larevistadigital.com.ar\/blog\/category\/policiales\/"},"img":{"alt_text":"","src":"https:\/\/i0.wp.com\/larevistadigital.com.ar\/blog\/wp-content\/uploads\/2017\/10\/CRESP%C3%93N-NEGRO.jpg?fit=900%2C900&ssl=1&resize=350%2C200","width":350,"height":200,"srcset":"https:\/\/i0.wp.com\/larevistadigital.com.ar\/blog\/wp-content\/uploads\/2017\/10\/CRESP%C3%93N-NEGRO.jpg?fit=900%2C900&ssl=1&resize=350%2C200 1x, https:\/\/i0.wp.com\/larevistadigital.com.ar\/blog\/wp-content\/uploads\/2017\/10\/CRESP%C3%93N-NEGRO.jpg?fit=900%2C900&ssl=1&resize=525%2C300 1.5x, https:\/\/i0.wp.com\/larevistadigital.com.ar\/blog\/wp-content\/uploads\/2017\/10\/CRESP%C3%93N-NEGRO.jpg?fit=900%2C900&ssl=1&resize=700%2C400 2x"},"classes":[]},{"id":22142,"url":"https:\/\/larevistadigital.com.ar\/blog\/chascomus-otro-suicidio-en-la-ciudad-ahora-fue-un-hombre-de-49-anos\/","url_meta":{"origin":3169,"position":4},"title":"CHASCOM\u00daS: OTRO SUICIDIO EN LA CIUDAD. AHORA FUE UN HOMBRE DE 49 A\u00d1OS","author":"Alejandro Sosa Ruda","date":"28 septiembre, 2021","format":false,"excerpt":"El t\u00edtulo de la nota, habla por s\u00ed solo. Lamentablemente han ocurrido demasiados suicidios en los \u00faltimos meses... CHASCOM\u00daS - Hoy sucedi\u00f3 otra vez. En esta oportunidad, se trat\u00f3 de un hombre de apenas 49 a\u00f1os de edad, que desgraciadamente tom\u00f3 la terrible decisi\u00f3n de quitarse la vida, sum\u00e1ndose a\u2026","rel":"","context":"En \u00abDESTACADAS\u00bb","block_context":{"text":"DESTACADAS","link":"https:\/\/larevistadigital.com.ar\/blog\/category\/destacadas\/"},"img":{"alt_text":"","src":"https:\/\/i0.wp.com\/larevistadigital.com.ar\/blog\/wp-content\/uploads\/2017\/10\/CRESP%C3%93N-NEGRO.jpg?fit=900%2C900&ssl=1&resize=350%2C200","width":350,"height":200,"srcset":"https:\/\/i0.wp.com\/larevistadigital.com.ar\/blog\/wp-content\/uploads\/2017\/10\/CRESP%C3%93N-NEGRO.jpg?fit=900%2C900&ssl=1&resize=350%2C200 1x, https:\/\/i0.wp.com\/larevistadigital.com.ar\/blog\/wp-content\/uploads\/2017\/10\/CRESP%C3%93N-NEGRO.jpg?fit=900%2C900&ssl=1&resize=525%2C300 1.5x, https:\/\/i0.wp.com\/larevistadigital.com.ar\/blog\/wp-content\/uploads\/2017\/10\/CRESP%C3%93N-NEGRO.jpg?fit=900%2C900&ssl=1&resize=700%2C400 2x"},"classes":[]},{"id":42450,"url":"https:\/\/larevistadigital.com.ar\/blog\/chascomus-hallaron-sin-vida-a-una-persona-en-su-comercio\/","url_meta":{"origin":3169,"position":5},"title":"Chascom\u00fas: Hallaron sin vida a una persona en su comercio","author":"Alejandro Sosa Ruda","date":"10 noviembre, 2025","format":false,"excerpt":"10 de Noviembre de 2025 CHASCOM\u00daS -\u00a0 En la tarde de este lunes, aproximadamente a las 16:30 hs. personal policial y m\u00e9dico intervino en un comercio de la calle Garay, tras el llamado de una persona que alert\u00f3 sobre una situaci\u00f3n de emergencia.Al arribar al lugar, el equipo de salud\u2026","rel":"","context":"En \u00abDESTACADAS\u00bb","block_context":{"text":"DESTACADAS","link":"https:\/\/larevistadigital.com.ar\/blog\/category\/destacadas\/"},"img":{"alt_text":"","src":"https:\/\/i0.wp.com\/larevistadigital.com.ar\/blog\/wp-content\/uploads\/patrullero.jpg?fit=800%2C267&ssl=1&resize=350%2C200","width":350,"height":200,"srcset":"https:\/\/i0.wp.com\/larevistadigital.com.ar\/blog\/wp-content\/uploads\/patrullero.jpg?fit=800%2C267&ssl=1&resize=350%2C200 1x, https:\/\/i0.wp.com\/larevistadigital.com.ar\/blog\/wp-content\/uploads\/patrullero.jpg?fit=800%2C267&ssl=1&resize=525%2C300 1.5x, https:\/\/i0.wp.com\/larevistadigital.com.ar\/blog\/wp-content\/uploads\/patrullero.jpg?fit=800%2C267&ssl=1&resize=700%2C400 2x"},"classes":[]}],"_links":{"self":[{"href":"https:\/\/larevistadigital.com.ar\/blog\/wp-json\/wp\/v2\/posts\/3169","targetHints":{"allow":["GET"]}}],"collection":[{"href":"https:\/\/larevistadigital.com.ar\/blog\/wp-json\/wp\/v2\/posts"}],"about":[{"href":"https:\/\/larevistadigital.com.ar\/blog\/wp-json\/wp\/v2\/types\/post"}],"author":[{"embeddable":true,"href":"https:\/\/larevistadigital.com.ar\/blog\/wp-json\/wp\/v2\/users\/3"}],"replies":[{"embeddable":true,"href":"https:\/\/larevistadigital.com.ar\/blog\/wp-json\/wp\/v2\/comments?post=3169"}],"version-history":[{"count":5,"href":"https:\/\/larevistadigital.com.ar\/blog\/wp-json\/wp\/v2\/posts\/3169\/revisions"}],"predecessor-version":[{"id":3175,"href":"https:\/\/larevistadigital.com.ar\/blog\/wp-json\/wp\/v2\/posts\/3169\/revisions\/3175"}],"wp:featuredmedia":[{"embeddable":true,"href":"https:\/\/larevistadigital.com.ar\/blog\/wp-json\/wp\/v2\/media\/3171"}],"wp:attachment":[{"href":"https:\/\/larevistadigital.com.ar\/blog\/wp-json\/wp\/v2\/media?parent=3169"}],"wp:term":[{"taxonomy":"category","embeddable":true,"href":"https:\/\/larevistadigital.com.ar\/blog\/wp-json\/wp\/v2\/categories?post=3169"},{"taxonomy":"post_tag","embeddable":true,"href":"https:\/\/larevistadigital.com.ar\/blog\/wp-json\/wp\/v2\/tags?post=3169"}],"curies":[{"name":"wp","href":"https:\/\/api.w.org\/{rel}","templated":true}]}}