{"id":317,"date":"2017-02-18T08:58:43","date_gmt":"2017-02-18T08:58:43","guid":{"rendered":"https:\/\/larevistadigital.com.ar\/blog\/?p=317"},"modified":"2017-02-18T08:58:43","modified_gmt":"2017-02-18T08:58:43","slug":"vivir-20-m2-ante-la-falta-credito-mas-jovenes-eligen-comprar-microambientes","status":"publish","type":"post","link":"https:\/\/larevistadigital.com.ar\/blog\/vivir-20-m2-ante-la-falta-credito-mas-jovenes-eligen-comprar-microambientes\/","title":{"rendered":"Vivir en 20 m2: ante la falta de cr\u00e9dito, m\u00e1s j\u00f3venes eligen comprar \u00abmicroambientes\u00bb"},"content":{"rendered":"<h2>Comienzan a reemplazar a los monoambientes comunes como primera vivienda. Adem\u00e1s de lo econ\u00f3mico, influye la tendencia a vivir en hogares unipersonales, que ya son el 36%.<\/h2>\n<p>Ivana Skibicki cumpli\u00f3 a fin de a\u00f1o el sue\u00f1o de la casa propia. Tiene 25 a\u00f1os, es empleada bancaria y la casa familiar en la que viv\u00eda, en Lan\u00fas, le quedaba demasiado lejos del trabajo. Con un cr\u00e9dito a 20 a\u00f1os, logr\u00f3 mudarse con su perro al barrio so\u00f1ado: Belgrano. Eso s\u00ed, <strong>debi\u00f3 ajustarse a un espacio de 26 metros cuadrados<\/strong> (m2). \u00abGran parte del d\u00eda estoy afuera, as\u00ed que no sufro encierro, y cuando llega el finde armo planes. <strong>Mi monoambiente de ahora es como mi pieza de antes<\/strong>\u00ab, compara.<\/p>\n<p>Esta flamante propietaria expresa un comportamiento en ascenso. En Buenos Aires, los precios de las propiedades subieron 21% desde 2011 y un <strong>89% en la \u00faltima d\u00e9cada, medidos en d\u00f3lares<\/strong>. Mientras, los pr\u00e9stamos brillaron por su ausencia y muchos j\u00f3venes de clase media <strong>debieron resignarse a espacios cada vez m\u00e1s chicos<\/strong> con tal de vivir solos sin \u00abcaer\u00bb en alquileres.<\/p>\n<p>Ya instalada, la tendencia lleg\u00f3 al extremo en los \u00faltimos tres a\u00f1os con el auge de los \u201cmicroambientes\u201d: inmuebles que <strong>se consiguen en zonas codiciadas por 50.000 a 70.000 d\u00f3lares<\/strong>, pero que s\u00f3lo ofrecen 18 a 26 m2, en vez de los 30 o 35 de un monoambiente com\u00fan. Como la ley proh\u00edbe hacer viviendas tan chicas, se los habilita como \u00abestudios profesionales\u00bb. Y para evitar la sensaci\u00f3n de ahogo, <strong>vienen equipados con camas, mesas y electrodom\u00e9sticos especiales<\/strong> -en general rebatibles- que exprimen al m\u00e1ximo cada cent\u00edmetro.<\/p>\n<div class=\"image-trigger pointer\" data-index=\"1\">\n<figure><img data-recalc-dims=\"1\" decoding=\"async\" class=\"img-responsive intelResolution image-modal-trigger\" title=\"Vivir en 20 m2: ante la falta de cr\u00e9dito, m\u00e1s j\u00f3venes eligen comprar &quot;microambientes&quot;\" src=\"https:\/\/i0.wp.com\/images.clarin.com\/2017\/02\/17\/r1lQaJBYe_720x0.jpg\" alt=\"Vivir en 20 m2: ante la falta de cr\u00e9dito, m\u00e1s j\u00f3venes eligen comprar &quot;microambientes&quot;\" data-index=\"1\" data-big=\"\/\/images.clarin.com\/2017\/02\/17\/r1lQaJBYe_720x0.jpg\" data-small=\"\/\/images.clarin.com\/2017\/02\/17\/r1lQaJBYe_720x0.jpg\" \/><i class=\"fa fa-circle fa-stack-2x icon-background1\"><\/i><i class=\"fa fa-circle-o fa-stack-2x icon-background2\"><\/i><i class=\"fa fa-arrows-alt fa-stack-1x\"><\/i><\/figure>\n<p>Esto es todo. Dormitorio, living y cocina en un mismo cuarto. Junto al ba\u00f1o, Todo en poco m\u00e1s de 20 metros cuadrados. (Foto: Julio Ju\u00e1rez)<\/p>\n<\/div>\n<p>Ante la creciente demanda, hoy hasta se construyen edificios exclusivos de estas \u201ccajas de zapatos\u201d, que <strong>compensan la escasa superficie interna con amplios espacios comunes<\/strong>, como salas de juego y trabajo, salones de usos m\u00faltiples, gimnasio, pileta y sol\u00e1rium.<\/p>\n<p>\u00abLa idea fue crear una opci\u00f3n para que j\u00f3venes solos, estudiantes y parejas de clase media puedan tener su primera vivienda, <strong>chica pero muy funcional y con dise\u00f1o top<\/strong>. Los compran, a veces con ayuda de los padres, chicos que pasan poco tiempo adentro y no quieren invertir en algo grande\u00bb, cuentan en Predial, empresa que lleva vendidos m\u00e1s de 500 \u00abmicrodepartamentos\u00bb en unos <strong>10 edificios construidos 100% con este formato<\/strong>, a los que sumar\u00e1n al menos 5 m\u00e1s este a\u00f1o. \u00abLos lanzamos en 2014 y la respuesta fue espectacular: se venden enseguida\u00bb, destaca Pablo Brodsky, el director comercial.<\/p>\n<p><a class=\"content-new\" href=\"http:\/\/www.clarin.com\/sociedad\/usa-doble-agua-paises-vecinos-arranca-plan-instalar-medidores_0_rkRBkPmYe.html\" target=\"_blank\">Mir\u00e1 tambi\u00e9n<\/a><\/p>\n<h2>Se usa el doble de agua que en pa\u00edses vecinos y arranca un plan para instalar medidores<\/h2>\n<p>M\u00e1s all\u00e1 del valor total de los \u00abmicroambientes\u00bb, US$ 20.000 o US$ 30.000 menor al de monoambientes amplios, la clave est\u00e1 en que la diferencia es decisiva para que muchos j\u00f3venes profesionales puedan calificar a un pr\u00e9stamo con cuotas accesibles. Con US$ 55.000 de valor, las l\u00edneas actuales de primera vivienda permiten comprar pagando un 30% al inicio y financiando el resto a 15 a\u00f1os con pagos ajustables de $ 4.900 y un requisito de ingresos de $ 16.000 mensuales. Al mudarse, luego, llega otra ventaja: pagan menos expensas.<\/p>\n<div class=\"image-trigger pointer\" data-index=\"2\">\n<figure><img data-recalc-dims=\"1\" decoding=\"async\" class=\"img-responsive intelResolution image-modal-trigger\" title=\"Vivir en 20 m2: ante la falta de cr\u00e9dito, m\u00e1s j\u00f3venes eligen comprar &quot;microambientes&quot;\" src=\"https:\/\/i0.wp.com\/images.clarin.com\/2017\/02\/17\/HJ0V0JHte_720x0.jpg\" alt=\"Vivir en 20 m2: ante la falta de cr\u00e9dito, m\u00e1s j\u00f3venes eligen comprar &quot;microambientes&quot;\" data-index=\"2\" data-big=\"\/\/images.clarin.com\/2017\/02\/17\/HJ0V0JHte_720x0.jpg\" data-small=\"\/\/images.clarin.com\/2017\/02\/17\/HJ0V0JHte_720x0.jpg\" \/><i class=\"fa fa-circle fa-stack-2x icon-background1\"><\/i><i class=\"fa fa-circle-o fa-stack-2x icon-background2\"><\/i><i class=\"fa fa-arrows-alt fa-stack-1x\"><\/i><\/figure>\n<p>Plegables y rebatibles. As\u00ed son las camas, sillas y mesas que vienen incluidas en los microdepartamentos. Al apartarlas, queda algo de espacio para moverse. (Foto: Julio Ju\u00e1rez)<\/p>\n<\/div>\n<p>Para Leonardo Rodr\u00edguez Nader, CEO de la desarrolladora CMNV Comunidad de Inversi\u00f3n, \u00abcomo hay poco cr\u00e9dito, los monoambientes chicos <strong>pasaron a ser los que m\u00e1s r\u00e1pido se venden\u00bb y eso incentiv\u00f3 su construcci\u00f3n<\/strong>. \u00abAhora estamos iniciando un proyecto en San Telmo con 170 departamentos -grafica-, de las cuales 80 tienen unos 35 m2 y otros 25 son &#8216;estudios&#8217; de 20 a 25 m2.\u00bb<\/p>\n<p>El achicamiento de las viviendas es tendencia en las principales ciudades del mundo, pero en Buenos Aires tuvo una velocidad notable. Seg\u00fan un informe de Reporte Inmobiliario, <strong>entre 2012 y 2016, el 44,7% de los departamentos construidas en Capital fueron de 1 ambiente, y un 33,1% de 2<\/strong>. Pero antes, entre 2002 y 2011, los monoambientes eran menos del 30% de las unidades nuevas y los de 2 eran el 36,4%.<\/p>\n<p><a class=\"content-new\" href=\"http:\/\/www.clarin.com\/sociedad\/precios-transparentes-compras-contado-piden-cuotas_0_HkbQSqn_l.html\" target=\"_blank\">Mir\u00e1 tambi\u00e9n<\/a><\/p>\n<h2>Nuevo sistema de precios: crecen las ventas \u00abcash\u00bb y se piden menos cuotas<\/h2>\n<p>\u00abAl haber escaso cr\u00e9dito, muchos no llegan a comprar algo del tama\u00f1o ideal en la zona que desean. Y entonces <strong>sacrifican superficie por tener una mejor ubicaci\u00f3n<\/strong>. Por la misma plata, quiz\u00e1s prefieren un monoambiente en Palermo que un 2 ambientes en Almagro\u00bb, ilustra Jos\u00e9 Rozados, presidente de la consultora.<\/p>\n<p>Si bien hay parejas habitando estos microespacios, el principal p\u00fablico est\u00e1 en la <strong>creciente cantidad de personas solas<\/strong> que habitan la Ciudad. Seg\u00fan cifras oficiales, en poco menos de una d\u00e9cada la proporci\u00f3n de hogares con un \u00fanico ocupante creci\u00f3 28 al 36%.<\/p>\n<p>\u00abPara una persona sola es espectacular, porque limpio y ordeno f\u00e1cil, y pago pocas expensas\u00bb, reflexiona Skibicki, ya habituada a la \u00abcaja de zapatos\u00bb que es su hogar desde diciembre. \u00ab<strong>\u00bfQui\u00e9n no querr\u00eda algo m\u00e1s grande?<\/strong> -expresa- Pero por mi situaci\u00f3n llegu\u00e9 a este, y estoy contenta.\u00bb<\/p>\n<p>__<\/p>\n<p><strong>Roc\u00edo Quiroz, 32 a\u00f1os: \u00abS\u00e9 que es algo transitorio\u00bb<\/strong><\/p>\n<div class=\"image-trigger pointer\" data-index=\"3\">\n<figure><img data-recalc-dims=\"1\" decoding=\"async\" class=\"img-responsive intelResolution image-modal-trigger\" title=\"Vivir en 20 m2: ante la falta de cr\u00e9dito, m\u00e1s j\u00f3venes eligen comprar &quot;microambientes&quot;\" src=\"https:\/\/i0.wp.com\/images.clarin.com\/2017\/02\/17\/SJ22qeHFx_720x0.jpg\" alt=\"Vivir en 20 m2: ante la falta de cr\u00e9dito, m\u00e1s j\u00f3venes eligen comprar &quot;microambientes&quot;\" data-index=\"3\" data-big=\"\/\/images.clarin.com\/2017\/02\/17\/SJ22qeHFx_720x0.jpg\" data-small=\"\/\/images.clarin.com\/2017\/02\/17\/SJ22qeHFx_720x0.jpg\" \/><i class=\"fa fa-circle fa-stack-2x icon-background1\"><\/i><i class=\"fa fa-circle-o fa-stack-2x icon-background2\"><\/i><i class=\"fa fa-arrows-alt fa-stack-1x\"><\/i><\/figure>\n<p>Ansiosa por mudarse. Roc\u00edo compr\u00f3 un microambiente de 23 m2 en Flores y espera la entrega para el a\u00f1o que viene.<\/p>\n<\/div>\n<p>Llevaba 10 a\u00f1os alquilando, hasta que se cans\u00f3 y decidi\u00f3 usar una plata ahorrada para para convertirse en due\u00f1a. \u201cEmpec\u00e9 a averiguar pr\u00e9stamos, pero ten\u00edan tasas alt\u00edsimas y me pareci\u00f3 una locura estar 20 a\u00f1os pagando. Entonces sal\u00ed a ver qu\u00e9 oportunidades de compra hab\u00eda\u00bb, cuenta Roc\u00edo, que tiene 32 a\u00f1os y es secretaria. La mejor opci\u00f3n que encontr\u00f3 queda en el mismo barrio donde ahora vive, Flores. \u201c<strong>Est\u00e1 buen\u00edsimo, es a estrenar y me viene amueblado<\/strong>\u201d, lo describe.<\/p>\n<p>Con balc\u00f3n incluido mide 23 m2; sin balc\u00f3n, 18 m2. \u201cYo pensaba que no me iba a entrar ni la cama, pero es muy funcional, <strong>est\u00e1n todos los rincones aprovechados<\/strong>\u201d, explica, ya ansiosa por mudarse. Pero a\u00fan tiene que esperar hasta fines del 2018 porque la oportunidad fue comprar uno de pozo.<\/p>\n<p>El microambiente le costar\u00e1 $ 800.000, de los cuales ya pag\u00f3 el 30%, lo que le exigen de arranque. El 70% restante lo financia en <strong>60 cuotas de $ 9.600<\/strong>. Algunas ya las adelant\u00f3 y en la medida que pueda, dice, tratar\u00e1 de acelerar el proceso. Ahora le quedan 45 cuotas y cuando cubra el 90% del valor total va a poder escriturar. \u201cEstoy feliz, aunque s\u00e9 que es algo transitorio por el tama\u00f1o que tiene. Cuando lo necesite y pueda, har\u00e9 el cambio\u201d.<\/p>\n<p><strong>Manuela Otero, 27 a\u00f1os: \u00abAprend\u00ed a ser muy ordenada\u00bb<\/strong><\/p>\n<div class=\"image-trigger pointer\" data-index=\"4\">\n<figure><img data-recalc-dims=\"1\" decoding=\"async\" class=\"img-responsive intelResolution image-modal-trigger\" title=\"Vivir en 20 m2: ante la falta de cr\u00e9dito, m\u00e1s j\u00f3venes eligen comprar &quot;microambientes&quot;\" src=\"https:\/\/i0.wp.com\/images.clarin.com\/2017\/02\/17\/ByaAdeHYe_720x0.jpg\" alt=\"Vivir en 20 m2: ante la falta de cr\u00e9dito, m\u00e1s j\u00f3venes eligen comprar &quot;microambientes&quot;\" data-index=\"4\" data-big=\"\/\/images.clarin.com\/2017\/02\/17\/ByaAdeHYe_720x0.jpg\" data-small=\"\/\/images.clarin.com\/2017\/02\/17\/ByaAdeHYe_720x0.jpg\" \/><i class=\"fa fa-circle fa-stack-2x icon-background1\"><\/i><i class=\"fa fa-circle-o fa-stack-2x icon-background2\"><\/i><i class=\"fa fa-arrows-alt fa-stack-1x\"><\/i><\/figure>\n<p>Manuela vive desde hace ocho meses en un monoambiente de 24 metros cuadrados. (Foto: Julio Ju\u00e1rez)<\/p>\n<\/div>\n<p>\u201cPas\u00e9 de vivir con siete personas en una casa con patio, terraza y parrillas a 24 m2 con tres ventanas; no me quejo, estoy feliz\u201d, cuenta Manuela Otero que hace ocho meses se mud\u00f3 a un monoambiente por Recoleta. \u201c<strong>No se siente para nada chiquito<\/strong>porque tiene mucha luz y linda vista, esas eran condiciones para que yo me mudara\u201d, explica, y sabe que lo que gan\u00f3, adem\u00e1s de metros para ella sola -antes compart\u00eda cuarto con su hermana-, es \u201cindependencia\u201d.<\/p>\n<p>\u201cTengo todo al alcance de la mano\u201d, describe, y transmite las dimensiones en las que se mueve donde vive y trabaja. Ella es <em>freelancer<\/em>, as\u00ed que la mayor parte del d\u00eda la pasa en su nuevo hogar, que remodel\u00f3 junto a su madre para que \u201ctodo entrara justo\u201d. Reconoce que \u201c<strong>no es para hacer encuentros sociales<\/strong>porque al ser m\u00e1s de tres se siente chico\u201d, pero destaca lo f\u00e1cil que es limpiarlo.<\/p>\n<p>\u201cFue dif\u00edcil adaptarme por el hecho de pasar a vivir sola y tuve que aprender a ser muy ordenada\u201d, agrega. Pero no duda en recomendarlo: \u201cTengo varios amigos en la misma situaci\u00f3n. Si queres algo m\u00e1s grande, te ten\u00e9s que mudar con m\u00e1s gente para poder bancarlo\u201d. \u201cEs el momento para hacerlo\u201d, dice Manuela, a sus 27 a\u00f1os. En su edificio hay otros 179 que decidieron hacer lo mismo que ella.<\/p>\n<p><strong>Testimonios: Yasmin Diamore<\/strong><\/p>\n","protected":false},"excerpt":{"rendered":"<div class=\"mh-excerpt\"><p>Comienzan a reemplazar a los monoambientes comunes como primera vivienda. Adem\u00e1s de lo econ\u00f3mico, influye la tendencia a vivir en hogares unipersonales, que ya son el 36%. Ivana Skibicki cumpli\u00f3 a fin de a\u00f1o el <a class=\"mh-excerpt-more\" href=\"https:\/\/larevistadigital.com.ar\/blog\/vivir-20-m2-ante-la-falta-credito-mas-jovenes-eligen-comprar-microambientes\/\" title=\"Vivir en 20 m2: ante la falta de cr\u00e9dito, m\u00e1s j\u00f3venes eligen comprar \u00abmicroambientes\u00bb\">[Leer M\u00e1s]<\/a><\/p>\n<\/div>","protected":false},"author":2,"featured_media":318,"comment_status":"open","ping_status":"open","sticky":false,"template":"","format":"standard","meta":{"_jetpack_memberships_contains_paid_content":false,"footnotes":"","jetpack_publicize_message":"","jetpack_publicize_feature_enabled":true,"jetpack_social_post_already_shared":false,"jetpack_social_options":{"image_generator_settings":{"template":"highway","default_image_id":0,"font":"","enabled":false},"version":2}},"categories":[29],"tags":[],"class_list":{"0":"post-317","1":"post","2":"type-post","3":"status-publish","4":"format-standard","5":"has-post-thumbnail","7":"category-sociedad"},"jetpack_publicize_connections":[],"jetpack_featured_media_url":"https:\/\/i0.wp.com\/larevistadigital.com.ar\/blog\/wp-content\/uploads\/2017\/02\/2M.jpg?fit=720%2C478&ssl=1","jetpack_sharing_enabled":true,"jetpack_shortlink":"https:\/\/wp.me\/p8qtrQ-57","jetpack-related-posts":[{"id":16453,"url":"https:\/\/larevistadigital.com.ar\/blog\/pinamar-capturan-estafador-que-compraba-con-documentos-y-tarjetas-de-credito-espanolas\/","url_meta":{"origin":317,"position":0},"title":"PINAMAR: CAPTURAN ESTAFADOR QUE COMPRABA CON DOCUMENTOS Y TARJETAS DE CR\u00c9DITO ESPA\u00d1OLAS","author":"Alejandro Sosa Ruda","date":"22 septiembre, 2020","format":false,"excerpt":"La detenci\u00f3n fue posible gracias a la llamada an\u00f3nima de un comerciante de Ostende. El delincuente y estaf\u00f3 a una casa de electrodom\u00e9sticos y a una panader\u00eda, pero podr\u00eda haber m\u00e1s damnificados. La detenci\u00f3n del estafador pudo realizarse gracias al llamado an\u00f3nimo a la subdelegaci\u00f3n Pinamar de la Polic\u00eda Federal\u2026","rel":"","context":"En \u00abPOLICIALES\u00bb","block_context":{"text":"POLICIALES","link":"https:\/\/larevistadigital.com.ar\/blog\/category\/policiales\/"},"img":{"alt_text":"","src":"https:\/\/i0.wp.com\/larevistadigital.com.ar\/blog\/wp-content\/uploads\/600719ad80ec2514cdf9d0fc40a8a564ee30649a.jpg?fit=1140%2C739&ssl=1&resize=350%2C200","width":350,"height":200,"srcset":"https:\/\/i0.wp.com\/larevistadigital.com.ar\/blog\/wp-content\/uploads\/600719ad80ec2514cdf9d0fc40a8a564ee30649a.jpg?fit=1140%2C739&ssl=1&resize=350%2C200 1x, https:\/\/i0.wp.com\/larevistadigital.com.ar\/blog\/wp-content\/uploads\/600719ad80ec2514cdf9d0fc40a8a564ee30649a.jpg?fit=1140%2C739&ssl=1&resize=525%2C300 1.5x, https:\/\/i0.wp.com\/larevistadigital.com.ar\/blog\/wp-content\/uploads\/600719ad80ec2514cdf9d0fc40a8a564ee30649a.jpg?fit=1140%2C739&ssl=1&resize=700%2C400 2x, https:\/\/i0.wp.com\/larevistadigital.com.ar\/blog\/wp-content\/uploads\/600719ad80ec2514cdf9d0fc40a8a564ee30649a.jpg?fit=1140%2C739&ssl=1&resize=1050%2C600 3x"},"classes":[]},{"id":16545,"url":"https:\/\/larevistadigital.com.ar\/blog\/senora-le-pidieron-un-prestamo-por-791-000-y-se-lo-estan-transfiriendo\/","url_meta":{"origin":317,"position":1},"title":"\u00abSE\u00d1ORA, LE PIDIERON UN PRESTAMO POR $791.000.- Y SE LO EST\u00c1N TRANSFIRIENDO","author":"Alejandro Sosa Ruda","date":"27 septiembre, 2020","format":false,"excerpt":"Una jubilada de 67 a\u00f1os denunci\u00f3 que fue estafada a principios de agosto por una persona que la llam\u00f3 y se present\u00f3 como su agente comercial del Banco Provincia. Solicit\u00f3 a la Justicia que evite que le descuenten mes a mes la cuota para pegar el cr\u00e9dito. Una jubilada de\u2026","rel":"","context":"En \u00abDESTACADAS\u00bb","block_context":{"text":"DESTACADAS","link":"https:\/\/larevistadigital.com.ar\/blog\/category\/destacadas\/"},"img":{"alt_text":"","src":"https:\/\/i0.wp.com\/larevistadigital.com.ar\/blog\/wp-content\/uploads\/Screenshot_1-147.jpg?fit=1012%2C572&ssl=1&resize=350%2C200","width":350,"height":200,"srcset":"https:\/\/i0.wp.com\/larevistadigital.com.ar\/blog\/wp-content\/uploads\/Screenshot_1-147.jpg?fit=1012%2C572&ssl=1&resize=350%2C200 1x, https:\/\/i0.wp.com\/larevistadigital.com.ar\/blog\/wp-content\/uploads\/Screenshot_1-147.jpg?fit=1012%2C572&ssl=1&resize=525%2C300 1.5x, https:\/\/i0.wp.com\/larevistadigital.com.ar\/blog\/wp-content\/uploads\/Screenshot_1-147.jpg?fit=1012%2C572&ssl=1&resize=700%2C400 2x"},"classes":[]},{"id":44673,"url":"https:\/\/larevistadigital.com.ar\/blog\/alarma-mas-de-la-mitad-de-los-hogares-se-endeuda-para-vivir\/","url_meta":{"origin":317,"position":2},"title":"Alarma: M\u00e1s de la mitad de los hogares se endeuda para vivir","author":"Alejandro Sosa Ruda","date":"24 marzo, 2026","format":false,"excerpt":"El 56% de los hogares se endeuda para comer y pagar servicios. No llegan a fin de mes y la crisis aprieta cada vez m\u00e1s. Enterate qu\u00e9 est\u00e1 pasando. 24 de marzo de 2026 El deterioro del poder adquisitivo ya no es una percepci\u00f3n aislada: se convirti\u00f3 en una realidad\u2026","rel":"","context":"En \u00abINTERES GENERAL\u00bb","block_context":{"text":"INTERES GENERAL","link":"https:\/\/larevistadigital.com.ar\/blog\/category\/interes-general\/"},"img":{"alt_text":"","src":"https:\/\/i0.wp.com\/larevistadigital.com.ar\/blog\/wp-content\/uploads\/Captura-de-pantalla-2026-03-24-131645.jpg?fit=856%2C468&ssl=1&resize=350%2C200","width":350,"height":200,"srcset":"https:\/\/i0.wp.com\/larevistadigital.com.ar\/blog\/wp-content\/uploads\/Captura-de-pantalla-2026-03-24-131645.jpg?fit=856%2C468&ssl=1&resize=350%2C200 1x, https:\/\/i0.wp.com\/larevistadigital.com.ar\/blog\/wp-content\/uploads\/Captura-de-pantalla-2026-03-24-131645.jpg?fit=856%2C468&ssl=1&resize=525%2C300 1.5x, https:\/\/i0.wp.com\/larevistadigital.com.ar\/blog\/wp-content\/uploads\/Captura-de-pantalla-2026-03-24-131645.jpg?fit=856%2C468&ssl=1&resize=700%2C400 2x"},"classes":[]},{"id":15815,"url":"https:\/\/larevistadigital.com.ar\/blog\/aberrante-tiene-21-anos-y-lo-detuvieron-por-embarazar-a-su-hermanastra-de-12\/","url_meta":{"origin":317,"position":3},"title":"ABERRANTE: TIENE 21 A\u00d1OS, Y LO DETUVIERON POR EMBARAZAR A SU HERMANASTRA DE 12","author":"Alejandro Sosa Ruda","date":"25 junio, 2020","format":false,"excerpt":"Los vej\u00e1menes sucedieron en una casa del Barrio Aeropuerto. La nena pidi\u00f3 ir a vivir con los abuelos. Ni bien se enteraron de los abusos radicaron la denuncia. Hubo una interrupci\u00f3n legal de la gestaci\u00f3n Un joven de 21 a\u00f1os fue detenido en las \u00faltimas horas por la polic\u00eda bonaerense\u2026","rel":"","context":"En \u00abPOLICIALES\u00bb","block_context":{"text":"POLICIALES","link":"https:\/\/larevistadigital.com.ar\/blog\/category\/policiales\/"},"img":{"alt_text":"","src":"https:\/\/i0.wp.com\/larevistadigital.com.ar\/blog\/wp-content\/uploads\/20200625123604_aaa.jpg?fit=887%2C554&ssl=1&resize=350%2C200","width":350,"height":200,"srcset":"https:\/\/i0.wp.com\/larevistadigital.com.ar\/blog\/wp-content\/uploads\/20200625123604_aaa.jpg?fit=887%2C554&ssl=1&resize=350%2C200 1x, https:\/\/i0.wp.com\/larevistadigital.com.ar\/blog\/wp-content\/uploads\/20200625123604_aaa.jpg?fit=887%2C554&ssl=1&resize=525%2C300 1.5x, https:\/\/i0.wp.com\/larevistadigital.com.ar\/blog\/wp-content\/uploads\/20200625123604_aaa.jpg?fit=887%2C554&ssl=1&resize=700%2C400 2x"},"classes":[]},{"id":2867,"url":"https:\/\/larevistadigital.com.ar\/blog\/argenta-para-pensiones-no-contributivas\/","url_meta":{"origin":317,"position":4},"title":"ARGENTA para Pensiones No Contributivas","author":"admin","date":"4 agosto, 2017","format":false,"excerpt":"El Centro de Referencia de Chascom\u00fas dependiente del Ministerio de Desarrollo Social de la Naci\u00f3n informa a la comunidad a trav\u00e9s de la Coordinaci\u00f3n Nacional de Pensiones No Contributivas que en el marco del Decreto 516\/2017 publicado en Bolet\u00edn Oficial, la ANSES extendi\u00f3 los pr\u00e9stamos que brinda ARGENTA, actualmente a\u2026","rel":"","context":"En \u00abDESTACADAS\u00bb","block_context":{"text":"DESTACADAS","link":"https:\/\/larevistadigital.com.ar\/blog\/category\/destacadas\/"},"img":{"alt_text":"","src":"https:\/\/i0.wp.com\/larevistadigital.com.ar\/blog\/wp-content\/uploads\/2017\/08\/argenta_29dejulio_elfuerte.jpg?fit=737%2C415&ssl=1&resize=350%2C200","width":350,"height":200,"srcset":"https:\/\/i0.wp.com\/larevistadigital.com.ar\/blog\/wp-content\/uploads\/2017\/08\/argenta_29dejulio_elfuerte.jpg?fit=737%2C415&ssl=1&resize=350%2C200 1x, https:\/\/i0.wp.com\/larevistadigital.com.ar\/blog\/wp-content\/uploads\/2017\/08\/argenta_29dejulio_elfuerte.jpg?fit=737%2C415&ssl=1&resize=525%2C300 1.5x, https:\/\/i0.wp.com\/larevistadigital.com.ar\/blog\/wp-content\/uploads\/2017\/08\/argenta_29dejulio_elfuerte.jpg?fit=737%2C415&ssl=1&resize=700%2C400 2x"},"classes":[]},{"id":25991,"url":"https:\/\/larevistadigital.com.ar\/blog\/25991-2\/","url_meta":{"origin":317,"position":5},"title":"ENTREGARON VIVIENDAS EN VIVORAT\u00c1","author":"Alejandro Sosa Ruda","date":"20 junio, 2022","format":false,"excerpt":"VIVORAT\u00c1 -\u00a0 \"Tenemos a la vivienda como una pol\u00edtica de estado. Estamos cumpliendo sue\u00f1os y construyendo derechos\", afirm\u00f3 Ferraresi, al tiempo que Paredi asegur\u00f3 que \"hay un Estado presente y un gran apoyo del gobierno nacional\". Participaron del acto el intendente gesellino Barrera; el delegado David D\u00edaz; la secretaria de\u2026","rel":"","context":"En \u00abREGIONALES\u00bb","block_context":{"text":"REGIONALES","link":"https:\/\/larevistadigital.com.ar\/blog\/category\/regionales\/"},"img":{"alt_text":"","src":"https:\/\/i0.wp.com\/larevistadigital.com.ar\/blog\/wp-content\/uploads\/20220619104724_entrega-viviendas-vivorata-mar-chiquita-ferraresi-paredi.jpg?fit=880%2C512&ssl=1&resize=350%2C200","width":350,"height":200,"srcset":"https:\/\/i0.wp.com\/larevistadigital.com.ar\/blog\/wp-content\/uploads\/20220619104724_entrega-viviendas-vivorata-mar-chiquita-ferraresi-paredi.jpg?fit=880%2C512&ssl=1&resize=350%2C200 1x, https:\/\/i0.wp.com\/larevistadigital.com.ar\/blog\/wp-content\/uploads\/20220619104724_entrega-viviendas-vivorata-mar-chiquita-ferraresi-paredi.jpg?fit=880%2C512&ssl=1&resize=525%2C300 1.5x, https:\/\/i0.wp.com\/larevistadigital.com.ar\/blog\/wp-content\/uploads\/20220619104724_entrega-viviendas-vivorata-mar-chiquita-ferraresi-paredi.jpg?fit=880%2C512&ssl=1&resize=700%2C400 2x"},"classes":[]}],"_links":{"self":[{"href":"https:\/\/larevistadigital.com.ar\/blog\/wp-json\/wp\/v2\/posts\/317","targetHints":{"allow":["GET"]}}],"collection":[{"href":"https:\/\/larevistadigital.com.ar\/blog\/wp-json\/wp\/v2\/posts"}],"about":[{"href":"https:\/\/larevistadigital.com.ar\/blog\/wp-json\/wp\/v2\/types\/post"}],"author":[{"embeddable":true,"href":"https:\/\/larevistadigital.com.ar\/blog\/wp-json\/wp\/v2\/users\/2"}],"replies":[{"embeddable":true,"href":"https:\/\/larevistadigital.com.ar\/blog\/wp-json\/wp\/v2\/comments?post=317"}],"version-history":[{"count":1,"href":"https:\/\/larevistadigital.com.ar\/blog\/wp-json\/wp\/v2\/posts\/317\/revisions"}],"predecessor-version":[{"id":319,"href":"https:\/\/larevistadigital.com.ar\/blog\/wp-json\/wp\/v2\/posts\/317\/revisions\/319"}],"wp:featuredmedia":[{"embeddable":true,"href":"https:\/\/larevistadigital.com.ar\/blog\/wp-json\/wp\/v2\/media\/318"}],"wp:attachment":[{"href":"https:\/\/larevistadigital.com.ar\/blog\/wp-json\/wp\/v2\/media?parent=317"}],"wp:term":[{"taxonomy":"category","embeddable":true,"href":"https:\/\/larevistadigital.com.ar\/blog\/wp-json\/wp\/v2\/categories?post=317"},{"taxonomy":"post_tag","embeddable":true,"href":"https:\/\/larevistadigital.com.ar\/blog\/wp-json\/wp\/v2\/tags?post=317"}],"curies":[{"name":"wp","href":"https:\/\/api.w.org\/{rel}","templated":true}]}}