{"id":3179,"date":"2017-08-25T11:44:19","date_gmt":"2017-08-25T11:44:19","guid":{"rendered":"https:\/\/larevistadigital.com.ar\/blog\/?p=3179"},"modified":"2017-08-25T11:44:19","modified_gmt":"2017-08-25T11:44:19","slug":"chascomus-sergio-bergman-y-alex-campbell-recorrieron-junto-a-ramiro-ferrante-el-intech","status":"publish","type":"post","link":"https:\/\/larevistadigital.com.ar\/blog\/chascomus-sergio-bergman-y-alex-campbell-recorrieron-junto-a-ramiro-ferrante-el-intech\/","title":{"rendered":"CHASCOMUS: SERGIO BERGMAN Y ALEX CAMPBELL RECORRIERON JUNTO A RAMIRO FERRANTE EL INTECH"},"content":{"rendered":"<div id=\"yui_3_16_0_ym19_1_1503660195486_3652\">El ministro de Ambiente y Desarrollo Sustentable de la naci\u00f3n,<strong> Sergio Bergman<\/strong>, y el subsecretario de Gobierno y Asuntos Municipales, <strong>Alex Campbell<\/strong>; visitaron hoy la ciudad de chascom\u00fas.<\/div>\n<div id=\"yui_3_16_0_ym19_1_1503660195486_3651\"><\/div>\n<div id=\"yui_3_16_0_ym19_1_1503660195486_3650\"><span id=\"yui_3_16_0_ym19_1_1503660195486_3649\">Acompa\u00f1ados por <strong>Ramiro Ferrante<\/strong>, candidato a concejal por Cambiemos en Chascom\u00fas, recorrieron el INTECH donde observaron el trabajo que se realiza en la prestigiosa instituci\u00f3n.\u00a0<\/span><\/div>\n<div id=\"yui_3_16_0_ym19_1_1503660195486_3693\"><\/div>\n<div id=\"yui_3_16_0_ym19_1_1503660195486_3694\"><strong><em>\u00abLa verdad que llena de orgullo lo que se hace y todos los proyectos que tienen. Fueron muy buenas charlas y qued\u00f3 el compromiso para colaborar con el Instituto tanto desde la Naci\u00f3n como de la provincia de Buenos Aires\u00bb<\/em><\/strong>, afirm\u00f3 <strong>Ferrante<\/strong> al finalizar la visita, de la que particip\u00f3 tambi\u00e9n e<span id=\"yui_3_16_0_ym19_1_1503660195486_3695\">l Director de Desarrollo Sustentable de Chascom\u00fas, <strong>Ricardo Miccino<\/strong>, quien acompa\u00f1\u00f3 en representaci\u00f3n del Poder Ejecutivo municipal.<\/span><\/div>\n<div id=\"yui_3_16_0_ym19_1_1503660195486_3696\"><\/div>\n<div id=\"yui_3_16_0_ym19_1_1503660195486_3544\"><span id=\"yui_3_16_0_ym19_1_1503660195486_3543\"><em><strong>\u00abConsidero que apostar por el desarrollo de la investigaci\u00f3n a trav\u00e9s de la ciencia y la tecnolog\u00eda es clave y necesario para poder plantear el futuro de una pa\u00eds, provincia o municipio. Chascom\u00fas es, sin dudas, un lugar clave y referente en la materia que se debe aprovechar\u00bb<\/strong><\/em>, agreg\u00f3 el candidato de Cambiemos. \u00a0\u00a0<\/span><\/div>\n<div id=\"yui_3_16_0_ym19_1_1503660195486_3697\"><\/div>\n<div id=\"yui_3_16_0_ym19_1_1503660195486_3698\"><a href=\"https:\/\/i0.wp.com\/larevistadigital.com.ar\/blog\/wp-content\/uploads\/2017\/08\/Foto-2-Bergman-Campbell-y-Ferrante.jpg?ssl=1\"><img data-recalc-dims=\"1\" loading=\"lazy\" decoding=\"async\" class=\"alignnone size-full wp-image-3180\" src=\"https:\/\/i0.wp.com\/larevistadigital.com.ar\/blog\/wp-content\/uploads\/2017\/08\/Foto-2-Bergman-Campbell-y-Ferrante.jpg?resize=1280%2C960&#038;ssl=1\" alt=\"\" width=\"1280\" height=\"960\" srcset=\"https:\/\/i0.wp.com\/larevistadigital.com.ar\/blog\/wp-content\/uploads\/2017\/08\/Foto-2-Bergman-Campbell-y-Ferrante.jpg?w=1280&amp;ssl=1 1280w, https:\/\/i0.wp.com\/larevistadigital.com.ar\/blog\/wp-content\/uploads\/2017\/08\/Foto-2-Bergman-Campbell-y-Ferrante.jpg?resize=300%2C225&amp;ssl=1 300w, https:\/\/i0.wp.com\/larevistadigital.com.ar\/blog\/wp-content\/uploads\/2017\/08\/Foto-2-Bergman-Campbell-y-Ferrante.jpg?resize=768%2C576&amp;ssl=1 768w, https:\/\/i0.wp.com\/larevistadigital.com.ar\/blog\/wp-content\/uploads\/2017\/08\/Foto-2-Bergman-Campbell-y-Ferrante.jpg?resize=1024%2C768&amp;ssl=1 1024w, https:\/\/i0.wp.com\/larevistadigital.com.ar\/blog\/wp-content\/uploads\/2017\/08\/Foto-2-Bergman-Campbell-y-Ferrante.jpg?resize=678%2C509&amp;ssl=1 678w, https:\/\/i0.wp.com\/larevistadigital.com.ar\/blog\/wp-content\/uploads\/2017\/08\/Foto-2-Bergman-Campbell-y-Ferrante.jpg?resize=326%2C245&amp;ssl=1 326w, https:\/\/i0.wp.com\/larevistadigital.com.ar\/blog\/wp-content\/uploads\/2017\/08\/Foto-2-Bergman-Campbell-y-Ferrante.jpg?resize=80%2C60&amp;ssl=1 80w\" sizes=\"auto, (max-width: 1000px) 100vw, 1000px\" \/><\/a><\/div>\n<div><\/div>\n<div>Posteriormente,<strong> Ferrante<\/strong>, <strong>Bergman<\/strong> y <strong>Campbell<\/strong> se dirigieron al centro de la ciudad donde caminaron y conversaron con vecinos y comerciantes. Acompa\u00f1aron <strong>Soledad Nivio<\/strong> (segunda candidata a Concejal) y <strong>Andrea Vieira<\/strong> (primera candidata a Concejera Escolar), adem\u00e1s del resto de los integrantes de la lista de Cambiemos.<\/div>\n<div id=\"yui_3_16_0_ym19_1_1503660195486_3699\"><\/div>\n<div id=\"yui_3_16_0_ym19_1_1503660195486_3700\"><em><strong>\u00abQueremos seguir conociendo la opini\u00f3n de la gente de Chascom\u00fas y contarles lo que pretendemos para la ciudad.\u00a0<\/strong><\/em><span id=\"yui_3_16_0_ym19_1_1503660195486_3701\"><em><strong>Gracias a todos con quien tuvimos la posibilidad de dialogar hoy. Seguiremos trabajando y visitando\u00bb<\/strong><\/em>, expres\u00f3 <strong>Ferrante<\/strong> en redes sociales al finalizar la actividad.<br \/>\n<\/span><\/div>\n","protected":false},"excerpt":{"rendered":"<div class=\"mh-excerpt\"><p>El ministro de Ambiente y Desarrollo Sustentable de la naci\u00f3n, Sergio Bergman, y el subsecretario de Gobierno y Asuntos Municipales, Alex Campbell; visitaron hoy la ciudad de chascom\u00fas. Acompa\u00f1ados por Ramiro Ferrante, candidato a concejal <a class=\"mh-excerpt-more\" href=\"https:\/\/larevistadigital.com.ar\/blog\/chascomus-sergio-bergman-y-alex-campbell-recorrieron-junto-a-ramiro-ferrante-el-intech\/\" title=\"CHASCOMUS: SERGIO BERGMAN Y ALEX CAMPBELL RECORRIERON JUNTO A RAMIRO FERRANTE EL INTECH\">[Leer M\u00e1s]<\/a><\/p>\n<\/div>","protected":false},"author":3,"featured_media":3181,"comment_status":"open","ping_status":"open","sticky":false,"template":"","format":"standard","meta":{"_jetpack_memberships_contains_paid_content":false,"footnotes":"","jetpack_publicize_message":"","jetpack_publicize_feature_enabled":true,"jetpack_social_post_already_shared":true,"jetpack_social_options":{"image_generator_settings":{"template":"highway","default_image_id":0,"font":"","enabled":false},"version":2}},"categories":[6,41,12,23],"tags":[],"class_list":{"0":"post-3179","1":"post","2":"type-post","3":"status-publish","4":"format-standard","5":"has-post-thumbnail","7":"category-chascomus","8":"category-destacadas","9":"category-politica","10":"category-politica-local"},"jetpack_publicize_connections":[],"jetpack_featured_media_url":"https:\/\/i0.wp.com\/larevistadigital.com.ar\/blog\/wp-content\/uploads\/2017\/08\/Foto-1-Bergman-Campbell-y-Ferrante.jpg?fit=1280%2C960&ssl=1","jetpack_sharing_enabled":true,"jetpack_shortlink":"https:\/\/wp.me\/p8qtrQ-Ph","jetpack-related-posts":[{"id":10325,"url":"https:\/\/larevistadigital.com.ar\/blog\/chascomus-segun-una-pagina-de-noticias-politicas-ramiro-ferrante-sera-candidato-a-intendente\/","url_meta":{"origin":3179,"position":0},"title":"CHASCOM\u00daS: SEG\u00daN UNA PAGINA DE NOTICIAS POL\u00cdTICAS, RAMIRO FERRANTE SER\u00c1 CANDIDATO A INTENDENTE","author":"Alejandro Sosa Ruda","date":"29 mayo, 2019","format":false,"excerpt":"Luego de una gran incertidumbre acerca de la decisi\u00f3n final que tomar\u00eda, el concejal Ramiro Ferrante va a presentarse como precandidato a intendente de Cambi\u00e9mos, enfrentando a los doctores Santiago Dos Santos, y Osvaldo Battisacchi en una contienda interna. Alex Campbell, subsecretario de Gobierno y Asuntos Municipales de la Provincia\u2026","rel":"","context":"En \u00abDESTACADAS\u00bb","block_context":{"text":"DESTACADAS","link":"https:\/\/larevistadigital.com.ar\/blog\/category\/destacadas\/"},"img":{"alt_text":"","src":"https:\/\/i0.wp.com\/larevistadigital.com.ar\/blog\/wp-content\/uploads\/2019\/05\/Campbell-y-Ferrante.jpg?fit=995%2C553&ssl=1&resize=350%2C200","width":350,"height":200,"srcset":"https:\/\/i0.wp.com\/larevistadigital.com.ar\/blog\/wp-content\/uploads\/2019\/05\/Campbell-y-Ferrante.jpg?fit=995%2C553&ssl=1&resize=350%2C200 1x, https:\/\/i0.wp.com\/larevistadigital.com.ar\/blog\/wp-content\/uploads\/2019\/05\/Campbell-y-Ferrante.jpg?fit=995%2C553&ssl=1&resize=525%2C300 1.5x, https:\/\/i0.wp.com\/larevistadigital.com.ar\/blog\/wp-content\/uploads\/2019\/05\/Campbell-y-Ferrante.jpg?fit=995%2C553&ssl=1&resize=700%2C400 2x"},"classes":[]},{"id":3164,"url":"https:\/\/larevistadigital.com.ar\/blog\/chascomus-el-rabino-bergman-visita-la-ciudad\/","url_meta":{"origin":3179,"position":1},"title":"CHASCOM\u00daS: EL RABINO BERGMAN VISITA LA CIUDAD","author":"Alejandro Sosa Ruda","date":"24 agosto, 2017","format":false,"excerpt":"El Ministro de Ambiente y desarrollo sustentable Sergio Bergman, m\u00e1s conocido como el \u201cRabino Bergman\u201d visitar\u00e1 este jueves 24 de agosto la ciudad de Chascom\u00fas en donde realizar\u00e1 distintas visitas, actividades y contacto con los vecinos. En el marco de las visitas de campa\u00f1a que vienen sucediendo desde el espacio\u2026","rel":"","context":"En \u00abCHASCOM\u00daS\u00bb","block_context":{"text":"CHASCOM\u00daS","link":"https:\/\/larevistadigital.com.ar\/blog\/category\/chascomus\/"},"img":{"alt_text":"","src":"https:\/\/i0.wp.com\/larevistadigital.com.ar\/blog\/wp-content\/uploads\/2017\/08\/0000295079.jpg?fit=770%2C471&ssl=1&resize=350%2C200","width":350,"height":200,"srcset":"https:\/\/i0.wp.com\/larevistadigital.com.ar\/blog\/wp-content\/uploads\/2017\/08\/0000295079.jpg?fit=770%2C471&ssl=1&resize=350%2C200 1x, https:\/\/i0.wp.com\/larevistadigital.com.ar\/blog\/wp-content\/uploads\/2017\/08\/0000295079.jpg?fit=770%2C471&ssl=1&resize=525%2C300 1.5x, https:\/\/i0.wp.com\/larevistadigital.com.ar\/blog\/wp-content\/uploads\/2017\/08\/0000295079.jpg?fit=770%2C471&ssl=1&resize=700%2C400 2x"},"classes":[]},{"id":10641,"url":"https:\/\/larevistadigital.com.ar\/blog\/chascomus-ramiro-ferrante-aseguro-que-gaston-se-maneja-de-una-manera-muy-soberbia-deberia-ir-a-las-paso-con-macchi\/","url_meta":{"origin":3179,"position":2},"title":"CHASCOM\u00daS: RAMIRO FERRANTE ASEGUR\u00d3 QUE \u00abGAST\u00d3N SE MANEJA DE UNA MANERA MUY SOBERBIA, DEBER\u00cdA IR A LAS PASO CON MACCHI\u00bb","author":"Alejandro Sosa Ruda","date":"15 junio, 2019","format":false,"excerpt":"El portal de noticias \"Noticia Registrada\", public\u00f3 una nota que hicieron con el pre candidato a Intendente por Cambiemos, Ramiro Ferrante, donde critic\u00f3 duramente al intendente de Chascom\u00fas, Javier Gast\u00f3n por no querer disputar candidaturas con Gabriel Macchi, ampar\u00e1ndose en el acuerdo sellado entre el Sergio Massa y el Frente\u2026","rel":"","context":"En \u00abDESTACADAS\u00bb","block_context":{"text":"DESTACADAS","link":"https:\/\/larevistadigital.com.ar\/blog\/category\/destacadas\/"},"img":{"alt_text":"","src":"https:\/\/i0.wp.com\/larevistadigital.com.ar\/blog\/wp-content\/uploads\/ferrante-ramiro-chascomus-e1536595981355.jpg?fit=864%2C627&ssl=1&resize=350%2C200","width":350,"height":200,"srcset":"https:\/\/i0.wp.com\/larevistadigital.com.ar\/blog\/wp-content\/uploads\/ferrante-ramiro-chascomus-e1536595981355.jpg?fit=864%2C627&ssl=1&resize=350%2C200 1x, https:\/\/i0.wp.com\/larevistadigital.com.ar\/blog\/wp-content\/uploads\/ferrante-ramiro-chascomus-e1536595981355.jpg?fit=864%2C627&ssl=1&resize=525%2C300 1.5x, https:\/\/i0.wp.com\/larevistadigital.com.ar\/blog\/wp-content\/uploads\/ferrante-ramiro-chascomus-e1536595981355.jpg?fit=864%2C627&ssl=1&resize=700%2C400 2x"},"classes":[]},{"id":3245,"url":"https:\/\/larevistadigital.com.ar\/blog\/chascomus-guillermo-montenegro-y-ramiro-ferrante-visitaron-el-nuevo-centro-de-monitoreo-de-la-ciudad\/","url_meta":{"origin":3179,"position":3},"title":"CHASCOM\u00daS: GUILLERMO MONTENEGRO Y RAMIRO FERRANTE VISITARON EL NUEVO CENTRO DE MONITOREO DE LA CIUDAD","author":"Alejandro Sosa Ruda","date":"5 septiembre, 2017","format":false,"excerpt":"Guillermo Montengro y Ramiro Ferrante, candidatos de Cambiemos a Diputado Nacional y Concejal \u00a0respectivamente, visitaron hoy el nuevo Centro de Monitoreo de la ciudad, ubicado en la esquina de Juli\u00e1n Quintana y Arenales. \u00a0 Recibidos por el Secretario de Seguridad Ciudadana de Chascom\u00fas, Santiago Muscarello, y junto a Soledad Nivio,\u2026","rel":"","context":"En \u00abDESTACADAS\u00bb","block_context":{"text":"DESTACADAS","link":"https:\/\/larevistadigital.com.ar\/blog\/category\/destacadas\/"},"img":{"alt_text":"","src":"https:\/\/i0.wp.com\/larevistadigital.com.ar\/blog\/wp-content\/uploads\/2017\/09\/Foto-2-Ferrante-Montenegro.jpg?fit=1040%2C585&ssl=1&resize=350%2C200","width":350,"height":200,"srcset":"https:\/\/i0.wp.com\/larevistadigital.com.ar\/blog\/wp-content\/uploads\/2017\/09\/Foto-2-Ferrante-Montenegro.jpg?fit=1040%2C585&ssl=1&resize=350%2C200 1x, https:\/\/i0.wp.com\/larevistadigital.com.ar\/blog\/wp-content\/uploads\/2017\/09\/Foto-2-Ferrante-Montenegro.jpg?fit=1040%2C585&ssl=1&resize=525%2C300 1.5x, https:\/\/i0.wp.com\/larevistadigital.com.ar\/blog\/wp-content\/uploads\/2017\/09\/Foto-2-Ferrante-Montenegro.jpg?fit=1040%2C585&ssl=1&resize=700%2C400 2x"},"classes":[]},{"id":32678,"url":"https:\/\/larevistadigital.com.ar\/blog\/chascomus-ramiro-ferrante-la-renovacion-en-la-politica-es-la-clave\/","url_meta":{"origin":3179,"position":4},"title":"CHASCOM\u00daS: RAMIRO FERRANTE \u00abLA RENOVACI\u00d3N EN LA POL\u00cdTICA ES LA CLAVE\u00bb","author":"Alejandro Sosa Ruda","date":"31 julio, 2023","format":false,"excerpt":"El precandidato a intendente Ramiro Ferrante reflexion\u00f3 luego del triunfo de Ignacio Torres de Juntos por el Cambio en Chubut. 31 de julio de 2023 CHASCOM\u00daS -\u00a0 La aguda crisis socio-econ\u00f3mica y el descreimiento de la gente, presentan un escenario adverso y al mismo tiempo de oportunidades en este a\u00f1o\u2026","rel":"","context":"En \u00abINTERES GENERAL\u00bb","block_context":{"text":"INTERES GENERAL","link":"https:\/\/larevistadigital.com.ar\/blog\/category\/interes-general\/"},"img":{"alt_text":"","src":"https:\/\/i0.wp.com\/larevistadigital.com.ar\/blog\/wp-content\/uploads\/WhatsApp-Image-2023-07-31-at-13.21.49-1.jpeg?fit=905%2C510&ssl=1&resize=350%2C200","width":350,"height":200,"srcset":"https:\/\/i0.wp.com\/larevistadigital.com.ar\/blog\/wp-content\/uploads\/WhatsApp-Image-2023-07-31-at-13.21.49-1.jpeg?fit=905%2C510&ssl=1&resize=350%2C200 1x, https:\/\/i0.wp.com\/larevistadigital.com.ar\/blog\/wp-content\/uploads\/WhatsApp-Image-2023-07-31-at-13.21.49-1.jpeg?fit=905%2C510&ssl=1&resize=525%2C300 1.5x, https:\/\/i0.wp.com\/larevistadigital.com.ar\/blog\/wp-content\/uploads\/WhatsApp-Image-2023-07-31-at-13.21.49-1.jpeg?fit=905%2C510&ssl=1&resize=700%2C400 2x"},"classes":[]},{"id":2696,"url":"https:\/\/larevistadigital.com.ar\/blog\/chascomus-federico-pinedo-acompano-a-ramiro-ferrante-en-el-timbreo-de-cambiemos\/","url_meta":{"origin":3179,"position":5},"title":"CHASCOM\u00daS: FEDERICO PINEDO ACOMPA\u00d1\u00d3 A RAMIRO FERRANTE EN EL TIMBREO DE CAMBIEMOS","author":"Alejandro Sosa Ruda","date":"22 julio, 2017","format":false,"excerpt":"El Presidente provisional del Senado de la Naci\u00f3n, Federico Pinedo, acompa\u00f1\u00f3 al precandidato a Concejal por Cambiemos, Ramiro Ferrante durante el timbreo realizado en la ma\u00f1ana de hoy. Pinedo arrib\u00f3 a la ciudad a las 10 de la ma\u00f1ana y se dirigi\u00f3 al local de Cambiemos en la calle Belgrano\u2026","rel":"","context":"En \u00abCHASCOM\u00daS\u00bb","block_context":{"text":"CHASCOM\u00daS","link":"https:\/\/larevistadigital.com.ar\/blog\/category\/chascomus\/"},"img":{"alt_text":"","src":"https:\/\/i0.wp.com\/larevistadigital.com.ar\/blog\/wp-content\/uploads\/2017\/07\/WhatsApp-Image-2017-07-22-at-15.59.32.jpeg?fit=1032%2C581&ssl=1&resize=350%2C200","width":350,"height":200,"srcset":"https:\/\/i0.wp.com\/larevistadigital.com.ar\/blog\/wp-content\/uploads\/2017\/07\/WhatsApp-Image-2017-07-22-at-15.59.32.jpeg?fit=1032%2C581&ssl=1&resize=350%2C200 1x, https:\/\/i0.wp.com\/larevistadigital.com.ar\/blog\/wp-content\/uploads\/2017\/07\/WhatsApp-Image-2017-07-22-at-15.59.32.jpeg?fit=1032%2C581&ssl=1&resize=525%2C300 1.5x, https:\/\/i0.wp.com\/larevistadigital.com.ar\/blog\/wp-content\/uploads\/2017\/07\/WhatsApp-Image-2017-07-22-at-15.59.32.jpeg?fit=1032%2C581&ssl=1&resize=700%2C400 2x"},"classes":[]}],"_links":{"self":[{"href":"https:\/\/larevistadigital.com.ar\/blog\/wp-json\/wp\/v2\/posts\/3179","targetHints":{"allow":["GET"]}}],"collection":[{"href":"https:\/\/larevistadigital.com.ar\/blog\/wp-json\/wp\/v2\/posts"}],"about":[{"href":"https:\/\/larevistadigital.com.ar\/blog\/wp-json\/wp\/v2\/types\/post"}],"author":[{"embeddable":true,"href":"https:\/\/larevistadigital.com.ar\/blog\/wp-json\/wp\/v2\/users\/3"}],"replies":[{"embeddable":true,"href":"https:\/\/larevistadigital.com.ar\/blog\/wp-json\/wp\/v2\/comments?post=3179"}],"version-history":[{"count":1,"href":"https:\/\/larevistadigital.com.ar\/blog\/wp-json\/wp\/v2\/posts\/3179\/revisions"}],"predecessor-version":[{"id":3182,"href":"https:\/\/larevistadigital.com.ar\/blog\/wp-json\/wp\/v2\/posts\/3179\/revisions\/3182"}],"wp:featuredmedia":[{"embeddable":true,"href":"https:\/\/larevistadigital.com.ar\/blog\/wp-json\/wp\/v2\/media\/3181"}],"wp:attachment":[{"href":"https:\/\/larevistadigital.com.ar\/blog\/wp-json\/wp\/v2\/media?parent=3179"}],"wp:term":[{"taxonomy":"category","embeddable":true,"href":"https:\/\/larevistadigital.com.ar\/blog\/wp-json\/wp\/v2\/categories?post=3179"},{"taxonomy":"post_tag","embeddable":true,"href":"https:\/\/larevistadigital.com.ar\/blog\/wp-json\/wp\/v2\/tags?post=3179"}],"curies":[{"name":"wp","href":"https:\/\/api.w.org\/{rel}","templated":true}]}}