{"id":3184,"date":"2017-08-25T14:59:50","date_gmt":"2017-08-25T14:59:50","guid":{"rendered":"https:\/\/larevistadigital.com.ar\/blog\/?p=3184"},"modified":"2017-08-25T14:59:50","modified_gmt":"2017-08-25T14:59:50","slug":"chascomus-richieri-tours-no-viajara-mas-a-capital","status":"publish","type":"post","link":"https:\/\/larevistadigital.com.ar\/blog\/chascomus-richieri-tours-no-viajara-mas-a-capital\/","title":{"rendered":"CHASCOM\u00daS: RICHIERI TOURS NO VIAJAR\u00c1 MAS A CAPITAL"},"content":{"rendered":"<p>Mediante un comunicado que dio a conocer la misma empresa de transportes, se informa que a partir del 1ro. de septiembre pr\u00f3ximo Richieri Tours dejar\u00e1 de viajar a la Ciudad Aut\u00f3noma de Buenos Aires.<\/p>\n<p>El comunicado dice lo siguiente:<\/p>\n<p><strong>\u201cAnte las nuevas disposiciones del Ministerio de Transporte de la Naci\u00f3n respecto a cambios de modalidad en los servicios que la empresa realiza actualmente y habiendo realizado gestiones ante el mismo Ministerio y la CNRT, ya sea en forma personal, telef\u00f3nica y redes sociales para lograr entrevistas y poder encontrar una soluci\u00f3n a los cambios mencionados y no logrando que alguien nos atienda, la empresa ha tomado la decisi\u00f3n de realizar los servicios habituales hasta el 31 de agosto\u201d<\/strong><\/p>\n<p>&nbsp;<\/p>\n","protected":false},"excerpt":{"rendered":"<div class=\"mh-excerpt\"><p>Mediante un comunicado que dio a conocer la misma empresa de transportes, se informa que a partir del 1ro. de septiembre pr\u00f3ximo Richieri Tours dejar\u00e1 de viajar a la Ciudad Aut\u00f3noma de Buenos Aires. El <a class=\"mh-excerpt-more\" href=\"https:\/\/larevistadigital.com.ar\/blog\/chascomus-richieri-tours-no-viajara-mas-a-capital\/\" title=\"CHASCOM\u00daS: RICHIERI TOURS NO VIAJAR\u00c1 MAS A CAPITAL\">[Leer M\u00e1s]<\/a><\/p>\n<\/div>","protected":false},"author":3,"featured_media":3185,"comment_status":"open","ping_status":"open","sticky":false,"template":"","format":"standard","meta":{"_jetpack_memberships_contains_paid_content":false,"footnotes":"","jetpack_publicize_message":"","jetpack_publicize_feature_enabled":true,"jetpack_social_post_already_shared":true,"jetpack_social_options":{"image_generator_settings":{"template":"highway","default_image_id":0,"font":"","enabled":false},"version":2}},"categories":[6,41,29],"tags":[],"class_list":{"0":"post-3184","1":"post","2":"type-post","3":"status-publish","4":"format-standard","5":"has-post-thumbnail","7":"category-chascomus","8":"category-destacadas","9":"category-sociedad"},"jetpack_publicize_connections":[],"jetpack_featured_media_url":"https:\/\/i0.wp.com\/larevistadigital.com.ar\/blog\/wp-content\/uploads\/2017\/08\/DSC_3636.jpg?fit=2048%2C1356&ssl=1","jetpack_sharing_enabled":true,"jetpack_shortlink":"https:\/\/wp.me\/p8qtrQ-Pm","jetpack-related-posts":[{"id":17921,"url":"https:\/\/larevistadigital.com.ar\/blog\/video-incendio-hace-instantes-en-ruta-20-y-acceso-a-chascomus\/","url_meta":{"origin":3184,"position":0},"title":"[VIDEO] INCENDIO HACE INSTANTES EN RUTA 20 Y ACCESO A CHASCOM\u00daS","author":"Alejandro Sosa Ruda","date":"1 diciembre, 2020","format":false,"excerpt":"Maximiliano Rodriguez, de \"El Drone TV\" hizo llegar al grupo de Prensa de Chascom\u00fas, un impresionante video que muestra el incendio ocurrido hace instantes, donde un veh\u00edculo, al parecer un colectivo se prendi\u00f3 fuego, quedando reducido a cenizas. El micro, como se aprecia en la foto de portada, que fue\u2026","rel":"","context":"En \u00abINTERES GENERAL\u00bb","block_context":{"text":"INTERES GENERAL","link":"https:\/\/larevistadigital.com.ar\/blog\/category\/interes-general\/"},"img":{"alt_text":"","src":"https:\/\/i0.wp.com\/larevistadigital.com.ar\/blog\/wp-content\/uploads\/WhatsApp-Image-2020-12-01-at-16.13.06.jpeg?fit=900%2C1200&ssl=1&resize=350%2C200","width":350,"height":200,"srcset":"https:\/\/i0.wp.com\/larevistadigital.com.ar\/blog\/wp-content\/uploads\/WhatsApp-Image-2020-12-01-at-16.13.06.jpeg?fit=900%2C1200&ssl=1&resize=350%2C200 1x, https:\/\/i0.wp.com\/larevistadigital.com.ar\/blog\/wp-content\/uploads\/WhatsApp-Image-2020-12-01-at-16.13.06.jpeg?fit=900%2C1200&ssl=1&resize=525%2C300 1.5x, https:\/\/i0.wp.com\/larevistadigital.com.ar\/blog\/wp-content\/uploads\/WhatsApp-Image-2020-12-01-at-16.13.06.jpeg?fit=900%2C1200&ssl=1&resize=700%2C400 2x"},"classes":[]},{"id":30764,"url":"https:\/\/larevistadigital.com.ar\/blog\/chascomus-aprehendieron-a-un-joven-en-richieri-y\/","url_meta":{"origin":3184,"position":1},"title":"CHASCOM\u00daS: APREHENDIERON A UN JOVEN EN RICHIERI Y","author":"Alejandro Sosa Ruda","date":"28 marzo, 2023","format":false,"excerpt":"El aprehendido est\u00e1 alojado en la Comisar\u00eda local. Circulaba en una moto cuyo motor ten\u00eda pedido de secuestro activo. 28 de marzo de 2023 CHASCOM\u00daS -\u00a0 La Polic\u00eda Comunal, a trav\u00e9s del personal de GTO aprehendi\u00f3 a un sujeto de 18 a\u00f1os de edad en la intersecci\u00f3n de las calles\u2026","rel":"","context":"En \u00abCHASCOM\u00daS\u00bb","block_context":{"text":"CHASCOM\u00daS","link":"https:\/\/larevistadigital.com.ar\/blog\/category\/chascomus\/"},"img":{"alt_text":"","src":"https:\/\/i0.wp.com\/larevistadigital.com.ar\/blog\/wp-content\/uploads\/WhatsApp-Image-2023-03-28-at-14.45.01.jpeg?fit=1200%2C1200&ssl=1&resize=350%2C200","width":350,"height":200,"srcset":"https:\/\/i0.wp.com\/larevistadigital.com.ar\/blog\/wp-content\/uploads\/WhatsApp-Image-2023-03-28-at-14.45.01.jpeg?fit=1200%2C1200&ssl=1&resize=350%2C200 1x, https:\/\/i0.wp.com\/larevistadigital.com.ar\/blog\/wp-content\/uploads\/WhatsApp-Image-2023-03-28-at-14.45.01.jpeg?fit=1200%2C1200&ssl=1&resize=525%2C300 1.5x, https:\/\/i0.wp.com\/larevistadigital.com.ar\/blog\/wp-content\/uploads\/WhatsApp-Image-2023-03-28-at-14.45.01.jpeg?fit=1200%2C1200&ssl=1&resize=700%2C400 2x, https:\/\/i0.wp.com\/larevistadigital.com.ar\/blog\/wp-content\/uploads\/WhatsApp-Image-2023-03-28-at-14.45.01.jpeg?fit=1200%2C1200&ssl=1&resize=1050%2C600 3x"},"classes":[]},{"id":32387,"url":"https:\/\/larevistadigital.com.ar\/blog\/chascomus-importante-comunicado-de-la-policia-comunal-a-los-vecinos\/","url_meta":{"origin":3184,"position":2},"title":"CHASCOM\u00daS: IMPORTANTE COMUNICADO DE LA POLIC\u00cdA COMUNAL A LOS VECINOS.","author":"Alejandro Sosa Ruda","date":"13 julio, 2023","format":false,"excerpt":"Es por reiterados intentos de estafas telef\u00f3nicas, en redes y en whatsapp. 12 de julio de 2023 CHASCOM\u00daS -\u00a0 Desde la jefatura de la Polic\u00eda Comunal, nos hicieron llegar un mensaje, para elevarlo a toda la poblaci\u00f3n del distrito, como prevenci\u00f3n ante la proliferaci\u00f3n de intentos de estafa en distintas\u2026","rel":"","context":"En \u00abDESTACADAS\u00bb","block_context":{"text":"DESTACADAS","link":"https:\/\/larevistadigital.com.ar\/blog\/category\/destacadas\/"},"img":{"alt_text":"","src":"https:\/\/i0.wp.com\/larevistadigital.com.ar\/blog\/wp-content\/uploads\/2019\/01\/bbx_755050019_comisaria_chasco_01.jpg?fit=800%2C579&ssl=1&resize=350%2C200","width":350,"height":200,"srcset":"https:\/\/i0.wp.com\/larevistadigital.com.ar\/blog\/wp-content\/uploads\/2019\/01\/bbx_755050019_comisaria_chasco_01.jpg?fit=800%2C579&ssl=1&resize=350%2C200 1x, https:\/\/i0.wp.com\/larevistadigital.com.ar\/blog\/wp-content\/uploads\/2019\/01\/bbx_755050019_comisaria_chasco_01.jpg?fit=800%2C579&ssl=1&resize=525%2C300 1.5x, https:\/\/i0.wp.com\/larevistadigital.com.ar\/blog\/wp-content\/uploads\/2019\/01\/bbx_755050019_comisaria_chasco_01.jpg?fit=800%2C579&ssl=1&resize=700%2C400 2x"},"classes":[]},{"id":19147,"url":"https:\/\/larevistadigital.com.ar\/blog\/comunicado-de-cicop-chascomus-apoyando-a-los-profesionales-del-hospital-municipal\/","url_meta":{"origin":3184,"position":3},"title":"COMUNICADO DE CICOP CHASCOM\u00daS, APOYANDO A LOS PROFESIONALES DEL HOSPITAL MUNICIPAL","author":"Alejandro Sosa Ruda","date":"2 marzo, 2021","format":false,"excerpt":"COMUNICADO CICOP- SECCIONAL CHASCOMUS Ante los \u00faltimos acontecimientos en relaci\u00f3n a : - la no renovaci\u00f3n de contratos ( despidos arbitrarios, encubiertos y un \"aleccionadores\"?) - renuncias de compa\u00f1eros de guardia, y - aprietes a algunos de ellos que expusieron p\u00fablicamente sus verdades y que como casos testigo muestran un\u2026","rel":"","context":"En \u00abDESTACADAS\u00bb","block_context":{"text":"DESTACADAS","link":"https:\/\/larevistadigital.com.ar\/blog\/category\/destacadas\/"},"img":{"alt_text":"","src":"https:\/\/i0.wp.com\/larevistadigital.com.ar\/blog\/wp-content\/uploads\/2017\/09\/CICOP.jpg?fit=960%2C720&ssl=1&resize=350%2C200","width":350,"height":200,"srcset":"https:\/\/i0.wp.com\/larevistadigital.com.ar\/blog\/wp-content\/uploads\/2017\/09\/CICOP.jpg?fit=960%2C720&ssl=1&resize=350%2C200 1x, https:\/\/i0.wp.com\/larevistadigital.com.ar\/blog\/wp-content\/uploads\/2017\/09\/CICOP.jpg?fit=960%2C720&ssl=1&resize=525%2C300 1.5x, https:\/\/i0.wp.com\/larevistadigital.com.ar\/blog\/wp-content\/uploads\/2017\/09\/CICOP.jpg?fit=960%2C720&ssl=1&resize=700%2C400 2x"},"classes":[]},{"id":15282,"url":"https:\/\/larevistadigital.com.ar\/blog\/importante-comunicado-de-la-asociacion-bancaria-a-los-vecinos-de-chascomus\/","url_meta":{"origin":3184,"position":4},"title":"IMPORTANTE COMUNICADO DE LA ASOCIACI\u00d3N BANCARIA A LOS VECINOS DE CHASCOM\u00daS","author":"Alejandro Sosa Ruda","date":"22 mayo, 2020","format":false,"excerpt":"El comit\u00e9 mixto de seguridad e higiene en el trabajo de la Asociaci\u00f3n Bancaria, emiti\u00f3 hace instantes un comunicado en el que anuncia que el compa\u00f1ero que estuvo en contacto con una paciente enferma de COVID-19 , afortunadamente no se ha contagiado. Pero adem\u00e1s, deja sentada su posici\u00f3n ante la\u2026","rel":"","context":"En \u00abGREMIALES\u00bb","block_context":{"text":"GREMIALES","link":"https:\/\/larevistadigital.com.ar\/blog\/category\/gremiales\/"},"img":{"alt_text":"","src":"https:\/\/i0.wp.com\/larevistadigital.com.ar\/blog\/wp-content\/uploads\/2017\/04\/tema_Asociacion_Bancaria030816930711.jpg?fit=960%2C460&ssl=1&resize=350%2C200","width":350,"height":200,"srcset":"https:\/\/i0.wp.com\/larevistadigital.com.ar\/blog\/wp-content\/uploads\/2017\/04\/tema_Asociacion_Bancaria030816930711.jpg?fit=960%2C460&ssl=1&resize=350%2C200 1x, https:\/\/i0.wp.com\/larevistadigital.com.ar\/blog\/wp-content\/uploads\/2017\/04\/tema_Asociacion_Bancaria030816930711.jpg?fit=960%2C460&ssl=1&resize=525%2C300 1.5x, https:\/\/i0.wp.com\/larevistadigital.com.ar\/blog\/wp-content\/uploads\/2017\/04\/tema_Asociacion_Bancaria030816930711.jpg?fit=960%2C460&ssl=1&resize=700%2C400 2x"},"classes":[]},{"id":1827,"url":"https:\/\/larevistadigital.com.ar\/blog\/hay-diagramados-desde-marzo-seis-servicios-de-alejandro-korn-a-chascomus-segun-afirman-trabajadores-ferroviarios\/","url_meta":{"origin":3184,"position":5},"title":"HAY DIAGRAMADOS DESDE MARZO SEIS SERVICIOS DE ALEJANDRO KORN A CHASCOM\u00daS, SEG\u00daN AFIRMAN TRABAJADORES FERROVIARIOS.","author":"Alejandro Sosa Ruda","date":"5 abril, 2017","format":false,"excerpt":"Seg\u00fan consigna el diario El Fuerte de Chascom\u00fas, Trabajadores de la agrupaci\u00f3n Naranja, opositora a la actual conducci\u00f3n del gremio Uni\u00f3n Ferroviaira, denunciaron que el tren que va desde Alejandro Korn hasta nuestra ciudad ya estar\u00eda diagramado, raz\u00f3n por la cual, deber\u00eda estar funcionando con seis servicios diarios, de acuerdo\u2026","rel":"","context":"En \u00abCHASCOM\u00daS\u00bb","block_context":{"text":"CHASCOM\u00daS","link":"https:\/\/larevistadigital.com.ar\/blog\/category\/chascomus\/"},"img":{"alt_text":"","src":"https:\/\/i0.wp.com\/larevistadigital.com.ar\/blog\/wp-content\/uploads\/2017\/04\/descarga.jpg?fit=650%2C433&ssl=1&resize=350%2C200","width":350,"height":200,"srcset":"https:\/\/i0.wp.com\/larevistadigital.com.ar\/blog\/wp-content\/uploads\/2017\/04\/descarga.jpg?fit=650%2C433&ssl=1&resize=350%2C200 1x, https:\/\/i0.wp.com\/larevistadigital.com.ar\/blog\/wp-content\/uploads\/2017\/04\/descarga.jpg?fit=650%2C433&ssl=1&resize=525%2C300 1.5x"},"classes":[]}],"_links":{"self":[{"href":"https:\/\/larevistadigital.com.ar\/blog\/wp-json\/wp\/v2\/posts\/3184","targetHints":{"allow":["GET"]}}],"collection":[{"href":"https:\/\/larevistadigital.com.ar\/blog\/wp-json\/wp\/v2\/posts"}],"about":[{"href":"https:\/\/larevistadigital.com.ar\/blog\/wp-json\/wp\/v2\/types\/post"}],"author":[{"embeddable":true,"href":"https:\/\/larevistadigital.com.ar\/blog\/wp-json\/wp\/v2\/users\/3"}],"replies":[{"embeddable":true,"href":"https:\/\/larevistadigital.com.ar\/blog\/wp-json\/wp\/v2\/comments?post=3184"}],"version-history":[{"count":1,"href":"https:\/\/larevistadigital.com.ar\/blog\/wp-json\/wp\/v2\/posts\/3184\/revisions"}],"predecessor-version":[{"id":3186,"href":"https:\/\/larevistadigital.com.ar\/blog\/wp-json\/wp\/v2\/posts\/3184\/revisions\/3186"}],"wp:featuredmedia":[{"embeddable":true,"href":"https:\/\/larevistadigital.com.ar\/blog\/wp-json\/wp\/v2\/media\/3185"}],"wp:attachment":[{"href":"https:\/\/larevistadigital.com.ar\/blog\/wp-json\/wp\/v2\/media?parent=3184"}],"wp:term":[{"taxonomy":"category","embeddable":true,"href":"https:\/\/larevistadigital.com.ar\/blog\/wp-json\/wp\/v2\/categories?post=3184"},{"taxonomy":"post_tag","embeddable":true,"href":"https:\/\/larevistadigital.com.ar\/blog\/wp-json\/wp\/v2\/tags?post=3184"}],"curies":[{"name":"wp","href":"https:\/\/api.w.org\/{rel}","templated":true}]}}