{"id":31907,"date":"2023-06-11T17:51:21","date_gmt":"2023-06-11T17:51:21","guid":{"rendered":"https:\/\/larevistadigital.com.ar\/blog\/?p=31907"},"modified":"2023-06-11T17:51:40","modified_gmt":"2023-06-11T17:51:40","slug":"las-toninas-arranco-una-importante-obra-de-proteccion-costera","status":"publish","type":"post","link":"https:\/\/larevistadigital.com.ar\/blog\/las-toninas-arranco-una-importante-obra-de-proteccion-costera\/","title":{"rendered":"LAS TONINAS: ARRANC\u00d3 UNA IMPORTANTE OBRA DE PROTECCI\u00d3N COSTERA"},"content":{"rendered":"<h2 class=\"fparrafo ctext fz18 lh25\">Se trata de una de las obras m\u00e1s importantes e hist\u00f3ricas del partido de La Costa que financia el gobierno bonaerense por m\u00e1s de 5.000 millones de pesos.<\/h2>\n<p>11 de junio de 2023<\/p>\n<p><strong>LAS TONINAS\u00a0 &#8211;\u00a0 <\/strong>El gobierno de la provincia de Buenos Aires lleva adelante en conjunto con la municipalidad de La Costa una importante obra de protecci\u00f3n costera licitada en septiembre del 2022, en una zona cr\u00edtica de Las Toninas, a la altura de la calle 8 y playa y que en su totalidad cubrir\u00e1 entre las calles 6 y 24 de esa localidad costera.<\/p>\n<blockquote>\n<h3 class=\"selectionShareable\">En los \u00faltimos d\u00edas visitaron el predio donde se iniciaron los trabajos el jefe de Gabinete de Subsecretar\u00eda de Recursos H\u00eddricos, Javier Trezza; y el director Provincial de Hidr\u00e1ulica, ingeniero Flavio Seiano, quienes dialogaron con el intendente Cristian Cardozo sobre el porvenir de la millonaria inversi\u00f3n.<\/h3>\n<\/blockquote>\n<p class=\"selectionShareable\"><strong><em>\u201cEsta es una obra de ingenier\u00eda important\u00edsima. Tiene una inversi\u00f3n de m\u00e1s de 5.000 millones de pesos. Si bien es muy importante desde el punto de vista desde la ingenier\u00eda, tambi\u00e9n lo es desde el punto de vista de la seguridad. En este momento en particular el mar se estaba comiendo 12 metros por a\u00f1o y poco m\u00e1s adelante 2 metros, entonces hemos planteado esta obra que consta de darle seguridad a la costa\u201d<\/em><\/strong>, explic\u00f3 el funcionario bonaerense <strong>Flavio Seiano<\/strong>.<\/p>\n<blockquote>\n<h3 class=\"selectionShareable\"><em><strong>\u201cTodas estas obras traspasan la gesti\u00f3n porque son obras de una envergadura muy importante como no se han hecho en la provincia de Buenos Aires\u201d, agreg\u00f3.<\/strong><\/em><\/h3>\n<\/blockquote>\n<p class=\"selectionShareable\">La obra ofrece protecci\u00f3n aproximadamente a 2 kil\u00f3metros de costa, que es el sector m\u00e1s afectado. Consta de 6 espigones que van a estar ubicados en forma paralela a 350 metros de la orilla y separados entre s\u00ed unos 150 metros.<\/p>\n<blockquote>\n<h3 class=\"selectionShareable\">Adem\u00e1s, con un pedrapl\u00e9n de tierra se va a llegar hasta los 350 metros, se van a hacer los espigones y luego se va a retirar ese pedrapl\u00e9n. Los trabajos tambi\u00e9n comprenden la protecci\u00f3n de la estaci\u00f3n de bombeo cloacal que est\u00e1 en la calle 38.<\/h3>\n<\/blockquote>\n<p class=\"selectionShareable\"><em><strong>\u201cSiento gratitud para todos los que tantos a\u00f1os pelearon por esta obra; gratitud para nuestro gobernador, Axel Kicillof, que tuvo en todo momento la visi\u00f3n y la grandeza en momentos muy dif\u00edciles. Esto es uno de los temas que hab\u00edamos hablado en 2019 y yo le contaba que hab\u00eda una obra que tiene m\u00e1s de 30 a\u00f1os, que en su momento se hab\u00edan hecho todos los estudios, que hab\u00eda presentado el doctor Juan de Jes\u00fas, que luego lo volvi\u00f3 a presentar Juan Pablo durante su mandato, y que era muy importante para toda la comunidad del Partido de La Costa\u201d<\/strong><\/em>, record\u00f3 el intendente costero.<\/p>\n<p class=\"selectionShareable\">En ese marco, <strong>Cardozo<\/strong> agreg\u00f3 <em><strong>\u201chemos planteado todo un plan de trabajo para el recupero de este frente. En esta primera instancia se va a resolver una gran parte de las dificultades que ten\u00edamos en Las Toninas. Luego est\u00e1 el compromiso del gobernador para continuar con los trabajos. Vamos a continuar en otras localidades que tambi\u00e9n han sido afectadas con el pasar de los a\u00f1os, no es para castigarse porque fueron errores iniciales, de construcci\u00f3n, de zonificaci\u00f3n y tambi\u00e9n es el avance de la naturaleza. Ahora tenemos que hacer todo lo que la ciencia y la tecnolog\u00eda pone a nuestra disposici\u00f3n para poder ir avanzando\u201d<\/strong><\/em>, concluy\u00f3 el mandatario. (<b>InfoGEI<\/b>) Mg<\/p>\n","protected":false},"excerpt":{"rendered":"<div class=\"mh-excerpt\"><p>Se trata de una de las obras m\u00e1s importantes e hist\u00f3ricas del partido de La Costa que financia el gobierno bonaerense por m\u00e1s de 5.000 millones de pesos. 11 de junio de 2023 LAS TONINAS\u00a0 <a class=\"mh-excerpt-more\" href=\"https:\/\/larevistadigital.com.ar\/blog\/las-toninas-arranco-una-importante-obra-de-proteccion-costera\/\" title=\"LAS TONINAS: ARRANC\u00d3 UNA IMPORTANTE OBRA DE PROTECCI\u00d3N COSTERA\">[Leer M\u00e1s]<\/a><\/p>\n<\/div>","protected":false},"author":3,"featured_media":31908,"comment_status":"open","ping_status":"open","sticky":false,"template":"","format":"standard","meta":{"_jetpack_memberships_contains_paid_content":false,"footnotes":"","jetpack_publicize_message":"","jetpack_publicize_feature_enabled":true,"jetpack_social_post_already_shared":true,"jetpack_social_options":{"image_generator_settings":{"template":"highway","default_image_id":0,"font":"","enabled":false},"version":2}},"categories":[51],"tags":[],"class_list":{"0":"post-31907","1":"post","2":"type-post","3":"status-publish","4":"format-standard","5":"has-post-thumbnail","7":"category-regionales"},"jetpack_publicize_connections":[],"jetpack_featured_media_url":"https:\/\/i0.wp.com\/larevistadigital.com.ar\/blog\/wp-content\/uploads\/20230610182122_toninas.jpg?fit=880%2C512&ssl=1","jetpack_sharing_enabled":true,"jetpack_shortlink":"https:\/\/wp.me\/p8qtrQ-8iD","jetpack-related-posts":[{"id":33722,"url":"https:\/\/larevistadigital.com.ar\/blog\/ruta-11-terrible-choque-y-vuelco-a-la-altura-de-las-toninas\/","url_meta":{"origin":31907,"position":0},"title":"RUTA 11: TERRIBLE CHOQUE Y VUELCO A LA ALTURA DE LAS TONINAS","author":"Alejandro Sosa Ruda","date":"3 octubre, 2023","format":false,"excerpt":"Sucedi\u00f3 ayer por la tarde, estuvieron implicados en dos autom\u00f3viles. 03 de Octubre de 2023 LAS TONINAS -\u00a0 Ayer por la tarde ocurri\u00f3 un\u00a0grave accidente en la ruta 11, a la altura de la localidad bonaerense de Las Toninas\u00a0en el Partido de La Costa. El violento choque fue protagonizado por\u2026","rel":"","context":"En \u00abPOLICIALES\u00bb","block_context":{"text":"POLICIALES","link":"https:\/\/larevistadigital.com.ar\/blog\/category\/policiales\/"},"img":{"alt_text":"","src":"https:\/\/i0.wp.com\/larevistadigital.com.ar\/blog\/wp-content\/uploads\/982be5a8262baa171d10642c6219dc6bb2eb779d.jpg?fit=1140%2C420&ssl=1&resize=350%2C200","width":350,"height":200,"srcset":"https:\/\/i0.wp.com\/larevistadigital.com.ar\/blog\/wp-content\/uploads\/982be5a8262baa171d10642c6219dc6bb2eb779d.jpg?fit=1140%2C420&ssl=1&resize=350%2C200 1x, https:\/\/i0.wp.com\/larevistadigital.com.ar\/blog\/wp-content\/uploads\/982be5a8262baa171d10642c6219dc6bb2eb779d.jpg?fit=1140%2C420&ssl=1&resize=525%2C300 1.5x, https:\/\/i0.wp.com\/larevistadigital.com.ar\/blog\/wp-content\/uploads\/982be5a8262baa171d10642c6219dc6bb2eb779d.jpg?fit=1140%2C420&ssl=1&resize=700%2C400 2x, https:\/\/i0.wp.com\/larevistadigital.com.ar\/blog\/wp-content\/uploads\/982be5a8262baa171d10642c6219dc6bb2eb779d.jpg?fit=1140%2C420&ssl=1&resize=1050%2C600 3x"},"classes":[]},{"id":43864,"url":"https:\/\/larevistadigital.com.ar\/blog\/indignacion-en-las-toninas-robaron-las-placas-del-monumento-a-los-heroes-de-malvinas\/","url_meta":{"origin":31907,"position":1},"title":"Indignaci\u00f3n en Las Toninas: robaron las placas del Monumento a los H\u00e9roes de Malvinas","author":"Alejandro Sosa Ruda","date":"7 febrero, 2026","format":false,"excerpt":"El intendente Juan de Jes\u00fas denunci\u00f3 el hecho y lo calific\u00f3 como un grave ataque a la memoria colectiva. 07 De Febrero de 2026 LAS TONINAS\u00a0 \u00a0-\u00a0 \u00a0El robo de las placas del Monumento a los H\u00e9roes de la Guerra de Malvinas, ubicado en la Plaza Islas Malvinas de Las\u2026","rel":"","context":"En \u00abPOLICIALES\u00bb","block_context":{"text":"POLICIALES","link":"https:\/\/larevistadigital.com.ar\/blog\/category\/policiales\/"},"img":{"alt_text":"","src":"https:\/\/i0.wp.com\/larevistadigital.com.ar\/blog\/wp-content\/uploads\/a03ca28ed7e92031dd79ab0b8ad5bb1be077657a.jpeg?fit=1140%2C676&ssl=1&resize=350%2C200","width":350,"height":200,"srcset":"https:\/\/i0.wp.com\/larevistadigital.com.ar\/blog\/wp-content\/uploads\/a03ca28ed7e92031dd79ab0b8ad5bb1be077657a.jpeg?fit=1140%2C676&ssl=1&resize=350%2C200 1x, https:\/\/i0.wp.com\/larevistadigital.com.ar\/blog\/wp-content\/uploads\/a03ca28ed7e92031dd79ab0b8ad5bb1be077657a.jpeg?fit=1140%2C676&ssl=1&resize=525%2C300 1.5x, https:\/\/i0.wp.com\/larevistadigital.com.ar\/blog\/wp-content\/uploads\/a03ca28ed7e92031dd79ab0b8ad5bb1be077657a.jpeg?fit=1140%2C676&ssl=1&resize=700%2C400 2x, https:\/\/i0.wp.com\/larevistadigital.com.ar\/blog\/wp-content\/uploads\/a03ca28ed7e92031dd79ab0b8ad5bb1be077657a.jpeg?fit=1140%2C676&ssl=1&resize=1050%2C600 3x"},"classes":[]},{"id":22924,"url":"https:\/\/larevistadigital.com.ar\/blog\/las-toninas-se-cayo-de-su-moto-de-agua-se-enredo-en-un-ovillo-de-tanza-y-casi-muere-asfixiado\/","url_meta":{"origin":31907,"position":2},"title":"LAS TONINAS: SE CAY\u00d3 DE SU MOTO DE AGUA, SE ENRED\u00d3 EN UN OVILLO DE TANZA Y CASI MUERE ASFIXIADO","author":"Alejandro Sosa Ruda","date":"8 diciembre, 2021","format":false,"excerpt":"Un guardavidas, que se encontraba en una bajada lejana, acudi\u00f3 en su auxilio de un hombre que se hab\u00eda metido al mar con una moto de agua por un lugar que no es bajada n\u00e1utica y que se estaba asfixiando con una tanza. Un hombre que se hab\u00eda metido al\u2026","rel":"","context":"En \u00abREGIONALES\u00bb","block_context":{"text":"REGIONALES","link":"https:\/\/larevistadigital.com.ar\/blog\/category\/regionales\/"},"img":{"alt_text":"","src":"https:\/\/i0.wp.com\/larevistadigital.com.ar\/blog\/wp-content\/uploads\/20211207155804_toninas.jpg?fit=880%2C512&ssl=1&resize=350%2C200","width":350,"height":200,"srcset":"https:\/\/i0.wp.com\/larevistadigital.com.ar\/blog\/wp-content\/uploads\/20211207155804_toninas.jpg?fit=880%2C512&ssl=1&resize=350%2C200 1x, https:\/\/i0.wp.com\/larevistadigital.com.ar\/blog\/wp-content\/uploads\/20211207155804_toninas.jpg?fit=880%2C512&ssl=1&resize=525%2C300 1.5x, https:\/\/i0.wp.com\/larevistadigital.com.ar\/blog\/wp-content\/uploads\/20211207155804_toninas.jpg?fit=880%2C512&ssl=1&resize=700%2C400 2x"},"classes":[]},{"id":30030,"url":"https:\/\/larevistadigital.com.ar\/blog\/medio-ambiente-segun-un-censo-el-plastico-esta-presente-en-7-de-cada-10-residuos-en-la-costa-bonaerense\/","url_meta":{"origin":31907,"position":3},"title":"MEDIO AMBIENTE: SEGUN UN CENSO, EL PL\u00c1STICO EST\u00c1 PRESENTE EN 7 DE CADA 10 RES\u00cdDUOS EN LA COSTA BONAERENSE","author":"Alejandro Sosa Ruda","date":"8 febrero, 2023","format":false,"excerpt":"La sexta edici\u00f3n del Censo Provincial de Basura Costera Marina se llev\u00f3 a cabo en 16 localidades bonaerenses y arroj\u00f3, nuevamente, que el pl\u00e1stico es el contaminante m\u00e1s abundante en las playas bonaerenses. Est\u00e1 presente en el 73,7% de los residuos encontrados. 08 de febrero de 2023 BUENOS AIRES -\u2026","rel":"","context":"En \u00abMEDIO AMBIENTE\u00bb","block_context":{"text":"MEDIO AMBIENTE","link":"https:\/\/larevistadigital.com.ar\/blog\/category\/suplementos\/medio-ambiente\/"},"img":{"alt_text":"","src":"https:\/\/i0.wp.com\/larevistadigital.com.ar\/blog\/wp-content\/uploads\/20230207095539_costasbonaerenses.jpg?fit=880%2C512&ssl=1&resize=350%2C200","width":350,"height":200,"srcset":"https:\/\/i0.wp.com\/larevistadigital.com.ar\/blog\/wp-content\/uploads\/20230207095539_costasbonaerenses.jpg?fit=880%2C512&ssl=1&resize=350%2C200 1x, https:\/\/i0.wp.com\/larevistadigital.com.ar\/blog\/wp-content\/uploads\/20230207095539_costasbonaerenses.jpg?fit=880%2C512&ssl=1&resize=525%2C300 1.5x, https:\/\/i0.wp.com\/larevistadigital.com.ar\/blog\/wp-content\/uploads\/20230207095539_costasbonaerenses.jpg?fit=880%2C512&ssl=1&resize=700%2C400 2x"},"classes":[]},{"id":23746,"url":"https:\/\/larevistadigital.com.ar\/blog\/santa-teresita-20-horas-para-sofocar-un-incendio-forestal\/","url_meta":{"origin":31907,"position":4},"title":"SANTA TERESITA: 20 HORAS PARA SOFOCAR UN INCENDIO FORESTAL","author":"Alejandro Sosa Ruda","date":"1 febrero, 2022","format":false,"excerpt":"Ocurri\u00f3 en el denominado \"Tri\u00e1ngulo del Tuy\u00fa\", en la Ruta 11, a la altura de la calle 50. Trabajaron dotaciones de bomberos de 5 localidades del Partido de La Costa. SANTA TERESITA -\u00a0 Un trabajo mancomunado por parte de varias dotaciones de bomberos de diferentes localidades del\u00a0Partido de La Costa\u00a0permiti\u00f3\u2026","rel":"","context":"En \u00abREGIONALES\u00bb","block_context":{"text":"REGIONALES","link":"https:\/\/larevistadigital.com.ar\/blog\/category\/regionales\/"},"img":{"alt_text":"","src":"https:\/\/i0.wp.com\/larevistadigital.com.ar\/blog\/wp-content\/uploads\/SANTA-TERESA.png?fit=1140%2C663&ssl=1&resize=350%2C200","width":350,"height":200,"srcset":"https:\/\/i0.wp.com\/larevistadigital.com.ar\/blog\/wp-content\/uploads\/SANTA-TERESA.png?fit=1140%2C663&ssl=1&resize=350%2C200 1x, https:\/\/i0.wp.com\/larevistadigital.com.ar\/blog\/wp-content\/uploads\/SANTA-TERESA.png?fit=1140%2C663&ssl=1&resize=525%2C300 1.5x, https:\/\/i0.wp.com\/larevistadigital.com.ar\/blog\/wp-content\/uploads\/SANTA-TERESA.png?fit=1140%2C663&ssl=1&resize=700%2C400 2x, https:\/\/i0.wp.com\/larevistadigital.com.ar\/blog\/wp-content\/uploads\/SANTA-TERESA.png?fit=1140%2C663&ssl=1&resize=1050%2C600 3x"},"classes":[]},{"id":11341,"url":"https:\/\/larevistadigital.com.ar\/blog\/chascomus-fueron-adjudicadas-las-obras-de-la-senda-peatonal-costera-y-la-pavimentacion-de-las-calles-bolivia-malvinas-argentinas-y-grito-de-dolores\/","url_meta":{"origin":31907,"position":5},"title":"CHASCOM\u00daS: FUERON ADJUDICADAS LAS OBRAS DE LA SENDA PEATONAL COSTERA Y LA PAVIMENTACI\u00d3N DE LAS CALLES BOLIVIA, MALVINAS ARGENTINAS Y GRITO DE DOLORES","author":"Alejandro Sosa Ruda","date":"16 julio, 2019","format":false,"excerpt":"Primeramente la Licitaci\u00f3n P\u00fablica N\u00ba 3\/2019 de \u201cPavimentaci\u00f3n de calle Bolivia, Grito de Dolores y Malvinas Argentinas\u201d fue otorgada a la firma OCSA S.A por un monto de $14.204.294.73. Los tramos a asfaltar ser\u00e1n Bolivia entre Machado y Grito de Dolores, Grito de Dolores entre Presidente Alfons\u00edn y Garay y\u2026","rel":"","context":"En \u00abINTERES GENERAL\u00bb","block_context":{"text":"INTERES GENERAL","link":"https:\/\/larevistadigital.com.ar\/blog\/category\/interes-general\/"},"img":{"alt_text":"","src":"https:\/\/i0.wp.com\/larevistadigital.com.ar\/blog\/wp-content\/uploads\/67256928_2549197598434443_2248039144615837696_o.jpg?fit=1200%2C802&ssl=1&resize=350%2C200","width":350,"height":200,"srcset":"https:\/\/i0.wp.com\/larevistadigital.com.ar\/blog\/wp-content\/uploads\/67256928_2549197598434443_2248039144615837696_o.jpg?fit=1200%2C802&ssl=1&resize=350%2C200 1x, https:\/\/i0.wp.com\/larevistadigital.com.ar\/blog\/wp-content\/uploads\/67256928_2549197598434443_2248039144615837696_o.jpg?fit=1200%2C802&ssl=1&resize=525%2C300 1.5x, https:\/\/i0.wp.com\/larevistadigital.com.ar\/blog\/wp-content\/uploads\/67256928_2549197598434443_2248039144615837696_o.jpg?fit=1200%2C802&ssl=1&resize=700%2C400 2x, https:\/\/i0.wp.com\/larevistadigital.com.ar\/blog\/wp-content\/uploads\/67256928_2549197598434443_2248039144615837696_o.jpg?fit=1200%2C802&ssl=1&resize=1050%2C600 3x"},"classes":[]}],"_links":{"self":[{"href":"https:\/\/larevistadigital.com.ar\/blog\/wp-json\/wp\/v2\/posts\/31907","targetHints":{"allow":["GET"]}}],"collection":[{"href":"https:\/\/larevistadigital.com.ar\/blog\/wp-json\/wp\/v2\/posts"}],"about":[{"href":"https:\/\/larevistadigital.com.ar\/blog\/wp-json\/wp\/v2\/types\/post"}],"author":[{"embeddable":true,"href":"https:\/\/larevistadigital.com.ar\/blog\/wp-json\/wp\/v2\/users\/3"}],"replies":[{"embeddable":true,"href":"https:\/\/larevistadigital.com.ar\/blog\/wp-json\/wp\/v2\/comments?post=31907"}],"version-history":[{"count":2,"href":"https:\/\/larevistadigital.com.ar\/blog\/wp-json\/wp\/v2\/posts\/31907\/revisions"}],"predecessor-version":[{"id":31919,"href":"https:\/\/larevistadigital.com.ar\/blog\/wp-json\/wp\/v2\/posts\/31907\/revisions\/31919"}],"wp:featuredmedia":[{"embeddable":true,"href":"https:\/\/larevistadigital.com.ar\/blog\/wp-json\/wp\/v2\/media\/31908"}],"wp:attachment":[{"href":"https:\/\/larevistadigital.com.ar\/blog\/wp-json\/wp\/v2\/media?parent=31907"}],"wp:term":[{"taxonomy":"category","embeddable":true,"href":"https:\/\/larevistadigital.com.ar\/blog\/wp-json\/wp\/v2\/categories?post=31907"},{"taxonomy":"post_tag","embeddable":true,"href":"https:\/\/larevistadigital.com.ar\/blog\/wp-json\/wp\/v2\/tags?post=31907"}],"curies":[{"name":"wp","href":"https:\/\/api.w.org\/{rel}","templated":true}]}}