{"id":31940,"date":"2023-06-12T14:10:43","date_gmt":"2023-06-12T14:10:43","guid":{"rendered":"https:\/\/larevistadigital.com.ar\/blog\/?p=31940"},"modified":"2023-06-12T14:10:43","modified_gmt":"2023-06-12T14:10:43","slug":"a-los-86-anos-murio-silvio-berlusconi","status":"publish","type":"post","link":"https:\/\/larevistadigital.com.ar\/blog\/a-los-86-anos-murio-silvio-berlusconi\/","title":{"rendered":"A LOS 86 A\u00d1OS MURI\u00d3 SILVIO BERLUSCONI"},"content":{"rendered":"<h2>Ex primer ministro italiano y magnate de los medios estaba internado en un hospital donde era atendido por complicaciones derivadas de una leucemia mielomonoc\u00edtica cr\u00f3nica<\/h2>\n<p>12 de junio de 2023<\/p>\n<p><strong>MILAN &#8211;<\/strong>\u00a0 El ex primer ministro italiano Silvio Berlusconi falleci\u00f3 el pasado lunes a las 9:30 a.m. hora de Mil\u00e1n (7:30 GMT) en el hospital San Raffaele, donde hab\u00eda sido ingresado el viernes pasado debido a complicaciones de salud relacionadas con la leucemia que hab\u00eda estado padeciendo durante alg\u00fan tiempo. Sus problemas de salud se intensificaron durante el fin de semana, precipitando su desenlace. Berlusconi, de 86 a\u00f1os, hab\u00eda sido dado de alta hace tres semanas despu\u00e9s de una hospitalizaci\u00f3n de 44 d\u00edas por una pulmon\u00eda. Tras su fallecimiento, su hermano Paolo Berlusconi lleg\u00f3 al centro de salud, seguido minutos despu\u00e9s por sus hijos Marina, Eleonora, Barbara y Pier Silvio.<\/p>\n<p>Silvio Berlusconi fue una figura multifac\u00e9tica en la vida pol\u00edtica y empresarial italiana. Empresario de la construcci\u00f3n, magnate de las telecomunicaciones, presidente del club de f\u00fatbol AC Milan y primer ministro con el r\u00e9cord de permanencia en el cargo, Berlusconi gener\u00f3 tanto amor como odio entre los italianos. Fue admirado y temido, considerado un genio de los negocios por algunos, pero tambi\u00e9n se le acus\u00f3 de tener v\u00ednculos con la mafia.<\/p>\n<p>A medida que llegaba al ocaso de su vida, Berlusconi adopt\u00f3 el papel de un l\u00edder sabio y moderado, capaz de frenar los arrebatos autoritarios de sus herederos pol\u00edticos, Giorgia Meloni y Matteo Salvini. Incluso sus adversarios hist\u00f3ricos llegaron a elogiar y respetar a este hombre que dividi\u00f3 a los italianos como nadie m\u00e1s lo hizo en m\u00e1s de 70 a\u00f1os de vida republicana. Su transformaci\u00f3n de populista a l\u00edder respetado fue sorprendente, siendo comparado con el expresidente estadounidense Donald Trump.<\/p>\n<p>Nacido en Mil\u00e1n el 29 de septiembre de 1936 en una familia de clase media, Berlusconi vivi\u00f3 una vida llena de esc\u00e1ndalos que ha sido objeto de numerosos relatos y especulaciones. Desde sus a\u00f1os de juventud, donde se le atribuyen an\u00e9cdotas y experiencias que en su mayor\u00eda resultan dif\u00edciles de verificar, como ser ayudante de proyecci\u00f3n en un cine, cantante a bordo de cruceros, vendedor de escobas puerta a puerta y estudiante de intercambio en la Sorbona de Par\u00eds.<\/p>\n<p>Tras graduarse en la Universidad de Mil\u00e1n, Berlusconi se embarc\u00f3 en un ascenso empresarial que comenz\u00f3 con negocios inmobiliarios y especulaci\u00f3n financiera para luego adentrarse en el mundo de los medios de comunicaci\u00f3n. Desde un peque\u00f1o canal de cable hasta el imperio multinacional de Mediaset, Berlusconi se convirti\u00f3 en uno de los hombres m\u00e1s ricos de Italia, con un patrimonio estimado en 7.000 millones de d\u00f3lares. Sin embargo, fue su presidencia en el AC Milan lo que le otorg\u00f3 verdadera popularidad.<\/p>\n<p>No obstante, este ascenso estuvo marcado por varios puntos oscuros. Se le vincul\u00f3 con la logia P2, una organizaci\u00f3n clandestina liderada por Licio Gelli que buscaba subvertir el Estado italiano, y tambi\u00e9n se le acus\u00f3 de tener lazos con la mafia. Durante los a\u00f1os 70, un asesino m\u00faltiple afiliado a la Cosa Nostra, Vittorio Mangano, trabaj\u00f3 en una de las propiedades de Berlusconi. Adem\u00e1s, su brazo derecho hist\u00f3rico, Marcello Dell&#8217;Utri, fue condenado en 2014 por ser el intermediario entre la mafia y el propio Berlusconi.<\/p>\n<p>A principios de los a\u00f1os 90, Berlusconi ingres\u00f3 en la pol\u00edtica, aprovechando el esc\u00e1ndalo de corrupci\u00f3n conocido como \u00abMani pulite\u00bb que afect\u00f3 al l\u00edder socialista Bettino Craxi, quien hab\u00eda sido su padrino pol\u00edtico y hab\u00eda favorecido su ascenso empresarial desde el gobierno. Berlusconi se present\u00f3 en las elecciones de 1994 prometiendo una \u00abrevoluci\u00f3n liberal\u00bb y frenando el supuesto avance de los \u00abcomunistas\u00bb. Su estrategia pol\u00edtica se adelant\u00f3 a su tiempo y utiliz\u00f3 argumentos similares a los de las derechas contempor\u00e1neas.<\/p>\n<p>Detr\u00e1s de sus discursos, el objetivo de Berlusconi era proteger su imperio empresarial, que estaba cargado de deudas y evitar posibles investigaciones. Esto desencaden\u00f3 un conflicto de intereses masivo que marc\u00f3 su carrera pol\u00edtica y dobleg\u00f3 la democracia italiana a sus intereses judiciales y corporativos.<\/p>\n","protected":false},"excerpt":{"rendered":"<div class=\"mh-excerpt\"><p>Ex primer ministro italiano y magnate de los medios estaba internado en un hospital donde era atendido por complicaciones derivadas de una leucemia mielomonoc\u00edtica cr\u00f3nica 12 de junio de 2023 MILAN &#8211;\u00a0 El ex primer <a class=\"mh-excerpt-more\" href=\"https:\/\/larevistadigital.com.ar\/blog\/a-los-86-anos-murio-silvio-berlusconi\/\" title=\"A LOS 86 A\u00d1OS MURI\u00d3 SILVIO BERLUSCONI\">[Leer M\u00e1s]<\/a><\/p>\n<\/div>","protected":false},"author":3,"featured_media":31941,"comment_status":"open","ping_status":"open","sticky":false,"template":"","format":"standard","meta":{"_jetpack_memberships_contains_paid_content":false,"footnotes":"","jetpack_publicize_message":"","jetpack_publicize_feature_enabled":true,"jetpack_social_post_already_shared":true,"jetpack_social_options":{"image_generator_settings":{"template":"highway","default_image_id":0,"font":"","enabled":false},"version":2}},"categories":[50],"tags":[],"class_list":{"0":"post-31940","1":"post","2":"type-post","3":"status-publish","4":"format-standard","5":"has-post-thumbnail","7":"category-interes-general"},"jetpack_publicize_connections":[],"jetpack_featured_media_url":"https:\/\/i0.wp.com\/larevistadigital.com.ar\/blog\/wp-content\/uploads\/descarga-24.jpg?fit=700%2C392&ssl=1","jetpack_sharing_enabled":true,"jetpack_shortlink":"https:\/\/wp.me\/p8qtrQ-8ja","jetpack-related-posts":[{"id":11179,"url":"https:\/\/larevistadigital.com.ar\/blog\/brandsen-fallecio-ricardo-el-joven-que-luchaba-contra-la-leucemia-y-habia-movilizado-a-toda-la-ciudad\/","url_meta":{"origin":31940,"position":0},"title":"BRANDSEN: FALLECI\u00d3 RICARDO, EL JOVEN QUE LUCHABA CONTRA LA LEUCEMIA, Y HAB\u00cdA MOVILIZADO A TODA LA CIUDAD","author":"Alejandro Sosa Ruda","date":"10 julio, 2019","format":false,"excerpt":"Pele\u00f3 todo lo que pudo, \u00e9l y su familia. La leucemia se llev\u00f3 la vida del joven Brandse\u00f1o, Ricardo Ojeda, de tan solo 19 a\u00f1os. Su caso se hizo p\u00fablico a mediados del a\u00f1o pasado y hab\u00eda movilizado a toda la ciudad tras un pedido de donaci\u00f3n de sangre y\u2026","rel":"","context":"En \u00abREGIONALES\u00bb","block_context":{"text":"REGIONALES","link":"https:\/\/larevistadigital.com.ar\/blog\/category\/regionales\/"},"img":{"alt_text":"","src":"https:\/\/i0.wp.com\/larevistadigital.com.ar\/blog\/wp-content\/uploads\/FB_IMG_1562697083478.jpg?fit=529%2C351&ssl=1&resize=350%2C200","width":350,"height":200,"srcset":"https:\/\/i0.wp.com\/larevistadigital.com.ar\/blog\/wp-content\/uploads\/FB_IMG_1562697083478.jpg?fit=529%2C351&ssl=1&resize=350%2C200 1x, https:\/\/i0.wp.com\/larevistadigital.com.ar\/blog\/wp-content\/uploads\/FB_IMG_1562697083478.jpg?fit=529%2C351&ssl=1&resize=525%2C300 1.5x"},"classes":[]},{"id":13561,"url":"https:\/\/larevistadigital.com.ar\/blog\/a-los-83-anos-de-edad-murio-santiago-bal\/","url_meta":{"origin":31940,"position":1},"title":"A LOS 83 A\u00d1OS DE EDAD, MURI\u00d3 SANTIAGO BAL","author":"Alejandro Sosa Ruda","date":"9 diciembre, 2019","format":false,"excerpt":"El actor de larga trayectoria en la comedia falleci\u00f3 esta ma\u00f1ana en el Instituto M\u00e9dico de Alta Complejidad. Desde principios de julio se encontraba internado en distintos centros especializados. Entre otras complicaciones, sufr\u00eda de EPOC, como consecuencia de sus a\u00f1os de fumador. El actor Santiago Bal falleci\u00f3 esta lunes en\u2026","rel":"","context":"En \u00abINTERES GENERAL\u00bb","block_context":{"text":"INTERES GENERAL","link":"https:\/\/larevistadigital.com.ar\/blog\/category\/interes-general\/"},"img":{"alt_text":"","src":"https:\/\/i0.wp.com\/larevistadigital.com.ar\/blog\/wp-content\/uploads\/Screenshot_1-68.jpg?fit=807%2C450&ssl=1&resize=350%2C200","width":350,"height":200,"srcset":"https:\/\/i0.wp.com\/larevistadigital.com.ar\/blog\/wp-content\/uploads\/Screenshot_1-68.jpg?fit=807%2C450&ssl=1&resize=350%2C200 1x, https:\/\/i0.wp.com\/larevistadigital.com.ar\/blog\/wp-content\/uploads\/Screenshot_1-68.jpg?fit=807%2C450&ssl=1&resize=525%2C300 1.5x, https:\/\/i0.wp.com\/larevistadigital.com.ar\/blog\/wp-content\/uploads\/Screenshot_1-68.jpg?fit=807%2C450&ssl=1&resize=700%2C400 2x"},"classes":[]},{"id":10404,"url":"https:\/\/larevistadigital.com.ar\/blog\/mar-del-plata-golpean-a-profesor-en-la-cabeza-para-robarle-murio-dos-dias-despues\/","url_meta":{"origin":31940,"position":2},"title":"MAR DEL PLATA: GOLPEAN A PROFESOR EN LA CABEZA PARA ROBARLE. MURI\u00d3 DOS D\u00cdAS DESPU\u00c9S","author":"Alejandro Sosa Ruda","date":"3 junio, 2019","format":false,"excerpt":"Miguel \u00c1ngel Unamuno era profesor en la Facultad de Ingenier\u00eda y el viernes sufri\u00f3 un violento robo en la esquina de su casa. El s\u00e1bado debi\u00f3 ser internado y debido a graves complicaciones respiratorias, falleci\u00f3. \u00a0Le realizar\u00e1n una autopsia para determinar si los hechos est\u00e1n relacionados. Un\u00a0profesor de ingenier\u00eda\u00a0que durante\u2026","rel":"","context":"En \u00abPOLICIALES\u00bb","block_context":{"text":"POLICIALES","link":"https:\/\/larevistadigital.com.ar\/blog\/category\/policiales\/"},"img":{"alt_text":"","src":"https:\/\/i0.wp.com\/larevistadigital.com.ar\/blog\/wp-content\/uploads\/Screenshot_2-2.jpg?fit=870%2C541&ssl=1&resize=350%2C200","width":350,"height":200,"srcset":"https:\/\/i0.wp.com\/larevistadigital.com.ar\/blog\/wp-content\/uploads\/Screenshot_2-2.jpg?fit=870%2C541&ssl=1&resize=350%2C200 1x, https:\/\/i0.wp.com\/larevistadigital.com.ar\/blog\/wp-content\/uploads\/Screenshot_2-2.jpg?fit=870%2C541&ssl=1&resize=525%2C300 1.5x, https:\/\/i0.wp.com\/larevistadigital.com.ar\/blog\/wp-content\/uploads\/Screenshot_2-2.jpg?fit=870%2C541&ssl=1&resize=700%2C400 2x"},"classes":[]},{"id":31488,"url":"https:\/\/larevistadigital.com.ar\/blog\/esto-ocurrio-un-dia-como-hoy-11-de-mayo\/","url_meta":{"origin":31940,"position":3},"title":"ESTO OCURRI\u00d3 UN D\u00cdA COMO HOY, 11 DE MAYO","author":"Alejandro Sosa Ruda","date":"11 mayo, 2023","format":false,"excerpt":"En un 11 de mayo, pero de 1544, parte de Sanl\u00facar de Barrameda (C\u00e1diz, sur de Espa\u00f1a) la expedici\u00f3n de Francisco de Orellana, primera que explor\u00f3 el Amazonas. OTRAS EFEM\u00c9RIDES 1801.- El torero \"Pepe-Hillo\" muere en Madrid cogido por un toro. 1873.- Guerra de Cuba. Ignacio Agramonte muere en los\u2026","rel":"","context":"En \u00abCULTURA\u00bb","block_context":{"text":"CULTURA","link":"https:\/\/larevistadigital.com.ar\/blog\/category\/cultura\/"},"img":{"alt_text":"","src":"https:\/\/i0.wp.com\/larevistadigital.com.ar\/blog\/wp-content\/uploads\/LOGO-EFEMERIDES.jpg?fit=1200%2C628&ssl=1&resize=350%2C200","width":350,"height":200,"srcset":"https:\/\/i0.wp.com\/larevistadigital.com.ar\/blog\/wp-content\/uploads\/LOGO-EFEMERIDES.jpg?fit=1200%2C628&ssl=1&resize=350%2C200 1x, https:\/\/i0.wp.com\/larevistadigital.com.ar\/blog\/wp-content\/uploads\/LOGO-EFEMERIDES.jpg?fit=1200%2C628&ssl=1&resize=525%2C300 1.5x, https:\/\/i0.wp.com\/larevistadigital.com.ar\/blog\/wp-content\/uploads\/LOGO-EFEMERIDES.jpg?fit=1200%2C628&ssl=1&resize=700%2C400 2x, https:\/\/i0.wp.com\/larevistadigital.com.ar\/blog\/wp-content\/uploads\/LOGO-EFEMERIDES.jpg?fit=1200%2C628&ssl=1&resize=1050%2C600 3x"},"classes":[]},{"id":7602,"url":"https:\/\/larevistadigital.com.ar\/blog\/de-la-rua-continua-en-terapia-intensiva-pero-su-salud-ha-mejorado\/","url_meta":{"origin":31940,"position":4},"title":"DE LA RUA CONTIN\u00daA EN TERAPIA INTENSIVA, PERO SU SALUD HA MEJORADO","author":"Alejandro Sosa Ruda","date":"5 enero, 2019","format":false,"excerpt":"El ex presidente experiment\u00f3 una leve mejor\u00eda, pero permanece sedado y con asistencia respiratoria mec\u00e1nica en el Hospital Universitario Austral; es su quinto d\u00eda de internaci\u00f3n Fernando de la R\u00faa\u00a0cumple este s\u00e1bado su quinto d\u00eda de internaci\u00f3n en el\u00a0Hospital Universitario Austral, sedado y con asistencia respiratoria mec\u00e1nica, pero allegados a\u2026","rel":"","context":"En \u00abPOLITICA\u00bb","block_context":{"text":"POLITICA","link":"https:\/\/larevistadigital.com.ar\/blog\/category\/politica\/"},"img":{"alt_text":"","src":"https:\/\/i0.wp.com\/larevistadigital.com.ar\/blog\/wp-content\/uploads\/2019\/01\/1546487849087.jpg?fit=1189%2C791&ssl=1&resize=350%2C200","width":350,"height":200,"srcset":"https:\/\/i0.wp.com\/larevistadigital.com.ar\/blog\/wp-content\/uploads\/2019\/01\/1546487849087.jpg?fit=1189%2C791&ssl=1&resize=350%2C200 1x, https:\/\/i0.wp.com\/larevistadigital.com.ar\/blog\/wp-content\/uploads\/2019\/01\/1546487849087.jpg?fit=1189%2C791&ssl=1&resize=525%2C300 1.5x, https:\/\/i0.wp.com\/larevistadigital.com.ar\/blog\/wp-content\/uploads\/2019\/01\/1546487849087.jpg?fit=1189%2C791&ssl=1&resize=700%2C400 2x, https:\/\/i0.wp.com\/larevistadigital.com.ar\/blog\/wp-content\/uploads\/2019\/01\/1546487849087.jpg?fit=1189%2C791&ssl=1&resize=1050%2C600 3x"},"classes":[]},{"id":4786,"url":"https:\/\/larevistadigital.com.ar\/blog\/murio-la-periodista-debora-perez-volpin-estudio-la-trinidad-aca-informe-la-clinica\/","url_meta":{"origin":31940,"position":5},"title":"MURI\u00d3 LA PERIODISTA D\u00c9BORA PEREZ VOLPIN DURANTE UN ESTUDIO EN \u00abLA TRINIDAD\u00bb (AC\u00c1 EL INFORME DE LA CL\u00cdNICA)","author":"Alejandro Sosa Ruda","date":"7 febrero, 2018","format":false,"excerpt":"De manera totalmente inesperada, la periodista y legisladora porte\u00f1a, D\u00e9bora P\u00e9rez Volpin falleci\u00f3 esta tarde noche en el Sanatorio \u201cLa Trinidad\u201d, en donde hab\u00eda ido a hacerse una \u201cendoscop\u00eda\u201d. La periodista de 50 a\u00f1os de edad, hab\u00eda estado padeciendo dolores de est\u00f3mago, por lo que se le hab\u00eda aconsejado hacerse\u2026","rel":"","context":"En \u00abCULTURA\u00bb","block_context":{"text":"CULTURA","link":"https:\/\/larevistadigital.com.ar\/blog\/category\/cultura\/"},"img":{"alt_text":"","src":"https:\/\/i0.wp.com\/larevistadigital.com.ar\/blog\/wp-content\/uploads\/2018\/02\/ByrGAiwLf_930x525__1.jpg?fit=930%2C525&ssl=1&resize=350%2C200","width":350,"height":200,"srcset":"https:\/\/i0.wp.com\/larevistadigital.com.ar\/blog\/wp-content\/uploads\/2018\/02\/ByrGAiwLf_930x525__1.jpg?fit=930%2C525&ssl=1&resize=350%2C200 1x, https:\/\/i0.wp.com\/larevistadigital.com.ar\/blog\/wp-content\/uploads\/2018\/02\/ByrGAiwLf_930x525__1.jpg?fit=930%2C525&ssl=1&resize=525%2C300 1.5x, https:\/\/i0.wp.com\/larevistadigital.com.ar\/blog\/wp-content\/uploads\/2018\/02\/ByrGAiwLf_930x525__1.jpg?fit=930%2C525&ssl=1&resize=700%2C400 2x"},"classes":[]}],"_links":{"self":[{"href":"https:\/\/larevistadigital.com.ar\/blog\/wp-json\/wp\/v2\/posts\/31940","targetHints":{"allow":["GET"]}}],"collection":[{"href":"https:\/\/larevistadigital.com.ar\/blog\/wp-json\/wp\/v2\/posts"}],"about":[{"href":"https:\/\/larevistadigital.com.ar\/blog\/wp-json\/wp\/v2\/types\/post"}],"author":[{"embeddable":true,"href":"https:\/\/larevistadigital.com.ar\/blog\/wp-json\/wp\/v2\/users\/3"}],"replies":[{"embeddable":true,"href":"https:\/\/larevistadigital.com.ar\/blog\/wp-json\/wp\/v2\/comments?post=31940"}],"version-history":[{"count":1,"href":"https:\/\/larevistadigital.com.ar\/blog\/wp-json\/wp\/v2\/posts\/31940\/revisions"}],"predecessor-version":[{"id":31942,"href":"https:\/\/larevistadigital.com.ar\/blog\/wp-json\/wp\/v2\/posts\/31940\/revisions\/31942"}],"wp:featuredmedia":[{"embeddable":true,"href":"https:\/\/larevistadigital.com.ar\/blog\/wp-json\/wp\/v2\/media\/31941"}],"wp:attachment":[{"href":"https:\/\/larevistadigital.com.ar\/blog\/wp-json\/wp\/v2\/media?parent=31940"}],"wp:term":[{"taxonomy":"category","embeddable":true,"href":"https:\/\/larevistadigital.com.ar\/blog\/wp-json\/wp\/v2\/categories?post=31940"},{"taxonomy":"post_tag","embeddable":true,"href":"https:\/\/larevistadigital.com.ar\/blog\/wp-json\/wp\/v2\/tags?post=31940"}],"curies":[{"name":"wp","href":"https:\/\/api.w.org\/{rel}","templated":true}]}}