{"id":31962,"date":"2023-06-13T13:37:47","date_gmt":"2023-06-13T13:37:47","guid":{"rendered":"https:\/\/larevistadigital.com.ar\/blog\/?p=31962"},"modified":"2023-06-13T13:37:47","modified_gmt":"2023-06-13T13:37:47","slug":"esto-paso-un-dia-como-hoy-13-de-junio","status":"publish","type":"post","link":"https:\/\/larevistadigital.com.ar\/blog\/esto-paso-un-dia-como-hoy-13-de-junio\/","title":{"rendered":"ESTO PAS\u00d3 UN D\u00cdA COMO HOY, 13 DE JUNIO"},"content":{"rendered":"<p class=\"paragraph\" data-mrf-recirculation=\"Links inline\">El 13 de junio no es un d\u00eda cualquiera, a trav\u00e9s de los a\u00f1os esta fecha ha sido escenario de distintos eventos que marcaron la historia de la humanidad y que son se\u00f1alados en el calendario como\u00a0<b>efem\u00e9rides<\/b>.<\/p>\n<p class=\"paragraph\" data-mrf-recirculation=\"Links inline\">Desde\u00a0<b>sucesos legendarios, infames tragedias e importantes adelantos cient\u00edficos<\/b>, hasta nacimientos y muertes de personajes relevantes como l\u00edderes sociales, cient\u00edficos y artistas, es lo que nos traen las efem\u00e9rides de este d\u00eda.<\/p>\n<p class=\"paragraph\" data-mrf-recirculation=\"Links inline\"><b>964<\/b>: Fecha de las Glosas Emilianenses de la biblioteca del Monasterio de San Mill\u00e1n de Yuso, tradicionalmente considerada el primer testimonio escrito en espa\u00f1ol.<\/p>\n<p class=\"paragraph\" data-mrf-recirculation=\"Links inline\"><b>1373<\/b>: Portugal e Inglaterra firman la Alianza Luso-Brit\u00e1nica, que ser\u00e1 renovada en 1386 con el Tratado de Windsor. Constituye la m\u00e1s antigua alianza entre naciones que se mantiene a\u00fan en vigor.<\/p>\n<p class=\"paragraph\" data-mrf-recirculation=\"Links inline\"><b>1381<\/b>: En Inglaterra, la revuelta de los campesinos, dirigida por Wat Tyler, llega a un punto cr\u00edtico, ya que los rebeldes incendian el Palacio Savoy.<\/p>\n<p class=\"paragraph\" data-mrf-recirculation=\"Links inline\"><b>1486<\/b>: En la actual Colomera (Espa\u00f1a), Fernando el Cat\u00f3lico con sus tropas conquista Mocl\u00edn.<\/p>\n<p class=\"paragraph\" data-mrf-recirculation=\"Links inline\"><b>1494<\/b>: Frente a la costa sur de la isla de Cuba, Crist\u00f3bal Col\u00f3n y sus marinos arriban a la Isla de la Juventud.<\/p>\n<p class=\"paragraph\" data-mrf-recirculation=\"Links inline\"><b>1525<\/b>: Mart\u00edn Lutero se casa con la monja Katharina von Bora, rompiendo el celibato.<\/p>\n<p class=\"paragraph\" data-mrf-recirculation=\"Links inline\"><b>1552<\/b>: Luis de Requesens se casa con Jer\u00f3nima Gralla.<\/p>\n<p class=\"paragraph\" data-mrf-recirculation=\"Links inline\"><b>1562<\/b>: En Argentina, al pie de la cordillera de los Andes, el conquistador espa\u00f1ol Juan Jufr\u00e9 y Montesa y sus hombres fundan la aldea de San Juan.<\/p>\n<p class=\"paragraph\" data-mrf-recirculation=\"Links inline\"><b>1567<\/b>: En Chile, el explorador espa\u00f1ol Mart\u00edn Ruiz de Gamboa, a nombre del gobernador Rodrigo de Quiroga, funda la aldea de Castro.<\/p>\n<p class=\"paragraph\" data-mrf-recirculation=\"Links inline\"><b>1580<\/b>: En Bogot\u00e1, Colombia se funda la Universidad Santo Tom\u00e1s por bula papal, convirti\u00e9ndose en la primera del pa\u00eds.<\/p>\n<p class=\"paragraph\" data-mrf-recirculation=\"Links inline\"><b>1589<\/b>: Francis Drake fracasa en su intento por conquistar Portugal.<\/p>\n<p class=\"paragraph\" data-mrf-recirculation=\"Links inline\"><b>1611<\/b>: El astr\u00f3nomo David Fabricius observa por primera vez las manchas solares.<\/p>\n<p class=\"paragraph\" data-mrf-recirculation=\"Links inline\"><b>1622<\/b>: En M\u00e9xico se inunda la Ciudad de M\u00e9xico.<\/p>\n<p class=\"paragraph\" data-mrf-recirculation=\"Links inline\"><b>1625<\/b>: En Inglaterra, Carlos I se casa con la princesa francesa Enriqueta Mar\u00eda de Borb\u00f3n.<\/p>\n<p class=\"paragraph\" data-mrf-recirculation=\"Links inline\"><b>1774<\/b>: Rhode Island se convierte en la primera colonia brit\u00e1nica que proh\u00edbe la esclavitud.<\/p>\n<p class=\"paragraph\" data-mrf-recirculation=\"Links inline\"><b>1798<\/b>: En California, los franciscanos fundan la misi\u00f3n de San Luis Rey.<\/p>\n<p class=\"paragraph\" data-mrf-recirculation=\"Links inline\"><b>1808<\/b>: En Espa\u00f1a, el ej\u00e9rcito invasor franc\u00e9s derriba a ca\u00f1onazos la puerta de la muralla de C\u00f3rdoba e ingresa a la ciudad. El general Dupont, al mando de las tropas napole\u00f3nicas, es v\u00edctima de varios disparos efectuados desde una vivienda, aunque sale ileso muriendo solo su caballo. Enfurecido, ordena un brutal saqueo en el que sus soldados cometen asesinatos, violaciones, robos y todo tipo de cr\u00edmenes contra la poblaci\u00f3n y el patrimonio de la ciudad.<\/p>\n<p class=\"paragraph\" data-mrf-recirculation=\"Links inline\"><b>1810<\/b>: En Alcal\u00e1 la Real (Espa\u00f1a), ante la negativa del corregidor de entregar las armas a los Escopeteros Voluntarios para luchar contra los franceses, el pueblo asalta su casa y lo mata junto con un sacerdote afrancesado que refugiaba.<\/p>\n<p class=\"paragraph\" data-mrf-recirculation=\"Links inline\"><b>1813<\/b>: Jos\u00e9 Bonaparte abandona definitivamente Espa\u00f1a.<\/p>\n<p class=\"paragraph\" data-mrf-recirculation=\"Links inline\"><b>1813<\/b>: En Espa\u00f1a, las tropas anglo-portuguesas de Wellington ocupan el castillo de Burgos, destruido tras una enconada resistencia.<\/p>\n<p class=\"paragraph\" data-mrf-recirculation=\"Links inline\"><b>1820<\/b>: En Chile, llega a Valpara\u00edso la escuadra del ej\u00e9rcito libertador comandada por Thomas Alexander Cochrane de regreso de su expedici\u00f3n al Per\u00fa.<\/p>\n<p class=\"paragraph\" data-mrf-recirculation=\"Links inline\"><b>1823<\/b>: En Per\u00fa, las tropas espa\u00f1olas ocupan y saquean Lima.<\/p>\n<p class=\"paragraph\" data-mrf-recirculation=\"Links inline\"><b>1859<\/b>: En M\u00e9xico, el presidente Benito Ju\u00e1rez declara propiedad nacional todos los bienes de la Iglesia cat\u00f3lica.<\/p>\n<p class=\"paragraph\" data-mrf-recirculation=\"Links inline\"><b>1886<\/b>: En Columbia Brit\u00e1nica (Canad\u00e1), un incendio devasta la mayor parte de la ciudad de Vancouver.<\/p>\n<p class=\"paragraph\" data-mrf-recirculation=\"Links inline\"><b>1898<\/b>: En Canad\u00e1 se forma el Territorio del Yuk\u00f3n. Dawson es elegida su capital.<\/p>\n<p class=\"paragraph\" data-mrf-recirculation=\"Links inline\"><b>1904<\/b>: En Argentina, el pol\u00edtico Manuel Quintana es electo presidente mediante elecciones democr\u00e1ticas.<\/p>\n<p class=\"paragraph\" data-mrf-recirculation=\"Links inline\"><b>1905<\/b>: En Argentina comienzan grandes inundaciones, especialmente en las provincias de Santa Fe, Entre R\u00edos, Chaco y Formosa.<\/p>\n<p class=\"paragraph\" data-mrf-recirculation=\"Links inline\"><b>1913<\/b>: En M\u00e9xico se libra el combate de Bustillos.<\/p>\n<p class=\"paragraph\" data-mrf-recirculation=\"Links inline\"><b>1917<\/b>: En Lima (Per\u00fa), John A. Mackay funda el Colegio San Andr\u00e9s.<\/p>\n<p class=\"paragraph\" data-mrf-recirculation=\"Links inline\"><b>1920<\/b>: Estalla una bomba en el teatro de La Habana, durante la presentaci\u00f3n de la obra Aida, interven\u00eda como tenor Enrico Caruso.<\/p>\n<p class=\"paragraph\" data-mrf-recirculation=\"Links inline\"><b>1934<\/b>: En Venecia (Italia) se re\u00fanen Adolf Hitler y Mussolini.<\/p>\n<p class=\"paragraph\" data-mrf-recirculation=\"Links inline\"><b>1937<\/b>: En Marsella (Francia), se inaugura el Stade V\u00e9lodrome.<\/p>\n<p class=\"paragraph\" data-mrf-recirculation=\"Links inline\"><b>1939<\/b>: Llegan a M\u00e9xico 2500 exiliados espa\u00f1oles escapando de la dictadura de Franco (1939-1975).<\/p>\n<p class=\"paragraph\" data-mrf-recirculation=\"Links inline\"><b>1948<\/b>: En el Yankee Stadium (Estados Unidos) se realiza un homenaje al beisbolista Babe Ruth.<\/p>\n<p class=\"paragraph\" data-mrf-recirculation=\"Links inline\"><b>1952<\/b>: Un Douglas DC-3 del ej\u00e9rcito sueco es derribado por un MiG-15 sovi\u00e9tico (esc\u00e1ndalo Catalina).<\/p>\n<p class=\"paragraph\" data-mrf-recirculation=\"Links inline\"><b>1953<\/b>: En Colombia, el general Gustavo Rojas Pinilla perpetra un golpe de Estado contra el presidente constitucional Laureano G\u00f3mez.<\/p>\n<p class=\"paragraph\" data-mrf-recirculation=\"Links inline\"><b>1954<\/b>: En Bogot\u00e1, inicia sus transmisiones la Televisora Nacional.<\/p>\n<p class=\"paragraph\" data-mrf-recirculation=\"Links inline\"><b>1956<\/b>: En el atol\u00f3n Enewetak, Estados Unidos detona la bomba at\u00f3mica Kickapoo (nombre de una etnia de nativos americanos), de 1,49\u00a0kilotones, la n.\u00ba\u00a079 de las 1054 que Estados Unidos deton\u00f3 entre 1945\u00a0y\u00a01992.<\/p>\n<p class=\"paragraph\" data-mrf-recirculation=\"Links inline\"><b>1956<\/b>: El Real Madrid gana la primera edici\u00f3n de la Copa de Europa de Clubes al vencer al Stade de Reims.<\/p>\n<p class=\"paragraph\" data-mrf-recirculation=\"Links inline\"><b>1973<\/b>: Henry Kissinger y el presidente vietnamita Le Duc Tho firman un acuerdo de paz.<\/p>\n<p class=\"paragraph\" data-mrf-recirculation=\"Links inline\"><b>1978<\/b>: El ej\u00e9rcito de Israel desocupa el L\u00edbano.<\/p>\n<p class=\"paragraph\" data-mrf-recirculation=\"Links inline\"><b>1982<\/b>: En Espa\u00f1a comienza la Copa Mundial de F\u00fatbol de 1982, en la que Italia obtuvo su tercer t\u00edtulo de campeona.<\/p>\n<p class=\"paragraph\" data-mrf-recirculation=\"Links inline\"><b>1983<\/b>: La astronave estadounidense Pioneer 10 se convierte en el primer objeto de fabricaci\u00f3n humana en abandonar el Sistema Solar.<\/p>\n<p class=\"paragraph\" data-mrf-recirculation=\"Links inline\"><b>1990<\/b>: Nelson Mandela pide al Parlamento Europeo ayuda econ\u00f3mica para compensar los gastos por el regreso de 20\u00a0000 exiliados pol\u00edticos a su pa\u00eds.<\/p>\n<p class=\"paragraph\" data-mrf-recirculation=\"Links inline\"><b>1990<\/b>: Es abatido por el Bloque de b\u00fasqueda John Jairo Arias mano derecha del narcotraficante Pablo Escobar<\/p>\n<p class=\"paragraph\" data-mrf-recirculation=\"Links inline\"><b>1993<\/b>: Juan Pablo II cierra en Sevilla el 45.\u00ba Congreso Eucar\u00edstico Internacional.<\/p>\n<p class=\"paragraph\" data-mrf-recirculation=\"Links inline\"><b>1994<\/b>: Firma del Tratado de Libre Comercio entre M\u00e9xico, Colombia y Venezuela (Grupo de los Tres).<\/p>\n<p class=\"paragraph\" data-mrf-recirculation=\"Links inline\"><b>1996<\/b>: El parlamento de B\u00e9lgica aprueba la abolici\u00f3n de la pena de muerte en ese pa\u00eds.<\/p>\n<p class=\"paragraph\" data-mrf-recirculation=\"Links inline\"><b>2005<\/b>: En la zona norte de Chile sucede un terremoto de 7.9 grados en la escala de Richter. Afecta principalmente a la ciudad de Iquique y pueblos aleda\u00f1os.<\/p>\n<p class=\"paragraph\" data-mrf-recirculation=\"Links inline\"><b>2005<\/b>: En Estados Unidos, el cantante estadounidense Michael Jackson es declarado inocente de todos los cargos en el caso People V. Jackson, por falta de pruebas y fraude por parte de la familia del menor implicado.<\/p>\n<p class=\"paragraph\" data-mrf-recirculation=\"Links inline\"><b>2007<\/b>: En Samarra se perpetra un atentado en la Mezquita Al Askari.<\/p>\n<p class=\"paragraph\" data-mrf-recirculation=\"Links inline\"><b>2008<\/b>: En Zaragoza (Espa\u00f1a) se inaugura la Expo 2008.<\/p>\n<p class=\"paragraph\" data-mrf-recirculation=\"Links inline\"><b>2015<\/b>: En Estocolmo, Suecia, se celebra la boda entre el pr\u00edncipe Carlos Felipe y la exmodelo Sofia Hellqvist.<\/p>\n<p class=\"paragraph\" data-mrf-recirculation=\"Links inline\"><b>2021<\/b>: En medio de la pandemia por COVID-19 y luego de la cancelaci\u00f3n de sede en Colombia y Argentina, comienza la Copa Am\u00e9rica XLVII con sede en Brasil.<\/p>\n<h2 class=\"header\"><span style=\"color: #ff0000\">Nacimientos<\/span><\/h2>\n<p class=\"paragraph\" data-mrf-recirculation=\"Links inline\"><b>40<\/b>: Cneo Julio Agr\u00edcola, general romano (f. 93).<\/p>\n<p class=\"paragraph\" data-mrf-recirculation=\"Links inline\"><b>823<\/b>: Carlos el Calvo, rey de Francia (843-877) y emperador del Sacro Imperio Romano Germ\u00e1nico desde 875 (f. 877).<\/p>\n<p class=\"paragraph\" data-mrf-recirculation=\"Links inline\"><b>839<\/b>: Carlos III el Gordo, emperador romano (f. 888).<\/p>\n<p class=\"paragraph\" data-mrf-recirculation=\"Links inline\"><b>1430<\/b>: Beatriz de Avis y Braganza, arist\u00f3crata espa\u00f1ola, madre de Manuel I de Portugal y t\u00eda de Isabel la Cat\u00f3lica (f. 1506).<\/p>\n<p class=\"paragraph\" data-mrf-recirculation=\"Links inline\"><b>1649<\/b>: Adrien Baillet, erudito y cr\u00edtico franc\u00e9s (f. 1706).<\/p>\n<p class=\"paragraph\" data-mrf-recirculation=\"Links inline\"><b>1651<\/b>: Lorenzo Antonio de Granda y Balb\u00edn, pol\u00edtico espa\u00f1ol, gobernador de Costa Rica (f. 1712).<\/p>\n<p class=\"paragraph\" data-mrf-recirculation=\"Links inline\"><b>1752<\/b>: Fanny Burney, escritora brit\u00e1nica (f. 1840).<\/p>\n<p class=\"paragraph\" data-mrf-recirculation=\"Links inline\"><b>1753<\/b>: Nicol\u00e1s Dalayrac (Nicolas-Marie d&#8217;Alayrac), compositor franc\u00e9s (f. 1809).<\/p>\n<p class=\"paragraph\" data-mrf-recirculation=\"Links inline\"><b>1753<\/b>: Johan Afzelius, qu\u00edmico sueco (f. 1837).<\/p>\n<p class=\"paragraph\" data-mrf-recirculation=\"Links inline\"><b>1763<\/b>: Jos\u00e9 Bonifacio (Jos\u00e9 Bonif\u00e1cio de Andrade e Silva), naturalista, estadista, poeta y pol\u00edtico independentista brasile\u00f1o (f. 1838).<\/p>\n<p class=\"paragraph\" data-mrf-recirculation=\"Links inline\"><b>1773<\/b>: Thomas Young, cient\u00edfico brit\u00e1nico (f. 1829).<\/p>\n<p class=\"paragraph\" data-mrf-recirculation=\"Links inline\"><b>1775<\/b>: Antoni Radziwi\u0142\u0142, arist\u00f3crata y pol\u00edtico polaco (f. 1833).<\/p>\n<p class=\"paragraph\" data-mrf-recirculation=\"Links inline\"><b>1786<\/b>: Winfield Scott, general estadounidense (f. 1866).<\/p>\n<p class=\"paragraph\" data-mrf-recirculation=\"Links inline\"><b>1790<\/b>: Jos\u00e9 Antonio P\u00e1ez, presidente venezolano (f. 1873).<\/p>\n<p class=\"paragraph\" data-mrf-recirculation=\"Links inline\"><b>1817<\/b>: Antonio de Torres, lutier espa\u00f1ol (f. 1892).<\/p>\n<p class=\"paragraph\" data-mrf-recirculation=\"Links inline\"><b>1817<\/b>: Antonio Varas, pol\u00edtico y abogado chileno (f. 1886).<\/p>\n<p class=\"paragraph\" data-mrf-recirculation=\"Links inline\"><b>1821<\/b>: Albert de Broglie, historiador y pol\u00edtico mon\u00e1rquico franc\u00e9s (f. 1901).<\/p>\n<p class=\"paragraph\" data-mrf-recirculation=\"Links inline\"><b>1831<\/b>: James Clerk Maxwell, f\u00edsico brit\u00e1nico, creador de la teor\u00eda electromagn\u00e9tica (f. 1879).<\/p>\n<p class=\"paragraph\" data-mrf-recirculation=\"Links inline\"><b>1838<\/b>: Eduard Pospichal, bot\u00e1nico austr\u00edaco (f. 1905).<\/p>\n<p class=\"paragraph\" data-mrf-recirculation=\"Links inline\"><b>1849<\/b>: May\u00eda Rodr\u00edguez, militar cubano (f. 1903).<\/p>\n<p class=\"paragraph\" data-mrf-recirculation=\"Links inline\"><b>1854<\/b>: Charles Algernon Parsons, ingeniero brit\u00e1nico (f. 1931).<\/p>\n<p class=\"paragraph\" data-mrf-recirculation=\"Links inline\"><b>1865<\/b>: William Butler Yeats, poeta y dramaturgo irland\u00e9s, Premio Nobel de literatura en 1923 (f. 1939).<\/p>\n<p class=\"paragraph\" data-mrf-recirculation=\"Links inline\"><b>1866<\/b>: Aur\u00e9lia de Sousa, pintora portuguesa (f. 1922).<\/p>\n<p class=\"paragraph\" data-mrf-recirculation=\"Links inline\"><b>1866<\/b>: Aby Warburg, historiador del arte y ensayista alem\u00e1n (f. 1929).<\/p>\n<p class=\"paragraph\" data-mrf-recirculation=\"Links inline\"><b>1868<\/b>: Felipe \u00c1ngeles, militar y pol\u00edtico mexicano (f. 1919).<\/p>\n<p class=\"paragraph\" data-mrf-recirculation=\"Links inline\"><b>1870<\/b>: Jules Bordet, m\u00e9dico belga, Premio Nobel de medicina en 1919 (f. 1961).<\/p>\n<p class=\"paragraph\" data-mrf-recirculation=\"Links inline\"><b>1873<\/b>: Karin Swanstr\u00f6m, actriz, directora y productora cinematogr\u00e1fica sueca (f. 1942).<\/p>\n<p class=\"paragraph\" data-mrf-recirculation=\"Links inline\"><b>1874<\/b>: Leopoldo Lugones, poeta argentino (f. 1938).<\/p>\n<p class=\"paragraph\" data-mrf-recirculation=\"Links inline\"><b>1877<\/b>: Joseph Stella, pintor estadounidense (f. 1946).<\/p>\n<p class=\"paragraph\" data-mrf-recirculation=\"Links inline\"><b>1879<\/b>: \u00c1lvaro de Albornoz, pol\u00edtico republicano espa\u00f1ol (f. 1954).<\/p>\n<p class=\"paragraph\" data-mrf-recirculation=\"Links inline\"><b>1884<\/b>: \u00c1nton Drexler, pol\u00edtico alem\u00e1n, fundador del partido nazi y mentor de Adolf Hitler (f. 1942).<\/p>\n<p class=\"paragraph\" data-mrf-recirculation=\"Links inline\"><b>1887<\/b>: Jorge Ch\u00e1vez, aviador peruano (f. 1910).<\/p>\n<p class=\"paragraph\" data-mrf-recirculation=\"Links inline\"><b>1888<\/b>: Fernando Pessoa, escritor y poeta portugu\u00e9s (f. 1935).<\/p>\n<p class=\"paragraph\" data-mrf-recirculation=\"Links inline\"><b>1888<\/b>: Elisabeth Schumann, soprano alemana (f. 1952).<\/p>\n<p class=\"paragraph\" data-mrf-recirculation=\"Links inline\"><b>1889<\/b>: Amadeo Bordiga, pol\u00edtico italiano (f. 1970).<\/p>\n<p class=\"paragraph\" data-mrf-recirculation=\"Links inline\"><b>1892<\/b>: Basil Rathbone, actor brit\u00e1nico (f. 1967).<\/p>\n<p class=\"paragraph\" data-mrf-recirculation=\"Links inline\"><b>1893<\/b>: Dorothy L. Sayers, escritora brit\u00e1nica (f. 1957).<\/p>\n<p class=\"paragraph\" data-mrf-recirculation=\"Links inline\"><b>1894<\/b>: Tay Garnett, cineasta y guionista estadounidense (f. 1977).<\/p>\n<p class=\"paragraph\" data-mrf-recirculation=\"Links inline\"><b>1895<\/b>: Jos\u00e9 Berruezo Silvente, pol\u00edtico y anarquista espa\u00f1ol (f. 1990).<\/p>\n<p class=\"paragraph\" data-mrf-recirculation=\"Links inline\"><b>1897<\/b>: Paavo Nurmi, atleta finland\u00e9s (f. 1973).<\/p>\n<p class=\"paragraph\" data-mrf-recirculation=\"Links inline\"><b>1899<\/b>: Carlos Ch\u00e1vez (79), director de orquesta y compositor mexicano (f. 1978).<\/p>\n<p class=\"paragraph\" data-mrf-recirculation=\"Links inline\"><b>1905<\/b>: Ant\u00f4nia da Santa Cruz, supercentenaria brasile\u00f1a, \u00faltima persona verificada nacida en 1905 (f. 2022).<\/p>\n<p class=\"paragraph\" data-mrf-recirculation=\"Links inline\"><b>1906<\/b>: Bruno de Finetti, matem\u00e1tico italiano (f. 1985).<\/p>\n<p class=\"paragraph\" data-mrf-recirculation=\"Links inline\"><b>1909<\/b>: Antonio A\u00f1overos Ata\u00fan, sacerdote espa\u00f1ol (f. 1987).<\/p>\n<p class=\"paragraph\" data-mrf-recirculation=\"Links inline\"><b>1910<\/b>: Gonzalo Torrente Ballester, escritor espa\u00f1ol (f. 1999).<\/p>\n<p class=\"paragraph\" data-mrf-recirculation=\"Links inline\"><b>1911<\/b>: Luis Walter \u00c1lvarez, cient\u00edfico estadounidense, Premio Nobel de f\u00edsica en 1968 (f. 1998).<\/p>\n<p class=\"paragraph\" data-mrf-recirculation=\"Links inline\"><b>1914<\/b>: Anna Maria Ortese, escritora italiana (f. 1998).<\/p>\n<p class=\"paragraph\" data-mrf-recirculation=\"Links inline\"><b>1915<\/b>: Don Budge, tenista estadounidense (f. 2000).<\/p>\n<p class=\"paragraph\" data-mrf-recirculation=\"Links inline\"><b>1917<\/b>: Enrique Alarc\u00f3n, decorador de cine espa\u00f1ol (f. 1995).<\/p>\n<p class=\"paragraph\" data-mrf-recirculation=\"Links inline\"><b>1917<\/b>: Augusto Roa Bastos, escritor paraguayo (f. 2005).<\/p>\n<p class=\"paragraph\" data-mrf-recirculation=\"Links inline\"><b>1918<\/b>: Ben Johnson, actor estadounidense (f. 1996).<\/p>\n<p class=\"paragraph\" data-mrf-recirculation=\"Links inline\"><b>1918<\/b>: Percy Rodrigues, actor canadiense (f. 2007).<\/p>\n<p class=\"paragraph\" data-mrf-recirculation=\"Links inline\"><b>1921<\/b>: Antonio Ram\u00edrez Gonz\u00e1lez, m\u00e9dico y cirujano colombiano (f. 2003).<\/p>\n<p class=\"paragraph\" data-mrf-recirculation=\"Links inline\"><b>1923<\/b>: Antonio Pereira, escritor espa\u00f1ol (f. 2009).<\/p>\n<p class=\"paragraph\" data-mrf-recirculation=\"Links inline\"><b>1926<\/b>: Dalmiro S\u00e1enz, escritor argentino (f. 2016).<\/p>\n<p class=\"paragraph\" data-mrf-recirculation=\"Links inline\"><b>1927<\/b>: Slim Dusty, cantautor australiano (f. 2003).<\/p>\n<p class=\"paragraph\" data-mrf-recirculation=\"Links inline\"><b>1928<\/b>: John Forbes Nash, matem\u00e1tico estadounidense, Premio Nobel Conmemorativo de Econom\u00eda en 1994 (f. 2015).<\/p>\n<p class=\"paragraph\" data-mrf-recirculation=\"Links inline\"><b>1931<\/b>: Irvin D. Yalom, escritor, catedr\u00e1tico y psicoterapeuta estadounidense.<\/p>\n<p class=\"paragraph\" data-mrf-recirculation=\"Links inline\"><b>1932<\/b>: Jaime Pe\u00f1afiel, periodista espa\u00f1ol.<\/p>\n<p class=\"paragraph\" data-mrf-recirculation=\"Links inline\"><b>1933<\/b>: Ra\u00fal Borr\u00e1s, pol\u00edtico argentino, ministro de Defensa de Alfons\u00edn (f. 1985).<\/p>\n<p class=\"paragraph\" data-mrf-recirculation=\"Links inline\"><b>1933<\/b>: C\u00e9sar Gir\u00f3n, torero venezolano (f. 1971).<\/p>\n<p class=\"paragraph\" data-mrf-recirculation=\"Links inline\"><b>1934<\/b>: Antonio Jim\u00e9nez Quiles, ciclista espa\u00f1ol.<\/p>\n<p class=\"paragraph\" data-mrf-recirculation=\"Links inline\"><b>1934<\/b>: Manuel Clouthier, pol\u00edtico mexicano (f. 1989).<\/p>\n<p class=\"paragraph\" data-mrf-recirculation=\"Links inline\"><b>1935<\/b>: Javier Aguirre Fern\u00e1ndez, cineasta espa\u00f1ol (f. 2019).<\/p>\n<p class=\"paragraph\" data-mrf-recirculation=\"Links inline\"><b>1935<\/b>: Christo Vladimirov Javacheff, artista y pintor b\u00falgaro, esposo de la artista Jeanne-Claude (f. 2020).<\/p>\n<p class=\"paragraph\" data-mrf-recirculation=\"Links inline\"><b>1935<\/b>: Ugn\u00e9 Karvelis, escritora, cr\u00edtica literaria, traductora y diplom\u00e1tica lituana, esposa del escritor Julio Cort\u00e1zar (f. 2002).<\/p>\n<p class=\"paragraph\" data-mrf-recirculation=\"Links inline\"><b>1941<\/b>: Frans Verbeeck, ciclista belga.<\/p>\n<p class=\"paragraph\" data-mrf-recirculation=\"Links inline\"><b>1943<\/b>: Malcolm McDowell, actor brit\u00e1nico.<\/p>\n<p class=\"paragraph\" data-mrf-recirculation=\"Links inline\"><b>1943<\/b>: Emilio Ambasz, arquitecto argentino.<\/p>\n<p class=\"paragraph\" data-mrf-recirculation=\"Links inline\"><b>1944<\/b>: Ban Ki-moon, diplom\u00e1tico surcoreano, secretario general de la ONU entre 2007 y 2016.<\/p>\n<p class=\"paragraph\" data-mrf-recirculation=\"Links inline\"><b>1946<\/b>: Aurora Maria Nascimento Furtado, militante y guerrillera brasile\u00f1a (f. 1972).<\/p>\n<p class=\"paragraph\" data-mrf-recirculation=\"Links inline\"><b>1946<\/b>: Mario David Garc\u00eda Vel\u00e1squez, periodista y pol\u00edtico guatemalteco.<\/p>\n<p class=\"paragraph\" data-mrf-recirculation=\"Links inline\"><b>1946<\/b>: Cristina Hoyos, bailarina espa\u00f1ola.<\/p>\n<p class=\"paragraph\" data-mrf-recirculation=\"Links inline\"><b>1946<\/b>: Montserrat Roig, escritora espa\u00f1ola (f. 1991).<\/p>\n<p class=\"paragraph\" data-mrf-recirculation=\"Links inline\"><b>1946<\/b>: Paul L. Modrich, bioqu\u00edmico estadounidense.<\/p>\n<p class=\"paragraph\" data-mrf-recirculation=\"Links inline\"><b>1950<\/b>: Eiko Yamada, seiy\u016b, japonesa.<\/p>\n<p class=\"paragraph\" data-mrf-recirculation=\"Links inline\"><b>1951<\/b>: Stellan Skarsg\u00e5rd, actor sueco<\/p>\n<p class=\"paragraph\" data-mrf-recirculation=\"Links inline\"><b>1953<\/b>: Tim Allen, actor, c\u00f3mico y escritor estadounidense.<\/p>\n<p class=\"paragraph\" data-mrf-recirculation=\"Links inline\"><b>1954<\/b>: Andrzej Lepper, pol\u00edtico polaco (f. 2011).<\/p>\n<p class=\"paragraph\" data-mrf-recirculation=\"Links inline\"><b>1957<\/b>: Adolfo Roitman, arque\u00f3logo y experto en religiones comparadas argentino-israel\u00ed.<\/p>\n<p class=\"paragraph\" data-mrf-recirculation=\"Links inline\"><b>1958<\/b>: Fernando Mar\u00edas Amondo, escritor espa\u00f1ol.<\/p>\n<p class=\"paragraph\" data-mrf-recirculation=\"Links inline\"><b>1959<\/b>: Jos\u00e9 Weinstein, soci\u00f3logo chileno.<\/p>\n<p class=\"paragraph\" data-mrf-recirculation=\"Links inline\"><b>1960<\/b>: Evaristo P\u00e1ramos, cantante espa\u00f1ol de m\u00fasica punk.<\/p>\n<p class=\"paragraph\" data-mrf-recirculation=\"Links inline\"><b>1962<\/b>: Ally Sheedy, actriz estadounidense.<\/p>\n<p class=\"paragraph\" data-mrf-recirculation=\"Links inline\"><b>1963<\/b>: Bettina Bunge, tenista alemana de origen suizo.<\/p>\n<p class=\"paragraph\" data-mrf-recirculation=\"Links inline\"><b>1963<\/b>: Alaska (Olvido Gara), cantante espa\u00f1ola de origen mexicano.<\/p>\n<p class=\"paragraph\" data-mrf-recirculation=\"Links inline\"><b>1965<\/b>: Cristina de Borb\u00f3n, infanta espa\u00f1ola.<\/p>\n<p class=\"paragraph\" data-mrf-recirculation=\"Links inline\"><b>1965<\/b>: Lukas Ligeti, compositor y percusionista austriaco.<\/p>\n<p class=\"paragraph\" data-mrf-recirculation=\"Links inline\"><b>1966<\/b>: Luis Merlo, actor espa\u00f1ol.<\/p>\n<p class=\"paragraph\" data-mrf-recirculation=\"Links inline\"><b>1966<\/b>: Grigori Perelm\u00e1n, matem\u00e1tico ruso.<\/p>\n<p class=\"paragraph\" data-mrf-recirculation=\"Links inline\"><b>1967<\/b>: Jeanine \u00c1\u00f1ez, abogada y pol\u00edtica boliviana, presidenta de Bolivia entre 2019 y 2020.<\/p>\n<p class=\"paragraph\" data-mrf-recirculation=\"Links inline\"><b>1968<\/b>: Pedro V\u00edllora, escritor espa\u00f1ol.<\/p>\n<p class=\"paragraph\" data-mrf-recirculation=\"Links inline\"><b>1968<\/b>: David Gray, cantautor brit\u00e1nico.<\/p>\n<p class=\"paragraph\" data-mrf-recirculation=\"Links inline\"><b>1968<\/b>: Gianni Morbidelli, piloto de automovilismo italiano.<\/p>\n<p class=\"paragraph\" data-mrf-recirculation=\"Links inline\"><b>1969<\/b>: Cayetana Guill\u00e9n Cuervo, actriz espa\u00f1ola.<\/p>\n<p class=\"paragraph\" data-mrf-recirculation=\"Links inline\"><b>1969<\/b>: Charlie Mass\u00f3, cantante, actor y presentador de televisi\u00f3n puertorrique\u00f1o<\/p>\n<p class=\"paragraph\" data-mrf-recirculation=\"Links inline\"><b>1970<\/b>: Juli\u00e1n Gil, actor y modelo argentino.<\/p>\n<p class=\"paragraph\" data-mrf-recirculation=\"Links inline\"><b>1970<\/b>: Rivers Cuomo, m\u00fasico, cantante y compositor estadounidense, de la banda Weezer.<\/p>\n<p class=\"paragraph\" data-mrf-recirculation=\"Links inline\"><b>1971<\/b>: Andoni Luis Aduriz, cocinero espa\u00f1ol.<\/p>\n<p class=\"paragraph\" data-mrf-recirculation=\"Links inline\"><b>1972<\/b>: Kristjan J\u00e4rvi, director de orquesta y compositor sovi\u00e9tico-estadounidense.<\/p>\n<p class=\"paragraph\" data-mrf-recirculation=\"Links inline\"><b>1972<\/b>: Lourdes Reyes, actriz de televisi\u00f3n mexicana.<\/p>\n<p class=\"paragraph\" data-mrf-recirculation=\"Links inline\"><b>1972<\/b>: Pedro Pablo Trevi\u00f1o Villarreal, abogado y pol\u00edtico mexicano.<\/p>\n<p class=\"paragraph\" data-mrf-recirculation=\"Links inline\"><b>1973<\/b>: Ville Laihiala, cantante finland\u00e9s, de la banda Poisonblack.<\/p>\n<p class=\"paragraph\" data-mrf-recirculation=\"Links inline\"><b>1973<\/b>: Kasia Kowalska, cantante y actriz polaca.<\/p>\n<p class=\"paragraph\" data-mrf-recirculation=\"Links inline\"><b>1974<\/b>: Selma Bj\u00f6rnsd\u00f3ttir, cantante islandesa.<\/p>\n<p class=\"paragraph\" data-mrf-recirculation=\"Links inline\"><b>1974<\/b>: Stephen Gilchrist Glover, conocido como Steve-O, actor y comediante brit\u00e1nico.<\/p>\n<p class=\"paragraph\" data-mrf-recirculation=\"Links inline\"><b>1974<\/b>: Fl\u00e1vio Concei\u00e7\u00e3o, futbolista brasile\u00f1o.<\/p>\n<p class=\"paragraph\" data-mrf-recirculation=\"Links inline\"><b>1974<\/b>: Takahiro Sakurai, seiy\u016b japon\u00e9s.<\/p>\n<p class=\"paragraph\" data-mrf-recirculation=\"Links inline\"><b>1977<\/b>: Shinichi Kawaguchi, futbolista japon\u00e9s.<\/p>\n<p class=\"paragraph\" data-mrf-recirculation=\"Links inline\"><b>1978<\/b>: Lucas Mart\u00edn Valdemar\u00edn, futbolista argentino.<\/p>\n<p class=\"paragraph\" data-mrf-recirculation=\"Links inline\"><b>1978<\/b>: Richard Kingson, futbolista ghan\u00e9s.<\/p>\n<p class=\"paragraph\" data-mrf-recirculation=\"Links inline\"><b>1979<\/b>: Mauro Esposito, futbolista italiano.<\/p>\n<p class=\"paragraph\" data-mrf-recirculation=\"Links inline\"><b>1979<\/b>: Esther Anderson, actriz y modelo australiana.<\/p>\n<p class=\"paragraph\" data-mrf-recirculation=\"Links inline\"><b>1979<\/b>: Antonio Ca\u00f1adas, futbolista espa\u00f1ol.<\/p>\n<p class=\"paragraph\" data-mrf-recirculation=\"Links inline\"><b>1980<\/b>: Juan Carlos Navarro, baloncestista espa\u00f1ol.<\/p>\n<p class=\"paragraph\" data-mrf-recirculation=\"Links inline\"><b>1980<\/b>: Florent Malouda, futbolista franc\u00e9s.<\/p>\n<p class=\"paragraph\" data-mrf-recirculation=\"Links inline\"><b>1980<\/b>: Sarah Connor, cantante alemana.<\/p>\n<p class=\"paragraph\" data-mrf-recirculation=\"Links inline\"><b>1981<\/b>: Chris Evans, actor estadounidense.<\/p>\n<p class=\"paragraph\" data-mrf-recirculation=\"Links inline\"><b>1981<\/b>: El Fandi, torero espa\u00f1ol.<\/p>\n<p class=\"paragraph\" data-mrf-recirculation=\"Links inline\"><b>1982<\/b>: Kenenisa Bekele, atleta et\u00edope.<\/p>\n<p class=\"paragraph\" data-mrf-recirculation=\"Links inline\"><b>1982<\/b>: Kento Hori, futbolista japon\u00e9s.<\/p>\n<p class=\"paragraph\" data-mrf-recirculation=\"Links inline\"><b>1982<\/b>: Keita Sugimoto, futbolista japon\u00e9s.<\/p>\n<p class=\"paragraph\" data-mrf-recirculation=\"Links inline\"><b>1983<\/b>: Rebeca Linares, actriz pornogr\u00e1fica espa\u00f1ola.<\/p>\n<p class=\"paragraph\" data-mrf-recirculation=\"Links inline\"><b>1984<\/b>: Nery Castillo, futbolista mexicano.<\/p>\n<p class=\"paragraph\" data-mrf-recirculation=\"Links inline\"><b>1984<\/b>: Ryuji Akiba, futbolista japon\u00e9s.<\/p>\n<p class=\"paragraph\" data-mrf-recirculation=\"Links inline\"><b>1984<\/b>: Takuya Muguruma, futbolista japon\u00e9s.<\/p>\n<p class=\"paragraph\" data-mrf-recirculation=\"Links inline\"><b>1985<\/b>: Alberto Zapater, futbolista espa\u00f1ol.<\/p>\n<p class=\"paragraph\" data-mrf-recirculation=\"Links inline\"><b>1985<\/b>: Will John, futbolista estadounidense.<\/p>\n<p class=\"paragraph\" data-mrf-recirculation=\"Links inline\"><b>1986<\/b>: Mary-Kate y Ashley Olsen, actrices estadounidenses.<\/p>\n<p class=\"paragraph\" data-mrf-recirculation=\"Links inline\"><b>1986<\/b>: Kat Dennings, actriz estadounidense.<\/p>\n<p class=\"paragraph\" data-mrf-recirculation=\"Links inline\"><b>1986<\/b>: Keisuke Honda, futbolista japon\u00e9s.<\/p>\n<p class=\"paragraph\" data-mrf-recirculation=\"Links inline\"><b>1986<\/b>: James Marcelin, futbolista haitiano.<\/p>\n<p class=\"paragraph\" data-mrf-recirculation=\"Links inline\"><b>1986<\/b>: Akihiro Ienaga, futbolista japon\u00e9s.<\/p>\n<p class=\"paragraph\" data-mrf-recirculation=\"Links inline\"><b>1987<\/b>: Yoshiya Nishizawa, futbolista japon\u00e9s.<\/p>\n<p class=\"paragraph\" data-mrf-recirculation=\"Links inline\"><b>1988<\/b>: Deivid Soares, futbolista brasile\u00f1o.<\/p>\n<p class=\"paragraph\" data-mrf-recirculation=\"Links inline\"><b>1990<\/b>: Mateusz Klich, futbolista polaco.<\/p>\n<p class=\"paragraph\" data-mrf-recirculation=\"Links inline\"><b>1991<\/b>: Barbara Bonansea, futbolista italiana.<\/p>\n<p class=\"paragraph\" data-mrf-recirculation=\"Links inline\"><b>1991<\/b>: Anton Zabolotny, futbolista ruso.<\/p>\n<p class=\"paragraph\" data-mrf-recirculation=\"Links inline\"><b>1991<\/b>: Hana Jirickova, modelo checa.<\/p>\n<p class=\"paragraph\" data-mrf-recirculation=\"Links inline\"><b>1991<\/b>: Ricardo van Rhijn, futbolista neerland\u00e9s.<\/p>\n<p class=\"paragraph\" data-mrf-recirculation=\"Links inline\"><b>1992<\/b>: Alberto Benito Correa, futbolista espa\u00f1ol.<\/p>\n<p class=\"paragraph\" data-mrf-recirculation=\"Links inline\"><b>1992<\/b>: Luis Gerardo Illoldi Reyes Secretario de Desarrollo Urbano y Medio Ambiente<\/p>\n<p class=\"paragraph\" data-mrf-recirculation=\"Links inline\"><b>1992<\/b>: Violet Chachki, Drag Queen y modelo estadounidense.<\/p>\n<p class=\"paragraph\" data-mrf-recirculation=\"Links inline\"><b>1992<\/b>: Kim Jin-su, futbolista surcoreano.<\/p>\n<p class=\"paragraph\" data-mrf-recirculation=\"Links inline\"><b>1992<\/b>: \u00c1rni Frederiksberg, futbolista fero\u00e9s.<\/p>\n<p class=\"paragraph\" data-mrf-recirculation=\"Links inline\"><b>1993<\/b>: Pity Mart\u00ednez, futbolista argentino.<\/p>\n<p class=\"paragraph\" data-mrf-recirculation=\"Links inline\"><b>1993<\/b>: Nuno Vieira Campos, futbolista portugu\u00e9s.<\/p>\n<p class=\"paragraph\" data-mrf-recirculation=\"Links inline\"><b>1993<\/b>: Thomas Partey, futbolista ghan\u00e9s.<\/p>\n<p class=\"paragraph\" data-mrf-recirculation=\"Links inline\"><b>1993<\/b>: Milan Jevtovi\u0107, futbolista serbio.<\/p>\n<p class=\"paragraph\" data-mrf-recirculation=\"Links inline\"><b>1993<\/b>: Mark Flekken, futbolista neerland\u00e9s.<\/p>\n<p class=\"paragraph\" data-mrf-recirculation=\"Links inline\"><b>1995<\/b>: Avi Love, actriz pornogr\u00e1fica y modelo er\u00f3tica estadounidense.<\/p>\n<p class=\"paragraph\" data-mrf-recirculation=\"Links inline\"><b>1995<\/b>: Dostonbek Tursunov, futbolista uzbeko.<\/p>\n<p class=\"paragraph\" data-mrf-recirculation=\"Links inline\"><b>1995<\/b>: Mapi Le\u00f3n, futbolista espa\u00f1ola.<\/p>\n<p class=\"paragraph\" data-mrf-recirculation=\"Links inline\"><b>1996<\/b>: Guille Lara, futbolista espa\u00f1ol.<\/p>\n<p class=\"paragraph\" data-mrf-recirculation=\"Links inline\"><b>1996<\/b>: Taiga Maekawa, futbolista japon\u00e9s.<\/p>\n<p class=\"paragraph\" data-mrf-recirculation=\"Links inline\"><b>1996<\/b>: Kingsley Coman, futbolista franc\u00e9s.<\/p>\n<p class=\"paragraph\" data-mrf-recirculation=\"Links inline\"><b>1996<\/b>: Deborah Chiesa, tenista italiana.<\/p>\n<p class=\"paragraph\" data-mrf-recirculation=\"Links inline\"><b>1996<\/b>: Kodi Smit-McPhee, actor australiano.<\/p>\n<p class=\"paragraph\" data-mrf-recirculation=\"Links inline\"><b>1996<\/b>: James Shaw, ciclista brit\u00e1nico.<\/p>\n<p class=\"paragraph\" data-mrf-recirculation=\"Links inline\"><b>1996<\/b>: Albert Torras Crespo, futbolista espa\u00f1ol.<\/p>\n<p class=\"paragraph\" data-mrf-recirculation=\"Links inline\"><b>1997<\/b>: Jin Soul, cantante surcoreana e integrante del grupo LOONA<\/p>\n<p class=\"paragraph\" data-mrf-recirculation=\"Links inline\"><b>2000<\/b>: Penny Oleksiak, nadadora canadiense.<\/p>\n<p class=\"paragraph\" data-mrf-recirculation=\"Links inline\"><b>2001<\/b>: Valent\u00edn Rodr\u00edguez, futbolista uruguayo.<\/p>\n<p class=\"paragraph\" data-mrf-recirculation=\"Links inline\"><b>2009<\/b>: Tomiii 11, youtuber chileno (f. 2021)<\/p>\n<h2 class=\"header\"><span style=\"color: #ff0000\">Muertes<\/span><\/h2>\n<p class=\"paragraph\" data-mrf-recirculation=\"Links inline\"><b>220<\/b>: Xiahou Dun, general chino (n. \u00bf\u00a0?).<\/p>\n<p class=\"paragraph\" data-mrf-recirculation=\"Links inline\"><b>853<\/b>: Fandila, monje y santo espa\u00f1ol (n. 815).<\/p>\n<p class=\"paragraph\" data-mrf-recirculation=\"Links inline\"><b>976<\/b>: Mansur I, emir Samanid.<\/p>\n<p class=\"paragraph\" data-mrf-recirculation=\"Links inline\"><b>995<\/b>: Fujiwara no Michikane, noble japon\u00e9s (n. 961).<\/p>\n<p class=\"paragraph\" data-mrf-recirculation=\"Links inline\"><b>1036<\/b>: Ali az-Zahir, califa fatim\u00ed egipcio (n. 1005).<\/p>\n<p class=\"paragraph\" data-mrf-recirculation=\"Links inline\"><b>1231<\/b>: Antonio de Padua, religioso y santo cat\u00f3lico portugu\u00e9s (n. 1191).<\/p>\n<p class=\"paragraph\" data-mrf-recirculation=\"Links inline\"><b>1256<\/b>: Tankei, escultor japon\u00e9s (n. 1173).<\/p>\n<p class=\"paragraph\" data-mrf-recirculation=\"Links inline\"><b>1348<\/b>: Don Juan Manuel, pol\u00edtico y escritor espa\u00f1ol (n. 1282).<\/p>\n<p class=\"paragraph\" data-mrf-recirculation=\"Links inline\"><b>1394<\/b>: Warcis\u0142aw VI, Duque de Pomerania.<\/p>\n<p class=\"paragraph\" data-mrf-recirculation=\"Links inline\"><b>1475<\/b>: Juana de Portugal, arist\u00f3crata portuguesa y esposa del rey de Castilla (n. 1439).<\/p>\n<p class=\"paragraph\" data-mrf-recirculation=\"Links inline\"><b>1522<\/b>: Piero Soderini, estadista florentino (n. 1450)<\/p>\n<p class=\"paragraph\" data-mrf-recirculation=\"Links inline\"><b>1585<\/b>: Juanelo Turriano (Giovanni Torriani), matem\u00e1tico e inventor espa\u00f1ol nacido en Italia (n. 1501).<\/p>\n<p class=\"paragraph\" data-mrf-recirculation=\"Links inline\"><b>1636<\/b>: George Gordon, primer Marqu\u00e9s de Huntly.<\/p>\n<p class=\"paragraph\" data-mrf-recirculation=\"Links inline\"><b>1645<\/b>: Miyamoto Musashi, espadach\u00edn y escritor japon\u00e9s (n. 1585).<\/p>\n<p class=\"paragraph\" data-mrf-recirculation=\"Links inline\"><b>1762<\/b>: Dorothea Erxleben, primera doctora en medicina alemana (n. 1715).<\/p>\n<p class=\"paragraph\" data-mrf-recirculation=\"Links inline\"><b>1784<\/b>: Henry Middleton, pol\u00edtico estadounidense, presidente del Congreso Continental (n. 1717).<\/p>\n<p class=\"paragraph\" data-mrf-recirculation=\"Links inline\"><b>1861<\/b>: Henry Gray, anatomista y cirujano brit\u00e1nico (n. 1827).<\/p>\n<p class=\"paragraph\" data-mrf-recirculation=\"Links inline\"><b>1871<\/b>: Jean Eug\u00e8ne Robert-Houdin, relojero e ilusionista franc\u00e9s (n. 1805).<\/p>\n<p class=\"paragraph\" data-mrf-recirculation=\"Links inline\"><b>1886<\/b>: Luis II, rey b\u00e1varo (n. 1845).<\/p>\n<p class=\"paragraph\" data-mrf-recirculation=\"Links inline\"><b>1895<\/b>: Manuel Ruiz Zorrilla, pol\u00edtico espa\u00f1ol (n. 1833).<\/p>\n<p class=\"paragraph\" data-mrf-recirculation=\"Links inline\"><b>1901<\/b>: Clar\u00edn (Leopoldo Alas), escritor espa\u00f1ol (n. 1852).<\/p>\n<p class=\"paragraph\" data-mrf-recirculation=\"Links inline\"><b>1903<\/b>: Lino Alarco Bredi\u00f1ana, m\u00e9dico y pol\u00edtico peruano (n. 1833).<\/p>\n<p class=\"paragraph\" data-mrf-recirculation=\"Links inline\"><b>1910<\/b>: Ferm\u00edn Vald\u00e9s Dom\u00ednguez, m\u00e9dico y patriota cubano (n. 1852).<\/p>\n<p class=\"paragraph\" data-mrf-recirculation=\"Links inline\"><b>1918<\/b>: Miguel Rom\u00e1nov, arist\u00f3crata ruso, hermano de Nicol\u00e1s II (n. 1878).<\/p>\n<p class=\"paragraph\" data-mrf-recirculation=\"Links inline\"><b>1931<\/b>: Santiago Rusi\u00f1ol, pintor y escultor espa\u00f1ol (n. 1861).<\/p>\n<p class=\"paragraph\" data-mrf-recirculation=\"Links inline\"><b>1931<\/b>: Kitasato Shibasaburo, m\u00e9dico y bacteri\u00f3logo japon\u00e9s (n. 1852).<\/p>\n<p class=\"paragraph\" data-mrf-recirculation=\"Links inline\"><b>1936<\/b>: Marie-Louise Bougl\u00e9, archivista y feminista francesa (n. 1883).<\/p>\n<p class=\"paragraph\" data-mrf-recirculation=\"Links inline\"><b>1937<\/b>: John Leofric Stocks, fil\u00f3sofo brit\u00e1nico (n. 1882).<\/p>\n<p class=\"paragraph\" data-mrf-recirculation=\"Links inline\"><b>1947<\/b>: Albert Marquet, pintor franc\u00e9s (n. 1875).<\/p>\n<p class=\"paragraph\" data-mrf-recirculation=\"Links inline\"><b>1948<\/b>: Osamu Dazai, novelista japon\u00e9s; suicidio (n. 1909).<\/p>\n<p class=\"paragraph\" data-mrf-recirculation=\"Links inline\"><b>1965<\/b>: Martin Buber, escritor religioso jud\u00edo (n. 1878).<\/p>\n<p class=\"paragraph\" data-mrf-recirculation=\"Links inline\"><b>1970<\/b>: Gonzalo Roig, director de orquesta y compositor sinf\u00f3nico cubano (n. 1890).<\/p>\n<p class=\"paragraph\" data-mrf-recirculation=\"Links inline\"><b>1972<\/b>: Georg von B\u00e9k\u00e9sy, biof\u00edsico h\u00fangaro, premio Nobel de Medicina en 1961 (n. 1899).<\/p>\n<p class=\"paragraph\" data-mrf-recirculation=\"Links inline\"><b>1975<\/b>: Jos\u00e9 Mar\u00eda Guido, abogado argentino, presidente de facto en 1962 (n. 1910).<\/p>\n<p class=\"paragraph\" data-mrf-recirculation=\"Links inline\"><b>1977<\/b>: Gerardo Dottori, pintor italiano (n. 1884).<\/p>\n<p class=\"paragraph\" data-mrf-recirculation=\"Links inline\"><b>1977<\/b>: Matthew Garber, actor brit\u00e1nico (n. 1956).<\/p>\n<p class=\"paragraph\" data-mrf-recirculation=\"Links inline\"><b>1979<\/b>: Darla Hood, actriz estadounidense (n. 1931).<\/p>\n<p class=\"paragraph\" data-mrf-recirculation=\"Links inline\"><b>1982<\/b>: Jalid bin Abdelaziz, rey saud\u00ed (n. 1913).<\/p>\n<p class=\"paragraph\" data-mrf-recirculation=\"Links inline\"><b>1982<\/b>: Riccardo Paletti, piloto italiano de F\u00f3rmula 1 (n. 1958).<\/p>\n<p class=\"paragraph\" data-mrf-recirculation=\"Links inline\"><b>1986<\/b>: Benny Goodman, m\u00fasico estadounidense (n. 1909).<\/p>\n<p class=\"paragraph\" data-mrf-recirculation=\"Links inline\"><b>1987<\/b>: Geraldine Page, actriz estadounidense (n. 1924).<\/p>\n<p class=\"paragraph\" data-mrf-recirculation=\"Links inline\"><b>1990<\/b>: Terence O&#8217;Neill, pol\u00edtico irland\u00e9s (n. 1914).<\/p>\n<p class=\"paragraph\" data-mrf-recirculation=\"Links inline\"><b>1992<\/b>: Pumpuang Duangjan, cantante tailandesa (n. 1961).<\/p>\n<p class=\"paragraph\" data-mrf-recirculation=\"Links inline\"><b>1993<\/b>: Ena Gregory, actriz australiana (n. 1906).<\/p>\n<p class=\"paragraph\" data-mrf-recirculation=\"Links inline\"><b>1994<\/b>: Jan Tinbergen, economista neerland\u00e9s, Premio Nobel Conmemorativo de Econom\u00eda en 1969 (n. 1903).<\/p>\n<p class=\"paragraph\" data-mrf-recirculation=\"Links inline\"><b>1995<\/b>: Enrique Alarc\u00f3n, decorador de cine espa\u00f1ol (n. 1917).<\/p>\n<p class=\"paragraph\" data-mrf-recirculation=\"Links inline\"><b>1998<\/b>: Luis Costa, arquitecto brasile\u00f1o (n. 1943).<\/p>\n<p class=\"paragraph\" data-mrf-recirculation=\"Links inline\"><b>2000<\/b>: Rafael de La-Hoz Arderius, arquitecto espa\u00f1ol (n. 1924).<\/p>\n<p class=\"paragraph\" data-mrf-recirculation=\"Links inline\"><b>2005<\/b>: Eug\u00e9nio de Andrade (Jos\u00e9 Fontinhas), poeta portugu\u00e9s (n. 1923).<\/p>\n<p class=\"paragraph\" data-mrf-recirculation=\"Links inline\"><b>2005<\/b>: Jaime Campmany, escritor y periodista espa\u00f1ol (n. 1925).<\/p>\n<p class=\"paragraph\" data-mrf-recirculation=\"Links inline\"><b>2005<\/b>: \u00c1lvaro Cunhal, l\u00edder comunista portugu\u00e9s (n. 1913).<\/p>\n<p class=\"paragraph\" data-mrf-recirculation=\"Links inline\"><b>2005<\/b>: Sebasti\u00e1n Junyent, actor, cineasta y dramaturgo espa\u00f1ol (n. 1948).<\/p>\n<p class=\"paragraph\" data-mrf-recirculation=\"Links inline\"><b>2006<\/b>: Charles Haughey, pol\u00edtico irland\u00e9s (n. 1925).<\/p>\n<p class=\"paragraph\" data-mrf-recirculation=\"Links inline\"><b>2006<\/b>: Stella D\u00edaz Var\u00edn, poeta chilena (n. 1926).<\/p>\n<p class=\"paragraph\" data-mrf-recirculation=\"Links inline\"><b>2007<\/b>: N\u00e9stor Rossi, futbolista argentino (n. 1925).<\/p>\n<p class=\"paragraph\" data-mrf-recirculation=\"Links inline\"><b>2008<\/b>: Tim Russert, periodista estadounidense (n. 1950).<\/p>\n<p class=\"paragraph\" data-mrf-recirculation=\"Links inline\"><b>2009<\/b>: Mitsuharu Misawa, luchador profesional japon\u00e9s (n. 1962).<\/p>\n<p class=\"paragraph\" data-mrf-recirculation=\"Links inline\"><b>2012<\/b>: William S. Knowles, qu\u00edmico estadounidense (n. 1917).<\/p>\n<p class=\"paragraph\" data-mrf-recirculation=\"Links inline\"><b>2013<\/b>: Kenji Utsumi, seiy\u016b japon\u00e9s (n. 1937).<\/p>\n<p class=\"paragraph\" data-mrf-recirculation=\"Links inline\"><b>2014<\/b>: Gyula Grosics, futbolista h\u00fangaro (n. 1926).<\/p>\n<p class=\"paragraph\" data-mrf-recirculation=\"Links inline\"><b>2015<\/b>: Sergio Ren\u00e1n, actor y director argentino de cine, teatro y \u00f3pera (n. 1933).<\/p>\n<p class=\"paragraph\" data-mrf-recirculation=\"Links inline\"><b>2019<\/b>: Edith Gonz\u00e1lez, actriz mexicana (n. 1964).<\/p>\n<p class=\"paragraph\" data-mrf-recirculation=\"Links inline\"><b>2020<\/b>: Jean Raspail, escritor franc\u00e9s (n. 1925).<\/p>\n<p class=\"paragraph\" data-mrf-recirculation=\"Links inline\"><b>2021<\/b>: Ned Beatty, actor estadounidense (n. 1937).<\/p>\n","protected":false},"excerpt":{"rendered":"<div class=\"mh-excerpt\"><p>El 13 de junio no es un d\u00eda cualquiera, a trav\u00e9s de los a\u00f1os esta fecha ha sido escenario de distintos eventos que marcaron la historia de la humanidad y que son se\u00f1alados en el <a class=\"mh-excerpt-more\" href=\"https:\/\/larevistadigital.com.ar\/blog\/esto-paso-un-dia-como-hoy-13-de-junio\/\" title=\"ESTO PAS\u00d3 UN D\u00cdA COMO HOY, 13 DE JUNIO\">[Leer M\u00e1s]<\/a><\/p>\n<\/div>","protected":false},"author":3,"featured_media":16747,"comment_status":"open","ping_status":"open","sticky":false,"template":"","format":"standard","meta":{"_jetpack_memberships_contains_paid_content":false,"footnotes":"","jetpack_publicize_message":"","jetpack_publicize_feature_enabled":true,"jetpack_social_post_already_shared":true,"jetpack_social_options":{"image_generator_settings":{"template":"highway","default_image_id":0,"font":"","enabled":false},"version":2}},"categories":[15],"tags":[],"class_list":{"0":"post-31962","1":"post","2":"type-post","3":"status-publish","4":"format-standard","5":"has-post-thumbnail","7":"category-cultura"},"jetpack_publicize_connections":[],"jetpack_featured_media_url":"https:\/\/i0.wp.com\/larevistadigital.com.ar\/blog\/wp-content\/uploads\/LOGO-EFEMERIDES.jpg?fit=1268%2C664&ssl=1","jetpack_sharing_enabled":true,"jetpack_shortlink":"https:\/\/wp.me\/p8qtrQ-8jw","jetpack-related-posts":[{"id":40913,"url":"https:\/\/larevistadigital.com.ar\/blog\/efemerides-del-14-de-agosto-que-paso-un-dia-como-hoy\/","url_meta":{"origin":31962,"position":0},"title":"Efem\u00e9rides del 14 de agosto: qu\u00e9 pas\u00f3 un d\u00eda como hoy","author":"Alejandro Sosa Ruda","date":"14 agosto, 2025","format":false,"excerpt":"Este 14 de agosto las efem\u00e9rides cuentan el\u00a0D\u00eda del Cerealista, una celebraci\u00f3n argentina que\u00a0saluda a este sector en un nuevo aniversario del primer embarque de trigo al extranjero, que sucedi\u00f3\u00a0un d\u00eda como este en 1926. La fecha tambi\u00e9n es el cumplea\u00f1os de numerosas figuras como\u00a0la leyenda de la NBA \u201cMagic\u201d\u2026","rel":"","context":"En \u00abCULTURA\u00bb","block_context":{"text":"CULTURA","link":"https:\/\/larevistadigital.com.ar\/blog\/category\/cultura\/"},"img":{"alt_text":"","src":"https:\/\/i0.wp.com\/larevistadigital.com.ar\/blog\/wp-content\/uploads\/LOGO-EFEMERIDES.jpg?fit=1200%2C628&ssl=1&resize=350%2C200","width":350,"height":200,"srcset":"https:\/\/i0.wp.com\/larevistadigital.com.ar\/blog\/wp-content\/uploads\/LOGO-EFEMERIDES.jpg?fit=1200%2C628&ssl=1&resize=350%2C200 1x, https:\/\/i0.wp.com\/larevistadigital.com.ar\/blog\/wp-content\/uploads\/LOGO-EFEMERIDES.jpg?fit=1200%2C628&ssl=1&resize=525%2C300 1.5x, https:\/\/i0.wp.com\/larevistadigital.com.ar\/blog\/wp-content\/uploads\/LOGO-EFEMERIDES.jpg?fit=1200%2C628&ssl=1&resize=700%2C400 2x, https:\/\/i0.wp.com\/larevistadigital.com.ar\/blog\/wp-content\/uploads\/LOGO-EFEMERIDES.jpg?fit=1200%2C628&ssl=1&resize=1050%2C600 3x"},"classes":[]},{"id":40698,"url":"https:\/\/larevistadigital.com.ar\/blog\/efemerides-que-sucedio-un-dia-como-hoy-1-de-agosto\/","url_meta":{"origin":31962,"position":1},"title":"Efem\u00e9rides: Qu\u00e9 sucedi\u00f3 un d\u00eda como hoy, 1\u00b0 de agosto&#8230;","author":"Alejandro Sosa Ruda","date":"1 agosto, 2025","format":false,"excerpt":"Este viernes 1\u00b0 de agosto es el D\u00eda de la Pachamama o de la Madre Tierra, entre otros eventos y aniversarios asociados a la fecha. 01 de Agosto de 2025 La fecha, que proviene de los pueblos originarios de varias naciones de\u00a0Am\u00e9rica Latina, consiste en una ofrenda a la\u00a0naturaleza\u00a0personificada como\u2026","rel":"","context":"En \u00abCULTURA\u00bb","block_context":{"text":"CULTURA","link":"https:\/\/larevistadigital.com.ar\/blog\/category\/cultura\/"},"img":{"alt_text":"","src":"https:\/\/i0.wp.com\/larevistadigital.com.ar\/blog\/wp-content\/uploads\/LOGO-EFEMERIDES.jpg?fit=1200%2C628&ssl=1&resize=350%2C200","width":350,"height":200,"srcset":"https:\/\/i0.wp.com\/larevistadigital.com.ar\/blog\/wp-content\/uploads\/LOGO-EFEMERIDES.jpg?fit=1200%2C628&ssl=1&resize=350%2C200 1x, https:\/\/i0.wp.com\/larevistadigital.com.ar\/blog\/wp-content\/uploads\/LOGO-EFEMERIDES.jpg?fit=1200%2C628&ssl=1&resize=525%2C300 1.5x, https:\/\/i0.wp.com\/larevistadigital.com.ar\/blog\/wp-content\/uploads\/LOGO-EFEMERIDES.jpg?fit=1200%2C628&ssl=1&resize=700%2C400 2x, https:\/\/i0.wp.com\/larevistadigital.com.ar\/blog\/wp-content\/uploads\/LOGO-EFEMERIDES.jpg?fit=1200%2C628&ssl=1&resize=1050%2C600 3x"},"classes":[]},{"id":27084,"url":"https:\/\/larevistadigital.com.ar\/blog\/esto-paso-un-dia-como-hoy-12-8\/","url_meta":{"origin":31962,"position":2},"title":"ESTO PAS\u00d3 UN D\u00cdA COMO HOY, 12\/8","author":"Alejandro Sosa Ruda","date":"12 agosto, 2022","format":false,"excerpt":"Una de las efem\u00e9rides\u00a0que el mundo celebra este\u00a012 de agosto\u00a0es el\u00a0D\u00eda Internacional de la Juventud, designado por la Asamblea General de las Naciones Unidas para celebrar esta etapa de la vida y concientizar sobre las personas de estas edades que atraviesan situaciones de vulnerabilidad en todo el mundo. Adem\u00e1s, en\u2026","rel":"","context":"En \u00abCULTURA\u00bb","block_context":{"text":"CULTURA","link":"https:\/\/larevistadigital.com.ar\/blog\/category\/cultura\/"},"img":{"alt_text":"","src":"https:\/\/i0.wp.com\/larevistadigital.com.ar\/blog\/wp-content\/uploads\/LOGO-EFEMERIDES.jpg?fit=1200%2C628&ssl=1&resize=350%2C200","width":350,"height":200,"srcset":"https:\/\/i0.wp.com\/larevistadigital.com.ar\/blog\/wp-content\/uploads\/LOGO-EFEMERIDES.jpg?fit=1200%2C628&ssl=1&resize=350%2C200 1x, https:\/\/i0.wp.com\/larevistadigital.com.ar\/blog\/wp-content\/uploads\/LOGO-EFEMERIDES.jpg?fit=1200%2C628&ssl=1&resize=525%2C300 1.5x, https:\/\/i0.wp.com\/larevistadigital.com.ar\/blog\/wp-content\/uploads\/LOGO-EFEMERIDES.jpg?fit=1200%2C628&ssl=1&resize=700%2C400 2x, https:\/\/i0.wp.com\/larevistadigital.com.ar\/blog\/wp-content\/uploads\/LOGO-EFEMERIDES.jpg?fit=1200%2C628&ssl=1&resize=1050%2C600 3x"},"classes":[]},{"id":16777,"url":"https:\/\/larevistadigital.com.ar\/blog\/las-efemerides-de-un-dia-como-hoy-6-10\/","url_meta":{"origin":31962,"position":3},"title":"LAS EFEM\u00c9RIDES DE UN D\u00cdA COMO HOY&#8230;6\/10","author":"Alejandro Sosa Ruda","date":"6 octubre, 2020","format":false,"excerpt":"El D\u00eda del Circo 1858 -\u00a0Se celebra en esta fecha el D\u00eda del Circo,\u00a0debido al natalicio del uruguayo\u00a0Jos\u00e9 Juan\u00a0\"Pepe\"\u00a0Podest\u00e1, quien naci\u00f3 en la ciudad de Montevideo y supo desarrollar aqu\u00ed en nuestro pa\u00eds una inmensa tarea dentro de la actividad circense. A\u00f1os m\u00e1s tarde entra\u00f1ar\u00eda al payaso Pepino el 88,\u2026","rel":"","context":"En \u00abSOCIEDAD\u00bb","block_context":{"text":"SOCIEDAD","link":"https:\/\/larevistadigital.com.ar\/blog\/category\/sociedad\/"},"img":{"alt_text":"","src":"https:\/\/i0.wp.com\/larevistadigital.com.ar\/blog\/wp-content\/uploads\/LOGO-EFEMERIDES.jpg?fit=1200%2C628&ssl=1&resize=350%2C200","width":350,"height":200,"srcset":"https:\/\/i0.wp.com\/larevistadigital.com.ar\/blog\/wp-content\/uploads\/LOGO-EFEMERIDES.jpg?fit=1200%2C628&ssl=1&resize=350%2C200 1x, https:\/\/i0.wp.com\/larevistadigital.com.ar\/blog\/wp-content\/uploads\/LOGO-EFEMERIDES.jpg?fit=1200%2C628&ssl=1&resize=525%2C300 1.5x, https:\/\/i0.wp.com\/larevistadigital.com.ar\/blog\/wp-content\/uploads\/LOGO-EFEMERIDES.jpg?fit=1200%2C628&ssl=1&resize=700%2C400 2x, https:\/\/i0.wp.com\/larevistadigital.com.ar\/blog\/wp-content\/uploads\/LOGO-EFEMERIDES.jpg?fit=1200%2C628&ssl=1&resize=1050%2C600 3x"},"classes":[]},{"id":40831,"url":"https:\/\/larevistadigital.com.ar\/blog\/efemerides-del-10-de-agosto-que-paso-un-dia-como-hoy\/","url_meta":{"origin":31962,"position":4},"title":"Efem\u00e9rides del 10 de agosto: \u00bfqu\u00e9 pas\u00f3 un d\u00eda como hoy?","author":"Alejandro Sosa Ruda","date":"10 agosto, 2025","format":false,"excerpt":"Las\u00a0efem\u00e9rides del 10 de agosto\u00a0re\u00fanen diferentes eventos que pasaron un d\u00eda como hoy, domingo en que se celebra el\u00a0D\u00eda de la Fuerza A\u00e9rea Argentina. La jornada conmemora la creaci\u00f3n en el a\u00f1o 1912 de la\u00a0Escuela de Aviaci\u00f3n Militar, situada por entonces en la localidad bonaerense de El Palomar. El presidente\u00a0Roque\u2026","rel":"","context":"En \u00abCULTURA\u00bb","block_context":{"text":"CULTURA","link":"https:\/\/larevistadigital.com.ar\/blog\/category\/cultura\/"},"img":{"alt_text":"","src":"https:\/\/i0.wp.com\/larevistadigital.com.ar\/blog\/wp-content\/uploads\/LOGO-EFEMERIDES.jpg?fit=1200%2C628&ssl=1&resize=350%2C200","width":350,"height":200,"srcset":"https:\/\/i0.wp.com\/larevistadigital.com.ar\/blog\/wp-content\/uploads\/LOGO-EFEMERIDES.jpg?fit=1200%2C628&ssl=1&resize=350%2C200 1x, https:\/\/i0.wp.com\/larevistadigital.com.ar\/blog\/wp-content\/uploads\/LOGO-EFEMERIDES.jpg?fit=1200%2C628&ssl=1&resize=525%2C300 1.5x, https:\/\/i0.wp.com\/larevistadigital.com.ar\/blog\/wp-content\/uploads\/LOGO-EFEMERIDES.jpg?fit=1200%2C628&ssl=1&resize=700%2C400 2x, https:\/\/i0.wp.com\/larevistadigital.com.ar\/blog\/wp-content\/uploads\/LOGO-EFEMERIDES.jpg?fit=1200%2C628&ssl=1&resize=1050%2C600 3x"},"classes":[]},{"id":40984,"url":"https:\/\/larevistadigital.com.ar\/blog\/efemerides-de-hoy-que-paso-un-20-de-agosto\/","url_meta":{"origin":31962,"position":5},"title":"Efem\u00e9rides de hoy: qu\u00e9 pas\u00f3 un 20 de agosto","author":"Alejandro Sosa Ruda","date":"20 agosto, 2025","format":false,"excerpt":"Las\u00a0efem\u00e9rides del 20 de agosto\u00a0re\u00fanen diferentes eventos que pasaron un d\u00eda como hoy, mi\u00e9rcoles en que\u00a0se celebra el\u00a0D\u00eda Mundial de la Papa Frita. La fecha honra un alimento que en rigor proviene de la zona andina de\u00a0Sudam\u00e9rica, especialmente\u00a0Bolivia\u00a0y\u00a0Per\u00fa, donde el tub\u00e9rculo se consume desde hace m\u00e1s de 7000 a\u00f1os. Pero\u2026","rel":"","context":"En \u00abCULTURA\u00bb","block_context":{"text":"CULTURA","link":"https:\/\/larevistadigital.com.ar\/blog\/category\/cultura\/"},"img":{"alt_text":"","src":"https:\/\/i0.wp.com\/larevistadigital.com.ar\/blog\/wp-content\/uploads\/LOGO-EFEMERIDES.jpg?fit=1200%2C628&ssl=1&resize=350%2C200","width":350,"height":200,"srcset":"https:\/\/i0.wp.com\/larevistadigital.com.ar\/blog\/wp-content\/uploads\/LOGO-EFEMERIDES.jpg?fit=1200%2C628&ssl=1&resize=350%2C200 1x, https:\/\/i0.wp.com\/larevistadigital.com.ar\/blog\/wp-content\/uploads\/LOGO-EFEMERIDES.jpg?fit=1200%2C628&ssl=1&resize=525%2C300 1.5x, https:\/\/i0.wp.com\/larevistadigital.com.ar\/blog\/wp-content\/uploads\/LOGO-EFEMERIDES.jpg?fit=1200%2C628&ssl=1&resize=700%2C400 2x, https:\/\/i0.wp.com\/larevistadigital.com.ar\/blog\/wp-content\/uploads\/LOGO-EFEMERIDES.jpg?fit=1200%2C628&ssl=1&resize=1050%2C600 3x"},"classes":[]}],"_links":{"self":[{"href":"https:\/\/larevistadigital.com.ar\/blog\/wp-json\/wp\/v2\/posts\/31962","targetHints":{"allow":["GET"]}}],"collection":[{"href":"https:\/\/larevistadigital.com.ar\/blog\/wp-json\/wp\/v2\/posts"}],"about":[{"href":"https:\/\/larevistadigital.com.ar\/blog\/wp-json\/wp\/v2\/types\/post"}],"author":[{"embeddable":true,"href":"https:\/\/larevistadigital.com.ar\/blog\/wp-json\/wp\/v2\/users\/3"}],"replies":[{"embeddable":true,"href":"https:\/\/larevistadigital.com.ar\/blog\/wp-json\/wp\/v2\/comments?post=31962"}],"version-history":[{"count":1,"href":"https:\/\/larevistadigital.com.ar\/blog\/wp-json\/wp\/v2\/posts\/31962\/revisions"}],"predecessor-version":[{"id":31963,"href":"https:\/\/larevistadigital.com.ar\/blog\/wp-json\/wp\/v2\/posts\/31962\/revisions\/31963"}],"wp:featuredmedia":[{"embeddable":true,"href":"https:\/\/larevistadigital.com.ar\/blog\/wp-json\/wp\/v2\/media\/16747"}],"wp:attachment":[{"href":"https:\/\/larevistadigital.com.ar\/blog\/wp-json\/wp\/v2\/media?parent=31962"}],"wp:term":[{"taxonomy":"category","embeddable":true,"href":"https:\/\/larevistadigital.com.ar\/blog\/wp-json\/wp\/v2\/categories?post=31962"},{"taxonomy":"post_tag","embeddable":true,"href":"https:\/\/larevistadigital.com.ar\/blog\/wp-json\/wp\/v2\/tags?post=31962"}],"curies":[{"name":"wp","href":"https:\/\/api.w.org\/{rel}","templated":true}]}}