{"id":31964,"date":"2023-06-13T14:06:54","date_gmt":"2023-06-13T14:06:54","guid":{"rendered":"https:\/\/larevistadigital.com.ar\/blog\/?p=31964"},"modified":"2023-06-13T14:06:54","modified_gmt":"2023-06-13T14:06:54","slug":"urgente-incendio-en-av-libertador-al-4800-hace-instantes","status":"publish","type":"post","link":"https:\/\/larevistadigital.com.ar\/blog\/urgente-incendio-en-av-libertador-al-4800-hace-instantes\/","title":{"rendered":"URGENTE: INCENDIO EN AV. LIBERTADOR AL 4800 HACE INSTANTES"},"content":{"rendered":"<h2>Nuestro cronista Juan Lemik, nos env\u00eda como primicia material exclusivo desde el lugar, donde se produjo un incendio que afortunadamente no tuvo consecuencias graves.<\/h2>\n<p>13 de junio de 2023<\/p>\n<p><strong>CABA &#8211;\u00a0<\/strong> Hace instantes, se produjo un incendio en el 4\u00b0 piso del edificio ubicado en avenida del Libertador al 4800.<\/p>\n<blockquote>\n<h3>Al lugar, se desplazaron 12 ambulancias del SAME, UMAT ( unidad m\u00e9dica avanzada y triage) y UMO ( unidad m\u00f3vil de oxigenaci\u00f3n).<\/h3>\n<\/blockquote>\n<p><img data-recalc-dims=\"1\" loading=\"lazy\" decoding=\"async\" class=\"alignnone size-full wp-image-31965\" src=\"https:\/\/i0.wp.com\/larevistadigital.com.ar\/blog\/wp-content\/uploads\/WhatsApp-Image-2023-06-13-at-10.50.58-1.jpeg?resize=1200%2C1600&#038;ssl=1\" alt=\"\" width=\"1200\" height=\"1600\" srcset=\"https:\/\/i0.wp.com\/larevistadigital.com.ar\/blog\/wp-content\/uploads\/WhatsApp-Image-2023-06-13-at-10.50.58-1.jpeg?w=1200&amp;ssl=1 1200w, https:\/\/i0.wp.com\/larevistadigital.com.ar\/blog\/wp-content\/uploads\/WhatsApp-Image-2023-06-13-at-10.50.58-1.jpeg?resize=225%2C300&amp;ssl=1 225w, https:\/\/i0.wp.com\/larevistadigital.com.ar\/blog\/wp-content\/uploads\/WhatsApp-Image-2023-06-13-at-10.50.58-1.jpeg?resize=768%2C1024&amp;ssl=1 768w, https:\/\/i0.wp.com\/larevistadigital.com.ar\/blog\/wp-content\/uploads\/WhatsApp-Image-2023-06-13-at-10.50.58-1.jpeg?resize=1152%2C1536&amp;ssl=1 1152w\" sizes=\"auto, (max-width: 1000px) 100vw, 1000px\" \/><\/p>\n<p>Por precauci\u00f3n, fueron evacuados todos los propietarios del lugar. No se trasladaron ni se asistieron pacientes, pero a\u00a0 algunas personas mayores se las moviliz\u00f3 al edificio contiguo por prevenci\u00f3n a hipotermia.<\/p>\n<p>El incendio fue controlado y sofocado por bomberos de la ciudad..<\/p>\n","protected":false},"excerpt":{"rendered":"<div class=\"mh-excerpt\"><p>Nuestro cronista Juan Lemik, nos env\u00eda como primicia material exclusivo desde el lugar, donde se produjo un incendio que afortunadamente no tuvo consecuencias graves. 13 de junio de 2023 CABA &#8211;\u00a0 Hace instantes, se produjo <a class=\"mh-excerpt-more\" href=\"https:\/\/larevistadigital.com.ar\/blog\/urgente-incendio-en-av-libertador-al-4800-hace-instantes\/\" title=\"URGENTE: INCENDIO EN AV. LIBERTADOR AL 4800 HACE INSTANTES\">[Leer M\u00e1s]<\/a><\/p>\n<\/div>","protected":false},"author":3,"featured_media":31966,"comment_status":"open","ping_status":"open","sticky":false,"template":"","format":"standard","meta":{"_jetpack_memberships_contains_paid_content":false,"footnotes":"","jetpack_publicize_message":"","jetpack_publicize_feature_enabled":true,"jetpack_social_post_already_shared":true,"jetpack_social_options":{"image_generator_settings":{"template":"highway","default_image_id":0,"font":"","enabled":false},"version":2}},"categories":[41],"tags":[],"class_list":{"0":"post-31964","1":"post","2":"type-post","3":"status-publish","4":"format-standard","5":"has-post-thumbnail","7":"category-destacadas"},"jetpack_publicize_connections":[],"jetpack_featured_media_url":"https:\/\/i0.wp.com\/larevistadigital.com.ar\/blog\/wp-content\/uploads\/WhatsApp-Image-2023-06-13-at-10.50.58.jpeg?fit=1200%2C1600&ssl=1","jetpack_sharing_enabled":true,"jetpack_shortlink":"https:\/\/wp.me\/p8qtrQ-8jy","jetpack-related-posts":[{"id":26008,"url":"https:\/\/larevistadigital.com.ar\/blog\/hace-un-rato-video-incendio-en-av-santa-fe-con-12-personas-atendidas-cinco-internadas\/","url_meta":{"origin":31964,"position":0},"title":"HACE UN RATO: [VIDEO] INCENDIO EN AV. SANTA F\u00c9 CON 12 PERSONAS ATENDIDAS. CINCO INTERNADAS","author":"Alejandro Sosa Ruda","date":"21 junio, 2022","format":false,"excerpt":"El cronista Juan Lemik nos env\u00eda material en primicia, de un hecho que sucedi\u00f3 hace poco m\u00e1s de una hora CABA - (Juan Lemik) Aproximadamente a las 18 horas, el periodista de La Revista Digital, Juan Lemik\u00a0nos hizo llegar desde la Ciudad Aut\u00f3noma de Buenos Aires la informaci\u00f3n con im\u00e1genes\u2026","rel":"","context":"En \u00abDESTACADAS\u00bb","block_context":{"text":"DESTACADAS","link":"https:\/\/larevistadigital.com.ar\/blog\/category\/destacadas\/"},"img":{"alt_text":"","src":"https:\/\/i0.wp.com\/larevistadigital.com.ar\/blog\/wp-content\/uploads\/WhatsApp-Image-2022-06-21-at-5.58.35-PM.jpeg?fit=1200%2C676&ssl=1&resize=350%2C200","width":350,"height":200,"srcset":"https:\/\/i0.wp.com\/larevistadigital.com.ar\/blog\/wp-content\/uploads\/WhatsApp-Image-2022-06-21-at-5.58.35-PM.jpeg?fit=1200%2C676&ssl=1&resize=350%2C200 1x, https:\/\/i0.wp.com\/larevistadigital.com.ar\/blog\/wp-content\/uploads\/WhatsApp-Image-2022-06-21-at-5.58.35-PM.jpeg?fit=1200%2C676&ssl=1&resize=525%2C300 1.5x, https:\/\/i0.wp.com\/larevistadigital.com.ar\/blog\/wp-content\/uploads\/WhatsApp-Image-2022-06-21-at-5.58.35-PM.jpeg?fit=1200%2C676&ssl=1&resize=700%2C400 2x, https:\/\/i0.wp.com\/larevistadigital.com.ar\/blog\/wp-content\/uploads\/WhatsApp-Image-2022-06-21-at-5.58.35-PM.jpeg?fit=1200%2C676&ssl=1&resize=1050%2C600 3x"},"classes":[]},{"id":17921,"url":"https:\/\/larevistadigital.com.ar\/blog\/video-incendio-hace-instantes-en-ruta-20-y-acceso-a-chascomus\/","url_meta":{"origin":31964,"position":1},"title":"[VIDEO] INCENDIO HACE INSTANTES EN RUTA 20 Y ACCESO A CHASCOM\u00daS","author":"Alejandro Sosa Ruda","date":"1 diciembre, 2020","format":false,"excerpt":"Maximiliano Rodriguez, de \"El Drone TV\" hizo llegar al grupo de Prensa de Chascom\u00fas, un impresionante video que muestra el incendio ocurrido hace instantes, donde un veh\u00edculo, al parecer un colectivo se prendi\u00f3 fuego, quedando reducido a cenizas. El micro, como se aprecia en la foto de portada, que fue\u2026","rel":"","context":"En \u00abINTERES GENERAL\u00bb","block_context":{"text":"INTERES GENERAL","link":"https:\/\/larevistadigital.com.ar\/blog\/category\/interes-general\/"},"img":{"alt_text":"","src":"https:\/\/i0.wp.com\/larevistadigital.com.ar\/blog\/wp-content\/uploads\/WhatsApp-Image-2020-12-01-at-16.13.06.jpeg?fit=900%2C1200&ssl=1&resize=350%2C200","width":350,"height":200,"srcset":"https:\/\/i0.wp.com\/larevistadigital.com.ar\/blog\/wp-content\/uploads\/WhatsApp-Image-2020-12-01-at-16.13.06.jpeg?fit=900%2C1200&ssl=1&resize=350%2C200 1x, https:\/\/i0.wp.com\/larevistadigital.com.ar\/blog\/wp-content\/uploads\/WhatsApp-Image-2020-12-01-at-16.13.06.jpeg?fit=900%2C1200&ssl=1&resize=525%2C300 1.5x, https:\/\/i0.wp.com\/larevistadigital.com.ar\/blog\/wp-content\/uploads\/WhatsApp-Image-2020-12-01-at-16.13.06.jpeg?fit=900%2C1200&ssl=1&resize=700%2C400 2x"},"classes":[]},{"id":11079,"url":"https:\/\/larevistadigital.com.ar\/blog\/al-menos-17-personas-internadas-por-inhalar-humo-tras-un-incendio\/","url_meta":{"origin":31964,"position":2},"title":"AL MENOS 17 PERSONAS INTERNADAS POR INHALAR HUMO TRAS UN INCENDIO","author":"Alejandro Sosa Ruda","date":"5 julio, 2019","format":false,"excerpt":"El incendio se origin\u00f3 en el dormitorio de un departamento del segundo piso de un edificio ubicado en Juan B. Justo 3591 y varias dotaciones de bomberos asistieron inmediatamente controlando el fuego. Al menos 17 personas fueron trasladadas a distintos hospitales porte\u00f1os por inhalaci\u00f3n de humo tras producirse un incendio\u2026","rel":"","context":"En \u00abINTERES GENERAL\u00bb","block_context":{"text":"INTERES GENERAL","link":"https:\/\/larevistadigital.com.ar\/blog\/category\/interes-general\/"},"img":{"alt_text":"","src":"https:\/\/i0.wp.com\/larevistadigital.com.ar\/blog\/wp-content\/uploads\/5d1f7c2cbdf01_1004x565.jpg?fit=1004%2C565&ssl=1&resize=350%2C200","width":350,"height":200,"srcset":"https:\/\/i0.wp.com\/larevistadigital.com.ar\/blog\/wp-content\/uploads\/5d1f7c2cbdf01_1004x565.jpg?fit=1004%2C565&ssl=1&resize=350%2C200 1x, https:\/\/i0.wp.com\/larevistadigital.com.ar\/blog\/wp-content\/uploads\/5d1f7c2cbdf01_1004x565.jpg?fit=1004%2C565&ssl=1&resize=525%2C300 1.5x, https:\/\/i0.wp.com\/larevistadigital.com.ar\/blog\/wp-content\/uploads\/5d1f7c2cbdf01_1004x565.jpg?fit=1004%2C565&ssl=1&resize=700%2C400 2x"},"classes":[]},{"id":8068,"url":"https:\/\/larevistadigital.com.ar\/blog\/incendio-en-el-basural-de-chascomus-antes-un-drama-ahora-solo-un-incendio\/","url_meta":{"origin":31964,"position":3},"title":"INCENDIO EN EL BASURAL DE CHASCOMUS&#8230;ANTES: UN DRAMA. AHORA: SOLO UN INCENDIO.","author":"Alejandro Sosa Ruda","date":"30 enero, 2019","format":false,"excerpt":"Durante el d\u00eda de ayer, se produjo un incendio en el Basural de Chascom\u00fas, tal y como viene sucediendo hace a\u00f1os, y no solo ac\u00e1, sino tambi\u00e9n en otras localidades. Esto sucede porque con las altas temperaturas cualquier vidrio u objeto puede producir el fuego, como as\u00ed tambi\u00e9n puede generarse\u2026","rel":"","context":"En \u00abCHASCOM\u00daS\u00bb","block_context":{"text":"CHASCOM\u00daS","link":"https:\/\/larevistadigital.com.ar\/blog\/category\/chascomus\/"},"img":{"alt_text":"","src":"https:\/\/i0.wp.com\/larevistadigital.com.ar\/blog\/wp-content\/uploads\/2019\/01\/51335590_2263731783647694_6337726090701701120_n.jpg?fit=960%2C540&ssl=1&resize=350%2C200","width":350,"height":200,"srcset":"https:\/\/i0.wp.com\/larevistadigital.com.ar\/blog\/wp-content\/uploads\/2019\/01\/51335590_2263731783647694_6337726090701701120_n.jpg?fit=960%2C540&ssl=1&resize=350%2C200 1x, https:\/\/i0.wp.com\/larevistadigital.com.ar\/blog\/wp-content\/uploads\/2019\/01\/51335590_2263731783647694_6337726090701701120_n.jpg?fit=960%2C540&ssl=1&resize=525%2C300 1.5x, https:\/\/i0.wp.com\/larevistadigital.com.ar\/blog\/wp-content\/uploads\/2019\/01\/51335590_2263731783647694_6337726090701701120_n.jpg?fit=960%2C540&ssl=1&resize=700%2C400 2x"},"classes":[]},{"id":31652,"url":"https:\/\/larevistadigital.com.ar\/blog\/se-incendio-un-micro-de-transporte-escolar-en-batan\/","url_meta":{"origin":31964,"position":4},"title":"SE INCENDI\u00d3 UN MICRO DE TRANSPORTE ESCOLAR EN BATAN","author":"Alejandro Sosa Ruda","date":"19 mayo, 2023","format":false,"excerpt":"La unidad se prendi\u00f3 fuego sobre la ruta 88 en proximidades de la localidad de Bat\u00e1n. No se registraron heridos. 18 de Mayo de 2023 MAR DEL PLATA -\u00a0 Un colectivo utilizado para el transporte escolar se incendi\u00f3 esta tarde en un tramo de la ruta 88 cercano a la\u2026","rel":"","context":"En \u00abPOLICIALES\u00bb","block_context":{"text":"POLICIALES","link":"https:\/\/larevistadigital.com.ar\/blog\/category\/policiales\/"},"img":{"alt_text":"","src":"https:\/\/i0.wp.com\/larevistadigital.com.ar\/blog\/wp-content\/uploads\/colectivo-incendio.png?fit=766%2C449&ssl=1&resize=350%2C200","width":350,"height":200,"srcset":"https:\/\/i0.wp.com\/larevistadigital.com.ar\/blog\/wp-content\/uploads\/colectivo-incendio.png?fit=766%2C449&ssl=1&resize=350%2C200 1x, https:\/\/i0.wp.com\/larevistadigital.com.ar\/blog\/wp-content\/uploads\/colectivo-incendio.png?fit=766%2C449&ssl=1&resize=525%2C300 1.5x, https:\/\/i0.wp.com\/larevistadigital.com.ar\/blog\/wp-content\/uploads\/colectivo-incendio.png?fit=766%2C449&ssl=1&resize=700%2C400 2x"},"classes":[]},{"id":12226,"url":"https:\/\/larevistadigital.com.ar\/blog\/importante-incendio-a-causa-de-la-imprudencia\/","url_meta":{"origin":31964,"position":5},"title":"IMPORTANTE INCENDIO A CAUSA DE LA IMPRUDENCIA","author":"Alejandro Sosa Ruda","date":"22 septiembre, 2019","format":false,"excerpt":"Durante la tarde de ayer, se produjo un importante incendio de pastos que seg\u00fan los Bomberos Voluntarios de Chascom\u00fas, fue de 300 x 2000 metros cuadrados. El siniestro, sucedi\u00f3 en el camino de circunvalaci\u00f3n, a la altura de San Hub\u00e9rto, aproximadamente a las 15:30 hs. Dadas las proporciones del mismo,\u2026","rel":"","context":"En \u00abDESTACADAS\u00bb","block_context":{"text":"DESTACADAS","link":"https:\/\/larevistadigital.com.ar\/blog\/category\/destacadas\/"},"img":{"alt_text":"","src":"https:\/\/i0.wp.com\/larevistadigital.com.ar\/blog\/wp-content\/uploads\/WhatsApp-Image-2019-09-22-at-22.14.21-1.jpeg?fit=712%2C476&ssl=1&resize=350%2C200","width":350,"height":200,"srcset":"https:\/\/i0.wp.com\/larevistadigital.com.ar\/blog\/wp-content\/uploads\/WhatsApp-Image-2019-09-22-at-22.14.21-1.jpeg?fit=712%2C476&ssl=1&resize=350%2C200 1x, https:\/\/i0.wp.com\/larevistadigital.com.ar\/blog\/wp-content\/uploads\/WhatsApp-Image-2019-09-22-at-22.14.21-1.jpeg?fit=712%2C476&ssl=1&resize=525%2C300 1.5x, https:\/\/i0.wp.com\/larevistadigital.com.ar\/blog\/wp-content\/uploads\/WhatsApp-Image-2019-09-22-at-22.14.21-1.jpeg?fit=712%2C476&ssl=1&resize=700%2C400 2x"},"classes":[]}],"_links":{"self":[{"href":"https:\/\/larevistadigital.com.ar\/blog\/wp-json\/wp\/v2\/posts\/31964","targetHints":{"allow":["GET"]}}],"collection":[{"href":"https:\/\/larevistadigital.com.ar\/blog\/wp-json\/wp\/v2\/posts"}],"about":[{"href":"https:\/\/larevistadigital.com.ar\/blog\/wp-json\/wp\/v2\/types\/post"}],"author":[{"embeddable":true,"href":"https:\/\/larevistadigital.com.ar\/blog\/wp-json\/wp\/v2\/users\/3"}],"replies":[{"embeddable":true,"href":"https:\/\/larevistadigital.com.ar\/blog\/wp-json\/wp\/v2\/comments?post=31964"}],"version-history":[{"count":1,"href":"https:\/\/larevistadigital.com.ar\/blog\/wp-json\/wp\/v2\/posts\/31964\/revisions"}],"predecessor-version":[{"id":31967,"href":"https:\/\/larevistadigital.com.ar\/blog\/wp-json\/wp\/v2\/posts\/31964\/revisions\/31967"}],"wp:featuredmedia":[{"embeddable":true,"href":"https:\/\/larevistadigital.com.ar\/blog\/wp-json\/wp\/v2\/media\/31966"}],"wp:attachment":[{"href":"https:\/\/larevistadigital.com.ar\/blog\/wp-json\/wp\/v2\/media?parent=31964"}],"wp:term":[{"taxonomy":"category","embeddable":true,"href":"https:\/\/larevistadigital.com.ar\/blog\/wp-json\/wp\/v2\/categories?post=31964"},{"taxonomy":"post_tag","embeddable":true,"href":"https:\/\/larevistadigital.com.ar\/blog\/wp-json\/wp\/v2\/tags?post=31964"}],"curies":[{"name":"wp","href":"https:\/\/api.w.org\/{rel}","templated":true}]}}