{"id":31968,"date":"2023-06-13T14:31:56","date_gmt":"2023-06-13T14:31:56","guid":{"rendered":"https:\/\/larevistadigital.com.ar\/blog\/?p=31968"},"modified":"2023-06-13T14:31:56","modified_gmt":"2023-06-13T14:31:56","slug":"martes-13-cual-es-el-motivo-de-que-se-considera-de-mala-suerte","status":"publish","type":"post","link":"https:\/\/larevistadigital.com.ar\/blog\/martes-13-cual-es-el-motivo-de-que-se-considera-de-mala-suerte\/","title":{"rendered":"MARTES 13: \u00bfCU\u00c1L ES EL MOTIVO DE QUE SE CONSIDERA DE \u00abMALA SUERTE\u00bb?"},"content":{"rendered":"<h2>Ac\u00e1 te contamos por qu\u00e9 se toma esa fecha como de mala suerte.<\/h2>\n<p>13 de junio de 2023<\/p>\n<p>El martes 13, conocido como el d\u00eda de la mala suerte en algunas partes del mundo hispanohablante, viene acompa\u00f1ado de una serie de creencias y supersticiones arraigadas en la tradici\u00f3n. El refr\u00e1n popular \u00abEn martes 13 ni te cases ni te embarques\u00bb ilustra la aversi\u00f3n hacia este d\u00eda de la semana, en el que se aconseja evitar tomar aviones o barcos. La combinaci\u00f3n del martes con el n\u00famero 13, asociado a la negatividad, potencia a\u00fan m\u00e1s esta creencia. Pero, \u00bfcu\u00e1l es el origen de esta fecha? A continuaci\u00f3n, exploraremos los mitos y verdades detr\u00e1s del martes 13.<\/p>\n<p>Aunque la costumbre de considerar al martes 13 como un d\u00eda desafortunado est\u00e1 arraigada, no existen teor\u00edas claras que expliquen su mala reputaci\u00f3n. Por un lado, el n\u00famero 13 se asocia con Judas, el traidor de la \u00daltima Cena, en la tradici\u00f3n cristiana. Tambi\u00e9n se menciona que en la C\u00e1bala jud\u00eda hab\u00eda 13 esp\u00edritus malignos. Adem\u00e1s, en el cap\u00edtulo 13 del Apocalipsis b\u00edblico se habla del advenimiento del anticristo. Por su parte, el martes es se\u00f1alado por la mitolog\u00eda cl\u00e1sica debido a su asociaci\u00f3n con Marte, el dios de la guerra. En la antigua Roma, se cre\u00eda que este d\u00eda era propicio para la batalla pero no para cerrar acuerdos o negocios. Adem\u00e1s, acontecimientos de gran impacto hist\u00f3rico para la cristiandad, como la ca\u00edda de Constantinopla ante los turcos en 1453, tuvieron lugar en martes.<\/p>\n<p>Estas circunstancias se han sumado para convertir al martes 13 en una fecha desfavorable en el imaginario colectivo. Son muchos quienes se dejan convencer por la superstici\u00f3n. Seg\u00fan un estudio realizado por el buscador de vuelos y hoteles Jetcost, el 62% de los espa\u00f1oles evitar\u00edan volar un martes 13, a pesar de ser conscientes de que podr\u00edan ahorrar dinero al hacerlo.<\/p>\n<p>Las personas han desarrollado diversos remedios para alejar la desgracia en esta fecha. Tocar madera, evitar romper un espejo, no pasar por debajo de una escalera, evitar cruzarse con un gato negro o levantarse con el pie derecho son solo algunos de ellos. Adem\u00e1s, se cree que las herraduras, los tr\u00e9boles de cuatro hojas y los amuletos de cuarzo tienen el poder de ahuyentar la mala suerte. Tambi\u00e9n se sugiere no programar citas importantes para este d\u00eda. Sin embargo, en \u00faltima instancia, la suerte es caprichosa y nadie sabe cu\u00e1ndo o d\u00f3nde puede aparecer.<\/p>\n<p>En conclusi\u00f3n, el martes 13 contin\u00faa siendo considerado un momento de mala suerte en parte del mundo hispanohablante. Aunque no se cuenta con una explicaci\u00f3n definitiva de su mala fama, una combinaci\u00f3n de factores hist\u00f3ricos, religiosos y mitol\u00f3gicos ha contribuido a su estigmatizaci\u00f3n. A pesar de la superstici\u00f3n que lo rodea, la suerte sigue siendo impredecible y, al final, nunca se sabe cu\u00e1ndo ni d\u00f3nde aparecer\u00e1.<\/p>\n","protected":false},"excerpt":{"rendered":"<div class=\"mh-excerpt\"><p>Ac\u00e1 te contamos por qu\u00e9 se toma esa fecha como de mala suerte. 13 de junio de 2023 El martes 13, conocido como el d\u00eda de la mala suerte en algunas partes del mundo hispanohablante, <a class=\"mh-excerpt-more\" href=\"https:\/\/larevistadigital.com.ar\/blog\/martes-13-cual-es-el-motivo-de-que-se-considera-de-mala-suerte\/\" title=\"MARTES 13: \u00bfCU\u00c1L ES EL MOTIVO DE QUE SE CONSIDERA DE \u00abMALA SUERTE\u00bb?\">[Leer M\u00e1s]<\/a><\/p>\n<\/div>","protected":false},"author":3,"featured_media":31969,"comment_status":"open","ping_status":"open","sticky":false,"template":"","format":"standard","meta":{"_jetpack_memberships_contains_paid_content":false,"footnotes":"","jetpack_publicize_message":"","jetpack_publicize_feature_enabled":true,"jetpack_social_post_already_shared":true,"jetpack_social_options":{"image_generator_settings":{"template":"highway","default_image_id":0,"font":"","enabled":false},"version":2}},"categories":[50],"tags":[],"class_list":{"0":"post-31968","1":"post","2":"type-post","3":"status-publish","4":"format-standard","5":"has-post-thumbnail","7":"category-interes-general"},"jetpack_publicize_connections":[],"jetpack_featured_media_url":"https:\/\/i0.wp.com\/larevistadigital.com.ar\/blog\/wp-content\/uploads\/martes-13-significado-mala-suerte-FB.jpg?fit=1200%2C627&ssl=1","jetpack_sharing_enabled":true,"jetpack_shortlink":"https:\/\/wp.me\/p8qtrQ-8jC","jetpack-related-posts":[{"id":27731,"url":"https:\/\/larevistadigital.com.ar\/blog\/martes-13-porque-se-cree-que-es-un-dia-de-mala-suerte\/","url_meta":{"origin":31968,"position":0},"title":"MARTES 13: PORQU\u00c9 SE CREE QUE ES UN D\u00cdA DE MALA SUERTE","author":"Alejandro Sosa Ruda","date":"13 septiembre, 2022","format":false,"excerpt":"Hoy es martes 13 de septiembre, un d\u00eda asociado con la mala suerte. Cu\u00e1l es el origen de la creencia. 13 de septiembre de 2022 Para muchos la jornada de hoy es como cualquiera otro pero para los m\u00e1s supersticiosos ya habr\u00e1n pensado en el famoso dicho\u00a0\"Martes 13: no te\u2026","rel":"","context":"En \u00abCURIOSAS\u00bb","block_context":{"text":"CURIOSAS","link":"https:\/\/larevistadigital.com.ar\/blog\/category\/curiosas\/"},"img":{"alt_text":"","src":"https:\/\/i0.wp.com\/larevistadigital.com.ar\/blog\/wp-content\/uploads\/SS3GZCKTXNA2PJ5LYO2CLUVPWI.jpg?fit=1023%2C682&ssl=1&resize=350%2C200","width":350,"height":200,"srcset":"https:\/\/i0.wp.com\/larevistadigital.com.ar\/blog\/wp-content\/uploads\/SS3GZCKTXNA2PJ5LYO2CLUVPWI.jpg?fit=1023%2C682&ssl=1&resize=350%2C200 1x, https:\/\/i0.wp.com\/larevistadigital.com.ar\/blog\/wp-content\/uploads\/SS3GZCKTXNA2PJ5LYO2CLUVPWI.jpg?fit=1023%2C682&ssl=1&resize=525%2C300 1.5x, https:\/\/i0.wp.com\/larevistadigital.com.ar\/blog\/wp-content\/uploads\/SS3GZCKTXNA2PJ5LYO2CLUVPWI.jpg?fit=1023%2C682&ssl=1&resize=700%2C400 2x"},"classes":[]},{"id":37077,"url":"https:\/\/larevistadigital.com.ar\/blog\/ruta-33-accidente-entre-dos-camiones\/","url_meta":{"origin":31968,"position":1},"title":"RUTA 33: ACCIDENTE ENTRE DOS CAMIONES","author":"Alejandro Sosa Ruda","date":"28 agosto, 2024","format":false,"excerpt":"Afortunadamente no hubo que lamentar v\u00edctimas. 28 de Agosto de 2024 GUAMINI\u00a0 -\u00a0 \u00a0En el d\u00eda de ayer martes 27 de agosto cerca de la medianoche bomberos de Guamin\u00ed acudieron a un accidente entre dos camiones. Por lo que pudimos averiguar uno de los camiones que iba en sentido Guamini-Bah\u00eda\u2026","rel":"","context":"En \u00abPOLICIALES\u00bb","block_context":{"text":"POLICIALES","link":"https:\/\/larevistadigital.com.ar\/blog\/category\/policiales\/"},"img":{"alt_text":"","src":"https:\/\/i0.wp.com\/larevistadigital.com.ar\/blog\/wp-content\/uploads\/guamini.jpg?fit=1000%2C808&ssl=1&resize=350%2C200","width":350,"height":200,"srcset":"https:\/\/i0.wp.com\/larevistadigital.com.ar\/blog\/wp-content\/uploads\/guamini.jpg?fit=1000%2C808&ssl=1&resize=350%2C200 1x, https:\/\/i0.wp.com\/larevistadigital.com.ar\/blog\/wp-content\/uploads\/guamini.jpg?fit=1000%2C808&ssl=1&resize=525%2C300 1.5x, https:\/\/i0.wp.com\/larevistadigital.com.ar\/blog\/wp-content\/uploads\/guamini.jpg?fit=1000%2C808&ssl=1&resize=700%2C400 2x"},"classes":[]},{"id":9873,"url":"https:\/\/larevistadigital.com.ar\/blog\/anses-adelanta-los-pagos-por-el-paro-bancario-del-martes\/","url_meta":{"origin":31968,"position":2},"title":"ANS\u00c9S ADELANTA LOS PAGOS POR EL PARO BANCARIO DEL MARTES","author":"Alejandro Sosa Ruda","date":"27 abril, 2019","format":false,"excerpt":"Debido al paro bancario que se realizar\u00e1 el pr\u00f3ximo martes 30 de abril, la ANSES decidi\u00f3 adelantar los pagos correspondientes a ese d\u00eda, para el l\u00fanes 29\/4. \"Los jubilados y pensionados que cobran por encima de los $11.832 y ten\u00edan fecha de pago para el martes 30 de abril, cobrar\u00e1n\u2026","rel":"","context":"En \u00abCHASCOM\u00daS\u00bb","block_context":{"text":"CHASCOM\u00daS","link":"https:\/\/larevistadigital.com.ar\/blog\/category\/chascomus\/"},"img":{"alt_text":"","src":"https:\/\/i0.wp.com\/larevistadigital.com.ar\/blog\/wp-content\/uploads\/2019\/04\/Screenshot_2-16.jpg?fit=871%2C552&ssl=1&resize=350%2C200","width":350,"height":200,"srcset":"https:\/\/i0.wp.com\/larevistadigital.com.ar\/blog\/wp-content\/uploads\/2019\/04\/Screenshot_2-16.jpg?fit=871%2C552&ssl=1&resize=350%2C200 1x, https:\/\/i0.wp.com\/larevistadigital.com.ar\/blog\/wp-content\/uploads\/2019\/04\/Screenshot_2-16.jpg?fit=871%2C552&ssl=1&resize=525%2C300 1.5x, https:\/\/i0.wp.com\/larevistadigital.com.ar\/blog\/wp-content\/uploads\/2019\/04\/Screenshot_2-16.jpg?fit=871%2C552&ssl=1&resize=700%2C400 2x"},"classes":[]},{"id":29066,"url":"https:\/\/larevistadigital.com.ar\/blog\/qatar-2022-scaloni-dijo-a-la-gente-le-pido-que-confie\/","url_meta":{"origin":31968,"position":3},"title":"QATAR 2022: SCALONI DIJO \u00abA LA GENTE, LE PIDO QUE CONF\u00cdE\u00bb","author":"Alejandro Sosa Ruda","date":"25 noviembre, 2022","format":false,"excerpt":"El entrenador argentino dijo que el grupo ya est\u00e1 recuperado de la derrota contra Arabia y que no va a cambiar la manera de jugar pese al debut fallido. 25 de noviembre de 2022 QATAR -\u00a0 El DT de la selecci\u00f3n argentina, Lionel Scaloni, habl\u00f3 en conferencia de prensa en\u2026","rel":"","context":"En \u00abDEPORTES\u00bb","block_context":{"text":"DEPORTES","link":"https:\/\/larevistadigital.com.ar\/blog\/category\/deportes\/"},"img":{"alt_text":"","src":"https:\/\/i0.wp.com\/larevistadigital.com.ar\/blog\/wp-content\/uploads\/637bb22baa072.jpeg?fit=800%2C600&ssl=1&resize=350%2C200","width":350,"height":200,"srcset":"https:\/\/i0.wp.com\/larevistadigital.com.ar\/blog\/wp-content\/uploads\/637bb22baa072.jpeg?fit=800%2C600&ssl=1&resize=350%2C200 1x, https:\/\/i0.wp.com\/larevistadigital.com.ar\/blog\/wp-content\/uploads\/637bb22baa072.jpeg?fit=800%2C600&ssl=1&resize=525%2C300 1.5x, https:\/\/i0.wp.com\/larevistadigital.com.ar\/blog\/wp-content\/uploads\/637bb22baa072.jpeg?fit=800%2C600&ssl=1&resize=700%2C400 2x"},"classes":[]},{"id":1141,"url":"https:\/\/larevistadigital.com.ar\/blog\/daer-desmintio-a-barrionuevo\/","url_meta":{"origin":31968,"position":4},"title":"\u00bfDAER DESMINTI\u00d3 A BARRIONUEVO?","author":"Alejandro Sosa Ruda","date":"13 marzo, 2017","format":false,"excerpt":"Uno de los integrantes del triunvirato que lidera la CGT, \u00a0H\u00e9ctor \u00a0Daer neg\u00f3 la versi\u00f3n que indicaba que el propio presidente, Mauricio Macri llam\u00f3 a la c\u00fapula ceget\u00edsta antes del martes del paro. Para pedirles que no pongan fecha a un paro general. Adem\u00e1s, afirm\u00f3 que \u201cEl ejecutivo tiene toda\u2026","rel":"","context":"En \u00abDESTACADAS\u00bb","block_context":{"text":"DESTACADAS","link":"https:\/\/larevistadigital.com.ar\/blog\/category\/destacadas\/"},"img":{"alt_text":"","src":"https:\/\/i0.wp.com\/larevistadigital.com.ar\/blog\/wp-content\/uploads\/2017\/03\/hector-daer.jpg?fit=1200%2C675&ssl=1&resize=350%2C200","width":350,"height":200,"srcset":"https:\/\/i0.wp.com\/larevistadigital.com.ar\/blog\/wp-content\/uploads\/2017\/03\/hector-daer.jpg?fit=1200%2C675&ssl=1&resize=350%2C200 1x, https:\/\/i0.wp.com\/larevistadigital.com.ar\/blog\/wp-content\/uploads\/2017\/03\/hector-daer.jpg?fit=1200%2C675&ssl=1&resize=525%2C300 1.5x, https:\/\/i0.wp.com\/larevistadigital.com.ar\/blog\/wp-content\/uploads\/2017\/03\/hector-daer.jpg?fit=1200%2C675&ssl=1&resize=700%2C400 2x, https:\/\/i0.wp.com\/larevistadigital.com.ar\/blog\/wp-content\/uploads\/2017\/03\/hector-daer.jpg?fit=1200%2C675&ssl=1&resize=1050%2C600 3x"},"classes":[]},{"id":39727,"url":"https:\/\/larevistadigital.com.ar\/blog\/chascomus-consultorio-de-lactancia\/","url_meta":{"origin":31968,"position":5},"title":"Chascom\u00fas: Consultorio de lactancia","author":"Alejandro Sosa Ruda","date":"10 mayo, 2025","format":false,"excerpt":"Ampl\u00eda el horario de atenci\u00f3n el espacio del Hospital Municipal destinado a personas gestantes. 09 de Mayo de 2025 CHASCOM\u00daS -\u00a0 El consultorio de lactancia destinado a personas gestantes, a cargo de la Lic. en Obstetricia Cielo Cano, atiende martes y mi\u00e9rcoles en el horario de 14 a 17.30 hs\u2026","rel":"","context":"En \u00abCHASCOM\u00daS\u00bb","block_context":{"text":"CHASCOM\u00daS","link":"https:\/\/larevistadigital.com.ar\/blog\/category\/chascomus\/"},"img":{"alt_text":"","src":"https:\/\/i0.wp.com\/larevistadigital.com.ar\/blog\/wp-content\/uploads\/681e3916644d7.png?fit=668%2C445&ssl=1&resize=350%2C200","width":350,"height":200,"srcset":"https:\/\/i0.wp.com\/larevistadigital.com.ar\/blog\/wp-content\/uploads\/681e3916644d7.png?fit=668%2C445&ssl=1&resize=350%2C200 1x, https:\/\/i0.wp.com\/larevistadigital.com.ar\/blog\/wp-content\/uploads\/681e3916644d7.png?fit=668%2C445&ssl=1&resize=525%2C300 1.5x"},"classes":[]}],"_links":{"self":[{"href":"https:\/\/larevistadigital.com.ar\/blog\/wp-json\/wp\/v2\/posts\/31968","targetHints":{"allow":["GET"]}}],"collection":[{"href":"https:\/\/larevistadigital.com.ar\/blog\/wp-json\/wp\/v2\/posts"}],"about":[{"href":"https:\/\/larevistadigital.com.ar\/blog\/wp-json\/wp\/v2\/types\/post"}],"author":[{"embeddable":true,"href":"https:\/\/larevistadigital.com.ar\/blog\/wp-json\/wp\/v2\/users\/3"}],"replies":[{"embeddable":true,"href":"https:\/\/larevistadigital.com.ar\/blog\/wp-json\/wp\/v2\/comments?post=31968"}],"version-history":[{"count":1,"href":"https:\/\/larevistadigital.com.ar\/blog\/wp-json\/wp\/v2\/posts\/31968\/revisions"}],"predecessor-version":[{"id":31970,"href":"https:\/\/larevistadigital.com.ar\/blog\/wp-json\/wp\/v2\/posts\/31968\/revisions\/31970"}],"wp:featuredmedia":[{"embeddable":true,"href":"https:\/\/larevistadigital.com.ar\/blog\/wp-json\/wp\/v2\/media\/31969"}],"wp:attachment":[{"href":"https:\/\/larevistadigital.com.ar\/blog\/wp-json\/wp\/v2\/media?parent=31968"}],"wp:term":[{"taxonomy":"category","embeddable":true,"href":"https:\/\/larevistadigital.com.ar\/blog\/wp-json\/wp\/v2\/categories?post=31968"},{"taxonomy":"post_tag","embeddable":true,"href":"https:\/\/larevistadigital.com.ar\/blog\/wp-json\/wp\/v2\/tags?post=31968"}],"curies":[{"name":"wp","href":"https:\/\/api.w.org\/{rel}","templated":true}]}}